{"id":47814,"date":"2018-03-21T14:30:10","date_gmt":"2018-03-21T13:30:10","guid":{"rendered":"https:\/\/fundesplai.org\/informa-t\/sense-categoria\/el-concierto-solidario-en-homenaje-a-tom-petty-recoge-fondos-para-becar-a-60-ninos\/"},"modified":"2018-03-21T14:30:10","modified_gmt":"2018-03-21T13:30:10","slug":"el-concierto-solidario-en-homenaje-a-tom-petty-recoge-fondos-para-becar-a-60-ninos","status":"publish","type":"post","link":"https:\/\/fundesplai.org\/es\/informa-t\/actualitat-es\/el-concierto-solidario-en-homenaje-a-tom-petty-recoge-fondos-para-becar-a-60-ninos\/","title":{"rendered":"El concierto solidario en homenaje a Tom Petty recoge fondos para becar a 60 ni\u00f1os"},"content":{"rendered":"<p>Cerca de 400 personas, un mont\u00f3n de artistas, buena m\u00fasica y mucha solidaridad. \u00c9ste es el resumen del concierto solidario en homenaje a Tom Petty que tuvo lugar el pasado 7 de marzo en la Sala Apolo de Barcelona.<\/p>\n<p><!--more--><\/p>\n<p class=\"intro\">Cerca de 400 personas, un mont\u00f3n de artistas, buena m\u00fasica y mucha solidaridad. \u00c9ste es el resumen del concierto solidario en homenaje a Tom Petty que tuvo lugar el pasado 7 de marzo en la Sala Apolo de Barcelona. Producciones Acaraperro fue la organizadora del evento y cedi\u00f3 los fondos recaudados para la campa\u00f1a de becas para ni\u00f1os en situaci\u00f3n de vulnerabilidad de Fundesplai. Gracias al dinero recogido, cerca de 60 ni\u00f1os podr\u00e1n disfrutar de becas.<\/p>\n<p><img decoding=\"async\" class=\" size-full wp-image-5244\" src=\"https:\/\/fundesplai.org\/test-joomla\/wp-content\/uploads\/sites\/26\/2018\/03\/concert_tom_petty.jpg\" alt=\"concert tom petty\" width=\"100%\" height=\"NaN\"><\/p>\n<p>El concierto fue un homenaje al m\u00fasico Tom Petty, recientemente desaparecido, y que es una referente del rock americano. Entre los solistas y bandas que participaron en este homenaje estuvieron Masclans, Dani Nel\u00b7lo, (Los Mambo Jambo), Joana Serrrat, Ricky Gil (Brighton 64)&nbsp;&nbsp;Jonathan Herrero, Marta Delmont,&nbsp;Omar \u201cThe SYdney Kid\u201d &amp; Joe Traveller&nbsp;(The Midnight Travellers),&nbsp;Sergio Martos (Schizophrenic Spacers), Augie Burr&nbsp;(Velvet Candles),&nbsp;Javier Molina (Delanada),&nbsp;Edu Rocket&nbsp;(Dirty Rockets),&nbsp;Quique Antonio (Surfin&#8217;Burritos),&nbsp;Joss Santos (Indigos) i Pepo L\u00f3pezz&nbsp;(Chivo Chivato).<\/p>\n<p>La vetallada empez\u00f3 con unas palabras de Eduard Izquierdo, trabajador de Fundesplai y fundador de&nbsp;Producciones Acaraperro (junto a Silvia Beltran y Manel Celeiro), donde agradeci\u00f3 la colaboraci\u00f3n de artistas, de la Sala Apolo y de todas las personas que hab\u00edan hecho posible el acto y destac\u00f3 la importancia de que los ni\u00f1os puedan disfrutar de las becas.<\/p>\n<p><strong>\u00a1Ve un fragmento del concierto!<\/strong><\/p>\n<blockquote class=\"twitter-tweet\" data-lang=\"ca\">\n<p lang=\"ca\" dir=\"ltr\">M\u00fasica solidaria en homenaje a Tom Petty <a href=\"https:\/\/t.co\/xwPJMAkFys\">pic.twitter.com\/xwPJMAkFys<\/a><\/p>\n<p>\u2014 Fundesplai (@fundesplai) <a href=\"https:\/\/twitter.com\/fundesplai\/status\/971644387620020224?ref_src=twsrc%5Etfw\">8 de marzo de 2018<\/a><\/p><\/blockquote>\n","protected":false},"excerpt":{"rendered":"<p>Cerca de 400 personas, un mont\u00f3n de artistas, buena m\u00fasica y mucha solidaridad. \u00c9ste es el resumen del concierto solidario en homenaje a Tom Petty que tuvo lugar el pasado 7 de marzo en la Sala Apolo de Barcelona.<\/p>\n","protected":false},"author":9,"featured_media":0,"comment_status":"closed","ping_status":"closed","sticky":false,"template":"","format":"standard","meta":{"_et_pb_use_builder":"","_et_pb_old_content":"","_et_gb_content_width":"","footnotes":""},"categories":[937],"tags":[],"class_list":["post-47814","post","type-post","status-publish","format-standard","hentry","category-actualitat-es"],"yoast_head":"<!-- This site is optimized with the Yoast SEO plugin v27.4 - https:\/\/yoast.com\/product\/yoast-seo-wordpress\/ -->\n<title>El concierto solidario en homenaje a Tom Petty recoge fondos para becar a 60 ni\u00f1os - Fundesplai<\/title>\n<meta name=\"robots\" content=\"index, follow, max-snippet:-1, max-image-preview:large, max-video-preview:-1\" \/>\n<link rel=\"canonical\" href=\"https:\/\/fundesplai.org\/es\/informa-t\/actualitat-es\/el-concierto-solidario-en-homenaje-a-tom-petty-recoge-fondos-para-becar-a-60-ninos\/\" \/>\n<meta property=\"og:locale\" content=\"es_ES\" \/>\n<meta property=\"og:type\" content=\"article\" \/>\n<meta property=\"og:title\" content=\"El concierto solidario en homenaje a Tom Petty recoge fondos para becar a 60 ni\u00f1os - Fundesplai\" \/>\n<meta property=\"og:description\" content=\"Cerca de 400 personas, un mont\u00f3n de artistas, buena m\u00fasica y mucha solidaridad. \u00c9ste es el resumen del concierto solidario en homenaje a Tom Petty que tuvo lugar el pasado 7 de marzo en la Sala Apolo de Barcelona.\" \/>\n<meta property=\"og:url\" content=\"https:\/\/fundesplai.org\/es\/informa-t\/actualitat-es\/el-concierto-solidario-en-homenaje-a-tom-petty-recoge-fondos-para-becar-a-60-ninos\/\" \/>\n<meta property=\"og:site_name\" content=\"Fundesplai\" \/>\n<meta property=\"article:published_time\" content=\"2018-03-21T13:30:10+00:00\" \/>\n<meta property=\"og:image\" content=\"https:\/\/fundesplai.org\/test-joomla\/wp-content\/uploads\/sites\/26\/2018\/03\/concert_tom_petty.jpg\" \/>\n<meta name=\"author\" content=\"Alfons Valle\" \/>\n<meta name=\"twitter:card\" content=\"summary_large_image\" \/>\n<meta name=\"twitter:label1\" content=\"Escrito por\" \/>\n\t<meta name=\"twitter:data1\" content=\"Alfons Valle\" \/>\n\t<meta name=\"twitter:label2\" content=\"Tiempo de lectura\" \/>\n\t<meta name=\"twitter:data2\" content=\"1 minuto\" \/>\n<script type=\"application\/ld+json\" class=\"yoast-schema-graph\">{\"@context\":\"https:\\\/\\\/schema.org\",\"@graph\":[{\"@type\":\"Article\",\"@id\":\"https:\\\/\\\/fundesplai.org\\\/es\\\/informa-t\\\/actualitat-es\\\/el-concierto-solidario-en-homenaje-a-tom-petty-recoge-fondos-para-becar-a-60-ninos\\\/#article\",\"isPartOf\":{\"@id\":\"https:\\\/\\\/fundesplai.org\\\/es\\\/informa-t\\\/actualitat-es\\\/el-concierto-solidario-en-homenaje-a-tom-petty-recoge-fondos-para-becar-a-60-ninos\\\/\"},\"author\":{\"name\":\"Alfons Valle\",\"@id\":\"https:\\\/\\\/fundesplai.org\\\/es\\\/#\\\/schema\\\/person\\\/c0e9e7466bb8ac06f5264324a6109733\"},\"headline\":\"El concierto solidario en homenaje a Tom Petty recoge fondos para becar a 60 ni\u00f1os\",\"datePublished\":\"2018-03-21T13:30:10+00:00\",\"mainEntityOfPage\":{\"@id\":\"https:\\\/\\\/fundesplai.org\\\/es\\\/informa-t\\\/actualitat-es\\\/el-concierto-solidario-en-homenaje-a-tom-petty-recoge-fondos-para-becar-a-60-ninos\\\/\"},\"wordCount\":315,\"image\":{\"@id\":\"https:\\\/\\\/fundesplai.org\\\/es\\\/informa-t\\\/actualitat-es\\\/el-concierto-solidario-en-homenaje-a-tom-petty-recoge-fondos-para-becar-a-60-ninos\\\/#primaryimage\"},\"thumbnailUrl\":\"https:\\\/\\\/fundesplai.org\\\/test-joomla\\\/wp-content\\\/uploads\\\/sites\\\/26\\\/2018\\\/03\\\/concert_tom_petty.jpg\",\"articleSection\":[\"Actualitat\"],\"inLanguage\":\"es\"},{\"@type\":\"WebPage\",\"@id\":\"https:\\\/\\\/fundesplai.org\\\/es\\\/informa-t\\\/actualitat-es\\\/el-concierto-solidario-en-homenaje-a-tom-petty-recoge-fondos-para-becar-a-60-ninos\\\/\",\"url\":\"https:\\\/\\\/fundesplai.org\\\/es\\\/informa-t\\\/actualitat-es\\\/el-concierto-solidario-en-homenaje-a-tom-petty-recoge-fondos-para-becar-a-60-ninos\\\/\",\"name\":\"El concierto solidario en homenaje a Tom Petty recoge fondos para becar a 60 ni\u00f1os - Fundesplai\",\"isPartOf\":{\"@id\":\"https:\\\/\\\/fundesplai.org\\\/es\\\/#website\"},\"primaryImageOfPage\":{\"@id\":\"https:\\\/\\\/fundesplai.org\\\/es\\\/informa-t\\\/actualitat-es\\\/el-concierto-solidario-en-homenaje-a-tom-petty-recoge-fondos-para-becar-a-60-ninos\\\/#primaryimage\"},\"image\":{\"@id\":\"https:\\\/\\\/fundesplai.org\\\/es\\\/informa-t\\\/actualitat-es\\\/el-concierto-solidario-en-homenaje-a-tom-petty-recoge-fondos-para-becar-a-60-ninos\\\/#primaryimage\"},\"thumbnailUrl\":\"https:\\\/\\\/fundesplai.org\\\/test-joomla\\\/wp-content\\\/uploads\\\/sites\\\/26\\\/2018\\\/03\\\/concert_tom_petty.jpg\",\"datePublished\":\"2018-03-21T13:30:10+00:00\",\"author\":{\"@id\":\"https:\\\/\\\/fundesplai.org\\\/es\\\/#\\\/schema\\\/person\\\/c0e9e7466bb8ac06f5264324a6109733\"},\"breadcrumb\":{\"@id\":\"https:\\\/\\\/fundesplai.org\\\/es\\\/informa-t\\\/actualitat-es\\\/el-concierto-solidario-en-homenaje-a-tom-petty-recoge-fondos-para-becar-a-60-ninos\\\/#breadcrumb\"},\"inLanguage\":\"es\",\"potentialAction\":[{\"@type\":\"ReadAction\",\"target\":[\"https:\\\/\\\/fundesplai.org\\\/es\\\/informa-t\\\/actualitat-es\\\/el-concierto-solidario-en-homenaje-a-tom-petty-recoge-fondos-para-becar-a-60-ninos\\\/\"]}]},{\"@type\":\"ImageObject\",\"inLanguage\":\"es\",\"@id\":\"https:\\\/\\\/fundesplai.org\\\/es\\\/informa-t\\\/actualitat-es\\\/el-concierto-solidario-en-homenaje-a-tom-petty-recoge-fondos-para-becar-a-60-ninos\\\/#primaryimage\",\"url\":\"https:\\\/\\\/fundesplai.org\\\/test-joomla\\\/wp-content\\\/uploads\\\/sites\\\/26\\\/2018\\\/03\\\/concert_tom_petty.jpg\",\"contentUrl\":\"https:\\\/\\\/fundesplai.org\\\/test-joomla\\\/wp-content\\\/uploads\\\/sites\\\/26\\\/2018\\\/03\\\/concert_tom_petty.jpg\"},{\"@type\":\"BreadcrumbList\",\"@id\":\"https:\\\/\\\/fundesplai.org\\\/es\\\/informa-t\\\/actualitat-es\\\/el-concierto-solidario-en-homenaje-a-tom-petty-recoge-fondos-para-becar-a-60-ninos\\\/#breadcrumb\",\"itemListElement\":[{\"@type\":\"ListItem\",\"position\":1,\"name\":\"Inici\",\"item\":\"https:\\\/\\\/fundesplai.org\\\/es\\\/inicio\\\/\"},{\"@type\":\"ListItem\",\"position\":2,\"name\":\"Inf\u00f3rmate\",\"item\":\"https:\\\/\\\/fundesplai.org\\\/es\\\/informate\\\/\"},{\"@type\":\"ListItem\",\"position\":3,\"name\":\"Sin categor\u00eda\",\"item\":\"https:\\\/\\\/fundesplai.org\\\/es\\\/informa-t\\\/category\\\/sin-categoria\\\/\"},{\"@type\":\"ListItem\",\"position\":4,\"name\":\"El concierto solidario en homenaje a Tom Petty recoge fondos para becar a 60 ni\u00f1os\"}]},{\"@type\":\"WebSite\",\"@id\":\"https:\\\/\\\/fundesplai.org\\\/es\\\/#website\",\"url\":\"https:\\\/\\\/fundesplai.org\\\/es\\\/\",\"name\":\"Fundesplai\",\"description\":\"Eduquem per la conviv\u00e8ncia i la sostenibilitat\",\"potentialAction\":[{\"@type\":\"SearchAction\",\"target\":{\"@type\":\"EntryPoint\",\"urlTemplate\":\"https:\\\/\\\/fundesplai.org\\\/es\\\/?s={search_term_string}\"},\"query-input\":{\"@type\":\"PropertyValueSpecification\",\"valueRequired\":true,\"valueName\":\"search_term_string\"}}],\"inLanguage\":\"es\"},{\"@type\":\"Person\",\"@id\":\"https:\\\/\\\/fundesplai.org\\\/es\\\/#\\\/schema\\\/person\\\/c0e9e7466bb8ac06f5264324a6109733\",\"name\":\"Alfons Valle\",\"image\":{\"@type\":\"ImageObject\",\"inLanguage\":\"es\",\"@id\":\"https:\\\/\\\/secure.gravatar.com\\\/avatar\\\/71d95a3f99a068ba570ac1314ed6911a59c5ae3f22ffcf23631cd1a861a640bc?s=96&d=mm&r=g\",\"url\":\"https:\\\/\\\/secure.gravatar.com\\\/avatar\\\/71d95a3f99a068ba570ac1314ed6911a59c5ae3f22ffcf23631cd1a861a640bc?s=96&d=mm&r=g\",\"contentUrl\":\"https:\\\/\\\/secure.gravatar.com\\\/avatar\\\/71d95a3f99a068ba570ac1314ed6911a59c5ae3f22ffcf23631cd1a861a640bc?s=96&d=mm&r=g\",\"caption\":\"Alfons Valle\"},\"url\":\"https:\\\/\\\/fundesplai.org\\\/es\\\/informa-t\\\/author\\\/avalle\\\/\"}]}<\/script>\n<!-- \/ Yoast SEO plugin. -->","yoast_head_json":{"title":"El concierto solidario en homenaje a Tom Petty recoge fondos para becar a 60 ni\u00f1os - Fundesplai","robots":{"index":"index","follow":"follow","max-snippet":"max-snippet:-1","max-image-preview":"max-image-preview:large","max-video-preview":"max-video-preview:-1"},"canonical":"https:\/\/fundesplai.org\/es\/informa-t\/actualitat-es\/el-concierto-solidario-en-homenaje-a-tom-petty-recoge-fondos-para-becar-a-60-ninos\/","og_locale":"es_ES","og_type":"article","og_title":"El concierto solidario en homenaje a Tom Petty recoge fondos para becar a 60 ni\u00f1os - Fundesplai","og_description":"Cerca de 400 personas, un mont\u00f3n de artistas, buena m\u00fasica y mucha solidaridad. \u00c9ste es el resumen del concierto solidario en homenaje a Tom Petty que tuvo lugar el pasado 7 de marzo en la Sala Apolo de Barcelona.","og_url":"https:\/\/fundesplai.org\/es\/informa-t\/actualitat-es\/el-concierto-solidario-en-homenaje-a-tom-petty-recoge-fondos-para-becar-a-60-ninos\/","og_site_name":"Fundesplai","article_published_time":"2018-03-21T13:30:10+00:00","og_image":[{"url":"https:\/\/fundesplai.org\/test-joomla\/wp-content\/uploads\/sites\/26\/2018\/03\/concert_tom_petty.jpg","type":"","width":"","height":""}],"author":"Alfons Valle","twitter_card":"summary_large_image","twitter_misc":{"Escrito por":"Alfons Valle","Tiempo de lectura":"1 minuto"},"schema":{"@context":"https:\/\/schema.org","@graph":[{"@type":"Article","@id":"https:\/\/fundesplai.org\/es\/informa-t\/actualitat-es\/el-concierto-solidario-en-homenaje-a-tom-petty-recoge-fondos-para-becar-a-60-ninos\/#article","isPartOf":{"@id":"https:\/\/fundesplai.org\/es\/informa-t\/actualitat-es\/el-concierto-solidario-en-homenaje-a-tom-petty-recoge-fondos-para-becar-a-60-ninos\/"},"author":{"name":"Alfons Valle","@id":"https:\/\/fundesplai.org\/es\/#\/schema\/person\/c0e9e7466bb8ac06f5264324a6109733"},"headline":"El concierto solidario en homenaje a Tom Petty recoge fondos para becar a 60 ni\u00f1os","datePublished":"2018-03-21T13:30:10+00:00","mainEntityOfPage":{"@id":"https:\/\/fundesplai.org\/es\/informa-t\/actualitat-es\/el-concierto-solidario-en-homenaje-a-tom-petty-recoge-fondos-para-becar-a-60-ninos\/"},"wordCount":315,"image":{"@id":"https:\/\/fundesplai.org\/es\/informa-t\/actualitat-es\/el-concierto-solidario-en-homenaje-a-tom-petty-recoge-fondos-para-becar-a-60-ninos\/#primaryimage"},"thumbnailUrl":"https:\/\/fundesplai.org\/test-joomla\/wp-content\/uploads\/sites\/26\/2018\/03\/concert_tom_petty.jpg","articleSection":["Actualitat"],"inLanguage":"es"},{"@type":"WebPage","@id":"https:\/\/fundesplai.org\/es\/informa-t\/actualitat-es\/el-concierto-solidario-en-homenaje-a-tom-petty-recoge-fondos-para-becar-a-60-ninos\/","url":"https:\/\/fundesplai.org\/es\/informa-t\/actualitat-es\/el-concierto-solidario-en-homenaje-a-tom-petty-recoge-fondos-para-becar-a-60-ninos\/","name":"El concierto solidario en homenaje a Tom Petty recoge fondos para becar a 60 ni\u00f1os - Fundesplai","isPartOf":{"@id":"https:\/\/fundesplai.org\/es\/#website"},"primaryImageOfPage":{"@id":"https:\/\/fundesplai.org\/es\/informa-t\/actualitat-es\/el-concierto-solidario-en-homenaje-a-tom-petty-recoge-fondos-para-becar-a-60-ninos\/#primaryimage"},"image":{"@id":"https:\/\/fundesplai.org\/es\/informa-t\/actualitat-es\/el-concierto-solidario-en-homenaje-a-tom-petty-recoge-fondos-para-becar-a-60-ninos\/#primaryimage"},"thumbnailUrl":"https:\/\/fundesplai.org\/test-joomla\/wp-content\/uploads\/sites\/26\/2018\/03\/concert_tom_petty.jpg","datePublished":"2018-03-21T13:30:10+00:00","author":{"@id":"https:\/\/fundesplai.org\/es\/#\/schema\/person\/c0e9e7466bb8ac06f5264324a6109733"},"breadcrumb":{"@id":"https:\/\/fundesplai.org\/es\/informa-t\/actualitat-es\/el-concierto-solidario-en-homenaje-a-tom-petty-recoge-fondos-para-becar-a-60-ninos\/#breadcrumb"},"inLanguage":"es","potentialAction":[{"@type":"ReadAction","target":["https:\/\/fundesplai.org\/es\/informa-t\/actualitat-es\/el-concierto-solidario-en-homenaje-a-tom-petty-recoge-fondos-para-becar-a-60-ninos\/"]}]},{"@type":"ImageObject","inLanguage":"es","@id":"https:\/\/fundesplai.org\/es\/informa-t\/actualitat-es\/el-concierto-solidario-en-homenaje-a-tom-petty-recoge-fondos-para-becar-a-60-ninos\/#primaryimage","url":"https:\/\/fundesplai.org\/test-joomla\/wp-content\/uploads\/sites\/26\/2018\/03\/concert_tom_petty.jpg","contentUrl":"https:\/\/fundesplai.org\/test-joomla\/wp-content\/uploads\/sites\/26\/2018\/03\/concert_tom_petty.jpg"},{"@type":"BreadcrumbList","@id":"https:\/\/fundesplai.org\/es\/informa-t\/actualitat-es\/el-concierto-solidario-en-homenaje-a-tom-petty-recoge-fondos-para-becar-a-60-ninos\/#breadcrumb","itemListElement":[{"@type":"ListItem","position":1,"name":"Inici","item":"https:\/\/fundesplai.org\/es\/inicio\/"},{"@type":"ListItem","position":2,"name":"Inf\u00f3rmate","item":"https:\/\/fundesplai.org\/es\/informate\/"},{"@type":"ListItem","position":3,"name":"Sin categor\u00eda","item":"https:\/\/fundesplai.org\/es\/informa-t\/category\/sin-categoria\/"},{"@type":"ListItem","position":4,"name":"El concierto solidario en homenaje a Tom Petty recoge fondos para becar a 60 ni\u00f1os"}]},{"@type":"WebSite","@id":"https:\/\/fundesplai.org\/es\/#website","url":"https:\/\/fundesplai.org\/es\/","name":"Fundesplai","description":"Eduquem per la conviv\u00e8ncia i la sostenibilitat","potentialAction":[{"@type":"SearchAction","target":{"@type":"EntryPoint","urlTemplate":"https:\/\/fundesplai.org\/es\/?s={search_term_string}"},"query-input":{"@type":"PropertyValueSpecification","valueRequired":true,"valueName":"search_term_string"}}],"inLanguage":"es"},{"@type":"Person","@id":"https:\/\/fundesplai.org\/es\/#\/schema\/person\/c0e9e7466bb8ac06f5264324a6109733","name":"Alfons Valle","image":{"@type":"ImageObject","inLanguage":"es","@id":"https:\/\/secure.gravatar.com\/avatar\/71d95a3f99a068ba570ac1314ed6911a59c5ae3f22ffcf23631cd1a861a640bc?s=96&d=mm&r=g","url":"https:\/\/secure.gravatar.com\/avatar\/71d95a3f99a068ba570ac1314ed6911a59c5ae3f22ffcf23631cd1a861a640bc?s=96&d=mm&r=g","contentUrl":"https:\/\/secure.gravatar.com\/avatar\/71d95a3f99a068ba570ac1314ed6911a59c5ae3f22ffcf23631cd1a861a640bc?s=96&d=mm&r=g","caption":"Alfons Valle"},"url":"https:\/\/fundesplai.org\/es\/informa-t\/author\/avalle\/"}]}},"_links":{"self":[{"href":"https:\/\/fundesplai.org\/es\/wp-json\/wp\/v2\/posts\/47814","targetHints":{"allow":["GET"]}}],"collection":[{"href":"https:\/\/fundesplai.org\/es\/wp-json\/wp\/v2\/posts"}],"about":[{"href":"https:\/\/fundesplai.org\/es\/wp-json\/wp\/v2\/types\/post"}],"author":[{"embeddable":true,"href":"https:\/\/fundesplai.org\/es\/wp-json\/wp\/v2\/users\/9"}],"replies":[{"embeddable":true,"href":"https:\/\/fundesplai.org\/es\/wp-json\/wp\/v2\/comments?post=47814"}],"version-history":[{"count":0,"href":"https:\/\/fundesplai.org\/es\/wp-json\/wp\/v2\/posts\/47814\/revisions"}],"wp:attachment":[{"href":"https:\/\/fundesplai.org\/es\/wp-json\/wp\/v2\/media?parent=47814"}],"wp:term":[{"taxonomy":"category","embeddable":true,"href":"https:\/\/fundesplai.org\/es\/wp-json\/wp\/v2\/categories?post=47814"},{"taxonomy":"post_tag","embeddable":true,"href":"https:\/\/fundesplai.org\/es\/wp-json\/wp\/v2\/tags?post=47814"}],"curies":[{"name":"wp","href":"https:\/\/api.w.org\/{rel}","templated":true}]}}