{"id":47810,"date":"2018-02-27T13:05:46","date_gmt":"2018-02-27T12:05:46","guid":{"rendered":"https:\/\/fundesplai.org\/informa-t\/sense-categoria\/la-fundacion-imo-revisa-la-salud-ocular-de-los-ninos-en-centre-esplai\/"},"modified":"2018-02-27T13:05:46","modified_gmt":"2018-02-27T12:05:46","slug":"la-fundacion-imo-revisa-la-salud-ocular-de-los-ninos-en-centre-esplai","status":"publish","type":"post","link":"https:\/\/fundesplai.org\/es\/informa-t\/actualitat-es\/la-fundacion-imo-revisa-la-salud-ocular-de-los-ninos-en-centre-esplai\/","title":{"rendered":"La Fundaci\u00f3n IMO revisa la salud ocular de los ni\u00f1os en Centre Esplai"},"content":{"rendered":"<p>Cerca de 50 ni\u00f1os de diferentes esplais de la Federaci\u00f3n Catalana del Esplai y de entidades sociales del Prat de Llobregat se beneficiaron el lunes 26 de febrero de una jornada de revisi\u00f3n de la salud ocular gratuita que realiz\u00f3 la &nbsp;<a href=\"http:\/\/www.imo.es\/ca\/fundacio\/\">Fundaci\u00f3n del Instituto de Microcirug\u00eda Ocular<\/a>&nbsp; (IMO).<\/p>\n<p><!--more--><\/p>\n<p>Cerca de 50 ni\u00f1os de diferentes esplais de la Federaci\u00f3n Catalana del Esplai y de entidades sociales del Prat de Llobregat se beneficiaron el lunes 26 de febrero de una jornada de revisi\u00f3n de la salud ocular gratuita que realiz\u00f3 la  <a href=\"http:\/\/www.imo.es\/ca\/fundacio\/\">Fundaci\u00f3 del Instituto de Microcirurgia Ocular<\/a>&nbsp;(IMO).<\/p>\n<table style=\"width: 100%\">\n<tbody>\n<tr>\n<td colspan=\"2\"><img decoding=\"async\" class=\" size-full wp-image-5216\" src=\"https:\/\/fundesplai.org\/test-joomla\/wp-content\/uploads\/sites\/26\/2018\/02\/imo2.jpg\" alt=\"imo2\" width=\"100%\" height=\"NaN\"><\/td>\n<\/tr>\n<tr>\n<td><img decoding=\"async\" class=\" size-full wp-image-5217\" src=\"https:\/\/fundesplai.org\/test-joomla\/wp-content\/uploads\/sites\/26\/2018\/02\/imo.jpg\" alt=\"imo\" width=\"100%\" height=\"NaN\"><\/td>\n<td><img decoding=\"async\" class=\" size-full wp-image-5218\" src=\"https:\/\/fundesplai.org\/test-joomla\/wp-content\/uploads\/sites\/26\/2018\/02\/imo3.jpg\" alt=\"imo3\" width=\"100%\" height=\"NaN\"><\/td>\n<\/tr>\n<\/tbody>\n<\/table>\n<p>Las revisiones se realizaron en Centre Esplai, la sede de Fundesplai en el barrio de Sant Cosme del Prat de Llobregat. Oftalm\u00f3logos del IMO se desplazaron hasta Centro Esplai donde adecuaron un espacio como una verdadera cl\u00ednica oftalmol\u00f3gica para atender a los diversos ni\u00f1os. Posteriormente se establecer\u00e1 un seguimiento peri\u00f3dico para los casos que lo requieren. En el caso de ni\u00f1os y ni\u00f1as que necesitan gafas, la propia Fundaci\u00f3n IMO se encarga de facilitarlos sin coste.<\/p>\n","protected":false},"excerpt":{"rendered":"<p>Cerca de 50 ni\u00f1os de diferentes esplais de la Federaci\u00f3n Catalana del Esplai y de entidades sociales del Prat de Llobregat se beneficiaron el lunes 26 de febrero de una jornada de revisi\u00f3n de la salud ocular gratuita que realiz\u00f3 la &nbsp;Fundaci\u00f3n del Instituto de Microcirug\u00eda Ocular&nbsp; (IMO).<\/p>\n","protected":false},"author":9,"featured_media":0,"comment_status":"closed","ping_status":"closed","sticky":false,"template":"","format":"standard","meta":{"_et_pb_use_builder":"","_et_pb_old_content":"","_et_gb_content_width":"","footnotes":""},"categories":[937],"tags":[],"class_list":["post-47810","post","type-post","status-publish","format-standard","hentry","category-actualitat-es"],"yoast_head":"<!-- This site is optimized with the Yoast SEO plugin v27.4 - https:\/\/yoast.com\/product\/yoast-seo-wordpress\/ -->\n<title>La Fundaci\u00f3n IMO revisa la salud ocular de los ni\u00f1os en Centre Esplai - Fundesplai<\/title>\n<meta name=\"robots\" content=\"index, follow, max-snippet:-1, max-image-preview:large, max-video-preview:-1\" \/>\n<link rel=\"canonical\" href=\"https:\/\/fundesplai.org\/es\/informa-t\/actualitat-es\/la-fundacion-imo-revisa-la-salud-ocular-de-los-ninos-en-centre-esplai\/\" \/>\n<meta property=\"og:locale\" content=\"es_ES\" \/>\n<meta property=\"og:type\" content=\"article\" \/>\n<meta property=\"og:title\" content=\"La Fundaci\u00f3n IMO revisa la salud ocular de los ni\u00f1os en Centre Esplai - Fundesplai\" \/>\n<meta property=\"og:description\" content=\"Cerca de 50 ni\u00f1os de diferentes esplais de la Federaci\u00f3n Catalana del Esplai y de entidades sociales del Prat de Llobregat se beneficiaron el lunes 26 de febrero de una jornada de revisi\u00f3n de la salud ocular gratuita que realiz\u00f3 la &nbsp;Fundaci\u00f3n del Instituto de Microcirug\u00eda Ocular&nbsp; (IMO).\" \/>\n<meta property=\"og:url\" content=\"https:\/\/fundesplai.org\/es\/informa-t\/actualitat-es\/la-fundacion-imo-revisa-la-salud-ocular-de-los-ninos-en-centre-esplai\/\" \/>\n<meta property=\"og:site_name\" content=\"Fundesplai\" \/>\n<meta property=\"article:published_time\" content=\"2018-02-27T12:05:46+00:00\" \/>\n<meta property=\"og:image\" content=\"https:\/\/fundesplai.org\/test-joomla\/wp-content\/uploads\/sites\/26\/2018\/02\/imo2.jpg\" \/>\n<meta name=\"author\" content=\"Alfons Valle\" \/>\n<meta name=\"twitter:card\" content=\"summary_large_image\" \/>\n<meta name=\"twitter:label1\" content=\"Escrito por\" \/>\n\t<meta name=\"twitter:data1\" content=\"Alfons Valle\" \/>\n\t<meta name=\"twitter:label2\" content=\"Tiempo de lectura\" \/>\n\t<meta name=\"twitter:data2\" content=\"1 minuto\" \/>\n<script type=\"application\/ld+json\" class=\"yoast-schema-graph\">{\"@context\":\"https:\\\/\\\/schema.org\",\"@graph\":[{\"@type\":\"Article\",\"@id\":\"https:\\\/\\\/fundesplai.org\\\/es\\\/informa-t\\\/actualitat-es\\\/la-fundacion-imo-revisa-la-salud-ocular-de-los-ninos-en-centre-esplai\\\/#article\",\"isPartOf\":{\"@id\":\"https:\\\/\\\/fundesplai.org\\\/es\\\/informa-t\\\/actualitat-es\\\/la-fundacion-imo-revisa-la-salud-ocular-de-los-ninos-en-centre-esplai\\\/\"},\"author\":{\"name\":\"Alfons Valle\",\"@id\":\"https:\\\/\\\/fundesplai.org\\\/es\\\/#\\\/schema\\\/person\\\/c0e9e7466bb8ac06f5264324a6109733\"},\"headline\":\"La Fundaci\u00f3n IMO revisa la salud ocular de los ni\u00f1os en Centre Esplai\",\"datePublished\":\"2018-02-27T12:05:46+00:00\",\"mainEntityOfPage\":{\"@id\":\"https:\\\/\\\/fundesplai.org\\\/es\\\/informa-t\\\/actualitat-es\\\/la-fundacion-imo-revisa-la-salud-ocular-de-los-ninos-en-centre-esplai\\\/\"},\"wordCount\":202,\"image\":{\"@id\":\"https:\\\/\\\/fundesplai.org\\\/es\\\/informa-t\\\/actualitat-es\\\/la-fundacion-imo-revisa-la-salud-ocular-de-los-ninos-en-centre-esplai\\\/#primaryimage\"},\"thumbnailUrl\":\"https:\\\/\\\/fundesplai.org\\\/test-joomla\\\/wp-content\\\/uploads\\\/sites\\\/26\\\/2018\\\/02\\\/imo2.jpg\",\"articleSection\":[\"Actualitat\"],\"inLanguage\":\"es\"},{\"@type\":\"WebPage\",\"@id\":\"https:\\\/\\\/fundesplai.org\\\/es\\\/informa-t\\\/actualitat-es\\\/la-fundacion-imo-revisa-la-salud-ocular-de-los-ninos-en-centre-esplai\\\/\",\"url\":\"https:\\\/\\\/fundesplai.org\\\/es\\\/informa-t\\\/actualitat-es\\\/la-fundacion-imo-revisa-la-salud-ocular-de-los-ninos-en-centre-esplai\\\/\",\"name\":\"La Fundaci\u00f3n IMO revisa la salud ocular de los ni\u00f1os en Centre Esplai - Fundesplai\",\"isPartOf\":{\"@id\":\"https:\\\/\\\/fundesplai.org\\\/es\\\/#website\"},\"primaryImageOfPage\":{\"@id\":\"https:\\\/\\\/fundesplai.org\\\/es\\\/informa-t\\\/actualitat-es\\\/la-fundacion-imo-revisa-la-salud-ocular-de-los-ninos-en-centre-esplai\\\/#primaryimage\"},\"image\":{\"@id\":\"https:\\\/\\\/fundesplai.org\\\/es\\\/informa-t\\\/actualitat-es\\\/la-fundacion-imo-revisa-la-salud-ocular-de-los-ninos-en-centre-esplai\\\/#primaryimage\"},\"thumbnailUrl\":\"https:\\\/\\\/fundesplai.org\\\/test-joomla\\\/wp-content\\\/uploads\\\/sites\\\/26\\\/2018\\\/02\\\/imo2.jpg\",\"datePublished\":\"2018-02-27T12:05:46+00:00\",\"author\":{\"@id\":\"https:\\\/\\\/fundesplai.org\\\/es\\\/#\\\/schema\\\/person\\\/c0e9e7466bb8ac06f5264324a6109733\"},\"breadcrumb\":{\"@id\":\"https:\\\/\\\/fundesplai.org\\\/es\\\/informa-t\\\/actualitat-es\\\/la-fundacion-imo-revisa-la-salud-ocular-de-los-ninos-en-centre-esplai\\\/#breadcrumb\"},\"inLanguage\":\"es\",\"potentialAction\":[{\"@type\":\"ReadAction\",\"target\":[\"https:\\\/\\\/fundesplai.org\\\/es\\\/informa-t\\\/actualitat-es\\\/la-fundacion-imo-revisa-la-salud-ocular-de-los-ninos-en-centre-esplai\\\/\"]}]},{\"@type\":\"ImageObject\",\"inLanguage\":\"es\",\"@id\":\"https:\\\/\\\/fundesplai.org\\\/es\\\/informa-t\\\/actualitat-es\\\/la-fundacion-imo-revisa-la-salud-ocular-de-los-ninos-en-centre-esplai\\\/#primaryimage\",\"url\":\"https:\\\/\\\/fundesplai.org\\\/test-joomla\\\/wp-content\\\/uploads\\\/sites\\\/26\\\/2018\\\/02\\\/imo2.jpg\",\"contentUrl\":\"https:\\\/\\\/fundesplai.org\\\/test-joomla\\\/wp-content\\\/uploads\\\/sites\\\/26\\\/2018\\\/02\\\/imo2.jpg\"},{\"@type\":\"BreadcrumbList\",\"@id\":\"https:\\\/\\\/fundesplai.org\\\/es\\\/informa-t\\\/actualitat-es\\\/la-fundacion-imo-revisa-la-salud-ocular-de-los-ninos-en-centre-esplai\\\/#breadcrumb\",\"itemListElement\":[{\"@type\":\"ListItem\",\"position\":1,\"name\":\"Inici\",\"item\":\"https:\\\/\\\/fundesplai.org\\\/es\\\/inicio\\\/\"},{\"@type\":\"ListItem\",\"position\":2,\"name\":\"Inf\u00f3rmate\",\"item\":\"https:\\\/\\\/fundesplai.org\\\/es\\\/informate\\\/\"},{\"@type\":\"ListItem\",\"position\":3,\"name\":\"Sin categor\u00eda\",\"item\":\"https:\\\/\\\/fundesplai.org\\\/es\\\/informa-t\\\/category\\\/sin-categoria\\\/\"},{\"@type\":\"ListItem\",\"position\":4,\"name\":\"La Fundaci\u00f3n IMO revisa la salud ocular de los ni\u00f1os en Centre Esplai\"}]},{\"@type\":\"WebSite\",\"@id\":\"https:\\\/\\\/fundesplai.org\\\/es\\\/#website\",\"url\":\"https:\\\/\\\/fundesplai.org\\\/es\\\/\",\"name\":\"Fundesplai\",\"description\":\"Eduquem per la conviv\u00e8ncia i la sostenibilitat\",\"potentialAction\":[{\"@type\":\"SearchAction\",\"target\":{\"@type\":\"EntryPoint\",\"urlTemplate\":\"https:\\\/\\\/fundesplai.org\\\/es\\\/?s={search_term_string}\"},\"query-input\":{\"@type\":\"PropertyValueSpecification\",\"valueRequired\":true,\"valueName\":\"search_term_string\"}}],\"inLanguage\":\"es\"},{\"@type\":\"Person\",\"@id\":\"https:\\\/\\\/fundesplai.org\\\/es\\\/#\\\/schema\\\/person\\\/c0e9e7466bb8ac06f5264324a6109733\",\"name\":\"Alfons Valle\",\"image\":{\"@type\":\"ImageObject\",\"inLanguage\":\"es\",\"@id\":\"https:\\\/\\\/secure.gravatar.com\\\/avatar\\\/71d95a3f99a068ba570ac1314ed6911a59c5ae3f22ffcf23631cd1a861a640bc?s=96&d=mm&r=g\",\"url\":\"https:\\\/\\\/secure.gravatar.com\\\/avatar\\\/71d95a3f99a068ba570ac1314ed6911a59c5ae3f22ffcf23631cd1a861a640bc?s=96&d=mm&r=g\",\"contentUrl\":\"https:\\\/\\\/secure.gravatar.com\\\/avatar\\\/71d95a3f99a068ba570ac1314ed6911a59c5ae3f22ffcf23631cd1a861a640bc?s=96&d=mm&r=g\",\"caption\":\"Alfons Valle\"},\"url\":\"https:\\\/\\\/fundesplai.org\\\/es\\\/informa-t\\\/author\\\/avalle\\\/\"}]}<\/script>\n<!-- \/ Yoast SEO plugin. -->","yoast_head_json":{"title":"La Fundaci\u00f3n IMO revisa la salud ocular de los ni\u00f1os en Centre Esplai - Fundesplai","robots":{"index":"index","follow":"follow","max-snippet":"max-snippet:-1","max-image-preview":"max-image-preview:large","max-video-preview":"max-video-preview:-1"},"canonical":"https:\/\/fundesplai.org\/es\/informa-t\/actualitat-es\/la-fundacion-imo-revisa-la-salud-ocular-de-los-ninos-en-centre-esplai\/","og_locale":"es_ES","og_type":"article","og_title":"La Fundaci\u00f3n IMO revisa la salud ocular de los ni\u00f1os en Centre Esplai - Fundesplai","og_description":"Cerca de 50 ni\u00f1os de diferentes esplais de la Federaci\u00f3n Catalana del Esplai y de entidades sociales del Prat de Llobregat se beneficiaron el lunes 26 de febrero de una jornada de revisi\u00f3n de la salud ocular gratuita que realiz\u00f3 la &nbsp;Fundaci\u00f3n del Instituto de Microcirug\u00eda Ocular&nbsp; (IMO).","og_url":"https:\/\/fundesplai.org\/es\/informa-t\/actualitat-es\/la-fundacion-imo-revisa-la-salud-ocular-de-los-ninos-en-centre-esplai\/","og_site_name":"Fundesplai","article_published_time":"2018-02-27T12:05:46+00:00","og_image":[{"url":"https:\/\/fundesplai.org\/test-joomla\/wp-content\/uploads\/sites\/26\/2018\/02\/imo2.jpg","type":"","width":"","height":""}],"author":"Alfons Valle","twitter_card":"summary_large_image","twitter_misc":{"Escrito por":"Alfons Valle","Tiempo de lectura":"1 minuto"},"schema":{"@context":"https:\/\/schema.org","@graph":[{"@type":"Article","@id":"https:\/\/fundesplai.org\/es\/informa-t\/actualitat-es\/la-fundacion-imo-revisa-la-salud-ocular-de-los-ninos-en-centre-esplai\/#article","isPartOf":{"@id":"https:\/\/fundesplai.org\/es\/informa-t\/actualitat-es\/la-fundacion-imo-revisa-la-salud-ocular-de-los-ninos-en-centre-esplai\/"},"author":{"name":"Alfons Valle","@id":"https:\/\/fundesplai.org\/es\/#\/schema\/person\/c0e9e7466bb8ac06f5264324a6109733"},"headline":"La Fundaci\u00f3n IMO revisa la salud ocular de los ni\u00f1os en Centre Esplai","datePublished":"2018-02-27T12:05:46+00:00","mainEntityOfPage":{"@id":"https:\/\/fundesplai.org\/es\/informa-t\/actualitat-es\/la-fundacion-imo-revisa-la-salud-ocular-de-los-ninos-en-centre-esplai\/"},"wordCount":202,"image":{"@id":"https:\/\/fundesplai.org\/es\/informa-t\/actualitat-es\/la-fundacion-imo-revisa-la-salud-ocular-de-los-ninos-en-centre-esplai\/#primaryimage"},"thumbnailUrl":"https:\/\/fundesplai.org\/test-joomla\/wp-content\/uploads\/sites\/26\/2018\/02\/imo2.jpg","articleSection":["Actualitat"],"inLanguage":"es"},{"@type":"WebPage","@id":"https:\/\/fundesplai.org\/es\/informa-t\/actualitat-es\/la-fundacion-imo-revisa-la-salud-ocular-de-los-ninos-en-centre-esplai\/","url":"https:\/\/fundesplai.org\/es\/informa-t\/actualitat-es\/la-fundacion-imo-revisa-la-salud-ocular-de-los-ninos-en-centre-esplai\/","name":"La Fundaci\u00f3n IMO revisa la salud ocular de los ni\u00f1os en Centre Esplai - Fundesplai","isPartOf":{"@id":"https:\/\/fundesplai.org\/es\/#website"},"primaryImageOfPage":{"@id":"https:\/\/fundesplai.org\/es\/informa-t\/actualitat-es\/la-fundacion-imo-revisa-la-salud-ocular-de-los-ninos-en-centre-esplai\/#primaryimage"},"image":{"@id":"https:\/\/fundesplai.org\/es\/informa-t\/actualitat-es\/la-fundacion-imo-revisa-la-salud-ocular-de-los-ninos-en-centre-esplai\/#primaryimage"},"thumbnailUrl":"https:\/\/fundesplai.org\/test-joomla\/wp-content\/uploads\/sites\/26\/2018\/02\/imo2.jpg","datePublished":"2018-02-27T12:05:46+00:00","author":{"@id":"https:\/\/fundesplai.org\/es\/#\/schema\/person\/c0e9e7466bb8ac06f5264324a6109733"},"breadcrumb":{"@id":"https:\/\/fundesplai.org\/es\/informa-t\/actualitat-es\/la-fundacion-imo-revisa-la-salud-ocular-de-los-ninos-en-centre-esplai\/#breadcrumb"},"inLanguage":"es","potentialAction":[{"@type":"ReadAction","target":["https:\/\/fundesplai.org\/es\/informa-t\/actualitat-es\/la-fundacion-imo-revisa-la-salud-ocular-de-los-ninos-en-centre-esplai\/"]}]},{"@type":"ImageObject","inLanguage":"es","@id":"https:\/\/fundesplai.org\/es\/informa-t\/actualitat-es\/la-fundacion-imo-revisa-la-salud-ocular-de-los-ninos-en-centre-esplai\/#primaryimage","url":"https:\/\/fundesplai.org\/test-joomla\/wp-content\/uploads\/sites\/26\/2018\/02\/imo2.jpg","contentUrl":"https:\/\/fundesplai.org\/test-joomla\/wp-content\/uploads\/sites\/26\/2018\/02\/imo2.jpg"},{"@type":"BreadcrumbList","@id":"https:\/\/fundesplai.org\/es\/informa-t\/actualitat-es\/la-fundacion-imo-revisa-la-salud-ocular-de-los-ninos-en-centre-esplai\/#breadcrumb","itemListElement":[{"@type":"ListItem","position":1,"name":"Inici","item":"https:\/\/fundesplai.org\/es\/inicio\/"},{"@type":"ListItem","position":2,"name":"Inf\u00f3rmate","item":"https:\/\/fundesplai.org\/es\/informate\/"},{"@type":"ListItem","position":3,"name":"Sin categor\u00eda","item":"https:\/\/fundesplai.org\/es\/informa-t\/category\/sin-categoria\/"},{"@type":"ListItem","position":4,"name":"La Fundaci\u00f3n IMO revisa la salud ocular de los ni\u00f1os en Centre Esplai"}]},{"@type":"WebSite","@id":"https:\/\/fundesplai.org\/es\/#website","url":"https:\/\/fundesplai.org\/es\/","name":"Fundesplai","description":"Eduquem per la conviv\u00e8ncia i la sostenibilitat","potentialAction":[{"@type":"SearchAction","target":{"@type":"EntryPoint","urlTemplate":"https:\/\/fundesplai.org\/es\/?s={search_term_string}"},"query-input":{"@type":"PropertyValueSpecification","valueRequired":true,"valueName":"search_term_string"}}],"inLanguage":"es"},{"@type":"Person","@id":"https:\/\/fundesplai.org\/es\/#\/schema\/person\/c0e9e7466bb8ac06f5264324a6109733","name":"Alfons Valle","image":{"@type":"ImageObject","inLanguage":"es","@id":"https:\/\/secure.gravatar.com\/avatar\/71d95a3f99a068ba570ac1314ed6911a59c5ae3f22ffcf23631cd1a861a640bc?s=96&d=mm&r=g","url":"https:\/\/secure.gravatar.com\/avatar\/71d95a3f99a068ba570ac1314ed6911a59c5ae3f22ffcf23631cd1a861a640bc?s=96&d=mm&r=g","contentUrl":"https:\/\/secure.gravatar.com\/avatar\/71d95a3f99a068ba570ac1314ed6911a59c5ae3f22ffcf23631cd1a861a640bc?s=96&d=mm&r=g","caption":"Alfons Valle"},"url":"https:\/\/fundesplai.org\/es\/informa-t\/author\/avalle\/"}]}},"_links":{"self":[{"href":"https:\/\/fundesplai.org\/es\/wp-json\/wp\/v2\/posts\/47810","targetHints":{"allow":["GET"]}}],"collection":[{"href":"https:\/\/fundesplai.org\/es\/wp-json\/wp\/v2\/posts"}],"about":[{"href":"https:\/\/fundesplai.org\/es\/wp-json\/wp\/v2\/types\/post"}],"author":[{"embeddable":true,"href":"https:\/\/fundesplai.org\/es\/wp-json\/wp\/v2\/users\/9"}],"replies":[{"embeddable":true,"href":"https:\/\/fundesplai.org\/es\/wp-json\/wp\/v2\/comments?post=47810"}],"version-history":[{"count":0,"href":"https:\/\/fundesplai.org\/es\/wp-json\/wp\/v2\/posts\/47810\/revisions"}],"wp:attachment":[{"href":"https:\/\/fundesplai.org\/es\/wp-json\/wp\/v2\/media?parent=47810"}],"wp:term":[{"taxonomy":"category","embeddable":true,"href":"https:\/\/fundesplai.org\/es\/wp-json\/wp\/v2\/categories?post=47810"},{"taxonomy":"post_tag","embeddable":true,"href":"https:\/\/fundesplai.org\/es\/wp-json\/wp\/v2\/tags?post=47810"}],"curies":[{"name":"wp","href":"https:\/\/api.w.org\/{rel}","templated":true}]}}