{"id":47807,"date":"2018-02-26T13:29:21","date_gmt":"2018-02-26T12:29:21","guid":{"rendered":"https:\/\/fundesplai.org\/informa-t\/sense-categoria\/empieza-la-campana-de-verano-de-fundesplai\/"},"modified":"2018-02-26T13:29:21","modified_gmt":"2018-02-26T12:29:21","slug":"empieza-la-campana-de-verano-de-fundesplai","status":"publish","type":"post","link":"https:\/\/fundesplai.org\/es\/informa-t\/actualitat-es\/empieza-la-campana-de-verano-de-fundesplai\/","title":{"rendered":"\u00a1Empieza la campa\u00f1a de verano de Fundesplai!"},"content":{"rendered":"<p>El ocio en verano es un espacio lleno de posibilidades educativas: casales, colonias, campamentos, campos de trabajo&#8230; Este a\u00f1o las actividades de verano de Fundesplai apuestan por , \u00abEncoratja&#8217;t\u00bb la propuesta educativa por la igualdad de g\u00e9nero y la violencia cero.<\/p>\n<p><!--more--><\/p>\n<p><a href=\"https:\/\/estiu.fundesplai.org\/\"><img decoding=\"async\" class=\" size-full wp-image-5204\" src=\"https:\/\/fundesplai.org\/test-joomla\/wp-content\/uploads\/sites\/26\/2018\/02\/encerta-l-estiu-infants-amb-piragua-web.jpg\" alt=\"acierta el verano ni\u00f1os con piragua web\" width=\"100%\" height=\"NaN\"><\/a><\/p>\n<p><img loading=\"lazy\" decoding=\"async\" class=\" alignright size-full wp-image-5205\" style=\"margin-left: 5px;margin-bottom: 5px;margin-top: 5px;float: right\" src=\"https:\/\/fundesplai.org\/test-joomla\/wp-content\/uploads\/sites\/26\/2018\/02\/samarretes-lila-web.jpg\" alt=\"samarretes lila web\" width=\"300\" height=\"344\">El ocio educativo en verano es un espacio lleno de un amplio abanico de posibilidades educativas. As\u00ed, Fundesplai en la <a href=\"https:\/\/estiu.fundesplai.org\/\"><strong>campa\u00f1 de verano<\/strong><\/a> que apenas comienza ahora quiere vincular muchas de las actividades a <a href=\"projectes.fundesplai.org\/encoratjat\/\"><strong>\u00abEnCORatja&#8217;t\u00bb<\/strong><\/a>, la propuesta educativa por la igualdad de g\u00e9nero y la violencia cero que est\u00e1n trabajando los esplais y las escuelas que forman parte de la entidad.<\/p>\n<p>A partir de &nbsp; <strong>juegos, din\u00e1micas de grupo, salidas, talleres, deporte y mucha diversi\u00f3n<\/strong> &nbsp;los ni\u00f1os y ni\u00f1as aprender\u00e1n a convivir y reforzar\u00e1n los valores del \u00abEnCORatja&#8217;t\u00bb como el aprecio, el respeto, la empat\u00eda, la solidaridad, la libertad, la diversidad, el coraje y la cooperaci\u00f3n.<\/p>\n<p><strong>Camiseta lila \u00abEnCORatja&#8217;t\u00bb<\/strong><\/p>\n<p>Uno de los elementos que quiere dar visibilidad a esta vinculaci\u00f3n es la camiseta de la entidad, que este a\u00f1o llevar\u00e1 el logo de la propuesta educativa y que despu\u00e9s de una votaci\u00f3n popular ser\u00e1 de color lila. Las personas pod\u00edan elegir entre el color lila y el blanco y, finalmente, despu\u00e9s de 836 votos ha ganado el color lila por un 70% frente a un 30%.<\/p>\n<p><strong>\u00a1M\u00e1s de 1.000 actividades y 60.000 plazas!<\/strong><\/p>\n<p>La campa\u00f1a de verano de Fundesplai que lleva por nombre <a href=\"https:\/\/estiu.fundesplai.org\/\"><strong>\u00abAcierta el Verano &#8211; \u00a1Un verano para todos!\u00bb<\/strong><\/a> y que acaba de empezar ofrecer\u00e1 m\u00e1s de 1.000 tandas de actividades y de 60.000 plazas entre colonias, casales, campamentos, rutas e intercambios para ni\u00f1os y j\u00f3venes de 3 a 25 a\u00f1os. Estas actividades incluyen las que organiza Fundesplai y los esplais que forman parte.<\/p>\n<p>Entre todas estas actividades, destacan las colonias en ingl\u00e9s, que permiten mejorar el idioma mientras se disfruta de la naturaleza; los casales que se organizan en el Museo Nacional de Arte de Catalu\u00f1a y en el Museo de Historia de Barcelona, \u200b\u200bdonde los ni\u00f1os pueden descubrir el arte y divertirse; donde otra edici\u00f3n de las colonias de El Peri\u00f3dico y Fundesplai, donde ni\u00f1as y ni\u00f1as har\u00e1n de reporteros en plena naturaleza.<\/p>\n<p><strong>Un importante esfuerzo por la equidad<\/strong><\/p>\n<p>Adem\u00e1s, la campa\u00f1a incluir\u00e1 como cada a\u00f1o un importante esfuerzo por la equidad. Tal y como se hace desde el a\u00f1o 2011, Fundesplai impulsar\u00e1 la movilizaci\u00f3n de la sociedad para recoger fondos para que los ni\u00f1os en situaci\u00f3n de vulnerabilidad puedan disfrutar de las actividades de ocio educativo. En 2017, todos estos esfuerzos permitieron &nbsp; otorgar directamente&nbsp;&nbsp;<strong>5.387 becas<\/strong>&nbsp;a ni\u00f1os en situaci\u00f3n de riesgo (m\u00e1s de 200 respecto a 2016). Estas ayudas pudieron otorgarse gracias a los fondos aportados por las administraciones, empresas, entidades y particulares como el Ministerio de Asuntos Sociales e Igualdad, la Generalidad de Catalu\u00f1a, la Diputaci\u00f3n de Barcelona, \u200b\u200bla Obra Social \u00abla Caixa\u00bb, la Fundaci\u00f3n Probitas o AvantGrup-Bardet, entre otros.&nbsp;<\/p>\n<p>Aparte de estas becas otorgadas directamente, muchos esplais tambi\u00e9n han contado con ayudas de sus municipios o de iniciativas como Caixa ProInf\u00e0ncia. En total, el importe destinado a becar a ni\u00f1os que participaron en actividades de verano de las entidades federadas en Fundesplai super\u00f3 el mill\u00f3n de euros.<\/p>\n","protected":false},"excerpt":{"rendered":"<p>El ocio en verano es un espacio lleno de posibilidades educativas: casales, colonias, campamentos, campos de trabajo&#8230; Este a\u00f1o las actividades de verano de Fundesplai apuestan por , \u00abEncoratja&#8217;t\u00bb la propuesta educativa por la igualdad de g\u00e9nero y la violencia cero.<\/p>\n","protected":false},"author":9,"featured_media":0,"comment_status":"closed","ping_status":"closed","sticky":false,"template":"","format":"standard","meta":{"_et_pb_use_builder":"","_et_pb_old_content":"","_et_gb_content_width":"","footnotes":""},"categories":[937],"tags":[],"class_list":["post-47807","post","type-post","status-publish","format-standard","hentry","category-actualitat-es"],"yoast_head":"<!-- This site is optimized with the Yoast SEO plugin v27.4 - https:\/\/yoast.com\/product\/yoast-seo-wordpress\/ -->\n<title>\u00a1Empieza la campa\u00f1a de verano de Fundesplai! - Fundesplai<\/title>\n<meta name=\"robots\" content=\"index, follow, max-snippet:-1, max-image-preview:large, max-video-preview:-1\" \/>\n<link rel=\"canonical\" href=\"https:\/\/fundesplai.org\/es\/informa-t\/actualitat-es\/empieza-la-campana-de-verano-de-fundesplai\/\" \/>\n<meta property=\"og:locale\" content=\"es_ES\" \/>\n<meta property=\"og:type\" content=\"article\" \/>\n<meta property=\"og:title\" content=\"\u00a1Empieza la campa\u00f1a de verano de Fundesplai! - Fundesplai\" \/>\n<meta property=\"og:description\" content=\"El ocio en verano es un espacio lleno de posibilidades educativas: casales, colonias, campamentos, campos de trabajo&#8230; Este a\u00f1o las actividades de verano de Fundesplai apuestan por , \u00abEncoratja&#8217;t\u00bb la propuesta educativa por la igualdad de g\u00e9nero y la violencia cero.\" \/>\n<meta property=\"og:url\" content=\"https:\/\/fundesplai.org\/es\/informa-t\/actualitat-es\/empieza-la-campana-de-verano-de-fundesplai\/\" \/>\n<meta property=\"og:site_name\" content=\"Fundesplai\" \/>\n<meta property=\"article:published_time\" content=\"2018-02-26T12:29:21+00:00\" \/>\n<meta property=\"og:image\" content=\"https:\/\/fundesplai.org\/test-joomla\/wp-content\/uploads\/sites\/26\/2018\/02\/encerta-l-estiu-infants-amb-piragua-web.jpg\" \/>\n<meta name=\"author\" content=\"Alfons Valle\" \/>\n<meta name=\"twitter:card\" content=\"summary_large_image\" \/>\n<meta name=\"twitter:label1\" content=\"Escrito por\" \/>\n\t<meta name=\"twitter:data1\" content=\"Alfons Valle\" \/>\n\t<meta name=\"twitter:label2\" content=\"Tiempo de lectura\" \/>\n\t<meta name=\"twitter:data2\" content=\"3 minutos\" \/>\n<script type=\"application\/ld+json\" class=\"yoast-schema-graph\">{\"@context\":\"https:\\\/\\\/schema.org\",\"@graph\":[{\"@type\":\"Article\",\"@id\":\"https:\\\/\\\/fundesplai.org\\\/es\\\/informa-t\\\/actualitat-es\\\/empieza-la-campana-de-verano-de-fundesplai\\\/#article\",\"isPartOf\":{\"@id\":\"https:\\\/\\\/fundesplai.org\\\/es\\\/informa-t\\\/actualitat-es\\\/empieza-la-campana-de-verano-de-fundesplai\\\/\"},\"author\":{\"name\":\"Alfons Valle\",\"@id\":\"https:\\\/\\\/fundesplai.org\\\/es\\\/#\\\/schema\\\/person\\\/c0e9e7466bb8ac06f5264324a6109733\"},\"headline\":\"\u00a1Empieza la campa\u00f1a de verano de Fundesplai!\",\"datePublished\":\"2018-02-26T12:29:21+00:00\",\"mainEntityOfPage\":{\"@id\":\"https:\\\/\\\/fundesplai.org\\\/es\\\/informa-t\\\/actualitat-es\\\/empieza-la-campana-de-verano-de-fundesplai\\\/\"},\"wordCount\":578,\"image\":{\"@id\":\"https:\\\/\\\/fundesplai.org\\\/es\\\/informa-t\\\/actualitat-es\\\/empieza-la-campana-de-verano-de-fundesplai\\\/#primaryimage\"},\"thumbnailUrl\":\"https:\\\/\\\/fundesplai.org\\\/test-joomla\\\/wp-content\\\/uploads\\\/sites\\\/26\\\/2018\\\/02\\\/encerta-l-estiu-infants-amb-piragua-web.jpg\",\"articleSection\":[\"Actualitat\"],\"inLanguage\":\"es\"},{\"@type\":\"WebPage\",\"@id\":\"https:\\\/\\\/fundesplai.org\\\/es\\\/informa-t\\\/actualitat-es\\\/empieza-la-campana-de-verano-de-fundesplai\\\/\",\"url\":\"https:\\\/\\\/fundesplai.org\\\/es\\\/informa-t\\\/actualitat-es\\\/empieza-la-campana-de-verano-de-fundesplai\\\/\",\"name\":\"\u00a1Empieza la campa\u00f1a de verano de Fundesplai! - Fundesplai\",\"isPartOf\":{\"@id\":\"https:\\\/\\\/fundesplai.org\\\/es\\\/#website\"},\"primaryImageOfPage\":{\"@id\":\"https:\\\/\\\/fundesplai.org\\\/es\\\/informa-t\\\/actualitat-es\\\/empieza-la-campana-de-verano-de-fundesplai\\\/#primaryimage\"},\"image\":{\"@id\":\"https:\\\/\\\/fundesplai.org\\\/es\\\/informa-t\\\/actualitat-es\\\/empieza-la-campana-de-verano-de-fundesplai\\\/#primaryimage\"},\"thumbnailUrl\":\"https:\\\/\\\/fundesplai.org\\\/test-joomla\\\/wp-content\\\/uploads\\\/sites\\\/26\\\/2018\\\/02\\\/encerta-l-estiu-infants-amb-piragua-web.jpg\",\"datePublished\":\"2018-02-26T12:29:21+00:00\",\"author\":{\"@id\":\"https:\\\/\\\/fundesplai.org\\\/es\\\/#\\\/schema\\\/person\\\/c0e9e7466bb8ac06f5264324a6109733\"},\"breadcrumb\":{\"@id\":\"https:\\\/\\\/fundesplai.org\\\/es\\\/informa-t\\\/actualitat-es\\\/empieza-la-campana-de-verano-de-fundesplai\\\/#breadcrumb\"},\"inLanguage\":\"es\",\"potentialAction\":[{\"@type\":\"ReadAction\",\"target\":[\"https:\\\/\\\/fundesplai.org\\\/es\\\/informa-t\\\/actualitat-es\\\/empieza-la-campana-de-verano-de-fundesplai\\\/\"]}]},{\"@type\":\"ImageObject\",\"inLanguage\":\"es\",\"@id\":\"https:\\\/\\\/fundesplai.org\\\/es\\\/informa-t\\\/actualitat-es\\\/empieza-la-campana-de-verano-de-fundesplai\\\/#primaryimage\",\"url\":\"https:\\\/\\\/fundesplai.org\\\/test-joomla\\\/wp-content\\\/uploads\\\/sites\\\/26\\\/2018\\\/02\\\/encerta-l-estiu-infants-amb-piragua-web.jpg\",\"contentUrl\":\"https:\\\/\\\/fundesplai.org\\\/test-joomla\\\/wp-content\\\/uploads\\\/sites\\\/26\\\/2018\\\/02\\\/encerta-l-estiu-infants-amb-piragua-web.jpg\"},{\"@type\":\"BreadcrumbList\",\"@id\":\"https:\\\/\\\/fundesplai.org\\\/es\\\/informa-t\\\/actualitat-es\\\/empieza-la-campana-de-verano-de-fundesplai\\\/#breadcrumb\",\"itemListElement\":[{\"@type\":\"ListItem\",\"position\":1,\"name\":\"Inici\",\"item\":\"https:\\\/\\\/fundesplai.org\\\/es\\\/inicio\\\/\"},{\"@type\":\"ListItem\",\"position\":2,\"name\":\"Inf\u00f3rmate\",\"item\":\"https:\\\/\\\/fundesplai.org\\\/es\\\/informate\\\/\"},{\"@type\":\"ListItem\",\"position\":3,\"name\":\"Sin categor\u00eda\",\"item\":\"https:\\\/\\\/fundesplai.org\\\/es\\\/informa-t\\\/category\\\/sin-categoria\\\/\"},{\"@type\":\"ListItem\",\"position\":4,\"name\":\"\u00a1Empieza la campa\u00f1a de verano de Fundesplai!\"}]},{\"@type\":\"WebSite\",\"@id\":\"https:\\\/\\\/fundesplai.org\\\/es\\\/#website\",\"url\":\"https:\\\/\\\/fundesplai.org\\\/es\\\/\",\"name\":\"Fundesplai\",\"description\":\"Eduquem per la conviv\u00e8ncia i la sostenibilitat\",\"potentialAction\":[{\"@type\":\"SearchAction\",\"target\":{\"@type\":\"EntryPoint\",\"urlTemplate\":\"https:\\\/\\\/fundesplai.org\\\/es\\\/?s={search_term_string}\"},\"query-input\":{\"@type\":\"PropertyValueSpecification\",\"valueRequired\":true,\"valueName\":\"search_term_string\"}}],\"inLanguage\":\"es\"},{\"@type\":\"Person\",\"@id\":\"https:\\\/\\\/fundesplai.org\\\/es\\\/#\\\/schema\\\/person\\\/c0e9e7466bb8ac06f5264324a6109733\",\"name\":\"Alfons Valle\",\"image\":{\"@type\":\"ImageObject\",\"inLanguage\":\"es\",\"@id\":\"https:\\\/\\\/secure.gravatar.com\\\/avatar\\\/71d95a3f99a068ba570ac1314ed6911a59c5ae3f22ffcf23631cd1a861a640bc?s=96&d=mm&r=g\",\"url\":\"https:\\\/\\\/secure.gravatar.com\\\/avatar\\\/71d95a3f99a068ba570ac1314ed6911a59c5ae3f22ffcf23631cd1a861a640bc?s=96&d=mm&r=g\",\"contentUrl\":\"https:\\\/\\\/secure.gravatar.com\\\/avatar\\\/71d95a3f99a068ba570ac1314ed6911a59c5ae3f22ffcf23631cd1a861a640bc?s=96&d=mm&r=g\",\"caption\":\"Alfons Valle\"},\"url\":\"https:\\\/\\\/fundesplai.org\\\/es\\\/informa-t\\\/author\\\/avalle\\\/\"}]}<\/script>\n<!-- \/ Yoast SEO plugin. -->","yoast_head_json":{"title":"\u00a1Empieza la campa\u00f1a de verano de Fundesplai! - Fundesplai","robots":{"index":"index","follow":"follow","max-snippet":"max-snippet:-1","max-image-preview":"max-image-preview:large","max-video-preview":"max-video-preview:-1"},"canonical":"https:\/\/fundesplai.org\/es\/informa-t\/actualitat-es\/empieza-la-campana-de-verano-de-fundesplai\/","og_locale":"es_ES","og_type":"article","og_title":"\u00a1Empieza la campa\u00f1a de verano de Fundesplai! - Fundesplai","og_description":"El ocio en verano es un espacio lleno de posibilidades educativas: casales, colonias, campamentos, campos de trabajo&#8230; Este a\u00f1o las actividades de verano de Fundesplai apuestan por , \u00abEncoratja&#8217;t\u00bb la propuesta educativa por la igualdad de g\u00e9nero y la violencia cero.","og_url":"https:\/\/fundesplai.org\/es\/informa-t\/actualitat-es\/empieza-la-campana-de-verano-de-fundesplai\/","og_site_name":"Fundesplai","article_published_time":"2018-02-26T12:29:21+00:00","og_image":[{"url":"https:\/\/fundesplai.org\/test-joomla\/wp-content\/uploads\/sites\/26\/2018\/02\/encerta-l-estiu-infants-amb-piragua-web.jpg","type":"","width":"","height":""}],"author":"Alfons Valle","twitter_card":"summary_large_image","twitter_misc":{"Escrito por":"Alfons Valle","Tiempo de lectura":"3 minutos"},"schema":{"@context":"https:\/\/schema.org","@graph":[{"@type":"Article","@id":"https:\/\/fundesplai.org\/es\/informa-t\/actualitat-es\/empieza-la-campana-de-verano-de-fundesplai\/#article","isPartOf":{"@id":"https:\/\/fundesplai.org\/es\/informa-t\/actualitat-es\/empieza-la-campana-de-verano-de-fundesplai\/"},"author":{"name":"Alfons Valle","@id":"https:\/\/fundesplai.org\/es\/#\/schema\/person\/c0e9e7466bb8ac06f5264324a6109733"},"headline":"\u00a1Empieza la campa\u00f1a de verano de Fundesplai!","datePublished":"2018-02-26T12:29:21+00:00","mainEntityOfPage":{"@id":"https:\/\/fundesplai.org\/es\/informa-t\/actualitat-es\/empieza-la-campana-de-verano-de-fundesplai\/"},"wordCount":578,"image":{"@id":"https:\/\/fundesplai.org\/es\/informa-t\/actualitat-es\/empieza-la-campana-de-verano-de-fundesplai\/#primaryimage"},"thumbnailUrl":"https:\/\/fundesplai.org\/test-joomla\/wp-content\/uploads\/sites\/26\/2018\/02\/encerta-l-estiu-infants-amb-piragua-web.jpg","articleSection":["Actualitat"],"inLanguage":"es"},{"@type":"WebPage","@id":"https:\/\/fundesplai.org\/es\/informa-t\/actualitat-es\/empieza-la-campana-de-verano-de-fundesplai\/","url":"https:\/\/fundesplai.org\/es\/informa-t\/actualitat-es\/empieza-la-campana-de-verano-de-fundesplai\/","name":"\u00a1Empieza la campa\u00f1a de verano de Fundesplai! - Fundesplai","isPartOf":{"@id":"https:\/\/fundesplai.org\/es\/#website"},"primaryImageOfPage":{"@id":"https:\/\/fundesplai.org\/es\/informa-t\/actualitat-es\/empieza-la-campana-de-verano-de-fundesplai\/#primaryimage"},"image":{"@id":"https:\/\/fundesplai.org\/es\/informa-t\/actualitat-es\/empieza-la-campana-de-verano-de-fundesplai\/#primaryimage"},"thumbnailUrl":"https:\/\/fundesplai.org\/test-joomla\/wp-content\/uploads\/sites\/26\/2018\/02\/encerta-l-estiu-infants-amb-piragua-web.jpg","datePublished":"2018-02-26T12:29:21+00:00","author":{"@id":"https:\/\/fundesplai.org\/es\/#\/schema\/person\/c0e9e7466bb8ac06f5264324a6109733"},"breadcrumb":{"@id":"https:\/\/fundesplai.org\/es\/informa-t\/actualitat-es\/empieza-la-campana-de-verano-de-fundesplai\/#breadcrumb"},"inLanguage":"es","potentialAction":[{"@type":"ReadAction","target":["https:\/\/fundesplai.org\/es\/informa-t\/actualitat-es\/empieza-la-campana-de-verano-de-fundesplai\/"]}]},{"@type":"ImageObject","inLanguage":"es","@id":"https:\/\/fundesplai.org\/es\/informa-t\/actualitat-es\/empieza-la-campana-de-verano-de-fundesplai\/#primaryimage","url":"https:\/\/fundesplai.org\/test-joomla\/wp-content\/uploads\/sites\/26\/2018\/02\/encerta-l-estiu-infants-amb-piragua-web.jpg","contentUrl":"https:\/\/fundesplai.org\/test-joomla\/wp-content\/uploads\/sites\/26\/2018\/02\/encerta-l-estiu-infants-amb-piragua-web.jpg"},{"@type":"BreadcrumbList","@id":"https:\/\/fundesplai.org\/es\/informa-t\/actualitat-es\/empieza-la-campana-de-verano-de-fundesplai\/#breadcrumb","itemListElement":[{"@type":"ListItem","position":1,"name":"Inici","item":"https:\/\/fundesplai.org\/es\/inicio\/"},{"@type":"ListItem","position":2,"name":"Inf\u00f3rmate","item":"https:\/\/fundesplai.org\/es\/informate\/"},{"@type":"ListItem","position":3,"name":"Sin categor\u00eda","item":"https:\/\/fundesplai.org\/es\/informa-t\/category\/sin-categoria\/"},{"@type":"ListItem","position":4,"name":"\u00a1Empieza la campa\u00f1a de verano de Fundesplai!"}]},{"@type":"WebSite","@id":"https:\/\/fundesplai.org\/es\/#website","url":"https:\/\/fundesplai.org\/es\/","name":"Fundesplai","description":"Eduquem per la conviv\u00e8ncia i la sostenibilitat","potentialAction":[{"@type":"SearchAction","target":{"@type":"EntryPoint","urlTemplate":"https:\/\/fundesplai.org\/es\/?s={search_term_string}"},"query-input":{"@type":"PropertyValueSpecification","valueRequired":true,"valueName":"search_term_string"}}],"inLanguage":"es"},{"@type":"Person","@id":"https:\/\/fundesplai.org\/es\/#\/schema\/person\/c0e9e7466bb8ac06f5264324a6109733","name":"Alfons Valle","image":{"@type":"ImageObject","inLanguage":"es","@id":"https:\/\/secure.gravatar.com\/avatar\/71d95a3f99a068ba570ac1314ed6911a59c5ae3f22ffcf23631cd1a861a640bc?s=96&d=mm&r=g","url":"https:\/\/secure.gravatar.com\/avatar\/71d95a3f99a068ba570ac1314ed6911a59c5ae3f22ffcf23631cd1a861a640bc?s=96&d=mm&r=g","contentUrl":"https:\/\/secure.gravatar.com\/avatar\/71d95a3f99a068ba570ac1314ed6911a59c5ae3f22ffcf23631cd1a861a640bc?s=96&d=mm&r=g","caption":"Alfons Valle"},"url":"https:\/\/fundesplai.org\/es\/informa-t\/author\/avalle\/"}]}},"_links":{"self":[{"href":"https:\/\/fundesplai.org\/es\/wp-json\/wp\/v2\/posts\/47807","targetHints":{"allow":["GET"]}}],"collection":[{"href":"https:\/\/fundesplai.org\/es\/wp-json\/wp\/v2\/posts"}],"about":[{"href":"https:\/\/fundesplai.org\/es\/wp-json\/wp\/v2\/types\/post"}],"author":[{"embeddable":true,"href":"https:\/\/fundesplai.org\/es\/wp-json\/wp\/v2\/users\/9"}],"replies":[{"embeddable":true,"href":"https:\/\/fundesplai.org\/es\/wp-json\/wp\/v2\/comments?post=47807"}],"version-history":[{"count":0,"href":"https:\/\/fundesplai.org\/es\/wp-json\/wp\/v2\/posts\/47807\/revisions"}],"wp:attachment":[{"href":"https:\/\/fundesplai.org\/es\/wp-json\/wp\/v2\/media?parent=47807"}],"wp:term":[{"taxonomy":"category","embeddable":true,"href":"https:\/\/fundesplai.org\/es\/wp-json\/wp\/v2\/categories?post=47807"},{"taxonomy":"post_tag","embeddable":true,"href":"https:\/\/fundesplai.org\/es\/wp-json\/wp\/v2\/tags?post=47807"}],"curies":[{"name":"wp","href":"https:\/\/api.w.org\/{rel}","templated":true}]}}