{"id":47805,"date":"2018-02-21T12:05:41","date_gmt":"2018-02-21T11:05:41","guid":{"rendered":"https:\/\/fundesplai.org\/informa-t\/sense-categoria\/xxi-agofedesplai-2\/"},"modified":"2018-02-21T12:05:41","modified_gmt":"2018-02-21T11:05:41","slug":"xxi-agofedesplai-2","status":"publish","type":"post","link":"https:\/\/fundesplai.org\/es\/informa-t\/actualitat-es\/xxi-agofedesplai-2\/","title":{"rendered":"XXI Agofedesplai"},"content":{"rendered":"<p>Este s\u00e1bado 24 de febrero tendr\u00e1 lugar la 21\u00aa edici\u00f3n de <strong>Agofedesplai<\/strong>, la tradicional jornada de la <a href=\"http:\/\/esplai.fundesplai.org\/\">Federaraci\u00f3n Catalana del Esplai<\/a> que re\u00fane a responsables y monitoras y monitores para celebrar la asamblea anual y un d\u00eda de t\u00e9cnicas. En total, participar\u00e1n m\u00e1s de 300 monitores y monitoras.<\/p>\n<p><!--more--><\/p>\n<p><img decoding=\"async\" class=\" size-full wp-image-5186\" src=\"https:\/\/fundesplai.org\/test-joomla\/wp-content\/uploads\/sites\/26\/2018\/02\/XXIAgofedesplai.jpg\" alt=\"XXIAgofedesplai\" width=\"100%\" height=\"NaN\"><\/p>\n<p>Este s\u00e1bado 24 de febrero tendr\u00e1 lugar la 21\u00aa edici\u00f3n de Agofedesplai, la tradicional jornada de la Federaraci\u00f3n Catalana del Esplai que re\u00fane a responsables y monitoras y monitores para celebrar la asamblea anual y un d\u00eda de t\u00e9cnicas. En total, participar\u00e1n m\u00e1s de 300 monitores y monitoras de esplais de la Federaci\u00f3n de toda Catalu\u00f1a.<\/p>\n<p>La jornada, que se celebrar\u00e1 en Centre Esplai, la sede de Fundesplai en El Prat de Llobregat, empezar\u00e1 a las 10 horas con las intervenciones de Anna Mart\u00edn, concejala de Juventud del Ayuntamiento de El Prat, Marta Vilalta, directora general de Juventud de la Generalidad de Catalu\u00f1a, y de Sheila Beltr\u00e1n, presidenta de la Federaci\u00f3n.&nbsp;<\/p>\n<p><strong>EnCORatja&#8217;t, formaci\u00f3n en recursos pedag\u00f3gicos, de salud y de gesti\u00f3n<\/strong><\/p>\n<p>Posteriormente, entre las 11 y las 14 horas, se realizar\u00e1n diferentes talleres para ofrecer recursos pedag\u00f3gicos y de gesti\u00f3n a monitoras y monitores. Entre las formaciones, habr\u00e1 diferentes centradas en el \u00e1mbito de la igualdad de g\u00e9nero y la violencia cero y que abordar\u00e1n c\u00f3mo trabajar la cultura de la paz con ni\u00f1os peque\u00f1os, la comunicaci\u00f3n no violenta o c\u00f3mo hacer frente al acoso, entre otros.&nbsp;<\/p>\n<p>Estas formaci\u00f3n se enmarcan en <a href=\"http:\/\/projectes.fundesplai.org\/encoratjat\/\"><strong>\u00abEnCORatja&#8217;t\u00bb,<\/strong><\/a> la propuesta educativa por la igualdad de g\u00e9nero y la violencia cero que est\u00e1n trabajando la Federaci\u00f3n y los esplais que forma parte y Fundesplai &nbsp;y las escuelas donde est\u00e1 presente durante los cursos 2017- 18 y 2018-19.<\/p>\n<p>Tambi\u00e9n se tratar\u00e1n temas de gesti\u00f3n (preparar un presupuesto para las actividades de verano), de salud (trabajar el duelo con los ni\u00f1os o recursos para educar con ni\u00f1os con trastornos del espectro autista) y habr\u00e1 espacios de reflexi\u00f3n y debate.<\/p>\n<p><span style=\"background-color: transparent\">Tras el almuerzo, por la tarde, se celebrar\u00e1 la Asamblea General donde se acordar\u00e1 el plan de actuaci\u00f3n para 2018 &nbsp;se pondr\u00e1 en com\u00fan el proyecto realizado por la Federaci\u00f3n a lo largo de 2017.<\/span><\/p>\n<p>La Federaci\u00f3n Catalana del Esplai es la entidad que, integrada en Fundesplai, re\u00fane m\u00e1s de 110 esplais y proyectos de ocio, con cerca de 16.000 ni\u00f1os y j\u00f3venes y cerca de 1.500 monitores y monitores.<\/p>\n","protected":false},"excerpt":{"rendered":"<p>Este s\u00e1bado 24 de febrero tendr\u00e1 lugar la 21\u00aa edici\u00f3n de Agofedesplai, la tradicional jornada de la Federaraci\u00f3n Catalana del Esplai que re\u00fane a responsables y monitoras y monitores para celebrar la asamblea anual y un d\u00eda de t\u00e9cnicas. En total, participar\u00e1n m\u00e1s de 300 monitores y monitoras.<\/p>\n","protected":false},"author":9,"featured_media":0,"comment_status":"closed","ping_status":"closed","sticky":false,"template":"","format":"standard","meta":{"_et_pb_use_builder":"","_et_pb_old_content":"","_et_gb_content_width":"","footnotes":""},"categories":[937],"tags":[],"class_list":["post-47805","post","type-post","status-publish","format-standard","hentry","category-actualitat-es"],"yoast_head":"<!-- This site is optimized with the Yoast SEO plugin v27.4 - https:\/\/yoast.com\/product\/yoast-seo-wordpress\/ -->\n<title>XXI Agofedesplai - Fundesplai<\/title>\n<meta name=\"robots\" content=\"index, follow, max-snippet:-1, max-image-preview:large, max-video-preview:-1\" \/>\n<link rel=\"canonical\" href=\"https:\/\/fundesplai.org\/es\/informa-t\/actualitat-es\/xxi-agofedesplai-2\/\" \/>\n<meta property=\"og:locale\" content=\"es_ES\" \/>\n<meta property=\"og:type\" content=\"article\" \/>\n<meta property=\"og:title\" content=\"XXI Agofedesplai - Fundesplai\" \/>\n<meta property=\"og:description\" content=\"Este s\u00e1bado 24 de febrero tendr\u00e1 lugar la 21\u00aa edici\u00f3n de Agofedesplai, la tradicional jornada de la Federaraci\u00f3n Catalana del Esplai que re\u00fane a responsables y monitoras y monitores para celebrar la asamblea anual y un d\u00eda de t\u00e9cnicas. En total, participar\u00e1n m\u00e1s de 300 monitores y monitoras.\" \/>\n<meta property=\"og:url\" content=\"https:\/\/fundesplai.org\/es\/informa-t\/actualitat-es\/xxi-agofedesplai-2\/\" \/>\n<meta property=\"og:site_name\" content=\"Fundesplai\" \/>\n<meta property=\"article:published_time\" content=\"2018-02-21T11:05:41+00:00\" \/>\n<meta property=\"og:image\" content=\"https:\/\/fundesplai.org\/test-joomla\/wp-content\/uploads\/sites\/26\/2018\/02\/XXIAgofedesplai.jpg\" \/>\n<meta name=\"author\" content=\"Alfons Valle\" \/>\n<meta name=\"twitter:card\" content=\"summary_large_image\" \/>\n<meta name=\"twitter:label1\" content=\"Escrito por\" \/>\n\t<meta name=\"twitter:data1\" content=\"Alfons Valle\" \/>\n\t<meta name=\"twitter:label2\" content=\"Tiempo de lectura\" \/>\n\t<meta name=\"twitter:data2\" content=\"2 minutos\" \/>\n<script type=\"application\/ld+json\" class=\"yoast-schema-graph\">{\"@context\":\"https:\\\/\\\/schema.org\",\"@graph\":[{\"@type\":\"Article\",\"@id\":\"https:\\\/\\\/fundesplai.org\\\/es\\\/informa-t\\\/actualitat-es\\\/xxi-agofedesplai-2\\\/#article\",\"isPartOf\":{\"@id\":\"https:\\\/\\\/fundesplai.org\\\/es\\\/informa-t\\\/actualitat-es\\\/xxi-agofedesplai-2\\\/\"},\"author\":{\"name\":\"Alfons Valle\",\"@id\":\"https:\\\/\\\/fundesplai.org\\\/es\\\/#\\\/schema\\\/person\\\/c0e9e7466bb8ac06f5264324a6109733\"},\"headline\":\"XXI Agofedesplai\",\"datePublished\":\"2018-02-21T11:05:41+00:00\",\"mainEntityOfPage\":{\"@id\":\"https:\\\/\\\/fundesplai.org\\\/es\\\/informa-t\\\/actualitat-es\\\/xxi-agofedesplai-2\\\/\"},\"wordCount\":435,\"image\":{\"@id\":\"https:\\\/\\\/fundesplai.org\\\/es\\\/informa-t\\\/actualitat-es\\\/xxi-agofedesplai-2\\\/#primaryimage\"},\"thumbnailUrl\":\"https:\\\/\\\/fundesplai.org\\\/test-joomla\\\/wp-content\\\/uploads\\\/sites\\\/26\\\/2018\\\/02\\\/XXIAgofedesplai.jpg\",\"articleSection\":[\"Actualitat\"],\"inLanguage\":\"es\"},{\"@type\":\"WebPage\",\"@id\":\"https:\\\/\\\/fundesplai.org\\\/es\\\/informa-t\\\/actualitat-es\\\/xxi-agofedesplai-2\\\/\",\"url\":\"https:\\\/\\\/fundesplai.org\\\/es\\\/informa-t\\\/actualitat-es\\\/xxi-agofedesplai-2\\\/\",\"name\":\"XXI Agofedesplai - Fundesplai\",\"isPartOf\":{\"@id\":\"https:\\\/\\\/fundesplai.org\\\/es\\\/#website\"},\"primaryImageOfPage\":{\"@id\":\"https:\\\/\\\/fundesplai.org\\\/es\\\/informa-t\\\/actualitat-es\\\/xxi-agofedesplai-2\\\/#primaryimage\"},\"image\":{\"@id\":\"https:\\\/\\\/fundesplai.org\\\/es\\\/informa-t\\\/actualitat-es\\\/xxi-agofedesplai-2\\\/#primaryimage\"},\"thumbnailUrl\":\"https:\\\/\\\/fundesplai.org\\\/test-joomla\\\/wp-content\\\/uploads\\\/sites\\\/26\\\/2018\\\/02\\\/XXIAgofedesplai.jpg\",\"datePublished\":\"2018-02-21T11:05:41+00:00\",\"author\":{\"@id\":\"https:\\\/\\\/fundesplai.org\\\/es\\\/#\\\/schema\\\/person\\\/c0e9e7466bb8ac06f5264324a6109733\"},\"breadcrumb\":{\"@id\":\"https:\\\/\\\/fundesplai.org\\\/es\\\/informa-t\\\/actualitat-es\\\/xxi-agofedesplai-2\\\/#breadcrumb\"},\"inLanguage\":\"es\",\"potentialAction\":[{\"@type\":\"ReadAction\",\"target\":[\"https:\\\/\\\/fundesplai.org\\\/es\\\/informa-t\\\/actualitat-es\\\/xxi-agofedesplai-2\\\/\"]}]},{\"@type\":\"ImageObject\",\"inLanguage\":\"es\",\"@id\":\"https:\\\/\\\/fundesplai.org\\\/es\\\/informa-t\\\/actualitat-es\\\/xxi-agofedesplai-2\\\/#primaryimage\",\"url\":\"https:\\\/\\\/fundesplai.org\\\/test-joomla\\\/wp-content\\\/uploads\\\/sites\\\/26\\\/2018\\\/02\\\/XXIAgofedesplai.jpg\",\"contentUrl\":\"https:\\\/\\\/fundesplai.org\\\/test-joomla\\\/wp-content\\\/uploads\\\/sites\\\/26\\\/2018\\\/02\\\/XXIAgofedesplai.jpg\"},{\"@type\":\"BreadcrumbList\",\"@id\":\"https:\\\/\\\/fundesplai.org\\\/es\\\/informa-t\\\/actualitat-es\\\/xxi-agofedesplai-2\\\/#breadcrumb\",\"itemListElement\":[{\"@type\":\"ListItem\",\"position\":1,\"name\":\"Inici\",\"item\":\"https:\\\/\\\/fundesplai.org\\\/es\\\/inicio\\\/\"},{\"@type\":\"ListItem\",\"position\":2,\"name\":\"Inf\u00f3rmate\",\"item\":\"https:\\\/\\\/fundesplai.org\\\/es\\\/informate\\\/\"},{\"@type\":\"ListItem\",\"position\":3,\"name\":\"Sin categor\u00eda\",\"item\":\"https:\\\/\\\/fundesplai.org\\\/es\\\/informa-t\\\/category\\\/sin-categoria\\\/\"},{\"@type\":\"ListItem\",\"position\":4,\"name\":\"XXI Agofedesplai\"}]},{\"@type\":\"WebSite\",\"@id\":\"https:\\\/\\\/fundesplai.org\\\/es\\\/#website\",\"url\":\"https:\\\/\\\/fundesplai.org\\\/es\\\/\",\"name\":\"Fundesplai\",\"description\":\"Eduquem per la conviv\u00e8ncia i la sostenibilitat\",\"potentialAction\":[{\"@type\":\"SearchAction\",\"target\":{\"@type\":\"EntryPoint\",\"urlTemplate\":\"https:\\\/\\\/fundesplai.org\\\/es\\\/?s={search_term_string}\"},\"query-input\":{\"@type\":\"PropertyValueSpecification\",\"valueRequired\":true,\"valueName\":\"search_term_string\"}}],\"inLanguage\":\"es\"},{\"@type\":\"Person\",\"@id\":\"https:\\\/\\\/fundesplai.org\\\/es\\\/#\\\/schema\\\/person\\\/c0e9e7466bb8ac06f5264324a6109733\",\"name\":\"Alfons Valle\",\"image\":{\"@type\":\"ImageObject\",\"inLanguage\":\"es\",\"@id\":\"https:\\\/\\\/secure.gravatar.com\\\/avatar\\\/71d95a3f99a068ba570ac1314ed6911a59c5ae3f22ffcf23631cd1a861a640bc?s=96&d=mm&r=g\",\"url\":\"https:\\\/\\\/secure.gravatar.com\\\/avatar\\\/71d95a3f99a068ba570ac1314ed6911a59c5ae3f22ffcf23631cd1a861a640bc?s=96&d=mm&r=g\",\"contentUrl\":\"https:\\\/\\\/secure.gravatar.com\\\/avatar\\\/71d95a3f99a068ba570ac1314ed6911a59c5ae3f22ffcf23631cd1a861a640bc?s=96&d=mm&r=g\",\"caption\":\"Alfons Valle\"},\"url\":\"https:\\\/\\\/fundesplai.org\\\/es\\\/informa-t\\\/author\\\/avalle\\\/\"}]}<\/script>\n<!-- \/ Yoast SEO plugin. -->","yoast_head_json":{"title":"XXI Agofedesplai - Fundesplai","robots":{"index":"index","follow":"follow","max-snippet":"max-snippet:-1","max-image-preview":"max-image-preview:large","max-video-preview":"max-video-preview:-1"},"canonical":"https:\/\/fundesplai.org\/es\/informa-t\/actualitat-es\/xxi-agofedesplai-2\/","og_locale":"es_ES","og_type":"article","og_title":"XXI Agofedesplai - Fundesplai","og_description":"Este s\u00e1bado 24 de febrero tendr\u00e1 lugar la 21\u00aa edici\u00f3n de Agofedesplai, la tradicional jornada de la Federaraci\u00f3n Catalana del Esplai que re\u00fane a responsables y monitoras y monitores para celebrar la asamblea anual y un d\u00eda de t\u00e9cnicas. En total, participar\u00e1n m\u00e1s de 300 monitores y monitoras.","og_url":"https:\/\/fundesplai.org\/es\/informa-t\/actualitat-es\/xxi-agofedesplai-2\/","og_site_name":"Fundesplai","article_published_time":"2018-02-21T11:05:41+00:00","og_image":[{"url":"https:\/\/fundesplai.org\/test-joomla\/wp-content\/uploads\/sites\/26\/2018\/02\/XXIAgofedesplai.jpg","type":"","width":"","height":""}],"author":"Alfons Valle","twitter_card":"summary_large_image","twitter_misc":{"Escrito por":"Alfons Valle","Tiempo de lectura":"2 minutos"},"schema":{"@context":"https:\/\/schema.org","@graph":[{"@type":"Article","@id":"https:\/\/fundesplai.org\/es\/informa-t\/actualitat-es\/xxi-agofedesplai-2\/#article","isPartOf":{"@id":"https:\/\/fundesplai.org\/es\/informa-t\/actualitat-es\/xxi-agofedesplai-2\/"},"author":{"name":"Alfons Valle","@id":"https:\/\/fundesplai.org\/es\/#\/schema\/person\/c0e9e7466bb8ac06f5264324a6109733"},"headline":"XXI Agofedesplai","datePublished":"2018-02-21T11:05:41+00:00","mainEntityOfPage":{"@id":"https:\/\/fundesplai.org\/es\/informa-t\/actualitat-es\/xxi-agofedesplai-2\/"},"wordCount":435,"image":{"@id":"https:\/\/fundesplai.org\/es\/informa-t\/actualitat-es\/xxi-agofedesplai-2\/#primaryimage"},"thumbnailUrl":"https:\/\/fundesplai.org\/test-joomla\/wp-content\/uploads\/sites\/26\/2018\/02\/XXIAgofedesplai.jpg","articleSection":["Actualitat"],"inLanguage":"es"},{"@type":"WebPage","@id":"https:\/\/fundesplai.org\/es\/informa-t\/actualitat-es\/xxi-agofedesplai-2\/","url":"https:\/\/fundesplai.org\/es\/informa-t\/actualitat-es\/xxi-agofedesplai-2\/","name":"XXI Agofedesplai - Fundesplai","isPartOf":{"@id":"https:\/\/fundesplai.org\/es\/#website"},"primaryImageOfPage":{"@id":"https:\/\/fundesplai.org\/es\/informa-t\/actualitat-es\/xxi-agofedesplai-2\/#primaryimage"},"image":{"@id":"https:\/\/fundesplai.org\/es\/informa-t\/actualitat-es\/xxi-agofedesplai-2\/#primaryimage"},"thumbnailUrl":"https:\/\/fundesplai.org\/test-joomla\/wp-content\/uploads\/sites\/26\/2018\/02\/XXIAgofedesplai.jpg","datePublished":"2018-02-21T11:05:41+00:00","author":{"@id":"https:\/\/fundesplai.org\/es\/#\/schema\/person\/c0e9e7466bb8ac06f5264324a6109733"},"breadcrumb":{"@id":"https:\/\/fundesplai.org\/es\/informa-t\/actualitat-es\/xxi-agofedesplai-2\/#breadcrumb"},"inLanguage":"es","potentialAction":[{"@type":"ReadAction","target":["https:\/\/fundesplai.org\/es\/informa-t\/actualitat-es\/xxi-agofedesplai-2\/"]}]},{"@type":"ImageObject","inLanguage":"es","@id":"https:\/\/fundesplai.org\/es\/informa-t\/actualitat-es\/xxi-agofedesplai-2\/#primaryimage","url":"https:\/\/fundesplai.org\/test-joomla\/wp-content\/uploads\/sites\/26\/2018\/02\/XXIAgofedesplai.jpg","contentUrl":"https:\/\/fundesplai.org\/test-joomla\/wp-content\/uploads\/sites\/26\/2018\/02\/XXIAgofedesplai.jpg"},{"@type":"BreadcrumbList","@id":"https:\/\/fundesplai.org\/es\/informa-t\/actualitat-es\/xxi-agofedesplai-2\/#breadcrumb","itemListElement":[{"@type":"ListItem","position":1,"name":"Inici","item":"https:\/\/fundesplai.org\/es\/inicio\/"},{"@type":"ListItem","position":2,"name":"Inf\u00f3rmate","item":"https:\/\/fundesplai.org\/es\/informate\/"},{"@type":"ListItem","position":3,"name":"Sin categor\u00eda","item":"https:\/\/fundesplai.org\/es\/informa-t\/category\/sin-categoria\/"},{"@type":"ListItem","position":4,"name":"XXI Agofedesplai"}]},{"@type":"WebSite","@id":"https:\/\/fundesplai.org\/es\/#website","url":"https:\/\/fundesplai.org\/es\/","name":"Fundesplai","description":"Eduquem per la conviv\u00e8ncia i la sostenibilitat","potentialAction":[{"@type":"SearchAction","target":{"@type":"EntryPoint","urlTemplate":"https:\/\/fundesplai.org\/es\/?s={search_term_string}"},"query-input":{"@type":"PropertyValueSpecification","valueRequired":true,"valueName":"search_term_string"}}],"inLanguage":"es"},{"@type":"Person","@id":"https:\/\/fundesplai.org\/es\/#\/schema\/person\/c0e9e7466bb8ac06f5264324a6109733","name":"Alfons Valle","image":{"@type":"ImageObject","inLanguage":"es","@id":"https:\/\/secure.gravatar.com\/avatar\/71d95a3f99a068ba570ac1314ed6911a59c5ae3f22ffcf23631cd1a861a640bc?s=96&d=mm&r=g","url":"https:\/\/secure.gravatar.com\/avatar\/71d95a3f99a068ba570ac1314ed6911a59c5ae3f22ffcf23631cd1a861a640bc?s=96&d=mm&r=g","contentUrl":"https:\/\/secure.gravatar.com\/avatar\/71d95a3f99a068ba570ac1314ed6911a59c5ae3f22ffcf23631cd1a861a640bc?s=96&d=mm&r=g","caption":"Alfons Valle"},"url":"https:\/\/fundesplai.org\/es\/informa-t\/author\/avalle\/"}]}},"_links":{"self":[{"href":"https:\/\/fundesplai.org\/es\/wp-json\/wp\/v2\/posts\/47805","targetHints":{"allow":["GET"]}}],"collection":[{"href":"https:\/\/fundesplai.org\/es\/wp-json\/wp\/v2\/posts"}],"about":[{"href":"https:\/\/fundesplai.org\/es\/wp-json\/wp\/v2\/types\/post"}],"author":[{"embeddable":true,"href":"https:\/\/fundesplai.org\/es\/wp-json\/wp\/v2\/users\/9"}],"replies":[{"embeddable":true,"href":"https:\/\/fundesplai.org\/es\/wp-json\/wp\/v2\/comments?post=47805"}],"version-history":[{"count":0,"href":"https:\/\/fundesplai.org\/es\/wp-json\/wp\/v2\/posts\/47805\/revisions"}],"wp:attachment":[{"href":"https:\/\/fundesplai.org\/es\/wp-json\/wp\/v2\/media?parent=47805"}],"wp:term":[{"taxonomy":"category","embeddable":true,"href":"https:\/\/fundesplai.org\/es\/wp-json\/wp\/v2\/categories?post=47805"},{"taxonomy":"post_tag","embeddable":true,"href":"https:\/\/fundesplai.org\/es\/wp-json\/wp\/v2\/tags?post=47805"}],"curies":[{"name":"wp","href":"https:\/\/api.w.org\/{rel}","templated":true}]}}