{"id":47802,"date":"2018-01-31T13:48:53","date_gmt":"2018-01-31T12:48:53","guid":{"rendered":"https:\/\/fundesplai.org\/informa-t\/sense-categoria\/cuatro-anos-de-colaboracion-entre-entidades-de-cataluna-y-bolivia\/"},"modified":"2023-08-11T12:10:15","modified_gmt":"2023-08-11T10:10:15","slug":"cuatro-anos-de-colaboracion-entre-entidades-de-cataluna-y-bolivia","status":"publish","type":"post","link":"https:\/\/fundesplai.org\/es\/informa-t\/actualitat-es\/cuatro-anos-de-colaboracion-entre-entidades-de-cataluna-y-bolivia\/","title":{"rendered":"Cuatro a\u00f1os de colaboraci\u00f3n entre entidades de Catalu\u00f1a y Bolivia"},"content":{"rendered":"<p>Durante el mes de diciembre 2017 ha finalizado el proyecto de solidaridad y cooperaci\u00f3n compartido entre el equipo educativo y los ni\u00f1os del<strong>Esplai El Tricicle<\/strong>, de Sant Joan Desp\u00ed, de Fundesplai, y el equipo educativo y los ni\u00f1os del <strong>Centre Vicente Ca\u00f1a a Cochabamba<\/strong> (Bol\u00edvia), de la <a href=\"http:\/\/www.uramanta.org\/\">Fundaci\u00f3n Social Uramanta<\/a>, realizado en base al intercambio educativo y el conocimiento mutuo de las realidades sociales en cada zona.<\/p>\n<p><!--more--><\/p>\n<p class=\"intro\">Durante el mes de diciembre 2017 ha finalizado el proyecto de solidaridad y cooperaci\u00f3n compartido entre el equipo educativo y los ni\u00f1os del <strong>Esplai El Tricicle<\/strong>, de Sant Joan Desp\u00ed, de Fundesplai, y el equipo educativo y los ni\u00f1os del&nbsp;<strong>Centre Vicente Ca\u00f1a a Cochabamba<\/strong>&nbsp;(Bol\u00edvia), de la&nbsp;<a href=\"http:\/\/www.uramanta.org\/\">Fundaci\u00f3n Social Uramanta<\/a>, rrealizado en base al intercambio educativo y el conocimiento mutuo de las realidades sociales en cada zona.<\/p>\n<p class=\"intro\">\n<table style=\"width: 100%\">\n<tbody>\n<tr>\n<td><img decoding=\"async\" class=\" size-full wp-image-5158\" src=\"https:\/\/fundesplai.org\/test-joomla\/wp-content\/uploads\/sites\/26\/2018\/01\/1.jpg\" width=\"100%\" height=\"NaN\" alt=\"1\"><\/td>\n<td><img decoding=\"async\" class=\" size-full wp-image-3297\" src=\"https:\/\/fundesplai.org\/test-joomla\/wp-content\/uploads\/sites\/26\/2016\/06\/2.jpg\" width=\"100%\" height=\"NaN\" alt=\"2\"><\/td>\n<\/tr>\n<tr>\n<td><img decoding=\"async\" class=\" size-full wp-image-3299\" src=\"https:\/\/fundesplai.org\/test-joomla\/wp-content\/uploads\/sites\/26\/2016\/06\/3.jpg\" width=\"100%\" height=\"NaN\" alt=\"3\"><\/td>\n<td><img decoding=\"async\" class=\" size-full wp-image-2960\" src=\"https:\/\/fundesplai.org\/test-joomla\/wp-content\/uploads\/sites\/26\/2016\/02\/4.jpg\" width=\"100%\" height=\"NaN\" alt=\"4\"><\/td>\n<\/tr>\n<tr>\n<td><img decoding=\"async\" class=\" size-full wp-image-5162\" src=\"https:\/\/fundesplai.org\/test-joomla\/wp-content\/uploads\/sites\/26\/2018\/01\/5.jpg\" width=\"100%\" height=\"NaN\" alt=\"5\"><\/td>\n<td><img decoding=\"async\" class=\" size-full wp-image-5165\" src=\"https:\/\/fundesplai.org\/test-joomla\/wp-content\/uploads\/sites\/26\/2018\/01\/6.jpg\" width=\"100%\" height=\"NaN\" alt=\"6\"><\/td>\n<\/tr>\n<\/tbody>\n<\/table>\n<p>El proyecto de 2017 llevaba por t\u00edtulo \u201cGenerando procesos educativos que fortalecen las capacidades educativas y l\u00fadicas en Sant Joan Desp\u00ed y en Cochabamba: mejoramos nuestra calidad de vida y nuestro entorno: EN RED COMPARTIMOS HITOS Y APRENDEMOS!\u201d<\/p>\n<p>Esta iniciativa nos ha permitido profundizar en el conocimiento mutuo entre las dos realidades en Catalu\u00f1a y en Bolivia, generando m\u00e1s lazos de amistad y cari\u00f1o entre los ni\u00f1os de los dos centros. Adem\u00e1s, ha servido para que los ni\u00f1os de cada lugar conocieran m\u00e1s su entorno, la realidad en sus barrios, con propuestas que les han hecho convertirse en actores de cambio social.<\/p>\n<p><strong>Sostenibilidad y conocimiento mutuo<\/strong><\/p>\n<p>Todas las actividades realizadas se pueden seguir en&nbsp;<a href=\"http:\/\/projectes.fundesplai.org\/cochabambasantjoandespi\/\">bloc del proyecto<\/a>: <a href=\"http:\/\/projectes.fundesplai.org\/cochabambasantjoandespi\">http:\/\/projectes.fundesplai.org\/cochabambasantjoandespi<\/a><\/p>\n<p>Entre las m\u00e1s destacadas realizadas por los ni\u00f1os de Cochabamba y el equipo educativo, han sido la visita a la feria agr\u00f3noma, al Jard\u00edn bot\u00e1nico \u201cMart\u00edn Cardenas\u201d, al museo arqueol\u00f3gico para conocer la historia viva de la regi\u00f3n, el montaje de teatro de la obra de tem\u00e1tica medioambiental \u00abEl \u00e1rbol generoso\u00bb; siguiendo con teatro, el trabajo sobre acoso y \u00abbullyng\u00bb con la obra \u00abEl bullying no es un juego\u00bb, que explica en tres actos como a menudo, se normaliza el acoso en las escuelas, ante la indiferencia de todo el entorno , con las consecuencias que se derivan.&nbsp;<\/p>\n<p>Y muy especialmente el encuentro v\u00eda Skype entre los grupos de edad de medios y j\u00f3venes, donde pudieron satisfacer su curiosidad, verse las caras y conocerse un poco m\u00e1s, \u00a1acabando con ganas de encontrarse de nuevo!<\/p>\n<p>Tanto los ni\u00f1os del Esplai El Tricicle como el equipo educativo est\u00e1n muy contentos con la propuesta de los \u00faltimos a\u00f1os y en 2018 se quiere seguir trabajando en el proyecto y mejorar en la iniciativa.<\/p>\n<p>El proyecto ha sido posible gracias al apoyo de la convocatoria de solidaridad y cooperaci\u00f3n del Ayuntamiento de Sant Joan Desp\u00ed de 2017<\/p>\n","protected":false},"excerpt":{"rendered":"<p>Durante el mes de diciembre 2017 ha finalizado el proyecto de solidaridad y cooperaci\u00f3n compartido entre el equipo educativo y los ni\u00f1os delEsplai El Tricicle, de Sant Joan Desp\u00ed, de Fundesplai, y el equipo educativo y los ni\u00f1os del Centre Vicente Ca\u00f1a a Cochabamba (Bol\u00edvia), de la Fundaci\u00f3n Social Uramanta, realizado en base al intercambio [&hellip;]<\/p>\n","protected":false},"author":9,"featured_media":0,"comment_status":"closed","ping_status":"closed","sticky":false,"template":"","format":"standard","meta":{"_et_pb_use_builder":"","_et_pb_old_content":"","_et_gb_content_width":"","footnotes":""},"categories":[937],"tags":[],"class_list":["post-47802","post","type-post","status-publish","format-standard","hentry","category-actualitat-es"],"yoast_head":"<!-- This site is optimized with the Yoast SEO plugin v27.4 - https:\/\/yoast.com\/product\/yoast-seo-wordpress\/ -->\n<title>Cuatro a\u00f1os de colaboraci\u00f3n entre entidades de Catalu\u00f1a y Bolivia - Fundesplai<\/title>\n<meta name=\"robots\" content=\"index, follow, max-snippet:-1, max-image-preview:large, max-video-preview:-1\" \/>\n<link rel=\"canonical\" href=\"https:\/\/fundesplai.org\/es\/informa-t\/actualitat-es\/cuatro-anos-de-colaboracion-entre-entidades-de-cataluna-y-bolivia\/\" \/>\n<meta property=\"og:locale\" content=\"es_ES\" \/>\n<meta property=\"og:type\" content=\"article\" \/>\n<meta property=\"og:title\" content=\"Cuatro a\u00f1os de colaboraci\u00f3n entre entidades de Catalu\u00f1a y Bolivia - Fundesplai\" \/>\n<meta property=\"og:description\" content=\"Durante el mes de diciembre 2017 ha finalizado el proyecto de solidaridad y cooperaci\u00f3n compartido entre el equipo educativo y los ni\u00f1os delEsplai El Tricicle, de Sant Joan Desp\u00ed, de Fundesplai, y el equipo educativo y los ni\u00f1os del Centre Vicente Ca\u00f1a a Cochabamba (Bol\u00edvia), de la Fundaci\u00f3n Social Uramanta, realizado en base al intercambio [&hellip;]\" \/>\n<meta property=\"og:url\" content=\"https:\/\/fundesplai.org\/es\/informa-t\/actualitat-es\/cuatro-anos-de-colaboracion-entre-entidades-de-cataluna-y-bolivia\/\" \/>\n<meta property=\"og:site_name\" content=\"Fundesplai\" \/>\n<meta property=\"article:published_time\" content=\"2018-01-31T12:48:53+00:00\" \/>\n<meta property=\"article:modified_time\" content=\"2023-08-11T10:10:15+00:00\" \/>\n<meta property=\"og:image\" content=\"https:\/\/fundesplai.org\/test-joomla\/wp-content\/uploads\/sites\/26\/2018\/01\/1.jpg\" \/>\n<meta name=\"author\" content=\"Alfons Valle\" \/>\n<meta name=\"twitter:card\" content=\"summary_large_image\" \/>\n<meta name=\"twitter:label1\" content=\"Escrito por\" \/>\n\t<meta name=\"twitter:data1\" content=\"Alfons Valle\" \/>\n\t<meta name=\"twitter:label2\" content=\"Tiempo de lectura\" \/>\n\t<meta name=\"twitter:data2\" content=\"2 minutos\" \/>\n<script type=\"application\/ld+json\" class=\"yoast-schema-graph\">{\"@context\":\"https:\\\/\\\/schema.org\",\"@graph\":[{\"@type\":\"Article\",\"@id\":\"https:\\\/\\\/fundesplai.org\\\/es\\\/informa-t\\\/actualitat-es\\\/cuatro-anos-de-colaboracion-entre-entidades-de-cataluna-y-bolivia\\\/#article\",\"isPartOf\":{\"@id\":\"https:\\\/\\\/fundesplai.org\\\/es\\\/informa-t\\\/actualitat-es\\\/cuatro-anos-de-colaboracion-entre-entidades-de-cataluna-y-bolivia\\\/\"},\"author\":{\"name\":\"Alfons Valle\",\"@id\":\"https:\\\/\\\/fundesplai.org\\\/es\\\/#\\\/schema\\\/person\\\/c0e9e7466bb8ac06f5264324a6109733\"},\"headline\":\"Cuatro a\u00f1os de colaboraci\u00f3n entre entidades de Catalu\u00f1a y Bolivia\",\"datePublished\":\"2018-01-31T12:48:53+00:00\",\"dateModified\":\"2023-08-11T10:10:15+00:00\",\"mainEntityOfPage\":{\"@id\":\"https:\\\/\\\/fundesplai.org\\\/es\\\/informa-t\\\/actualitat-es\\\/cuatro-anos-de-colaboracion-entre-entidades-de-cataluna-y-bolivia\\\/\"},\"wordCount\":499,\"image\":{\"@id\":\"https:\\\/\\\/fundesplai.org\\\/es\\\/informa-t\\\/actualitat-es\\\/cuatro-anos-de-colaboracion-entre-entidades-de-cataluna-y-bolivia\\\/#primaryimage\"},\"thumbnailUrl\":\"https:\\\/\\\/fundesplai.org\\\/test-joomla\\\/wp-content\\\/uploads\\\/sites\\\/26\\\/2018\\\/01\\\/1.jpg\",\"articleSection\":[\"Actualitat\"],\"inLanguage\":\"es\"},{\"@type\":\"WebPage\",\"@id\":\"https:\\\/\\\/fundesplai.org\\\/es\\\/informa-t\\\/actualitat-es\\\/cuatro-anos-de-colaboracion-entre-entidades-de-cataluna-y-bolivia\\\/\",\"url\":\"https:\\\/\\\/fundesplai.org\\\/es\\\/informa-t\\\/actualitat-es\\\/cuatro-anos-de-colaboracion-entre-entidades-de-cataluna-y-bolivia\\\/\",\"name\":\"Cuatro a\u00f1os de colaboraci\u00f3n entre entidades de Catalu\u00f1a y Bolivia - Fundesplai\",\"isPartOf\":{\"@id\":\"https:\\\/\\\/fundesplai.org\\\/es\\\/#website\"},\"primaryImageOfPage\":{\"@id\":\"https:\\\/\\\/fundesplai.org\\\/es\\\/informa-t\\\/actualitat-es\\\/cuatro-anos-de-colaboracion-entre-entidades-de-cataluna-y-bolivia\\\/#primaryimage\"},\"image\":{\"@id\":\"https:\\\/\\\/fundesplai.org\\\/es\\\/informa-t\\\/actualitat-es\\\/cuatro-anos-de-colaboracion-entre-entidades-de-cataluna-y-bolivia\\\/#primaryimage\"},\"thumbnailUrl\":\"https:\\\/\\\/fundesplai.org\\\/test-joomla\\\/wp-content\\\/uploads\\\/sites\\\/26\\\/2018\\\/01\\\/1.jpg\",\"datePublished\":\"2018-01-31T12:48:53+00:00\",\"dateModified\":\"2023-08-11T10:10:15+00:00\",\"author\":{\"@id\":\"https:\\\/\\\/fundesplai.org\\\/es\\\/#\\\/schema\\\/person\\\/c0e9e7466bb8ac06f5264324a6109733\"},\"breadcrumb\":{\"@id\":\"https:\\\/\\\/fundesplai.org\\\/es\\\/informa-t\\\/actualitat-es\\\/cuatro-anos-de-colaboracion-entre-entidades-de-cataluna-y-bolivia\\\/#breadcrumb\"},\"inLanguage\":\"es\",\"potentialAction\":[{\"@type\":\"ReadAction\",\"target\":[\"https:\\\/\\\/fundesplai.org\\\/es\\\/informa-t\\\/actualitat-es\\\/cuatro-anos-de-colaboracion-entre-entidades-de-cataluna-y-bolivia\\\/\"]}]},{\"@type\":\"ImageObject\",\"inLanguage\":\"es\",\"@id\":\"https:\\\/\\\/fundesplai.org\\\/es\\\/informa-t\\\/actualitat-es\\\/cuatro-anos-de-colaboracion-entre-entidades-de-cataluna-y-bolivia\\\/#primaryimage\",\"url\":\"https:\\\/\\\/fundesplai.org\\\/test-joomla\\\/wp-content\\\/uploads\\\/sites\\\/26\\\/2018\\\/01\\\/1.jpg\",\"contentUrl\":\"https:\\\/\\\/fundesplai.org\\\/test-joomla\\\/wp-content\\\/uploads\\\/sites\\\/26\\\/2018\\\/01\\\/1.jpg\"},{\"@type\":\"BreadcrumbList\",\"@id\":\"https:\\\/\\\/fundesplai.org\\\/es\\\/informa-t\\\/actualitat-es\\\/cuatro-anos-de-colaboracion-entre-entidades-de-cataluna-y-bolivia\\\/#breadcrumb\",\"itemListElement\":[{\"@type\":\"ListItem\",\"position\":1,\"name\":\"Inici\",\"item\":\"https:\\\/\\\/fundesplai.org\\\/es\\\/inicio\\\/\"},{\"@type\":\"ListItem\",\"position\":2,\"name\":\"Inf\u00f3rmate\",\"item\":\"https:\\\/\\\/fundesplai.org\\\/es\\\/informate\\\/\"},{\"@type\":\"ListItem\",\"position\":3,\"name\":\"Actualitat\",\"item\":\"https:\\\/\\\/fundesplai.org\\\/es\\\/informa-t\\\/category\\\/actualitat-es\\\/\"},{\"@type\":\"ListItem\",\"position\":4,\"name\":\"Cuatro a\u00f1os de colaboraci\u00f3n entre entidades de Catalu\u00f1a y Bolivia\"}]},{\"@type\":\"WebSite\",\"@id\":\"https:\\\/\\\/fundesplai.org\\\/es\\\/#website\",\"url\":\"https:\\\/\\\/fundesplai.org\\\/es\\\/\",\"name\":\"Fundesplai\",\"description\":\"Eduquem per la conviv\u00e8ncia i la sostenibilitat\",\"potentialAction\":[{\"@type\":\"SearchAction\",\"target\":{\"@type\":\"EntryPoint\",\"urlTemplate\":\"https:\\\/\\\/fundesplai.org\\\/es\\\/?s={search_term_string}\"},\"query-input\":{\"@type\":\"PropertyValueSpecification\",\"valueRequired\":true,\"valueName\":\"search_term_string\"}}],\"inLanguage\":\"es\"},{\"@type\":\"Person\",\"@id\":\"https:\\\/\\\/fundesplai.org\\\/es\\\/#\\\/schema\\\/person\\\/c0e9e7466bb8ac06f5264324a6109733\",\"name\":\"Alfons Valle\",\"image\":{\"@type\":\"ImageObject\",\"inLanguage\":\"es\",\"@id\":\"https:\\\/\\\/secure.gravatar.com\\\/avatar\\\/71d95a3f99a068ba570ac1314ed6911a59c5ae3f22ffcf23631cd1a861a640bc?s=96&d=mm&r=g\",\"url\":\"https:\\\/\\\/secure.gravatar.com\\\/avatar\\\/71d95a3f99a068ba570ac1314ed6911a59c5ae3f22ffcf23631cd1a861a640bc?s=96&d=mm&r=g\",\"contentUrl\":\"https:\\\/\\\/secure.gravatar.com\\\/avatar\\\/71d95a3f99a068ba570ac1314ed6911a59c5ae3f22ffcf23631cd1a861a640bc?s=96&d=mm&r=g\",\"caption\":\"Alfons Valle\"},\"url\":\"https:\\\/\\\/fundesplai.org\\\/es\\\/informa-t\\\/author\\\/avalle\\\/\"}]}<\/script>\n<!-- \/ Yoast SEO plugin. -->","yoast_head_json":{"title":"Cuatro a\u00f1os de colaboraci\u00f3n entre entidades de Catalu\u00f1a y Bolivia - Fundesplai","robots":{"index":"index","follow":"follow","max-snippet":"max-snippet:-1","max-image-preview":"max-image-preview:large","max-video-preview":"max-video-preview:-1"},"canonical":"https:\/\/fundesplai.org\/es\/informa-t\/actualitat-es\/cuatro-anos-de-colaboracion-entre-entidades-de-cataluna-y-bolivia\/","og_locale":"es_ES","og_type":"article","og_title":"Cuatro a\u00f1os de colaboraci\u00f3n entre entidades de Catalu\u00f1a y Bolivia - Fundesplai","og_description":"Durante el mes de diciembre 2017 ha finalizado el proyecto de solidaridad y cooperaci\u00f3n compartido entre el equipo educativo y los ni\u00f1os delEsplai El Tricicle, de Sant Joan Desp\u00ed, de Fundesplai, y el equipo educativo y los ni\u00f1os del Centre Vicente Ca\u00f1a a Cochabamba (Bol\u00edvia), de la Fundaci\u00f3n Social Uramanta, realizado en base al intercambio [&hellip;]","og_url":"https:\/\/fundesplai.org\/es\/informa-t\/actualitat-es\/cuatro-anos-de-colaboracion-entre-entidades-de-cataluna-y-bolivia\/","og_site_name":"Fundesplai","article_published_time":"2018-01-31T12:48:53+00:00","article_modified_time":"2023-08-11T10:10:15+00:00","og_image":[{"url":"https:\/\/fundesplai.org\/test-joomla\/wp-content\/uploads\/sites\/26\/2018\/01\/1.jpg","type":"","width":"","height":""}],"author":"Alfons Valle","twitter_card":"summary_large_image","twitter_misc":{"Escrito por":"Alfons Valle","Tiempo de lectura":"2 minutos"},"schema":{"@context":"https:\/\/schema.org","@graph":[{"@type":"Article","@id":"https:\/\/fundesplai.org\/es\/informa-t\/actualitat-es\/cuatro-anos-de-colaboracion-entre-entidades-de-cataluna-y-bolivia\/#article","isPartOf":{"@id":"https:\/\/fundesplai.org\/es\/informa-t\/actualitat-es\/cuatro-anos-de-colaboracion-entre-entidades-de-cataluna-y-bolivia\/"},"author":{"name":"Alfons Valle","@id":"https:\/\/fundesplai.org\/es\/#\/schema\/person\/c0e9e7466bb8ac06f5264324a6109733"},"headline":"Cuatro a\u00f1os de colaboraci\u00f3n entre entidades de Catalu\u00f1a y Bolivia","datePublished":"2018-01-31T12:48:53+00:00","dateModified":"2023-08-11T10:10:15+00:00","mainEntityOfPage":{"@id":"https:\/\/fundesplai.org\/es\/informa-t\/actualitat-es\/cuatro-anos-de-colaboracion-entre-entidades-de-cataluna-y-bolivia\/"},"wordCount":499,"image":{"@id":"https:\/\/fundesplai.org\/es\/informa-t\/actualitat-es\/cuatro-anos-de-colaboracion-entre-entidades-de-cataluna-y-bolivia\/#primaryimage"},"thumbnailUrl":"https:\/\/fundesplai.org\/test-joomla\/wp-content\/uploads\/sites\/26\/2018\/01\/1.jpg","articleSection":["Actualitat"],"inLanguage":"es"},{"@type":"WebPage","@id":"https:\/\/fundesplai.org\/es\/informa-t\/actualitat-es\/cuatro-anos-de-colaboracion-entre-entidades-de-cataluna-y-bolivia\/","url":"https:\/\/fundesplai.org\/es\/informa-t\/actualitat-es\/cuatro-anos-de-colaboracion-entre-entidades-de-cataluna-y-bolivia\/","name":"Cuatro a\u00f1os de colaboraci\u00f3n entre entidades de Catalu\u00f1a y Bolivia - Fundesplai","isPartOf":{"@id":"https:\/\/fundesplai.org\/es\/#website"},"primaryImageOfPage":{"@id":"https:\/\/fundesplai.org\/es\/informa-t\/actualitat-es\/cuatro-anos-de-colaboracion-entre-entidades-de-cataluna-y-bolivia\/#primaryimage"},"image":{"@id":"https:\/\/fundesplai.org\/es\/informa-t\/actualitat-es\/cuatro-anos-de-colaboracion-entre-entidades-de-cataluna-y-bolivia\/#primaryimage"},"thumbnailUrl":"https:\/\/fundesplai.org\/test-joomla\/wp-content\/uploads\/sites\/26\/2018\/01\/1.jpg","datePublished":"2018-01-31T12:48:53+00:00","dateModified":"2023-08-11T10:10:15+00:00","author":{"@id":"https:\/\/fundesplai.org\/es\/#\/schema\/person\/c0e9e7466bb8ac06f5264324a6109733"},"breadcrumb":{"@id":"https:\/\/fundesplai.org\/es\/informa-t\/actualitat-es\/cuatro-anos-de-colaboracion-entre-entidades-de-cataluna-y-bolivia\/#breadcrumb"},"inLanguage":"es","potentialAction":[{"@type":"ReadAction","target":["https:\/\/fundesplai.org\/es\/informa-t\/actualitat-es\/cuatro-anos-de-colaboracion-entre-entidades-de-cataluna-y-bolivia\/"]}]},{"@type":"ImageObject","inLanguage":"es","@id":"https:\/\/fundesplai.org\/es\/informa-t\/actualitat-es\/cuatro-anos-de-colaboracion-entre-entidades-de-cataluna-y-bolivia\/#primaryimage","url":"https:\/\/fundesplai.org\/test-joomla\/wp-content\/uploads\/sites\/26\/2018\/01\/1.jpg","contentUrl":"https:\/\/fundesplai.org\/test-joomla\/wp-content\/uploads\/sites\/26\/2018\/01\/1.jpg"},{"@type":"BreadcrumbList","@id":"https:\/\/fundesplai.org\/es\/informa-t\/actualitat-es\/cuatro-anos-de-colaboracion-entre-entidades-de-cataluna-y-bolivia\/#breadcrumb","itemListElement":[{"@type":"ListItem","position":1,"name":"Inici","item":"https:\/\/fundesplai.org\/es\/inicio\/"},{"@type":"ListItem","position":2,"name":"Inf\u00f3rmate","item":"https:\/\/fundesplai.org\/es\/informate\/"},{"@type":"ListItem","position":3,"name":"Actualitat","item":"https:\/\/fundesplai.org\/es\/informa-t\/category\/actualitat-es\/"},{"@type":"ListItem","position":4,"name":"Cuatro a\u00f1os de colaboraci\u00f3n entre entidades de Catalu\u00f1a y Bolivia"}]},{"@type":"WebSite","@id":"https:\/\/fundesplai.org\/es\/#website","url":"https:\/\/fundesplai.org\/es\/","name":"Fundesplai","description":"Eduquem per la conviv\u00e8ncia i la sostenibilitat","potentialAction":[{"@type":"SearchAction","target":{"@type":"EntryPoint","urlTemplate":"https:\/\/fundesplai.org\/es\/?s={search_term_string}"},"query-input":{"@type":"PropertyValueSpecification","valueRequired":true,"valueName":"search_term_string"}}],"inLanguage":"es"},{"@type":"Person","@id":"https:\/\/fundesplai.org\/es\/#\/schema\/person\/c0e9e7466bb8ac06f5264324a6109733","name":"Alfons Valle","image":{"@type":"ImageObject","inLanguage":"es","@id":"https:\/\/secure.gravatar.com\/avatar\/71d95a3f99a068ba570ac1314ed6911a59c5ae3f22ffcf23631cd1a861a640bc?s=96&d=mm&r=g","url":"https:\/\/secure.gravatar.com\/avatar\/71d95a3f99a068ba570ac1314ed6911a59c5ae3f22ffcf23631cd1a861a640bc?s=96&d=mm&r=g","contentUrl":"https:\/\/secure.gravatar.com\/avatar\/71d95a3f99a068ba570ac1314ed6911a59c5ae3f22ffcf23631cd1a861a640bc?s=96&d=mm&r=g","caption":"Alfons Valle"},"url":"https:\/\/fundesplai.org\/es\/informa-t\/author\/avalle\/"}]}},"_links":{"self":[{"href":"https:\/\/fundesplai.org\/es\/wp-json\/wp\/v2\/posts\/47802","targetHints":{"allow":["GET"]}}],"collection":[{"href":"https:\/\/fundesplai.org\/es\/wp-json\/wp\/v2\/posts"}],"about":[{"href":"https:\/\/fundesplai.org\/es\/wp-json\/wp\/v2\/types\/post"}],"author":[{"embeddable":true,"href":"https:\/\/fundesplai.org\/es\/wp-json\/wp\/v2\/users\/9"}],"replies":[{"embeddable":true,"href":"https:\/\/fundesplai.org\/es\/wp-json\/wp\/v2\/comments?post=47802"}],"version-history":[{"count":1,"href":"https:\/\/fundesplai.org\/es\/wp-json\/wp\/v2\/posts\/47802\/revisions"}],"predecessor-version":[{"id":47803,"href":"https:\/\/fundesplai.org\/es\/wp-json\/wp\/v2\/posts\/47802\/revisions\/47803"}],"wp:attachment":[{"href":"https:\/\/fundesplai.org\/es\/wp-json\/wp\/v2\/media?parent=47802"}],"wp:term":[{"taxonomy":"category","embeddable":true,"href":"https:\/\/fundesplai.org\/es\/wp-json\/wp\/v2\/categories?post=47802"},{"taxonomy":"post_tag","embeddable":true,"href":"https:\/\/fundesplai.org\/es\/wp-json\/wp\/v2\/tags?post=47802"}],"curies":[{"name":"wp","href":"https:\/\/api.w.org\/{rel}","templated":true}]}}