{"id":47799,"date":"2018-01-26T11:46:54","date_gmt":"2018-01-26T10:46:54","guid":{"rendered":"https:\/\/fundesplai.org\/informa-t\/sense-categoria\/cerca-de-300-personas-de-los-equipos-del-tiempo-educativos-del-mediodia-de-fundesplai-se-han-reunido-en-centre-esplai-por-la-igualdad-de-genero\/"},"modified":"2018-01-26T11:46:54","modified_gmt":"2018-01-26T10:46:54","slug":"cerca-de-300-personas-de-los-equipos-del-tiempo-educativos-del-mediodia-de-fundesplai-se-han-reunido-en-centre-esplai-por-la-igualdad-de-genero","status":"publish","type":"post","link":"https:\/\/fundesplai.org\/es\/informa-t\/actualitat-es\/cerca-de-300-personas-de-los-equipos-del-tiempo-educativos-del-mediodia-de-fundesplai-se-han-reunido-en-centre-esplai-por-la-igualdad-de-genero\/","title":{"rendered":"Cerca de 300 personas de los equipos del tiempo educativos del mediod\u00eda de Fundesplai se han reunido en Centre Esplai por la igualdad de g\u00e9nero"},"content":{"rendered":"<p>Cerca de 300 personas que forman parte de los equipos del tiempo de mediod\u00eda de las escuelas donde Fundesplai est\u00e1 presente han participado este s\u00e1bado 27 de enero en el 2\u00ba encuentro del tiempo del mediod\u00eda que ha organizado la entidad en <a href=\"http:\/\/www.albergueesplaibarcelona.com\/ca\/\">Centre Esplai<\/a> (El Prat de Llobregat) .<\/p>\n<p><!--more--><\/p>\n<p><a href=\"https:\/\/twitter.com\/fundesplai\/status\/957299162831351808\"><img decoding=\"async\" class=\" size-full wp-image-5121\" style=\"display: block;margin-left: auto;margin-right: auto\" src=\"https:\/\/fundesplai.org\/test-joomla\/wp-content\/uploads\/sites\/26\/2018\/01\/trobada.jpg\" alt=\"trobada\" longdesc=\"Fent click a imatge superior podeu veure el v\u00eddeo em\u00e8s ahir al TN Migdia de TV3 sobre els protocols de prevenci\u00f3 d'abussos amb menci\u00f3 a Fundesplai.\" width=\"100%\" height=\"NaN\"><\/a><\/p>\n<p class=\"text-petit\"><strong>Las personas participantes en el encuentro hicieron un coraz\u00f3n que representa el s\u00edmbolo de la propuesta educativa \u00abEncoratja&#8217;t!\u00bb .<\/strong><\/p>\n<p>Cerca de 300 personas que forman parte de los equipos del tiempo de mediod\u00eda de las escuelas donde Fundesplai est\u00e1 presente han participado este s\u00e1bado 27 de enero en el 2\u00ba encuentro del tiempo del mediod\u00eda que ha organizado la entidad en <a href=\"http:\/\/www.albergueesplaibarcelona.com\/ca\/\">Centre Esplai<\/a> (El Prat de Llobregat) .<\/p>\n<p>El acto ha permitido a los equipos formarse para profundizar y continuar trabajando <strong><a href=\"http:\/\/projectes.fundesplai.org\/encoratjat\/\">\u00abEncoratja&#8217;t\u00bb<\/a><\/strong> , la propuesta pedag\u00f3gica para la igualdad de g\u00e9nero y la violencia cero que se est\u00e1 aplicando en las escuelas y los esplais. En el encuentro de inicio de curso, que se celebr\u00f3 en septiembre de 2017, los equipos ya recibieron una primera formaci\u00f3n al respecto.<\/p>\n<p><strong>Coeducaci\u00f3n y recursos educativos<\/strong><\/p>\n<p>El encuentro ha reunido a coordinadores\/as, cocineros\/as y monitores\/as de escuelas donde Fundesplai gestiona proyectos educativos en el Tiempo del Mediod\u00eda. El acto ha comenzado con una charla de N\u00faria Solsona, qu\u00edmica, master en Did\u00e1ctica de las Ciencias Experimentales, Doctora en Ciencias de la Educaci\u00f3n e investigadora en coeducaci\u00f3n e Historia de la Ciencia. La conferencia ha versado sobre coeducaci\u00f3n.<\/p>\n<p>Posteriormente, se han formado grupos que han trabajado aspectos de la propuesta educativa \u00abEncoratja&#8217;t\u00bb para promover la igualdad de g\u00e9nero en los espacios de mediod\u00eda con talleres sobre nuevas masculinidades, educaci\u00f3n emocional, la mujer y su papel en la historia, comunicaci\u00f3n violenta o sensibilizaci\u00f3n de g\u00e9nero, entre otros.&nbsp;<\/p>\n","protected":false},"excerpt":{"rendered":"<p>Cerca de 300 personas que forman parte de los equipos del tiempo de mediod\u00eda de las escuelas donde Fundesplai est\u00e1 presente han participado este s\u00e1bado 27 de enero en el 2\u00ba encuentro del tiempo del mediod\u00eda que ha organizado la entidad en Centre Esplai (El Prat de Llobregat) .<\/p>\n","protected":false},"author":9,"featured_media":0,"comment_status":"closed","ping_status":"closed","sticky":false,"template":"","format":"standard","meta":{"_et_pb_use_builder":"","_et_pb_old_content":"","_et_gb_content_width":"","footnotes":""},"categories":[937],"tags":[],"class_list":["post-47799","post","type-post","status-publish","format-standard","hentry","category-actualitat-es"],"yoast_head":"<!-- This site is optimized with the Yoast SEO plugin v27.4 - https:\/\/yoast.com\/product\/yoast-seo-wordpress\/ -->\n<title>Cerca de 300 personas de los equipos del tiempo educativos del mediod\u00eda de Fundesplai se han reunido en Centre Esplai por la igualdad de g\u00e9nero - Fundesplai<\/title>\n<meta name=\"robots\" content=\"index, follow, max-snippet:-1, max-image-preview:large, max-video-preview:-1\" \/>\n<link rel=\"canonical\" href=\"https:\/\/fundesplai.org\/es\/informa-t\/actualitat-es\/cerca-de-300-personas-de-los-equipos-del-tiempo-educativos-del-mediodia-de-fundesplai-se-han-reunido-en-centre-esplai-por-la-igualdad-de-genero\/\" \/>\n<meta property=\"og:locale\" content=\"es_ES\" \/>\n<meta property=\"og:type\" content=\"article\" \/>\n<meta property=\"og:title\" content=\"Cerca de 300 personas de los equipos del tiempo educativos del mediod\u00eda de Fundesplai se han reunido en Centre Esplai por la igualdad de g\u00e9nero - Fundesplai\" \/>\n<meta property=\"og:description\" content=\"Cerca de 300 personas que forman parte de los equipos del tiempo de mediod\u00eda de las escuelas donde Fundesplai est\u00e1 presente han participado este s\u00e1bado 27 de enero en el 2\u00ba encuentro del tiempo del mediod\u00eda que ha organizado la entidad en Centre Esplai (El Prat de Llobregat) .\" \/>\n<meta property=\"og:url\" content=\"https:\/\/fundesplai.org\/es\/informa-t\/actualitat-es\/cerca-de-300-personas-de-los-equipos-del-tiempo-educativos-del-mediodia-de-fundesplai-se-han-reunido-en-centre-esplai-por-la-igualdad-de-genero\/\" \/>\n<meta property=\"og:site_name\" content=\"Fundesplai\" \/>\n<meta property=\"article:published_time\" content=\"2018-01-26T10:46:54+00:00\" \/>\n<meta property=\"og:image\" content=\"https:\/\/fundesplai.org\/test-joomla\/wp-content\/uploads\/sites\/26\/2018\/01\/trobada.jpg\" \/>\n<meta name=\"author\" content=\"Alfons Valle\" \/>\n<meta name=\"twitter:card\" content=\"summary_large_image\" \/>\n<meta name=\"twitter:label1\" content=\"Escrito por\" \/>\n\t<meta name=\"twitter:data1\" content=\"Alfons Valle\" \/>\n\t<meta name=\"twitter:label2\" content=\"Tiempo de lectura\" \/>\n\t<meta name=\"twitter:data2\" content=\"2 minutos\" \/>\n<script type=\"application\/ld+json\" class=\"yoast-schema-graph\">{\"@context\":\"https:\\\/\\\/schema.org\",\"@graph\":[{\"@type\":\"Article\",\"@id\":\"https:\\\/\\\/fundesplai.org\\\/es\\\/informa-t\\\/actualitat-es\\\/cerca-de-300-personas-de-los-equipos-del-tiempo-educativos-del-mediodia-de-fundesplai-se-han-reunido-en-centre-esplai-por-la-igualdad-de-genero\\\/#article\",\"isPartOf\":{\"@id\":\"https:\\\/\\\/fundesplai.org\\\/es\\\/informa-t\\\/actualitat-es\\\/cerca-de-300-personas-de-los-equipos-del-tiempo-educativos-del-mediodia-de-fundesplai-se-han-reunido-en-centre-esplai-por-la-igualdad-de-genero\\\/\"},\"author\":{\"name\":\"Alfons Valle\",\"@id\":\"https:\\\/\\\/fundesplai.org\\\/es\\\/#\\\/schema\\\/person\\\/c0e9e7466bb8ac06f5264324a6109733\"},\"headline\":\"Cerca de 300 personas de los equipos del tiempo educativos del mediod\u00eda de Fundesplai se han reunido en Centre Esplai por la igualdad de g\u00e9nero\",\"datePublished\":\"2018-01-26T10:46:54+00:00\",\"mainEntityOfPage\":{\"@id\":\"https:\\\/\\\/fundesplai.org\\\/es\\\/informa-t\\\/actualitat-es\\\/cerca-de-300-personas-de-los-equipos-del-tiempo-educativos-del-mediodia-de-fundesplai-se-han-reunido-en-centre-esplai-por-la-igualdad-de-genero\\\/\"},\"wordCount\":336,\"image\":{\"@id\":\"https:\\\/\\\/fundesplai.org\\\/es\\\/informa-t\\\/actualitat-es\\\/cerca-de-300-personas-de-los-equipos-del-tiempo-educativos-del-mediodia-de-fundesplai-se-han-reunido-en-centre-esplai-por-la-igualdad-de-genero\\\/#primaryimage\"},\"thumbnailUrl\":\"https:\\\/\\\/fundesplai.org\\\/test-joomla\\\/wp-content\\\/uploads\\\/sites\\\/26\\\/2018\\\/01\\\/trobada.jpg\",\"articleSection\":[\"Actualitat\"],\"inLanguage\":\"es\"},{\"@type\":\"WebPage\",\"@id\":\"https:\\\/\\\/fundesplai.org\\\/es\\\/informa-t\\\/actualitat-es\\\/cerca-de-300-personas-de-los-equipos-del-tiempo-educativos-del-mediodia-de-fundesplai-se-han-reunido-en-centre-esplai-por-la-igualdad-de-genero\\\/\",\"url\":\"https:\\\/\\\/fundesplai.org\\\/es\\\/informa-t\\\/actualitat-es\\\/cerca-de-300-personas-de-los-equipos-del-tiempo-educativos-del-mediodia-de-fundesplai-se-han-reunido-en-centre-esplai-por-la-igualdad-de-genero\\\/\",\"name\":\"Cerca de 300 personas de los equipos del tiempo educativos del mediod\u00eda de Fundesplai se han reunido en Centre Esplai por la igualdad de g\u00e9nero - Fundesplai\",\"isPartOf\":{\"@id\":\"https:\\\/\\\/fundesplai.org\\\/es\\\/#website\"},\"primaryImageOfPage\":{\"@id\":\"https:\\\/\\\/fundesplai.org\\\/es\\\/informa-t\\\/actualitat-es\\\/cerca-de-300-personas-de-los-equipos-del-tiempo-educativos-del-mediodia-de-fundesplai-se-han-reunido-en-centre-esplai-por-la-igualdad-de-genero\\\/#primaryimage\"},\"image\":{\"@id\":\"https:\\\/\\\/fundesplai.org\\\/es\\\/informa-t\\\/actualitat-es\\\/cerca-de-300-personas-de-los-equipos-del-tiempo-educativos-del-mediodia-de-fundesplai-se-han-reunido-en-centre-esplai-por-la-igualdad-de-genero\\\/#primaryimage\"},\"thumbnailUrl\":\"https:\\\/\\\/fundesplai.org\\\/test-joomla\\\/wp-content\\\/uploads\\\/sites\\\/26\\\/2018\\\/01\\\/trobada.jpg\",\"datePublished\":\"2018-01-26T10:46:54+00:00\",\"author\":{\"@id\":\"https:\\\/\\\/fundesplai.org\\\/es\\\/#\\\/schema\\\/person\\\/c0e9e7466bb8ac06f5264324a6109733\"},\"breadcrumb\":{\"@id\":\"https:\\\/\\\/fundesplai.org\\\/es\\\/informa-t\\\/actualitat-es\\\/cerca-de-300-personas-de-los-equipos-del-tiempo-educativos-del-mediodia-de-fundesplai-se-han-reunido-en-centre-esplai-por-la-igualdad-de-genero\\\/#breadcrumb\"},\"inLanguage\":\"es\",\"potentialAction\":[{\"@type\":\"ReadAction\",\"target\":[\"https:\\\/\\\/fundesplai.org\\\/es\\\/informa-t\\\/actualitat-es\\\/cerca-de-300-personas-de-los-equipos-del-tiempo-educativos-del-mediodia-de-fundesplai-se-han-reunido-en-centre-esplai-por-la-igualdad-de-genero\\\/\"]}]},{\"@type\":\"ImageObject\",\"inLanguage\":\"es\",\"@id\":\"https:\\\/\\\/fundesplai.org\\\/es\\\/informa-t\\\/actualitat-es\\\/cerca-de-300-personas-de-los-equipos-del-tiempo-educativos-del-mediodia-de-fundesplai-se-han-reunido-en-centre-esplai-por-la-igualdad-de-genero\\\/#primaryimage\",\"url\":\"https:\\\/\\\/fundesplai.org\\\/test-joomla\\\/wp-content\\\/uploads\\\/sites\\\/26\\\/2018\\\/01\\\/trobada.jpg\",\"contentUrl\":\"https:\\\/\\\/fundesplai.org\\\/test-joomla\\\/wp-content\\\/uploads\\\/sites\\\/26\\\/2018\\\/01\\\/trobada.jpg\"},{\"@type\":\"BreadcrumbList\",\"@id\":\"https:\\\/\\\/fundesplai.org\\\/es\\\/informa-t\\\/actualitat-es\\\/cerca-de-300-personas-de-los-equipos-del-tiempo-educativos-del-mediodia-de-fundesplai-se-han-reunido-en-centre-esplai-por-la-igualdad-de-genero\\\/#breadcrumb\",\"itemListElement\":[{\"@type\":\"ListItem\",\"position\":1,\"name\":\"Inici\",\"item\":\"https:\\\/\\\/fundesplai.org\\\/es\\\/inicio\\\/\"},{\"@type\":\"ListItem\",\"position\":2,\"name\":\"Inf\u00f3rmate\",\"item\":\"https:\\\/\\\/fundesplai.org\\\/es\\\/informate\\\/\"},{\"@type\":\"ListItem\",\"position\":3,\"name\":\"Sin categor\u00eda\",\"item\":\"https:\\\/\\\/fundesplai.org\\\/es\\\/informa-t\\\/category\\\/sin-categoria\\\/\"},{\"@type\":\"ListItem\",\"position\":4,\"name\":\"Cerca de 300 personas de los equipos del tiempo educativos del mediod\u00eda de Fundesplai se han reunido en Centre Esplai por la igualdad de g\u00e9nero\"}]},{\"@type\":\"WebSite\",\"@id\":\"https:\\\/\\\/fundesplai.org\\\/es\\\/#website\",\"url\":\"https:\\\/\\\/fundesplai.org\\\/es\\\/\",\"name\":\"Fundesplai\",\"description\":\"Eduquem per la conviv\u00e8ncia i la sostenibilitat\",\"potentialAction\":[{\"@type\":\"SearchAction\",\"target\":{\"@type\":\"EntryPoint\",\"urlTemplate\":\"https:\\\/\\\/fundesplai.org\\\/es\\\/?s={search_term_string}\"},\"query-input\":{\"@type\":\"PropertyValueSpecification\",\"valueRequired\":true,\"valueName\":\"search_term_string\"}}],\"inLanguage\":\"es\"},{\"@type\":\"Person\",\"@id\":\"https:\\\/\\\/fundesplai.org\\\/es\\\/#\\\/schema\\\/person\\\/c0e9e7466bb8ac06f5264324a6109733\",\"name\":\"Alfons Valle\",\"image\":{\"@type\":\"ImageObject\",\"inLanguage\":\"es\",\"@id\":\"https:\\\/\\\/secure.gravatar.com\\\/avatar\\\/71d95a3f99a068ba570ac1314ed6911a59c5ae3f22ffcf23631cd1a861a640bc?s=96&d=mm&r=g\",\"url\":\"https:\\\/\\\/secure.gravatar.com\\\/avatar\\\/71d95a3f99a068ba570ac1314ed6911a59c5ae3f22ffcf23631cd1a861a640bc?s=96&d=mm&r=g\",\"contentUrl\":\"https:\\\/\\\/secure.gravatar.com\\\/avatar\\\/71d95a3f99a068ba570ac1314ed6911a59c5ae3f22ffcf23631cd1a861a640bc?s=96&d=mm&r=g\",\"caption\":\"Alfons Valle\"},\"url\":\"https:\\\/\\\/fundesplai.org\\\/es\\\/informa-t\\\/author\\\/avalle\\\/\"}]}<\/script>\n<!-- \/ Yoast SEO plugin. -->","yoast_head_json":{"title":"Cerca de 300 personas de los equipos del tiempo educativos del mediod\u00eda de Fundesplai se han reunido en Centre Esplai por la igualdad de g\u00e9nero - Fundesplai","robots":{"index":"index","follow":"follow","max-snippet":"max-snippet:-1","max-image-preview":"max-image-preview:large","max-video-preview":"max-video-preview:-1"},"canonical":"https:\/\/fundesplai.org\/es\/informa-t\/actualitat-es\/cerca-de-300-personas-de-los-equipos-del-tiempo-educativos-del-mediodia-de-fundesplai-se-han-reunido-en-centre-esplai-por-la-igualdad-de-genero\/","og_locale":"es_ES","og_type":"article","og_title":"Cerca de 300 personas de los equipos del tiempo educativos del mediod\u00eda de Fundesplai se han reunido en Centre Esplai por la igualdad de g\u00e9nero - Fundesplai","og_description":"Cerca de 300 personas que forman parte de los equipos del tiempo de mediod\u00eda de las escuelas donde Fundesplai est\u00e1 presente han participado este s\u00e1bado 27 de enero en el 2\u00ba encuentro del tiempo del mediod\u00eda que ha organizado la entidad en Centre Esplai (El Prat de Llobregat) .","og_url":"https:\/\/fundesplai.org\/es\/informa-t\/actualitat-es\/cerca-de-300-personas-de-los-equipos-del-tiempo-educativos-del-mediodia-de-fundesplai-se-han-reunido-en-centre-esplai-por-la-igualdad-de-genero\/","og_site_name":"Fundesplai","article_published_time":"2018-01-26T10:46:54+00:00","og_image":[{"url":"https:\/\/fundesplai.org\/test-joomla\/wp-content\/uploads\/sites\/26\/2018\/01\/trobada.jpg","type":"","width":"","height":""}],"author":"Alfons Valle","twitter_card":"summary_large_image","twitter_misc":{"Escrito por":"Alfons Valle","Tiempo de lectura":"2 minutos"},"schema":{"@context":"https:\/\/schema.org","@graph":[{"@type":"Article","@id":"https:\/\/fundesplai.org\/es\/informa-t\/actualitat-es\/cerca-de-300-personas-de-los-equipos-del-tiempo-educativos-del-mediodia-de-fundesplai-se-han-reunido-en-centre-esplai-por-la-igualdad-de-genero\/#article","isPartOf":{"@id":"https:\/\/fundesplai.org\/es\/informa-t\/actualitat-es\/cerca-de-300-personas-de-los-equipos-del-tiempo-educativos-del-mediodia-de-fundesplai-se-han-reunido-en-centre-esplai-por-la-igualdad-de-genero\/"},"author":{"name":"Alfons Valle","@id":"https:\/\/fundesplai.org\/es\/#\/schema\/person\/c0e9e7466bb8ac06f5264324a6109733"},"headline":"Cerca de 300 personas de los equipos del tiempo educativos del mediod\u00eda de Fundesplai se han reunido en Centre Esplai por la igualdad de g\u00e9nero","datePublished":"2018-01-26T10:46:54+00:00","mainEntityOfPage":{"@id":"https:\/\/fundesplai.org\/es\/informa-t\/actualitat-es\/cerca-de-300-personas-de-los-equipos-del-tiempo-educativos-del-mediodia-de-fundesplai-se-han-reunido-en-centre-esplai-por-la-igualdad-de-genero\/"},"wordCount":336,"image":{"@id":"https:\/\/fundesplai.org\/es\/informa-t\/actualitat-es\/cerca-de-300-personas-de-los-equipos-del-tiempo-educativos-del-mediodia-de-fundesplai-se-han-reunido-en-centre-esplai-por-la-igualdad-de-genero\/#primaryimage"},"thumbnailUrl":"https:\/\/fundesplai.org\/test-joomla\/wp-content\/uploads\/sites\/26\/2018\/01\/trobada.jpg","articleSection":["Actualitat"],"inLanguage":"es"},{"@type":"WebPage","@id":"https:\/\/fundesplai.org\/es\/informa-t\/actualitat-es\/cerca-de-300-personas-de-los-equipos-del-tiempo-educativos-del-mediodia-de-fundesplai-se-han-reunido-en-centre-esplai-por-la-igualdad-de-genero\/","url":"https:\/\/fundesplai.org\/es\/informa-t\/actualitat-es\/cerca-de-300-personas-de-los-equipos-del-tiempo-educativos-del-mediodia-de-fundesplai-se-han-reunido-en-centre-esplai-por-la-igualdad-de-genero\/","name":"Cerca de 300 personas de los equipos del tiempo educativos del mediod\u00eda de Fundesplai se han reunido en Centre Esplai por la igualdad de g\u00e9nero - Fundesplai","isPartOf":{"@id":"https:\/\/fundesplai.org\/es\/#website"},"primaryImageOfPage":{"@id":"https:\/\/fundesplai.org\/es\/informa-t\/actualitat-es\/cerca-de-300-personas-de-los-equipos-del-tiempo-educativos-del-mediodia-de-fundesplai-se-han-reunido-en-centre-esplai-por-la-igualdad-de-genero\/#primaryimage"},"image":{"@id":"https:\/\/fundesplai.org\/es\/informa-t\/actualitat-es\/cerca-de-300-personas-de-los-equipos-del-tiempo-educativos-del-mediodia-de-fundesplai-se-han-reunido-en-centre-esplai-por-la-igualdad-de-genero\/#primaryimage"},"thumbnailUrl":"https:\/\/fundesplai.org\/test-joomla\/wp-content\/uploads\/sites\/26\/2018\/01\/trobada.jpg","datePublished":"2018-01-26T10:46:54+00:00","author":{"@id":"https:\/\/fundesplai.org\/es\/#\/schema\/person\/c0e9e7466bb8ac06f5264324a6109733"},"breadcrumb":{"@id":"https:\/\/fundesplai.org\/es\/informa-t\/actualitat-es\/cerca-de-300-personas-de-los-equipos-del-tiempo-educativos-del-mediodia-de-fundesplai-se-han-reunido-en-centre-esplai-por-la-igualdad-de-genero\/#breadcrumb"},"inLanguage":"es","potentialAction":[{"@type":"ReadAction","target":["https:\/\/fundesplai.org\/es\/informa-t\/actualitat-es\/cerca-de-300-personas-de-los-equipos-del-tiempo-educativos-del-mediodia-de-fundesplai-se-han-reunido-en-centre-esplai-por-la-igualdad-de-genero\/"]}]},{"@type":"ImageObject","inLanguage":"es","@id":"https:\/\/fundesplai.org\/es\/informa-t\/actualitat-es\/cerca-de-300-personas-de-los-equipos-del-tiempo-educativos-del-mediodia-de-fundesplai-se-han-reunido-en-centre-esplai-por-la-igualdad-de-genero\/#primaryimage","url":"https:\/\/fundesplai.org\/test-joomla\/wp-content\/uploads\/sites\/26\/2018\/01\/trobada.jpg","contentUrl":"https:\/\/fundesplai.org\/test-joomla\/wp-content\/uploads\/sites\/26\/2018\/01\/trobada.jpg"},{"@type":"BreadcrumbList","@id":"https:\/\/fundesplai.org\/es\/informa-t\/actualitat-es\/cerca-de-300-personas-de-los-equipos-del-tiempo-educativos-del-mediodia-de-fundesplai-se-han-reunido-en-centre-esplai-por-la-igualdad-de-genero\/#breadcrumb","itemListElement":[{"@type":"ListItem","position":1,"name":"Inici","item":"https:\/\/fundesplai.org\/es\/inicio\/"},{"@type":"ListItem","position":2,"name":"Inf\u00f3rmate","item":"https:\/\/fundesplai.org\/es\/informate\/"},{"@type":"ListItem","position":3,"name":"Sin categor\u00eda","item":"https:\/\/fundesplai.org\/es\/informa-t\/category\/sin-categoria\/"},{"@type":"ListItem","position":4,"name":"Cerca de 300 personas de los equipos del tiempo educativos del mediod\u00eda de Fundesplai se han reunido en Centre Esplai por la igualdad de g\u00e9nero"}]},{"@type":"WebSite","@id":"https:\/\/fundesplai.org\/es\/#website","url":"https:\/\/fundesplai.org\/es\/","name":"Fundesplai","description":"Eduquem per la conviv\u00e8ncia i la sostenibilitat","potentialAction":[{"@type":"SearchAction","target":{"@type":"EntryPoint","urlTemplate":"https:\/\/fundesplai.org\/es\/?s={search_term_string}"},"query-input":{"@type":"PropertyValueSpecification","valueRequired":true,"valueName":"search_term_string"}}],"inLanguage":"es"},{"@type":"Person","@id":"https:\/\/fundesplai.org\/es\/#\/schema\/person\/c0e9e7466bb8ac06f5264324a6109733","name":"Alfons Valle","image":{"@type":"ImageObject","inLanguage":"es","@id":"https:\/\/secure.gravatar.com\/avatar\/71d95a3f99a068ba570ac1314ed6911a59c5ae3f22ffcf23631cd1a861a640bc?s=96&d=mm&r=g","url":"https:\/\/secure.gravatar.com\/avatar\/71d95a3f99a068ba570ac1314ed6911a59c5ae3f22ffcf23631cd1a861a640bc?s=96&d=mm&r=g","contentUrl":"https:\/\/secure.gravatar.com\/avatar\/71d95a3f99a068ba570ac1314ed6911a59c5ae3f22ffcf23631cd1a861a640bc?s=96&d=mm&r=g","caption":"Alfons Valle"},"url":"https:\/\/fundesplai.org\/es\/informa-t\/author\/avalle\/"}]}},"_links":{"self":[{"href":"https:\/\/fundesplai.org\/es\/wp-json\/wp\/v2\/posts\/47799","targetHints":{"allow":["GET"]}}],"collection":[{"href":"https:\/\/fundesplai.org\/es\/wp-json\/wp\/v2\/posts"}],"about":[{"href":"https:\/\/fundesplai.org\/es\/wp-json\/wp\/v2\/types\/post"}],"author":[{"embeddable":true,"href":"https:\/\/fundesplai.org\/es\/wp-json\/wp\/v2\/users\/9"}],"replies":[{"embeddable":true,"href":"https:\/\/fundesplai.org\/es\/wp-json\/wp\/v2\/comments?post=47799"}],"version-history":[{"count":0,"href":"https:\/\/fundesplai.org\/es\/wp-json\/wp\/v2\/posts\/47799\/revisions"}],"wp:attachment":[{"href":"https:\/\/fundesplai.org\/es\/wp-json\/wp\/v2\/media?parent=47799"}],"wp:term":[{"taxonomy":"category","embeddable":true,"href":"https:\/\/fundesplai.org\/es\/wp-json\/wp\/v2\/categories?post=47799"},{"taxonomy":"post_tag","embeddable":true,"href":"https:\/\/fundesplai.org\/es\/wp-json\/wp\/v2\/tags?post=47799"}],"curies":[{"name":"wp","href":"https:\/\/api.w.org\/{rel}","templated":true}]}}