{"id":47795,"date":"2018-01-23T11:36:41","date_gmt":"2018-01-23T10:36:41","guid":{"rendered":"https:\/\/fundesplai.org\/informa-t\/sense-categoria\/el-espacio-familiar-la-pina-de-cornella-hace-2-anos\/"},"modified":"2018-01-23T11:36:41","modified_gmt":"2018-01-23T10:36:41","slug":"el-espacio-familiar-la-pina-de-cornella-hace-2-anos","status":"publish","type":"post","link":"https:\/\/fundesplai.org\/es\/informa-t\/actualitat-es\/el-espacio-familiar-la-pina-de-cornella-hace-2-anos\/","title":{"rendered":"El Espacio Familiar \u00a1La Pi\u00f1a de Cornell\u00e0 hace 2 a\u00f1os!"},"content":{"rendered":"<p>El pasado mi\u00e9rcoles 17 de enero, el Espacio Familiar La Pi\u00f1a de Cornell\u00e0 de Llobregat, que gestiona Fundesplai, celebr\u00f3 2 a\u00f1os con una gran fiesta con ni\u00f1os y familias.<\/p>\n<p><!--more--><\/p>\n<p class=\"intro\">El pasado mi\u00e9rcoles 17 de enero, el Espacio Familiar La Pi\u00f1a de Cornell\u00e0 de Llobregat, que gestiona Fundesplai, celebr\u00f3 2 a\u00f1os con una gran fiesta con ni\u00f1os y familias.&nbsp;<\/p>\n<table style=\"height: 38px;width: 100%\">\n<tbody>\n<tr>\n<td colspan=\"2\"><img decoding=\"async\" class=\" size-full wp-image-5101\" src=\"https:\/\/fundesplai.org\/test-joomla\/wp-content\/uploads\/sites\/26\/2018\/01\/espai_familiar_pinya3.jpg\" alt=\"espai familiar pinya3\" width=\"100%\" height=\"NaN\"><\/td>\n<\/tr>\n<tr>\n<td><img decoding=\"async\" class=\" size-full wp-image-5102\" src=\"https:\/\/fundesplai.org\/test-joomla\/wp-content\/uploads\/sites\/26\/2018\/01\/espai_familiar_pinya2.jpg\" alt=\"espai familiar pinya2\" width=\"100%\" height=\"NaN\"><\/td>\n<td><img decoding=\"async\" class=\" size-full wp-image-5106\" src=\"https:\/\/fundesplai.org\/test-joomla\/wp-content\/uploads\/sites\/26\/2018\/01\/espai_familiar_pinya.jpg\" alt=\"espai familiar pinya\" width=\"100%\" height=\"NaN\"><\/td>\n<\/tr>\n<\/tbody>\n<\/table>\n<p>La Pi\u00f1a es un espacio donde las familias con ni\u00f1os peque\u00f1os entre los &nbsp;6 a\u00f1os pueden ir con sus hijos e hijas para compartir un espacio de juego y acompa\u00f1amiento a la crianza gracias a la intervenci\u00f3n de educadoras especializadas. Junto a La Pi\u00f1a, Fundesplai gestiona un total de 10 espacios de peque\u00f1a infancia, entre ellos&nbsp; el Niu, situado en su sede Centro Esplai, en El Prat de Llobregat.<\/p>\n<p>La celebraci\u00f3n del segundo aniversario de La Pi\u00f1a cont\u00f3 con la participaci\u00f3n de muchas de las familias que asisten regularmente as\u00ed como de otros cursos anteriores. Hubo talleres, diablos, cabezudos, castellers, m\u00fasica, pintura y mucha diversi\u00f3n.<\/p>\n","protected":false},"excerpt":{"rendered":"<p>El pasado mi\u00e9rcoles 17 de enero, el Espacio Familiar La Pi\u00f1a de Cornell\u00e0 de Llobregat, que gestiona Fundesplai, celebr\u00f3 2 a\u00f1os con una gran fiesta con ni\u00f1os y familias.<\/p>\n","protected":false},"author":4,"featured_media":0,"comment_status":"closed","ping_status":"closed","sticky":false,"template":"","format":"standard","meta":{"_et_pb_use_builder":"","_et_pb_old_content":"","_et_gb_content_width":"","footnotes":""},"categories":[937],"tags":[],"class_list":["post-47795","post","type-post","status-publish","format-standard","hentry","category-actualitat-es"],"yoast_head":"<!-- This site is optimized with the Yoast SEO plugin v27.4 - https:\/\/yoast.com\/product\/yoast-seo-wordpress\/ -->\n<title>El Espacio Familiar \u00a1La Pi\u00f1a de Cornell\u00e0 hace 2 a\u00f1os! - Fundesplai<\/title>\n<meta name=\"robots\" content=\"index, follow, max-snippet:-1, max-image-preview:large, max-video-preview:-1\" \/>\n<link rel=\"canonical\" href=\"https:\/\/fundesplai.org\/es\/informa-t\/actualitat-es\/el-espacio-familiar-la-pina-de-cornella-hace-2-anos\/\" \/>\n<meta property=\"og:locale\" content=\"es_ES\" \/>\n<meta property=\"og:type\" content=\"article\" \/>\n<meta property=\"og:title\" content=\"El Espacio Familiar \u00a1La Pi\u00f1a de Cornell\u00e0 hace 2 a\u00f1os! - Fundesplai\" \/>\n<meta property=\"og:description\" content=\"El pasado mi\u00e9rcoles 17 de enero, el Espacio Familiar La Pi\u00f1a de Cornell\u00e0 de Llobregat, que gestiona Fundesplai, celebr\u00f3 2 a\u00f1os con una gran fiesta con ni\u00f1os y familias.\" \/>\n<meta property=\"og:url\" content=\"https:\/\/fundesplai.org\/es\/informa-t\/actualitat-es\/el-espacio-familiar-la-pina-de-cornella-hace-2-anos\/\" \/>\n<meta property=\"og:site_name\" content=\"Fundesplai\" \/>\n<meta property=\"article:published_time\" content=\"2018-01-23T10:36:41+00:00\" \/>\n<meta property=\"og:image\" content=\"https:\/\/fundesplai.org\/test-joomla\/wp-content\/uploads\/sites\/26\/2018\/01\/espai_familiar_pinya3.jpg\" \/>\n<meta name=\"author\" content=\"Ferran\" \/>\n<meta name=\"twitter:card\" content=\"summary_large_image\" \/>\n<meta name=\"twitter:label1\" content=\"Escrito por\" \/>\n\t<meta name=\"twitter:data1\" content=\"Ferran\" \/>\n\t<meta name=\"twitter:label2\" content=\"Tiempo de lectura\" \/>\n\t<meta name=\"twitter:data2\" content=\"1 minuto\" \/>\n<script type=\"application\/ld+json\" class=\"yoast-schema-graph\">{\"@context\":\"https:\\\/\\\/schema.org\",\"@graph\":[{\"@type\":\"Article\",\"@id\":\"https:\\\/\\\/fundesplai.org\\\/es\\\/informa-t\\\/actualitat-es\\\/el-espacio-familiar-la-pina-de-cornella-hace-2-anos\\\/#article\",\"isPartOf\":{\"@id\":\"https:\\\/\\\/fundesplai.org\\\/es\\\/informa-t\\\/actualitat-es\\\/el-espacio-familiar-la-pina-de-cornella-hace-2-anos\\\/\"},\"author\":{\"name\":\"Ferran\",\"@id\":\"https:\\\/\\\/fundesplai.org\\\/es\\\/#\\\/schema\\\/person\\\/67e7825d8ec54561cc24e36ba6b0f633\"},\"headline\":\"El Espacio Familiar \u00a1La Pi\u00f1a de Cornell\u00e0 hace 2 a\u00f1os!\",\"datePublished\":\"2018-01-23T10:36:41+00:00\",\"mainEntityOfPage\":{\"@id\":\"https:\\\/\\\/fundesplai.org\\\/es\\\/informa-t\\\/actualitat-es\\\/el-espacio-familiar-la-pina-de-cornella-hace-2-anos\\\/\"},\"wordCount\":192,\"image\":{\"@id\":\"https:\\\/\\\/fundesplai.org\\\/es\\\/informa-t\\\/actualitat-es\\\/el-espacio-familiar-la-pina-de-cornella-hace-2-anos\\\/#primaryimage\"},\"thumbnailUrl\":\"https:\\\/\\\/fundesplai.org\\\/test-joomla\\\/wp-content\\\/uploads\\\/sites\\\/26\\\/2018\\\/01\\\/espai_familiar_pinya3.jpg\",\"articleSection\":[\"Actualitat\"],\"inLanguage\":\"es\"},{\"@type\":\"WebPage\",\"@id\":\"https:\\\/\\\/fundesplai.org\\\/es\\\/informa-t\\\/actualitat-es\\\/el-espacio-familiar-la-pina-de-cornella-hace-2-anos\\\/\",\"url\":\"https:\\\/\\\/fundesplai.org\\\/es\\\/informa-t\\\/actualitat-es\\\/el-espacio-familiar-la-pina-de-cornella-hace-2-anos\\\/\",\"name\":\"El Espacio Familiar \u00a1La Pi\u00f1a de Cornell\u00e0 hace 2 a\u00f1os! - Fundesplai\",\"isPartOf\":{\"@id\":\"https:\\\/\\\/fundesplai.org\\\/es\\\/#website\"},\"primaryImageOfPage\":{\"@id\":\"https:\\\/\\\/fundesplai.org\\\/es\\\/informa-t\\\/actualitat-es\\\/el-espacio-familiar-la-pina-de-cornella-hace-2-anos\\\/#primaryimage\"},\"image\":{\"@id\":\"https:\\\/\\\/fundesplai.org\\\/es\\\/informa-t\\\/actualitat-es\\\/el-espacio-familiar-la-pina-de-cornella-hace-2-anos\\\/#primaryimage\"},\"thumbnailUrl\":\"https:\\\/\\\/fundesplai.org\\\/test-joomla\\\/wp-content\\\/uploads\\\/sites\\\/26\\\/2018\\\/01\\\/espai_familiar_pinya3.jpg\",\"datePublished\":\"2018-01-23T10:36:41+00:00\",\"author\":{\"@id\":\"https:\\\/\\\/fundesplai.org\\\/es\\\/#\\\/schema\\\/person\\\/67e7825d8ec54561cc24e36ba6b0f633\"},\"breadcrumb\":{\"@id\":\"https:\\\/\\\/fundesplai.org\\\/es\\\/informa-t\\\/actualitat-es\\\/el-espacio-familiar-la-pina-de-cornella-hace-2-anos\\\/#breadcrumb\"},\"inLanguage\":\"es\",\"potentialAction\":[{\"@type\":\"ReadAction\",\"target\":[\"https:\\\/\\\/fundesplai.org\\\/es\\\/informa-t\\\/actualitat-es\\\/el-espacio-familiar-la-pina-de-cornella-hace-2-anos\\\/\"]}]},{\"@type\":\"ImageObject\",\"inLanguage\":\"es\",\"@id\":\"https:\\\/\\\/fundesplai.org\\\/es\\\/informa-t\\\/actualitat-es\\\/el-espacio-familiar-la-pina-de-cornella-hace-2-anos\\\/#primaryimage\",\"url\":\"https:\\\/\\\/fundesplai.org\\\/test-joomla\\\/wp-content\\\/uploads\\\/sites\\\/26\\\/2018\\\/01\\\/espai_familiar_pinya3.jpg\",\"contentUrl\":\"https:\\\/\\\/fundesplai.org\\\/test-joomla\\\/wp-content\\\/uploads\\\/sites\\\/26\\\/2018\\\/01\\\/espai_familiar_pinya3.jpg\"},{\"@type\":\"BreadcrumbList\",\"@id\":\"https:\\\/\\\/fundesplai.org\\\/es\\\/informa-t\\\/actualitat-es\\\/el-espacio-familiar-la-pina-de-cornella-hace-2-anos\\\/#breadcrumb\",\"itemListElement\":[{\"@type\":\"ListItem\",\"position\":1,\"name\":\"Inici\",\"item\":\"https:\\\/\\\/fundesplai.org\\\/es\\\/inicio\\\/\"},{\"@type\":\"ListItem\",\"position\":2,\"name\":\"Inf\u00f3rmate\",\"item\":\"https:\\\/\\\/fundesplai.org\\\/es\\\/informate\\\/\"},{\"@type\":\"ListItem\",\"position\":3,\"name\":\"Sin categor\u00eda\",\"item\":\"https:\\\/\\\/fundesplai.org\\\/es\\\/informa-t\\\/category\\\/sin-categoria\\\/\"},{\"@type\":\"ListItem\",\"position\":4,\"name\":\"El Espacio Familiar \u00a1La Pi\u00f1a de Cornell\u00e0 hace 2 a\u00f1os!\"}]},{\"@type\":\"WebSite\",\"@id\":\"https:\\\/\\\/fundesplai.org\\\/es\\\/#website\",\"url\":\"https:\\\/\\\/fundesplai.org\\\/es\\\/\",\"name\":\"Fundesplai\",\"description\":\"Eduquem per la conviv\u00e8ncia i la sostenibilitat\",\"potentialAction\":[{\"@type\":\"SearchAction\",\"target\":{\"@type\":\"EntryPoint\",\"urlTemplate\":\"https:\\\/\\\/fundesplai.org\\\/es\\\/?s={search_term_string}\"},\"query-input\":{\"@type\":\"PropertyValueSpecification\",\"valueRequired\":true,\"valueName\":\"search_term_string\"}}],\"inLanguage\":\"es\"},{\"@type\":\"Person\",\"@id\":\"https:\\\/\\\/fundesplai.org\\\/es\\\/#\\\/schema\\\/person\\\/67e7825d8ec54561cc24e36ba6b0f633\",\"name\":\"Ferran\",\"image\":{\"@type\":\"ImageObject\",\"inLanguage\":\"es\",\"@id\":\"https:\\\/\\\/secure.gravatar.com\\\/avatar\\\/a3510350976b58aae6eccd1e36f066b660a69ef63f97fde3cba8205db7db816a?s=96&d=mm&r=g\",\"url\":\"https:\\\/\\\/secure.gravatar.com\\\/avatar\\\/a3510350976b58aae6eccd1e36f066b660a69ef63f97fde3cba8205db7db816a?s=96&d=mm&r=g\",\"contentUrl\":\"https:\\\/\\\/secure.gravatar.com\\\/avatar\\\/a3510350976b58aae6eccd1e36f066b660a69ef63f97fde3cba8205db7db816a?s=96&d=mm&r=g\",\"caption\":\"Ferran\"},\"url\":\"https:\\\/\\\/fundesplai.org\\\/es\\\/informa-t\\\/author\\\/fvidal\\\/\"}]}<\/script>\n<!-- \/ Yoast SEO plugin. -->","yoast_head_json":{"title":"El Espacio Familiar \u00a1La Pi\u00f1a de Cornell\u00e0 hace 2 a\u00f1os! - Fundesplai","robots":{"index":"index","follow":"follow","max-snippet":"max-snippet:-1","max-image-preview":"max-image-preview:large","max-video-preview":"max-video-preview:-1"},"canonical":"https:\/\/fundesplai.org\/es\/informa-t\/actualitat-es\/el-espacio-familiar-la-pina-de-cornella-hace-2-anos\/","og_locale":"es_ES","og_type":"article","og_title":"El Espacio Familiar \u00a1La Pi\u00f1a de Cornell\u00e0 hace 2 a\u00f1os! - Fundesplai","og_description":"El pasado mi\u00e9rcoles 17 de enero, el Espacio Familiar La Pi\u00f1a de Cornell\u00e0 de Llobregat, que gestiona Fundesplai, celebr\u00f3 2 a\u00f1os con una gran fiesta con ni\u00f1os y familias.","og_url":"https:\/\/fundesplai.org\/es\/informa-t\/actualitat-es\/el-espacio-familiar-la-pina-de-cornella-hace-2-anos\/","og_site_name":"Fundesplai","article_published_time":"2018-01-23T10:36:41+00:00","og_image":[{"url":"https:\/\/fundesplai.org\/test-joomla\/wp-content\/uploads\/sites\/26\/2018\/01\/espai_familiar_pinya3.jpg","type":"","width":"","height":""}],"author":"Ferran","twitter_card":"summary_large_image","twitter_misc":{"Escrito por":"Ferran","Tiempo de lectura":"1 minuto"},"schema":{"@context":"https:\/\/schema.org","@graph":[{"@type":"Article","@id":"https:\/\/fundesplai.org\/es\/informa-t\/actualitat-es\/el-espacio-familiar-la-pina-de-cornella-hace-2-anos\/#article","isPartOf":{"@id":"https:\/\/fundesplai.org\/es\/informa-t\/actualitat-es\/el-espacio-familiar-la-pina-de-cornella-hace-2-anos\/"},"author":{"name":"Ferran","@id":"https:\/\/fundesplai.org\/es\/#\/schema\/person\/67e7825d8ec54561cc24e36ba6b0f633"},"headline":"El Espacio Familiar \u00a1La Pi\u00f1a de Cornell\u00e0 hace 2 a\u00f1os!","datePublished":"2018-01-23T10:36:41+00:00","mainEntityOfPage":{"@id":"https:\/\/fundesplai.org\/es\/informa-t\/actualitat-es\/el-espacio-familiar-la-pina-de-cornella-hace-2-anos\/"},"wordCount":192,"image":{"@id":"https:\/\/fundesplai.org\/es\/informa-t\/actualitat-es\/el-espacio-familiar-la-pina-de-cornella-hace-2-anos\/#primaryimage"},"thumbnailUrl":"https:\/\/fundesplai.org\/test-joomla\/wp-content\/uploads\/sites\/26\/2018\/01\/espai_familiar_pinya3.jpg","articleSection":["Actualitat"],"inLanguage":"es"},{"@type":"WebPage","@id":"https:\/\/fundesplai.org\/es\/informa-t\/actualitat-es\/el-espacio-familiar-la-pina-de-cornella-hace-2-anos\/","url":"https:\/\/fundesplai.org\/es\/informa-t\/actualitat-es\/el-espacio-familiar-la-pina-de-cornella-hace-2-anos\/","name":"El Espacio Familiar \u00a1La Pi\u00f1a de Cornell\u00e0 hace 2 a\u00f1os! - Fundesplai","isPartOf":{"@id":"https:\/\/fundesplai.org\/es\/#website"},"primaryImageOfPage":{"@id":"https:\/\/fundesplai.org\/es\/informa-t\/actualitat-es\/el-espacio-familiar-la-pina-de-cornella-hace-2-anos\/#primaryimage"},"image":{"@id":"https:\/\/fundesplai.org\/es\/informa-t\/actualitat-es\/el-espacio-familiar-la-pina-de-cornella-hace-2-anos\/#primaryimage"},"thumbnailUrl":"https:\/\/fundesplai.org\/test-joomla\/wp-content\/uploads\/sites\/26\/2018\/01\/espai_familiar_pinya3.jpg","datePublished":"2018-01-23T10:36:41+00:00","author":{"@id":"https:\/\/fundesplai.org\/es\/#\/schema\/person\/67e7825d8ec54561cc24e36ba6b0f633"},"breadcrumb":{"@id":"https:\/\/fundesplai.org\/es\/informa-t\/actualitat-es\/el-espacio-familiar-la-pina-de-cornella-hace-2-anos\/#breadcrumb"},"inLanguage":"es","potentialAction":[{"@type":"ReadAction","target":["https:\/\/fundesplai.org\/es\/informa-t\/actualitat-es\/el-espacio-familiar-la-pina-de-cornella-hace-2-anos\/"]}]},{"@type":"ImageObject","inLanguage":"es","@id":"https:\/\/fundesplai.org\/es\/informa-t\/actualitat-es\/el-espacio-familiar-la-pina-de-cornella-hace-2-anos\/#primaryimage","url":"https:\/\/fundesplai.org\/test-joomla\/wp-content\/uploads\/sites\/26\/2018\/01\/espai_familiar_pinya3.jpg","contentUrl":"https:\/\/fundesplai.org\/test-joomla\/wp-content\/uploads\/sites\/26\/2018\/01\/espai_familiar_pinya3.jpg"},{"@type":"BreadcrumbList","@id":"https:\/\/fundesplai.org\/es\/informa-t\/actualitat-es\/el-espacio-familiar-la-pina-de-cornella-hace-2-anos\/#breadcrumb","itemListElement":[{"@type":"ListItem","position":1,"name":"Inici","item":"https:\/\/fundesplai.org\/es\/inicio\/"},{"@type":"ListItem","position":2,"name":"Inf\u00f3rmate","item":"https:\/\/fundesplai.org\/es\/informate\/"},{"@type":"ListItem","position":3,"name":"Sin categor\u00eda","item":"https:\/\/fundesplai.org\/es\/informa-t\/category\/sin-categoria\/"},{"@type":"ListItem","position":4,"name":"El Espacio Familiar \u00a1La Pi\u00f1a de Cornell\u00e0 hace 2 a\u00f1os!"}]},{"@type":"WebSite","@id":"https:\/\/fundesplai.org\/es\/#website","url":"https:\/\/fundesplai.org\/es\/","name":"Fundesplai","description":"Eduquem per la conviv\u00e8ncia i la sostenibilitat","potentialAction":[{"@type":"SearchAction","target":{"@type":"EntryPoint","urlTemplate":"https:\/\/fundesplai.org\/es\/?s={search_term_string}"},"query-input":{"@type":"PropertyValueSpecification","valueRequired":true,"valueName":"search_term_string"}}],"inLanguage":"es"},{"@type":"Person","@id":"https:\/\/fundesplai.org\/es\/#\/schema\/person\/67e7825d8ec54561cc24e36ba6b0f633","name":"Ferran","image":{"@type":"ImageObject","inLanguage":"es","@id":"https:\/\/secure.gravatar.com\/avatar\/a3510350976b58aae6eccd1e36f066b660a69ef63f97fde3cba8205db7db816a?s=96&d=mm&r=g","url":"https:\/\/secure.gravatar.com\/avatar\/a3510350976b58aae6eccd1e36f066b660a69ef63f97fde3cba8205db7db816a?s=96&d=mm&r=g","contentUrl":"https:\/\/secure.gravatar.com\/avatar\/a3510350976b58aae6eccd1e36f066b660a69ef63f97fde3cba8205db7db816a?s=96&d=mm&r=g","caption":"Ferran"},"url":"https:\/\/fundesplai.org\/es\/informa-t\/author\/fvidal\/"}]}},"_links":{"self":[{"href":"https:\/\/fundesplai.org\/es\/wp-json\/wp\/v2\/posts\/47795","targetHints":{"allow":["GET"]}}],"collection":[{"href":"https:\/\/fundesplai.org\/es\/wp-json\/wp\/v2\/posts"}],"about":[{"href":"https:\/\/fundesplai.org\/es\/wp-json\/wp\/v2\/types\/post"}],"author":[{"embeddable":true,"href":"https:\/\/fundesplai.org\/es\/wp-json\/wp\/v2\/users\/4"}],"replies":[{"embeddable":true,"href":"https:\/\/fundesplai.org\/es\/wp-json\/wp\/v2\/comments?post=47795"}],"version-history":[{"count":0,"href":"https:\/\/fundesplai.org\/es\/wp-json\/wp\/v2\/posts\/47795\/revisions"}],"wp:attachment":[{"href":"https:\/\/fundesplai.org\/es\/wp-json\/wp\/v2\/media?parent=47795"}],"wp:term":[{"taxonomy":"category","embeddable":true,"href":"https:\/\/fundesplai.org\/es\/wp-json\/wp\/v2\/categories?post=47795"},{"taxonomy":"post_tag","embeddable":true,"href":"https:\/\/fundesplai.org\/es\/wp-json\/wp\/v2\/tags?post=47795"}],"curies":[{"name":"wp","href":"https:\/\/api.w.org\/{rel}","templated":true}]}}