{"id":47791,"date":"2018-01-19T14:29:48","date_gmt":"2018-01-19T13:29:48","guid":{"rendered":"https:\/\/fundesplai.org\/informa-t\/sense-categoria\/voluntario-a-para-proyecto-de-mentoria-social-con-jovenes\/"},"modified":"2023-08-11T11:30:12","modified_gmt":"2023-08-11T09:30:12","slug":"voluntario-a-para-proyecto-de-mentoria-social-con-jovenes","status":"publish","type":"post","link":"https:\/\/fundesplai.org\/es\/informa-t\/actualitat-es\/voluntario-a-para-proyecto-de-mentoria-social-con-jovenes\/","title":{"rendered":"Voluntario\/a para proyecto de Mentoria Social con j\u00f3venes"},"content":{"rendered":"<p align=\"center\" style=\"text-align: left\">En Fundesplai buscamos personas que quieran incorporarse como voluntarios\/as para apoyar a j\u00f3venes de entre 18 y 29 a\u00f1os en situaci\u00f3n de vulnerabilidad.<\/p>\n<p><!--more--><\/p>\n<p align=\"center\" style=\"text-align: left\"><img decoding=\"async\" class=\" size-full wp-image-5072\" src=\"https:\/\/fundesplai.org\/test-joomla\/wp-content\/uploads\/sites\/26\/2018\/01\/MENTORIA.jpg\" width=\"100%\" height=\"NaN\" alt=\"MENTOR\u00cdA\"><\/p>\n<p align=\"center\" style=\"text-align: left\"><strong>\u00bfQui\u00e9nes Somos?<\/strong><\/p>\n<p><strong>Fundesplai<\/strong> es una iniciativa sin \u00e1nimo de lucro que trabaja a favor de los ni\u00f1os, j\u00f3venes, las familias y el Tercer Sector. La misi\u00f3n de Fundesplai es educar a los ni\u00f1os y j\u00f3venes, fortalecer a las entidades de ocio y al Tercer Sector, mejorar el medio ambiente y promover la ciudadan\u00eda y la inclusi\u00f3n social, con voluntad transformadora.<\/p>\n<p><strong>\u00bfQu\u00e9 estamos buscando?<\/strong><\/p>\n<p>Buscamos personas comprometidas, que quieran incorporarse a un <strong>equipo de mentores y mentoras voluntarias<\/strong> por nuestro Programa de Mentor\u00eda Social. Para atender y apoyar a los y las diferentes j\u00f3venes de entre 18 y 29 a\u00f1os que participan en el proyecto.<\/p>\n<p><strong>\u00bfQu\u00e9 caracter\u00edsticas deben tener los mentores voluntarios?<\/strong><\/p>\n<p>Buscamos personas de m\u00e1s de 30 a\u00f1os con capacidad de transmitir los conocimientos de su trayectoria profesional y personal a los y las j\u00f3venes participantes. Personas emp\u00e1ticas, asertivas con capacidad de escucha activa,&nbsp;&nbsp; seguretat en si mateixos i &nbsp;comunicatiu.<\/p>\n<p><strong><em>\u00bfQu\u00e9 puedo aportar como mentor\/a?<\/em><\/strong><\/p>\n<p>Puedes compartir tu experiencia para acompa\u00f1ar y ayudar a estos &nbsp; j\u00f3venes en situaci\u00f3n de vulnerabilidad que necesitan apoyo para desarrollar sus competencias y habilidades individuales tanto a nivel personal como profesional.<\/p>\n<p><strong><em>\u00bfQu\u00e9 me ofrece Fundesplai?<\/em><\/strong><\/p>\n<p>Formaci\u00f3n sobre mentor\u00eda social &nbsp; y seguimiento y acompa\u00f1amiento a lo largo del proceso.<\/p>\n<p>M\u00e1s informaci\u00f3n a <a href=\"http:\/\/projectes.fundesplai.org\/mentoria\/\">http:\/\/projectes.fundesplai.org\/mentoria\/<\/a><\/p>\n<p><strong>\u00bfQu\u00e9 disponibilidad pedimos?<\/strong><\/p>\n<p>Encuentros quincenales de dos horas de duraci\u00f3n durante 6 meses, en horario pactado con el joven.<\/p>\n<p><strong>Fecha inicio demanda:<\/strong> inscripciones permanentemente abiertas<\/p>\n<p><strong>Fecha final demanda:<\/strong> inscripciones permanentemente abiertas<\/p>\n<p>Por m\u00e1s informaci\u00f3n: <a href=\"mailto:mentoriasocial@fundesplai.org\">mentoriasocial@fundesplai.org<\/a> o llama al 93 474 74 74 (Ext 663)<\/p>\n","protected":false},"excerpt":{"rendered":"<p>En Fundesplai buscamos personas que quieran incorporarse como voluntarios\/as para apoyar a j\u00f3venes de entre 18 y 29 a\u00f1os en situaci\u00f3n de vulnerabilidad.<\/p>\n","protected":false},"author":9,"featured_media":0,"comment_status":"closed","ping_status":"closed","sticky":false,"template":"","format":"standard","meta":{"_et_pb_use_builder":"","_et_pb_old_content":"","_et_gb_content_width":"","footnotes":""},"categories":[937],"tags":[],"class_list":["post-47791","post","type-post","status-publish","format-standard","hentry","category-actualitat-es"],"yoast_head":"<!-- This site is optimized with the Yoast SEO plugin v27.4 - https:\/\/yoast.com\/product\/yoast-seo-wordpress\/ -->\n<title>Voluntario\/a para proyecto de Mentoria Social con j\u00f3venes - Fundesplai<\/title>\n<meta name=\"robots\" content=\"index, follow, max-snippet:-1, max-image-preview:large, max-video-preview:-1\" \/>\n<link rel=\"canonical\" href=\"https:\/\/fundesplai.org\/es\/informa-t\/actualitat-es\/voluntario-a-para-proyecto-de-mentoria-social-con-jovenes\/\" \/>\n<meta property=\"og:locale\" content=\"es_ES\" \/>\n<meta property=\"og:type\" content=\"article\" \/>\n<meta property=\"og:title\" content=\"Voluntario\/a para proyecto de Mentoria Social con j\u00f3venes - Fundesplai\" \/>\n<meta property=\"og:description\" content=\"En Fundesplai buscamos personas que quieran incorporarse como voluntarios\/as para apoyar a j\u00f3venes de entre 18 y 29 a\u00f1os en situaci\u00f3n de vulnerabilidad.\" \/>\n<meta property=\"og:url\" content=\"https:\/\/fundesplai.org\/es\/informa-t\/actualitat-es\/voluntario-a-para-proyecto-de-mentoria-social-con-jovenes\/\" \/>\n<meta property=\"og:site_name\" content=\"Fundesplai\" \/>\n<meta property=\"article:published_time\" content=\"2018-01-19T13:29:48+00:00\" \/>\n<meta property=\"article:modified_time\" content=\"2023-08-11T09:30:12+00:00\" \/>\n<meta property=\"og:image\" content=\"https:\/\/fundesplai.org\/test-joomla\/wp-content\/uploads\/sites\/26\/2018\/01\/MENTORIA.jpg\" \/>\n<meta name=\"author\" content=\"Alfons Valle\" \/>\n<meta name=\"twitter:card\" content=\"summary_large_image\" \/>\n<meta name=\"twitter:label1\" content=\"Escrito por\" \/>\n\t<meta name=\"twitter:data1\" content=\"Alfons Valle\" \/>\n\t<meta name=\"twitter:label2\" content=\"Tiempo de lectura\" \/>\n\t<meta name=\"twitter:data2\" content=\"2 minutos\" \/>\n<script type=\"application\/ld+json\" class=\"yoast-schema-graph\">{\"@context\":\"https:\\\/\\\/schema.org\",\"@graph\":[{\"@type\":\"Article\",\"@id\":\"https:\\\/\\\/fundesplai.org\\\/es\\\/informa-t\\\/actualitat-es\\\/voluntario-a-para-proyecto-de-mentoria-social-con-jovenes\\\/#article\",\"isPartOf\":{\"@id\":\"https:\\\/\\\/fundesplai.org\\\/es\\\/informa-t\\\/actualitat-es\\\/voluntario-a-para-proyecto-de-mentoria-social-con-jovenes\\\/\"},\"author\":{\"name\":\"Alfons Valle\",\"@id\":\"https:\\\/\\\/fundesplai.org\\\/es\\\/#\\\/schema\\\/person\\\/c0e9e7466bb8ac06f5264324a6109733\"},\"headline\":\"Voluntario\\\/a para proyecto de Mentoria Social con j\u00f3venes\",\"datePublished\":\"2018-01-19T13:29:48+00:00\",\"dateModified\":\"2023-08-11T09:30:12+00:00\",\"mainEntityOfPage\":{\"@id\":\"https:\\\/\\\/fundesplai.org\\\/es\\\/informa-t\\\/actualitat-es\\\/voluntario-a-para-proyecto-de-mentoria-social-con-jovenes\\\/\"},\"wordCount\":316,\"image\":{\"@id\":\"https:\\\/\\\/fundesplai.org\\\/es\\\/informa-t\\\/actualitat-es\\\/voluntario-a-para-proyecto-de-mentoria-social-con-jovenes\\\/#primaryimage\"},\"thumbnailUrl\":\"https:\\\/\\\/fundesplai.org\\\/test-joomla\\\/wp-content\\\/uploads\\\/sites\\\/26\\\/2018\\\/01\\\/MENTORIA.jpg\",\"articleSection\":[\"Actualitat\"],\"inLanguage\":\"es\"},{\"@type\":\"WebPage\",\"@id\":\"https:\\\/\\\/fundesplai.org\\\/es\\\/informa-t\\\/actualitat-es\\\/voluntario-a-para-proyecto-de-mentoria-social-con-jovenes\\\/\",\"url\":\"https:\\\/\\\/fundesplai.org\\\/es\\\/informa-t\\\/actualitat-es\\\/voluntario-a-para-proyecto-de-mentoria-social-con-jovenes\\\/\",\"name\":\"Voluntario\\\/a para proyecto de Mentoria Social con j\u00f3venes - Fundesplai\",\"isPartOf\":{\"@id\":\"https:\\\/\\\/fundesplai.org\\\/es\\\/#website\"},\"primaryImageOfPage\":{\"@id\":\"https:\\\/\\\/fundesplai.org\\\/es\\\/informa-t\\\/actualitat-es\\\/voluntario-a-para-proyecto-de-mentoria-social-con-jovenes\\\/#primaryimage\"},\"image\":{\"@id\":\"https:\\\/\\\/fundesplai.org\\\/es\\\/informa-t\\\/actualitat-es\\\/voluntario-a-para-proyecto-de-mentoria-social-con-jovenes\\\/#primaryimage\"},\"thumbnailUrl\":\"https:\\\/\\\/fundesplai.org\\\/test-joomla\\\/wp-content\\\/uploads\\\/sites\\\/26\\\/2018\\\/01\\\/MENTORIA.jpg\",\"datePublished\":\"2018-01-19T13:29:48+00:00\",\"dateModified\":\"2023-08-11T09:30:12+00:00\",\"author\":{\"@id\":\"https:\\\/\\\/fundesplai.org\\\/es\\\/#\\\/schema\\\/person\\\/c0e9e7466bb8ac06f5264324a6109733\"},\"breadcrumb\":{\"@id\":\"https:\\\/\\\/fundesplai.org\\\/es\\\/informa-t\\\/actualitat-es\\\/voluntario-a-para-proyecto-de-mentoria-social-con-jovenes\\\/#breadcrumb\"},\"inLanguage\":\"es\",\"potentialAction\":[{\"@type\":\"ReadAction\",\"target\":[\"https:\\\/\\\/fundesplai.org\\\/es\\\/informa-t\\\/actualitat-es\\\/voluntario-a-para-proyecto-de-mentoria-social-con-jovenes\\\/\"]}]},{\"@type\":\"ImageObject\",\"inLanguage\":\"es\",\"@id\":\"https:\\\/\\\/fundesplai.org\\\/es\\\/informa-t\\\/actualitat-es\\\/voluntario-a-para-proyecto-de-mentoria-social-con-jovenes\\\/#primaryimage\",\"url\":\"https:\\\/\\\/fundesplai.org\\\/test-joomla\\\/wp-content\\\/uploads\\\/sites\\\/26\\\/2018\\\/01\\\/MENTORIA.jpg\",\"contentUrl\":\"https:\\\/\\\/fundesplai.org\\\/test-joomla\\\/wp-content\\\/uploads\\\/sites\\\/26\\\/2018\\\/01\\\/MENTORIA.jpg\"},{\"@type\":\"BreadcrumbList\",\"@id\":\"https:\\\/\\\/fundesplai.org\\\/es\\\/informa-t\\\/actualitat-es\\\/voluntario-a-para-proyecto-de-mentoria-social-con-jovenes\\\/#breadcrumb\",\"itemListElement\":[{\"@type\":\"ListItem\",\"position\":1,\"name\":\"Inici\",\"item\":\"https:\\\/\\\/fundesplai.org\\\/es\\\/inicio\\\/\"},{\"@type\":\"ListItem\",\"position\":2,\"name\":\"Inf\u00f3rmate\",\"item\":\"https:\\\/\\\/fundesplai.org\\\/es\\\/informate\\\/\"},{\"@type\":\"ListItem\",\"position\":3,\"name\":\"Actualitat\",\"item\":\"https:\\\/\\\/fundesplai.org\\\/es\\\/informa-t\\\/category\\\/actualitat-es\\\/\"},{\"@type\":\"ListItem\",\"position\":4,\"name\":\"Voluntario\\\/a para proyecto de Mentoria Social con j\u00f3venes\"}]},{\"@type\":\"WebSite\",\"@id\":\"https:\\\/\\\/fundesplai.org\\\/es\\\/#website\",\"url\":\"https:\\\/\\\/fundesplai.org\\\/es\\\/\",\"name\":\"Fundesplai\",\"description\":\"Eduquem per la conviv\u00e8ncia i la sostenibilitat\",\"potentialAction\":[{\"@type\":\"SearchAction\",\"target\":{\"@type\":\"EntryPoint\",\"urlTemplate\":\"https:\\\/\\\/fundesplai.org\\\/es\\\/?s={search_term_string}\"},\"query-input\":{\"@type\":\"PropertyValueSpecification\",\"valueRequired\":true,\"valueName\":\"search_term_string\"}}],\"inLanguage\":\"es\"},{\"@type\":\"Person\",\"@id\":\"https:\\\/\\\/fundesplai.org\\\/es\\\/#\\\/schema\\\/person\\\/c0e9e7466bb8ac06f5264324a6109733\",\"name\":\"Alfons Valle\",\"image\":{\"@type\":\"ImageObject\",\"inLanguage\":\"es\",\"@id\":\"https:\\\/\\\/secure.gravatar.com\\\/avatar\\\/71d95a3f99a068ba570ac1314ed6911a59c5ae3f22ffcf23631cd1a861a640bc?s=96&d=mm&r=g\",\"url\":\"https:\\\/\\\/secure.gravatar.com\\\/avatar\\\/71d95a3f99a068ba570ac1314ed6911a59c5ae3f22ffcf23631cd1a861a640bc?s=96&d=mm&r=g\",\"contentUrl\":\"https:\\\/\\\/secure.gravatar.com\\\/avatar\\\/71d95a3f99a068ba570ac1314ed6911a59c5ae3f22ffcf23631cd1a861a640bc?s=96&d=mm&r=g\",\"caption\":\"Alfons Valle\"},\"url\":\"https:\\\/\\\/fundesplai.org\\\/es\\\/informa-t\\\/author\\\/avalle\\\/\"}]}<\/script>\n<!-- \/ Yoast SEO plugin. -->","yoast_head_json":{"title":"Voluntario\/a para proyecto de Mentoria Social con j\u00f3venes - Fundesplai","robots":{"index":"index","follow":"follow","max-snippet":"max-snippet:-1","max-image-preview":"max-image-preview:large","max-video-preview":"max-video-preview:-1"},"canonical":"https:\/\/fundesplai.org\/es\/informa-t\/actualitat-es\/voluntario-a-para-proyecto-de-mentoria-social-con-jovenes\/","og_locale":"es_ES","og_type":"article","og_title":"Voluntario\/a para proyecto de Mentoria Social con j\u00f3venes - Fundesplai","og_description":"En Fundesplai buscamos personas que quieran incorporarse como voluntarios\/as para apoyar a j\u00f3venes de entre 18 y 29 a\u00f1os en situaci\u00f3n de vulnerabilidad.","og_url":"https:\/\/fundesplai.org\/es\/informa-t\/actualitat-es\/voluntario-a-para-proyecto-de-mentoria-social-con-jovenes\/","og_site_name":"Fundesplai","article_published_time":"2018-01-19T13:29:48+00:00","article_modified_time":"2023-08-11T09:30:12+00:00","og_image":[{"url":"https:\/\/fundesplai.org\/test-joomla\/wp-content\/uploads\/sites\/26\/2018\/01\/MENTORIA.jpg","type":"","width":"","height":""}],"author":"Alfons Valle","twitter_card":"summary_large_image","twitter_misc":{"Escrito por":"Alfons Valle","Tiempo de lectura":"2 minutos"},"schema":{"@context":"https:\/\/schema.org","@graph":[{"@type":"Article","@id":"https:\/\/fundesplai.org\/es\/informa-t\/actualitat-es\/voluntario-a-para-proyecto-de-mentoria-social-con-jovenes\/#article","isPartOf":{"@id":"https:\/\/fundesplai.org\/es\/informa-t\/actualitat-es\/voluntario-a-para-proyecto-de-mentoria-social-con-jovenes\/"},"author":{"name":"Alfons Valle","@id":"https:\/\/fundesplai.org\/es\/#\/schema\/person\/c0e9e7466bb8ac06f5264324a6109733"},"headline":"Voluntario\/a para proyecto de Mentoria Social con j\u00f3venes","datePublished":"2018-01-19T13:29:48+00:00","dateModified":"2023-08-11T09:30:12+00:00","mainEntityOfPage":{"@id":"https:\/\/fundesplai.org\/es\/informa-t\/actualitat-es\/voluntario-a-para-proyecto-de-mentoria-social-con-jovenes\/"},"wordCount":316,"image":{"@id":"https:\/\/fundesplai.org\/es\/informa-t\/actualitat-es\/voluntario-a-para-proyecto-de-mentoria-social-con-jovenes\/#primaryimage"},"thumbnailUrl":"https:\/\/fundesplai.org\/test-joomla\/wp-content\/uploads\/sites\/26\/2018\/01\/MENTORIA.jpg","articleSection":["Actualitat"],"inLanguage":"es"},{"@type":"WebPage","@id":"https:\/\/fundesplai.org\/es\/informa-t\/actualitat-es\/voluntario-a-para-proyecto-de-mentoria-social-con-jovenes\/","url":"https:\/\/fundesplai.org\/es\/informa-t\/actualitat-es\/voluntario-a-para-proyecto-de-mentoria-social-con-jovenes\/","name":"Voluntario\/a para proyecto de Mentoria Social con j\u00f3venes - Fundesplai","isPartOf":{"@id":"https:\/\/fundesplai.org\/es\/#website"},"primaryImageOfPage":{"@id":"https:\/\/fundesplai.org\/es\/informa-t\/actualitat-es\/voluntario-a-para-proyecto-de-mentoria-social-con-jovenes\/#primaryimage"},"image":{"@id":"https:\/\/fundesplai.org\/es\/informa-t\/actualitat-es\/voluntario-a-para-proyecto-de-mentoria-social-con-jovenes\/#primaryimage"},"thumbnailUrl":"https:\/\/fundesplai.org\/test-joomla\/wp-content\/uploads\/sites\/26\/2018\/01\/MENTORIA.jpg","datePublished":"2018-01-19T13:29:48+00:00","dateModified":"2023-08-11T09:30:12+00:00","author":{"@id":"https:\/\/fundesplai.org\/es\/#\/schema\/person\/c0e9e7466bb8ac06f5264324a6109733"},"breadcrumb":{"@id":"https:\/\/fundesplai.org\/es\/informa-t\/actualitat-es\/voluntario-a-para-proyecto-de-mentoria-social-con-jovenes\/#breadcrumb"},"inLanguage":"es","potentialAction":[{"@type":"ReadAction","target":["https:\/\/fundesplai.org\/es\/informa-t\/actualitat-es\/voluntario-a-para-proyecto-de-mentoria-social-con-jovenes\/"]}]},{"@type":"ImageObject","inLanguage":"es","@id":"https:\/\/fundesplai.org\/es\/informa-t\/actualitat-es\/voluntario-a-para-proyecto-de-mentoria-social-con-jovenes\/#primaryimage","url":"https:\/\/fundesplai.org\/test-joomla\/wp-content\/uploads\/sites\/26\/2018\/01\/MENTORIA.jpg","contentUrl":"https:\/\/fundesplai.org\/test-joomla\/wp-content\/uploads\/sites\/26\/2018\/01\/MENTORIA.jpg"},{"@type":"BreadcrumbList","@id":"https:\/\/fundesplai.org\/es\/informa-t\/actualitat-es\/voluntario-a-para-proyecto-de-mentoria-social-con-jovenes\/#breadcrumb","itemListElement":[{"@type":"ListItem","position":1,"name":"Inici","item":"https:\/\/fundesplai.org\/es\/inicio\/"},{"@type":"ListItem","position":2,"name":"Inf\u00f3rmate","item":"https:\/\/fundesplai.org\/es\/informate\/"},{"@type":"ListItem","position":3,"name":"Actualitat","item":"https:\/\/fundesplai.org\/es\/informa-t\/category\/actualitat-es\/"},{"@type":"ListItem","position":4,"name":"Voluntario\/a para proyecto de Mentoria Social con j\u00f3venes"}]},{"@type":"WebSite","@id":"https:\/\/fundesplai.org\/es\/#website","url":"https:\/\/fundesplai.org\/es\/","name":"Fundesplai","description":"Eduquem per la conviv\u00e8ncia i la sostenibilitat","potentialAction":[{"@type":"SearchAction","target":{"@type":"EntryPoint","urlTemplate":"https:\/\/fundesplai.org\/es\/?s={search_term_string}"},"query-input":{"@type":"PropertyValueSpecification","valueRequired":true,"valueName":"search_term_string"}}],"inLanguage":"es"},{"@type":"Person","@id":"https:\/\/fundesplai.org\/es\/#\/schema\/person\/c0e9e7466bb8ac06f5264324a6109733","name":"Alfons Valle","image":{"@type":"ImageObject","inLanguage":"es","@id":"https:\/\/secure.gravatar.com\/avatar\/71d95a3f99a068ba570ac1314ed6911a59c5ae3f22ffcf23631cd1a861a640bc?s=96&d=mm&r=g","url":"https:\/\/secure.gravatar.com\/avatar\/71d95a3f99a068ba570ac1314ed6911a59c5ae3f22ffcf23631cd1a861a640bc?s=96&d=mm&r=g","contentUrl":"https:\/\/secure.gravatar.com\/avatar\/71d95a3f99a068ba570ac1314ed6911a59c5ae3f22ffcf23631cd1a861a640bc?s=96&d=mm&r=g","caption":"Alfons Valle"},"url":"https:\/\/fundesplai.org\/es\/informa-t\/author\/avalle\/"}]}},"_links":{"self":[{"href":"https:\/\/fundesplai.org\/es\/wp-json\/wp\/v2\/posts\/47791","targetHints":{"allow":["GET"]}}],"collection":[{"href":"https:\/\/fundesplai.org\/es\/wp-json\/wp\/v2\/posts"}],"about":[{"href":"https:\/\/fundesplai.org\/es\/wp-json\/wp\/v2\/types\/post"}],"author":[{"embeddable":true,"href":"https:\/\/fundesplai.org\/es\/wp-json\/wp\/v2\/users\/9"}],"replies":[{"embeddable":true,"href":"https:\/\/fundesplai.org\/es\/wp-json\/wp\/v2\/comments?post=47791"}],"version-history":[{"count":1,"href":"https:\/\/fundesplai.org\/es\/wp-json\/wp\/v2\/posts\/47791\/revisions"}],"predecessor-version":[{"id":47792,"href":"https:\/\/fundesplai.org\/es\/wp-json\/wp\/v2\/posts\/47791\/revisions\/47792"}],"wp:attachment":[{"href":"https:\/\/fundesplai.org\/es\/wp-json\/wp\/v2\/media?parent=47791"}],"wp:term":[{"taxonomy":"category","embeddable":true,"href":"https:\/\/fundesplai.org\/es\/wp-json\/wp\/v2\/categories?post=47791"},{"taxonomy":"post_tag","embeddable":true,"href":"https:\/\/fundesplai.org\/es\/wp-json\/wp\/v2\/tags?post=47791"}],"curies":[{"name":"wp","href":"https:\/\/api.w.org\/{rel}","templated":true}]}}