{"id":47790,"date":"2018-01-10T13:24:11","date_gmt":"2018-01-10T12:24:11","guid":{"rendered":"https:\/\/fundesplai.org\/informa-t\/sense-categoria\/fundesplai-inicia-la-3a-edicion-de-tomamos-partido-por-la-infancia\/"},"modified":"2018-01-10T13:24:11","modified_gmt":"2018-01-10T12:24:11","slug":"fundesplai-inicia-la-3a-edicion-de-tomamos-partido-por-la-infancia","status":"publish","type":"post","link":"https:\/\/fundesplai.org\/es\/informa-t\/actualitat-es\/fundesplai-inicia-la-3a-edicion-de-tomamos-partido-por-la-infancia\/","title":{"rendered":"Fundesplai inicia la 3a edici\u00f3n de \u00abTomamos partido por la infancia\u00bb"},"content":{"rendered":"<p>Fundesplai pone en marcha la tercera edici\u00f3n de \u201cTomos partido por la infancia\u201d, la campa\u00f1a que concentra todos los esfuerzos educativos y sociales para revertir la situaci\u00f3n de vulnerabilidad en la que se encuentran miles de ni\u00f1os y ni\u00f1as.<\/p>\n<p><!--more--><\/p>\n<p><a href=\"ca\/dona\"><img decoding=\"async\" class=\" size-full wp-image-5031\" src=\"https:\/\/fundesplai.org\/test-joomla\/wp-content\/uploads\/sites\/26\/2018\/01\/HEADER_DONATIU.jpg\" alt=\"HEADER DONATIU\" width=\"100%\" height=\"NaN\"><\/a><\/p>\n<p>Fundesplai pone en marcha la tercera edici\u00f3n de \u201cTomamos partido por la infancia\u201d, la campa\u00f1a que concentra todos los esfuerzos educativos y sociales para revertir la situaci\u00f3n de vulnerabilidad en la que se encuentran miles de ni\u00f1os y ni\u00f1as de nuestro pa\u00eds. Seg\u00fan la Encuesta de Condiciones de Vida 2016 (INE-Idescat), la tasa AROPE se\u00f1ala que el 26,6% de menores de 18 a\u00f1os en Catalu\u00f1a vive por debajo del umbral de la pobreza y ve comprometido su acceso a todos aquellos servicios que no est\u00e1n debidamente cubiertos, tales como la alimentaci\u00f3n, la atenci\u00f3n y la educaci\u00f3n en el ocio.<\/p>\n<p>Aunque la tasa de riesgo de pobreza en menores de 18 a\u00f1os ha mejorado, se est\u00e1 produciendo un proceso de precarizaci\u00f3n de las condiciones econ\u00f3micas de las familias y de cronificaci\u00f3n de la pobreza, sobre todo de las que tienen hijos peque\u00f1os a cargo. Por eso en Fundesplai invitamos a todo el mundo que \u201ctome partido\u201d por la infancia haci\u00e9ndose socio o socia de la entidad o haciendo una aportaci\u00f3n econ\u00f3mica.<\/p>\n<p>Todos los fondos se destinar\u00e1n a becas y ayudas para que los ni\u00f1os en situaci\u00f3n de riesgo puedan acceder al comedor, colonias, actividades de ocio y refuerzo escolar.<\/p>\n<p>Gracias a la campa\u00f1a, en 2016 Fundesplai pudo otorgar 17.271 ayudas y becas para los ni\u00f1os en situaci\u00f3n de vulnerabilidad. Esta movilizaci\u00f3n ha contado con el apoyo de la Generalitat, la Diputaci\u00f3n de Barcelona, \u200b\u200bel Ministerio de Sanidad, Servicios Sociales e Igualdad, diferentes ayuntamientos, entidades como Obra Social \u201cla Caixa\u201d y Fundaci\u00f3n Probitas, empresas como Avantgrup Bardet y muchas personas particulares.<\/p>\n<p style=\"font-family: Geneva, Arial, Helvetica, sans-serif;font-size: 16px;text-transform: capitalize;font-variant: small-caps;color: #ffffff;background-color: #339933;width: 300px;text-align: center\"><a href=\"ca\/dona\"><strong>COLABORA!<\/strong><\/a><\/p>\n","protected":false},"excerpt":{"rendered":"<p>Fundesplai pone en marcha la tercera edici\u00f3n de \u201cTomos partido por la infancia\u201d, la campa\u00f1a que concentra todos los esfuerzos educativos y sociales para revertir la situaci\u00f3n de vulnerabilidad en la que se encuentran miles de ni\u00f1os y ni\u00f1as.<\/p>\n","protected":false},"author":9,"featured_media":0,"comment_status":"closed","ping_status":"closed","sticky":false,"template":"","format":"standard","meta":{"_et_pb_use_builder":"","_et_pb_old_content":"","_et_gb_content_width":"","footnotes":""},"categories":[937],"tags":[],"class_list":["post-47790","post","type-post","status-publish","format-standard","hentry","category-actualitat-es"],"yoast_head":"<!-- This site is optimized with the Yoast SEO plugin v27.4 - https:\/\/yoast.com\/product\/yoast-seo-wordpress\/ -->\n<title>Fundesplai inicia la 3a edici\u00f3n de &quot;Tomamos partido por la infancia&quot; - Fundesplai<\/title>\n<meta name=\"robots\" content=\"index, follow, max-snippet:-1, max-image-preview:large, max-video-preview:-1\" \/>\n<link rel=\"canonical\" href=\"https:\/\/fundesplai.org\/es\/informa-t\/actualitat-es\/fundesplai-inicia-la-3a-edicion-de-tomamos-partido-por-la-infancia\/\" \/>\n<meta property=\"og:locale\" content=\"es_ES\" \/>\n<meta property=\"og:type\" content=\"article\" \/>\n<meta property=\"og:title\" content=\"Fundesplai inicia la 3a edici\u00f3n de &quot;Tomamos partido por la infancia&quot; - Fundesplai\" \/>\n<meta property=\"og:description\" content=\"Fundesplai pone en marcha la tercera edici\u00f3n de \u201cTomos partido por la infancia\u201d, la campa\u00f1a que concentra todos los esfuerzos educativos y sociales para revertir la situaci\u00f3n de vulnerabilidad en la que se encuentran miles de ni\u00f1os y ni\u00f1as.\" \/>\n<meta property=\"og:url\" content=\"https:\/\/fundesplai.org\/es\/informa-t\/actualitat-es\/fundesplai-inicia-la-3a-edicion-de-tomamos-partido-por-la-infancia\/\" \/>\n<meta property=\"og:site_name\" content=\"Fundesplai\" \/>\n<meta property=\"article:published_time\" content=\"2018-01-10T12:24:11+00:00\" \/>\n<meta property=\"og:image\" content=\"https:\/\/fundesplai.org\/test-joomla\/wp-content\/uploads\/sites\/26\/2018\/01\/HEADER_DONATIU.jpg\" \/>\n<meta name=\"author\" content=\"Alfons Valle\" \/>\n<meta name=\"twitter:card\" content=\"summary_large_image\" \/>\n<meta name=\"twitter:label1\" content=\"Escrito por\" \/>\n\t<meta name=\"twitter:data1\" content=\"Alfons Valle\" \/>\n\t<meta name=\"twitter:label2\" content=\"Tiempo de lectura\" \/>\n\t<meta name=\"twitter:data2\" content=\"2 minutos\" \/>\n<script type=\"application\/ld+json\" class=\"yoast-schema-graph\">{\"@context\":\"https:\\\/\\\/schema.org\",\"@graph\":[{\"@type\":\"Article\",\"@id\":\"https:\\\/\\\/fundesplai.org\\\/es\\\/informa-t\\\/actualitat-es\\\/fundesplai-inicia-la-3a-edicion-de-tomamos-partido-por-la-infancia\\\/#article\",\"isPartOf\":{\"@id\":\"https:\\\/\\\/fundesplai.org\\\/es\\\/informa-t\\\/actualitat-es\\\/fundesplai-inicia-la-3a-edicion-de-tomamos-partido-por-la-infancia\\\/\"},\"author\":{\"name\":\"Alfons Valle\",\"@id\":\"https:\\\/\\\/fundesplai.org\\\/es\\\/#\\\/schema\\\/person\\\/c0e9e7466bb8ac06f5264324a6109733\"},\"headline\":\"Fundesplai inicia la 3a edici\u00f3n de \u00abTomamos partido por la infancia\u00bb\",\"datePublished\":\"2018-01-10T12:24:11+00:00\",\"mainEntityOfPage\":{\"@id\":\"https:\\\/\\\/fundesplai.org\\\/es\\\/informa-t\\\/actualitat-es\\\/fundesplai-inicia-la-3a-edicion-de-tomamos-partido-por-la-infancia\\\/\"},\"wordCount\":341,\"image\":{\"@id\":\"https:\\\/\\\/fundesplai.org\\\/es\\\/informa-t\\\/actualitat-es\\\/fundesplai-inicia-la-3a-edicion-de-tomamos-partido-por-la-infancia\\\/#primaryimage\"},\"thumbnailUrl\":\"https:\\\/\\\/fundesplai.org\\\/test-joomla\\\/wp-content\\\/uploads\\\/sites\\\/26\\\/2018\\\/01\\\/HEADER_DONATIU.jpg\",\"articleSection\":[\"Actualitat\"],\"inLanguage\":\"es\"},{\"@type\":\"WebPage\",\"@id\":\"https:\\\/\\\/fundesplai.org\\\/es\\\/informa-t\\\/actualitat-es\\\/fundesplai-inicia-la-3a-edicion-de-tomamos-partido-por-la-infancia\\\/\",\"url\":\"https:\\\/\\\/fundesplai.org\\\/es\\\/informa-t\\\/actualitat-es\\\/fundesplai-inicia-la-3a-edicion-de-tomamos-partido-por-la-infancia\\\/\",\"name\":\"Fundesplai inicia la 3a edici\u00f3n de \\\"Tomamos partido por la infancia\\\" - Fundesplai\",\"isPartOf\":{\"@id\":\"https:\\\/\\\/fundesplai.org\\\/es\\\/#website\"},\"primaryImageOfPage\":{\"@id\":\"https:\\\/\\\/fundesplai.org\\\/es\\\/informa-t\\\/actualitat-es\\\/fundesplai-inicia-la-3a-edicion-de-tomamos-partido-por-la-infancia\\\/#primaryimage\"},\"image\":{\"@id\":\"https:\\\/\\\/fundesplai.org\\\/es\\\/informa-t\\\/actualitat-es\\\/fundesplai-inicia-la-3a-edicion-de-tomamos-partido-por-la-infancia\\\/#primaryimage\"},\"thumbnailUrl\":\"https:\\\/\\\/fundesplai.org\\\/test-joomla\\\/wp-content\\\/uploads\\\/sites\\\/26\\\/2018\\\/01\\\/HEADER_DONATIU.jpg\",\"datePublished\":\"2018-01-10T12:24:11+00:00\",\"author\":{\"@id\":\"https:\\\/\\\/fundesplai.org\\\/es\\\/#\\\/schema\\\/person\\\/c0e9e7466bb8ac06f5264324a6109733\"},\"breadcrumb\":{\"@id\":\"https:\\\/\\\/fundesplai.org\\\/es\\\/informa-t\\\/actualitat-es\\\/fundesplai-inicia-la-3a-edicion-de-tomamos-partido-por-la-infancia\\\/#breadcrumb\"},\"inLanguage\":\"es\",\"potentialAction\":[{\"@type\":\"ReadAction\",\"target\":[\"https:\\\/\\\/fundesplai.org\\\/es\\\/informa-t\\\/actualitat-es\\\/fundesplai-inicia-la-3a-edicion-de-tomamos-partido-por-la-infancia\\\/\"]}]},{\"@type\":\"ImageObject\",\"inLanguage\":\"es\",\"@id\":\"https:\\\/\\\/fundesplai.org\\\/es\\\/informa-t\\\/actualitat-es\\\/fundesplai-inicia-la-3a-edicion-de-tomamos-partido-por-la-infancia\\\/#primaryimage\",\"url\":\"https:\\\/\\\/fundesplai.org\\\/test-joomla\\\/wp-content\\\/uploads\\\/sites\\\/26\\\/2018\\\/01\\\/HEADER_DONATIU.jpg\",\"contentUrl\":\"https:\\\/\\\/fundesplai.org\\\/test-joomla\\\/wp-content\\\/uploads\\\/sites\\\/26\\\/2018\\\/01\\\/HEADER_DONATIU.jpg\"},{\"@type\":\"BreadcrumbList\",\"@id\":\"https:\\\/\\\/fundesplai.org\\\/es\\\/informa-t\\\/actualitat-es\\\/fundesplai-inicia-la-3a-edicion-de-tomamos-partido-por-la-infancia\\\/#breadcrumb\",\"itemListElement\":[{\"@type\":\"ListItem\",\"position\":1,\"name\":\"Inici\",\"item\":\"https:\\\/\\\/fundesplai.org\\\/es\\\/inicio\\\/\"},{\"@type\":\"ListItem\",\"position\":2,\"name\":\"Inf\u00f3rmate\",\"item\":\"https:\\\/\\\/fundesplai.org\\\/es\\\/informate\\\/\"},{\"@type\":\"ListItem\",\"position\":3,\"name\":\"Sin categor\u00eda\",\"item\":\"https:\\\/\\\/fundesplai.org\\\/es\\\/informa-t\\\/category\\\/sin-categoria\\\/\"},{\"@type\":\"ListItem\",\"position\":4,\"name\":\"Fundesplai inicia la 3a edici\u00f3n de &#8220;Tomamos partido por la infancia&#8221;\"}]},{\"@type\":\"WebSite\",\"@id\":\"https:\\\/\\\/fundesplai.org\\\/es\\\/#website\",\"url\":\"https:\\\/\\\/fundesplai.org\\\/es\\\/\",\"name\":\"Fundesplai\",\"description\":\"Eduquem per la conviv\u00e8ncia i la sostenibilitat\",\"potentialAction\":[{\"@type\":\"SearchAction\",\"target\":{\"@type\":\"EntryPoint\",\"urlTemplate\":\"https:\\\/\\\/fundesplai.org\\\/es\\\/?s={search_term_string}\"},\"query-input\":{\"@type\":\"PropertyValueSpecification\",\"valueRequired\":true,\"valueName\":\"search_term_string\"}}],\"inLanguage\":\"es\"},{\"@type\":\"Person\",\"@id\":\"https:\\\/\\\/fundesplai.org\\\/es\\\/#\\\/schema\\\/person\\\/c0e9e7466bb8ac06f5264324a6109733\",\"name\":\"Alfons Valle\",\"image\":{\"@type\":\"ImageObject\",\"inLanguage\":\"es\",\"@id\":\"https:\\\/\\\/secure.gravatar.com\\\/avatar\\\/71d95a3f99a068ba570ac1314ed6911a59c5ae3f22ffcf23631cd1a861a640bc?s=96&d=mm&r=g\",\"url\":\"https:\\\/\\\/secure.gravatar.com\\\/avatar\\\/71d95a3f99a068ba570ac1314ed6911a59c5ae3f22ffcf23631cd1a861a640bc?s=96&d=mm&r=g\",\"contentUrl\":\"https:\\\/\\\/secure.gravatar.com\\\/avatar\\\/71d95a3f99a068ba570ac1314ed6911a59c5ae3f22ffcf23631cd1a861a640bc?s=96&d=mm&r=g\",\"caption\":\"Alfons Valle\"},\"url\":\"https:\\\/\\\/fundesplai.org\\\/es\\\/informa-t\\\/author\\\/avalle\\\/\"}]}<\/script>\n<!-- \/ Yoast SEO plugin. -->","yoast_head_json":{"title":"Fundesplai inicia la 3a edici\u00f3n de \"Tomamos partido por la infancia\" - Fundesplai","robots":{"index":"index","follow":"follow","max-snippet":"max-snippet:-1","max-image-preview":"max-image-preview:large","max-video-preview":"max-video-preview:-1"},"canonical":"https:\/\/fundesplai.org\/es\/informa-t\/actualitat-es\/fundesplai-inicia-la-3a-edicion-de-tomamos-partido-por-la-infancia\/","og_locale":"es_ES","og_type":"article","og_title":"Fundesplai inicia la 3a edici\u00f3n de \"Tomamos partido por la infancia\" - Fundesplai","og_description":"Fundesplai pone en marcha la tercera edici\u00f3n de \u201cTomos partido por la infancia\u201d, la campa\u00f1a que concentra todos los esfuerzos educativos y sociales para revertir la situaci\u00f3n de vulnerabilidad en la que se encuentran miles de ni\u00f1os y ni\u00f1as.","og_url":"https:\/\/fundesplai.org\/es\/informa-t\/actualitat-es\/fundesplai-inicia-la-3a-edicion-de-tomamos-partido-por-la-infancia\/","og_site_name":"Fundesplai","article_published_time":"2018-01-10T12:24:11+00:00","og_image":[{"url":"https:\/\/fundesplai.org\/test-joomla\/wp-content\/uploads\/sites\/26\/2018\/01\/HEADER_DONATIU.jpg","type":"","width":"","height":""}],"author":"Alfons Valle","twitter_card":"summary_large_image","twitter_misc":{"Escrito por":"Alfons Valle","Tiempo de lectura":"2 minutos"},"schema":{"@context":"https:\/\/schema.org","@graph":[{"@type":"Article","@id":"https:\/\/fundesplai.org\/es\/informa-t\/actualitat-es\/fundesplai-inicia-la-3a-edicion-de-tomamos-partido-por-la-infancia\/#article","isPartOf":{"@id":"https:\/\/fundesplai.org\/es\/informa-t\/actualitat-es\/fundesplai-inicia-la-3a-edicion-de-tomamos-partido-por-la-infancia\/"},"author":{"name":"Alfons Valle","@id":"https:\/\/fundesplai.org\/es\/#\/schema\/person\/c0e9e7466bb8ac06f5264324a6109733"},"headline":"Fundesplai inicia la 3a edici\u00f3n de \u00abTomamos partido por la infancia\u00bb","datePublished":"2018-01-10T12:24:11+00:00","mainEntityOfPage":{"@id":"https:\/\/fundesplai.org\/es\/informa-t\/actualitat-es\/fundesplai-inicia-la-3a-edicion-de-tomamos-partido-por-la-infancia\/"},"wordCount":341,"image":{"@id":"https:\/\/fundesplai.org\/es\/informa-t\/actualitat-es\/fundesplai-inicia-la-3a-edicion-de-tomamos-partido-por-la-infancia\/#primaryimage"},"thumbnailUrl":"https:\/\/fundesplai.org\/test-joomla\/wp-content\/uploads\/sites\/26\/2018\/01\/HEADER_DONATIU.jpg","articleSection":["Actualitat"],"inLanguage":"es"},{"@type":"WebPage","@id":"https:\/\/fundesplai.org\/es\/informa-t\/actualitat-es\/fundesplai-inicia-la-3a-edicion-de-tomamos-partido-por-la-infancia\/","url":"https:\/\/fundesplai.org\/es\/informa-t\/actualitat-es\/fundesplai-inicia-la-3a-edicion-de-tomamos-partido-por-la-infancia\/","name":"Fundesplai inicia la 3a edici\u00f3n de \"Tomamos partido por la infancia\" - Fundesplai","isPartOf":{"@id":"https:\/\/fundesplai.org\/es\/#website"},"primaryImageOfPage":{"@id":"https:\/\/fundesplai.org\/es\/informa-t\/actualitat-es\/fundesplai-inicia-la-3a-edicion-de-tomamos-partido-por-la-infancia\/#primaryimage"},"image":{"@id":"https:\/\/fundesplai.org\/es\/informa-t\/actualitat-es\/fundesplai-inicia-la-3a-edicion-de-tomamos-partido-por-la-infancia\/#primaryimage"},"thumbnailUrl":"https:\/\/fundesplai.org\/test-joomla\/wp-content\/uploads\/sites\/26\/2018\/01\/HEADER_DONATIU.jpg","datePublished":"2018-01-10T12:24:11+00:00","author":{"@id":"https:\/\/fundesplai.org\/es\/#\/schema\/person\/c0e9e7466bb8ac06f5264324a6109733"},"breadcrumb":{"@id":"https:\/\/fundesplai.org\/es\/informa-t\/actualitat-es\/fundesplai-inicia-la-3a-edicion-de-tomamos-partido-por-la-infancia\/#breadcrumb"},"inLanguage":"es","potentialAction":[{"@type":"ReadAction","target":["https:\/\/fundesplai.org\/es\/informa-t\/actualitat-es\/fundesplai-inicia-la-3a-edicion-de-tomamos-partido-por-la-infancia\/"]}]},{"@type":"ImageObject","inLanguage":"es","@id":"https:\/\/fundesplai.org\/es\/informa-t\/actualitat-es\/fundesplai-inicia-la-3a-edicion-de-tomamos-partido-por-la-infancia\/#primaryimage","url":"https:\/\/fundesplai.org\/test-joomla\/wp-content\/uploads\/sites\/26\/2018\/01\/HEADER_DONATIU.jpg","contentUrl":"https:\/\/fundesplai.org\/test-joomla\/wp-content\/uploads\/sites\/26\/2018\/01\/HEADER_DONATIU.jpg"},{"@type":"BreadcrumbList","@id":"https:\/\/fundesplai.org\/es\/informa-t\/actualitat-es\/fundesplai-inicia-la-3a-edicion-de-tomamos-partido-por-la-infancia\/#breadcrumb","itemListElement":[{"@type":"ListItem","position":1,"name":"Inici","item":"https:\/\/fundesplai.org\/es\/inicio\/"},{"@type":"ListItem","position":2,"name":"Inf\u00f3rmate","item":"https:\/\/fundesplai.org\/es\/informate\/"},{"@type":"ListItem","position":3,"name":"Sin categor\u00eda","item":"https:\/\/fundesplai.org\/es\/informa-t\/category\/sin-categoria\/"},{"@type":"ListItem","position":4,"name":"Fundesplai inicia la 3a edici\u00f3n de &#8220;Tomamos partido por la infancia&#8221;"}]},{"@type":"WebSite","@id":"https:\/\/fundesplai.org\/es\/#website","url":"https:\/\/fundesplai.org\/es\/","name":"Fundesplai","description":"Eduquem per la conviv\u00e8ncia i la sostenibilitat","potentialAction":[{"@type":"SearchAction","target":{"@type":"EntryPoint","urlTemplate":"https:\/\/fundesplai.org\/es\/?s={search_term_string}"},"query-input":{"@type":"PropertyValueSpecification","valueRequired":true,"valueName":"search_term_string"}}],"inLanguage":"es"},{"@type":"Person","@id":"https:\/\/fundesplai.org\/es\/#\/schema\/person\/c0e9e7466bb8ac06f5264324a6109733","name":"Alfons Valle","image":{"@type":"ImageObject","inLanguage":"es","@id":"https:\/\/secure.gravatar.com\/avatar\/71d95a3f99a068ba570ac1314ed6911a59c5ae3f22ffcf23631cd1a861a640bc?s=96&d=mm&r=g","url":"https:\/\/secure.gravatar.com\/avatar\/71d95a3f99a068ba570ac1314ed6911a59c5ae3f22ffcf23631cd1a861a640bc?s=96&d=mm&r=g","contentUrl":"https:\/\/secure.gravatar.com\/avatar\/71d95a3f99a068ba570ac1314ed6911a59c5ae3f22ffcf23631cd1a861a640bc?s=96&d=mm&r=g","caption":"Alfons Valle"},"url":"https:\/\/fundesplai.org\/es\/informa-t\/author\/avalle\/"}]}},"_links":{"self":[{"href":"https:\/\/fundesplai.org\/es\/wp-json\/wp\/v2\/posts\/47790","targetHints":{"allow":["GET"]}}],"collection":[{"href":"https:\/\/fundesplai.org\/es\/wp-json\/wp\/v2\/posts"}],"about":[{"href":"https:\/\/fundesplai.org\/es\/wp-json\/wp\/v2\/types\/post"}],"author":[{"embeddable":true,"href":"https:\/\/fundesplai.org\/es\/wp-json\/wp\/v2\/users\/9"}],"replies":[{"embeddable":true,"href":"https:\/\/fundesplai.org\/es\/wp-json\/wp\/v2\/comments?post=47790"}],"version-history":[{"count":0,"href":"https:\/\/fundesplai.org\/es\/wp-json\/wp\/v2\/posts\/47790\/revisions"}],"wp:attachment":[{"href":"https:\/\/fundesplai.org\/es\/wp-json\/wp\/v2\/media?parent=47790"}],"wp:term":[{"taxonomy":"category","embeddable":true,"href":"https:\/\/fundesplai.org\/es\/wp-json\/wp\/v2\/categories?post=47790"},{"taxonomy":"post_tag","embeddable":true,"href":"https:\/\/fundesplai.org\/es\/wp-json\/wp\/v2\/tags?post=47790"}],"curies":[{"name":"wp","href":"https:\/\/api.w.org\/{rel}","templated":true}]}}