{"id":47784,"date":"2017-12-14T18:42:18","date_gmt":"2017-12-14T17:42:18","guid":{"rendered":"https:\/\/fundesplai.org\/informa-t\/sense-categoria\/fundesplai-celebro-la-2a-cena-solidaria-a-favor-de-la-infancia-con-ada-parellada\/"},"modified":"2017-12-14T18:42:18","modified_gmt":"2017-12-14T17:42:18","slug":"fundesplai-celebro-la-2a-cena-solidaria-a-favor-de-la-infancia-con-ada-parellada","status":"publish","type":"post","link":"https:\/\/fundesplai.org\/es\/informa-t\/actualitat-es\/fundesplai-celebro-la-2a-cena-solidaria-a-favor-de-la-infancia-con-ada-parellada\/","title":{"rendered":"Fundesplai celebr\u00f3 la 2\u00aa Cena Solidaria a favor de la Infancia, con Ada Parellada"},"content":{"rendered":"<p>El pasado lunes 11 de diciembre, por la noche, Fundesplai celebr\u00f3 el acto de arranque de la tercera edici\u00f3n de la campa\u00f1a \u201c\u00a1Tomamos partido por la infancia!\u201d que permiti\u00f3 recaudar 20.000 euros&nbsp;para poder otorgar 200 ayudas y becas para comedores, colonias, actividades de ocio y refuerzo escolar para ni\u00f1os en situaci\u00f3n vulnerable. En total, asistieron m\u00e1s de 140 personas.<\/p>\n<p><!--more--><\/p>\n<table style=\"height: 37px;width: 100%\">\n<tbody>\n<tr>\n<td colspan=\"4\"><img decoding=\"async\" class=\" size-full wp-image-4941\" src=\"https:\/\/fundesplai.org\/test-joomla\/wp-content\/uploads\/sites\/26\/2017\/12\/Sopar-Solidari-de-Fundesplai-web.jpg\" alt=\"Sopar Solidari de Fundesplai web\" width=\"100%\" height=\"NaN\"><\/td>\n<\/tr>\n<tr>\n<td><img decoding=\"async\" class=\" size-full wp-image-4943\" src=\"https:\/\/fundesplai.org\/test-joomla\/wp-content\/uploads\/sites\/26\/2017\/12\/Sopar3.jpg\" alt=\"Sopar3\" width=\"100%\" height=\"NaN\"><\/td>\n<td><img decoding=\"async\" class=\" size-full wp-image-4944\" src=\"https:\/\/fundesplai.org\/test-joomla\/wp-content\/uploads\/sites\/26\/2017\/12\/Sopar4.jpg\" alt=\"Sopar4\" width=\"100%\" height=\"NaN\"><\/td>\n<td><img decoding=\"async\" class=\" size-full wp-image-4945\" src=\"https:\/\/fundesplai.org\/test-joomla\/wp-content\/uploads\/sites\/26\/2017\/12\/Sopar2.jpg\" alt=\"Sopar2\" width=\"100%\" height=\"NaN\"><\/td>\n<td><img decoding=\"async\" class=\" size-full wp-image-4946\" src=\"https:\/\/fundesplai.org\/test-joomla\/wp-content\/uploads\/sites\/26\/2017\/12\/Sopar6.jpg\" alt=\"Sopar6\" width=\"100%\" height=\"NaN\"><\/td>\n<\/tr>\n<\/tbody>\n<\/table>\n<p>El pasado lunes 11 de diciembre, por la noche, Fundesplai celebr\u00f3 el acto de arranque de la tercera edici\u00f3n de la campa\u00f1a \u201c\u00a1Tomamos partido por la infancia!\u201d que permiti\u00f3 recaudar 20.000 euros&nbsp;para poder otorgar 200 ayudas y becas para comedores, colonias, actividades de ocio y refuerzo escolar para ni\u00f1os en situaci\u00f3n vulnerable. En total, asistieron m\u00e1s de 140 personas.<\/p>\n<p>El acto consisti\u00f3 en una cena solidaria con la colaboraci\u00f3n de la prestigiosa chef Ada Parellada, galardonada en 2016 con &nbsp; la Cruz de Sant Jordi en reconocimiento por su trayectoria en el mundo de la restauraci\u00f3n y por la difusi\u00f3n de una alimentaci\u00f3n saludable y sostenible.<\/p>\n<p>La cena se celebr\u00f3 en la sede de Fundesplai en el barrio de Sant Cosme, el edificio CENTRE ESPLAI, que este a\u00f1o celebra los 10 a\u00f1os de su inauguraci\u00f3n. Por este motivo, Ada Parellada ofreci\u00f3 a los asistentes un men\u00fa con 10 platos, cada uno de los cuales hac\u00eda referencia a 10 hitos de cada uno de los 10 a\u00f1os del centro.<\/p>\n<p>La velada incluy\u00f3 &nbsp; interpretaci\u00f3n del Himno de los Derechos de los ni\u00f1os, a cargo de 50 ni\u00f1os y ni\u00f1as de 8 a 12 a\u00f1os de la Escuela Oriol Martorell, que le cantaron y bailaron. Igualmente, el acto termin\u00f3 con la intervenci\u00f3n de la banda joven de la Asociaci\u00f3n Xamfr\u00e0, del Raval.<\/p>\n<p>El importe de la cena fue de 100\u20ac que se destinar\u00e1 a la campa\u00f1a de becas de Fundesplai. Este importe &nbsp; equivale al coste de una beca de un mes para comedor escolar o una ayuda de dos meses para actividades de ocio y refuerzo escolar para ni\u00f1os en situaci\u00f3n de riesgo.<\/p>\n<p>Participaron en la Cena 140 personas y se recaudaron 20.000\u20ac que equivalen a 200 becas para comedor escolar por ni\u00f1os en situaci\u00f3n de vulnerabilidad. Se pueden hacer donativos a la campa\u00f1a \u201cTomamos partido por la infancia\u201d a trav\u00e9s de la web&nbsp;<a href=\"http:\/\/www.fundesplai.org\/\">www.fundesplai.org\/<\/a>&nbsp;o trucant al 93 551 17 71.<\/p>\n<p><strong>\u00abTomamos partido por la infancia\u00bb para garantizar la igualdad de oportunidade<\/strong>s<\/p>\n<p>\u00abTomamos partido por la infancia\u00bb es el lema de la campa\u00f1a que impulsa Fundesplai desde 2015 que concentra todos los esfuerzos educativos y sociales para revertir la situaci\u00f3n una parte muy importante de los ni\u00f1os y ni\u00f1as de nuestro pa\u00eds. Seg\u00fan la Encuesta de Condiciones de Vida 2016 (INE-Idescat), la tasa AROPE se\u00f1ala que el 26,6% de menores de 18 a\u00f1os en Catalu\u00f1a vive en situaci\u00f3n de riesgo de pobreza. Esto significa que estos ni\u00f1os y ni\u00f1as ven comprometido su acceso a todos aquellos servicios que no est\u00e1n debidamente cubiertos, como la alimentaci\u00f3n, la atenci\u00f3n y la educaci\u00f3n en el ocio.<\/p>\n<p>El pasado a\u00f1o Fundesplai otorg\u00f3 17.271 ayudas y becas para que los ni\u00f1os con m\u00e1s necesidades sociales pudieran acceder al comedor, colonias, actividades de ocio y refuerzo escolar.&nbsp; Esta movilizaci\u00f3n en favor de la infancia ha contado con el apoyo de la Generalitat, la Diputaci\u00f3n de Barcelona, \u200b\u200bel Ministerio de Sanidad, Servicios Sociales e Igualdad, diferentes ayuntamientos, entidades como la Obra Social \u201dla Caixa\u201d y Fundaci\u00f3n Probitas, empresas como Avantgrup Bardet y muchas personas particulares.<\/p>\n<p>Pero las cifras a\u00fan indican que la situaci\u00f3n de vulnerabilidad de muchos ni\u00f1os contin\u00faa. Que la pobreza se ha cronificado entre los colectivos m\u00e1s afectados por la crisis y que las familias j\u00f3venes se han instalado en situaci\u00f3n de precariado.&nbsp; Por eso Fundesplai invita a todo el mundo a \u201ctomar partido\u201d por los derechos y la igualdad de oportunidades de los ni\u00f1os y ni\u00f1as haci\u00e9ndose voluntario, socio o haciendo una aportaci\u00f3n econ\u00f3mica a trav\u00e9s de la web&nbsp;<a href=\"http:\/\/www.fundesplai.org\/\">www.fundesplai.org<\/a>&nbsp;o trucant al 93 551 17 71.<\/p>\n","protected":false},"excerpt":{"rendered":"<p>El pasado lunes 11 de diciembre, por la noche, Fundesplai celebr\u00f3 el acto de arranque de la tercera edici\u00f3n de la campa\u00f1a \u201c\u00a1Tomamos partido por la infancia!\u201d que permiti\u00f3 recaudar 20.000 euros&nbsp;para poder otorgar 200 ayudas y becas para comedores, colonias, actividades de ocio y refuerzo escolar para ni\u00f1os en situaci\u00f3n vulnerable. En total, asistieron [&hellip;]<\/p>\n","protected":false},"author":4,"featured_media":0,"comment_status":"closed","ping_status":"closed","sticky":false,"template":"","format":"standard","meta":{"_et_pb_use_builder":"","_et_pb_old_content":"","_et_gb_content_width":"","footnotes":""},"categories":[937],"tags":[],"class_list":["post-47784","post","type-post","status-publish","format-standard","hentry","category-actualitat-es"],"yoast_head":"<!-- This site is optimized with the Yoast SEO plugin v27.4 - https:\/\/yoast.com\/product\/yoast-seo-wordpress\/ -->\n<title>Fundesplai celebr\u00f3 la 2\u00aa Cena Solidaria a favor de la Infancia, con Ada Parellada - Fundesplai<\/title>\n<meta name=\"robots\" content=\"index, follow, max-snippet:-1, max-image-preview:large, max-video-preview:-1\" \/>\n<link rel=\"canonical\" href=\"https:\/\/fundesplai.org\/es\/informa-t\/actualitat-es\/fundesplai-celebro-la-2a-cena-solidaria-a-favor-de-la-infancia-con-ada-parellada\/\" \/>\n<meta property=\"og:locale\" content=\"es_ES\" \/>\n<meta property=\"og:type\" content=\"article\" \/>\n<meta property=\"og:title\" content=\"Fundesplai celebr\u00f3 la 2\u00aa Cena Solidaria a favor de la Infancia, con Ada Parellada - Fundesplai\" \/>\n<meta property=\"og:description\" content=\"El pasado lunes 11 de diciembre, por la noche, Fundesplai celebr\u00f3 el acto de arranque de la tercera edici\u00f3n de la campa\u00f1a \u201c\u00a1Tomamos partido por la infancia!\u201d que permiti\u00f3 recaudar 20.000 euros&nbsp;para poder otorgar 200 ayudas y becas para comedores, colonias, actividades de ocio y refuerzo escolar para ni\u00f1os en situaci\u00f3n vulnerable. En total, asistieron [&hellip;]\" \/>\n<meta property=\"og:url\" content=\"https:\/\/fundesplai.org\/es\/informa-t\/actualitat-es\/fundesplai-celebro-la-2a-cena-solidaria-a-favor-de-la-infancia-con-ada-parellada\/\" \/>\n<meta property=\"og:site_name\" content=\"Fundesplai\" \/>\n<meta property=\"article:published_time\" content=\"2017-12-14T17:42:18+00:00\" \/>\n<meta property=\"og:image\" content=\"https:\/\/fundesplai.org\/test-joomla\/wp-content\/uploads\/sites\/26\/2017\/12\/Sopar-Solidari-de-Fundesplai-web.jpg\" \/>\n<meta name=\"author\" content=\"Ferran\" \/>\n<meta name=\"twitter:card\" content=\"summary_large_image\" \/>\n<meta name=\"twitter:label1\" content=\"Escrito por\" \/>\n\t<meta name=\"twitter:data1\" content=\"Ferran\" \/>\n\t<meta name=\"twitter:label2\" content=\"Tiempo de lectura\" \/>\n\t<meta name=\"twitter:data2\" content=\"4 minutos\" \/>\n<script type=\"application\/ld+json\" class=\"yoast-schema-graph\">{\"@context\":\"https:\\\/\\\/schema.org\",\"@graph\":[{\"@type\":\"Article\",\"@id\":\"https:\\\/\\\/fundesplai.org\\\/es\\\/informa-t\\\/actualitat-es\\\/fundesplai-celebro-la-2a-cena-solidaria-a-favor-de-la-infancia-con-ada-parellada\\\/#article\",\"isPartOf\":{\"@id\":\"https:\\\/\\\/fundesplai.org\\\/es\\\/informa-t\\\/actualitat-es\\\/fundesplai-celebro-la-2a-cena-solidaria-a-favor-de-la-infancia-con-ada-parellada\\\/\"},\"author\":{\"name\":\"Ferran\",\"@id\":\"https:\\\/\\\/fundesplai.org\\\/es\\\/#\\\/schema\\\/person\\\/67e7825d8ec54561cc24e36ba6b0f633\"},\"headline\":\"Fundesplai celebr\u00f3 la 2\u00aa Cena Solidaria a favor de la Infancia, con Ada Parellada\",\"datePublished\":\"2017-12-14T17:42:18+00:00\",\"mainEntityOfPage\":{\"@id\":\"https:\\\/\\\/fundesplai.org\\\/es\\\/informa-t\\\/actualitat-es\\\/fundesplai-celebro-la-2a-cena-solidaria-a-favor-de-la-infancia-con-ada-parellada\\\/\"},\"wordCount\":714,\"image\":{\"@id\":\"https:\\\/\\\/fundesplai.org\\\/es\\\/informa-t\\\/actualitat-es\\\/fundesplai-celebro-la-2a-cena-solidaria-a-favor-de-la-infancia-con-ada-parellada\\\/#primaryimage\"},\"thumbnailUrl\":\"https:\\\/\\\/fundesplai.org\\\/test-joomla\\\/wp-content\\\/uploads\\\/sites\\\/26\\\/2017\\\/12\\\/Sopar-Solidari-de-Fundesplai-web.jpg\",\"articleSection\":[\"Actualitat\"],\"inLanguage\":\"es\"},{\"@type\":\"WebPage\",\"@id\":\"https:\\\/\\\/fundesplai.org\\\/es\\\/informa-t\\\/actualitat-es\\\/fundesplai-celebro-la-2a-cena-solidaria-a-favor-de-la-infancia-con-ada-parellada\\\/\",\"url\":\"https:\\\/\\\/fundesplai.org\\\/es\\\/informa-t\\\/actualitat-es\\\/fundesplai-celebro-la-2a-cena-solidaria-a-favor-de-la-infancia-con-ada-parellada\\\/\",\"name\":\"Fundesplai celebr\u00f3 la 2\u00aa Cena Solidaria a favor de la Infancia, con Ada Parellada - Fundesplai\",\"isPartOf\":{\"@id\":\"https:\\\/\\\/fundesplai.org\\\/es\\\/#website\"},\"primaryImageOfPage\":{\"@id\":\"https:\\\/\\\/fundesplai.org\\\/es\\\/informa-t\\\/actualitat-es\\\/fundesplai-celebro-la-2a-cena-solidaria-a-favor-de-la-infancia-con-ada-parellada\\\/#primaryimage\"},\"image\":{\"@id\":\"https:\\\/\\\/fundesplai.org\\\/es\\\/informa-t\\\/actualitat-es\\\/fundesplai-celebro-la-2a-cena-solidaria-a-favor-de-la-infancia-con-ada-parellada\\\/#primaryimage\"},\"thumbnailUrl\":\"https:\\\/\\\/fundesplai.org\\\/test-joomla\\\/wp-content\\\/uploads\\\/sites\\\/26\\\/2017\\\/12\\\/Sopar-Solidari-de-Fundesplai-web.jpg\",\"datePublished\":\"2017-12-14T17:42:18+00:00\",\"author\":{\"@id\":\"https:\\\/\\\/fundesplai.org\\\/es\\\/#\\\/schema\\\/person\\\/67e7825d8ec54561cc24e36ba6b0f633\"},\"breadcrumb\":{\"@id\":\"https:\\\/\\\/fundesplai.org\\\/es\\\/informa-t\\\/actualitat-es\\\/fundesplai-celebro-la-2a-cena-solidaria-a-favor-de-la-infancia-con-ada-parellada\\\/#breadcrumb\"},\"inLanguage\":\"es\",\"potentialAction\":[{\"@type\":\"ReadAction\",\"target\":[\"https:\\\/\\\/fundesplai.org\\\/es\\\/informa-t\\\/actualitat-es\\\/fundesplai-celebro-la-2a-cena-solidaria-a-favor-de-la-infancia-con-ada-parellada\\\/\"]}]},{\"@type\":\"ImageObject\",\"inLanguage\":\"es\",\"@id\":\"https:\\\/\\\/fundesplai.org\\\/es\\\/informa-t\\\/actualitat-es\\\/fundesplai-celebro-la-2a-cena-solidaria-a-favor-de-la-infancia-con-ada-parellada\\\/#primaryimage\",\"url\":\"https:\\\/\\\/fundesplai.org\\\/test-joomla\\\/wp-content\\\/uploads\\\/sites\\\/26\\\/2017\\\/12\\\/Sopar-Solidari-de-Fundesplai-web.jpg\",\"contentUrl\":\"https:\\\/\\\/fundesplai.org\\\/test-joomla\\\/wp-content\\\/uploads\\\/sites\\\/26\\\/2017\\\/12\\\/Sopar-Solidari-de-Fundesplai-web.jpg\"},{\"@type\":\"BreadcrumbList\",\"@id\":\"https:\\\/\\\/fundesplai.org\\\/es\\\/informa-t\\\/actualitat-es\\\/fundesplai-celebro-la-2a-cena-solidaria-a-favor-de-la-infancia-con-ada-parellada\\\/#breadcrumb\",\"itemListElement\":[{\"@type\":\"ListItem\",\"position\":1,\"name\":\"Inici\",\"item\":\"https:\\\/\\\/fundesplai.org\\\/es\\\/inicio\\\/\"},{\"@type\":\"ListItem\",\"position\":2,\"name\":\"Inf\u00f3rmate\",\"item\":\"https:\\\/\\\/fundesplai.org\\\/es\\\/informate\\\/\"},{\"@type\":\"ListItem\",\"position\":3,\"name\":\"Sin categor\u00eda\",\"item\":\"https:\\\/\\\/fundesplai.org\\\/es\\\/informa-t\\\/category\\\/sin-categoria\\\/\"},{\"@type\":\"ListItem\",\"position\":4,\"name\":\"Fundesplai celebr\u00f3 la 2\u00aa Cena Solidaria a favor de la Infancia, con Ada Parellada\"}]},{\"@type\":\"WebSite\",\"@id\":\"https:\\\/\\\/fundesplai.org\\\/es\\\/#website\",\"url\":\"https:\\\/\\\/fundesplai.org\\\/es\\\/\",\"name\":\"Fundesplai\",\"description\":\"Eduquem per la conviv\u00e8ncia i la sostenibilitat\",\"potentialAction\":[{\"@type\":\"SearchAction\",\"target\":{\"@type\":\"EntryPoint\",\"urlTemplate\":\"https:\\\/\\\/fundesplai.org\\\/es\\\/?s={search_term_string}\"},\"query-input\":{\"@type\":\"PropertyValueSpecification\",\"valueRequired\":true,\"valueName\":\"search_term_string\"}}],\"inLanguage\":\"es\"},{\"@type\":\"Person\",\"@id\":\"https:\\\/\\\/fundesplai.org\\\/es\\\/#\\\/schema\\\/person\\\/67e7825d8ec54561cc24e36ba6b0f633\",\"name\":\"Ferran\",\"image\":{\"@type\":\"ImageObject\",\"inLanguage\":\"es\",\"@id\":\"https:\\\/\\\/secure.gravatar.com\\\/avatar\\\/a3510350976b58aae6eccd1e36f066b660a69ef63f97fde3cba8205db7db816a?s=96&d=mm&r=g\",\"url\":\"https:\\\/\\\/secure.gravatar.com\\\/avatar\\\/a3510350976b58aae6eccd1e36f066b660a69ef63f97fde3cba8205db7db816a?s=96&d=mm&r=g\",\"contentUrl\":\"https:\\\/\\\/secure.gravatar.com\\\/avatar\\\/a3510350976b58aae6eccd1e36f066b660a69ef63f97fde3cba8205db7db816a?s=96&d=mm&r=g\",\"caption\":\"Ferran\"},\"url\":\"https:\\\/\\\/fundesplai.org\\\/es\\\/informa-t\\\/author\\\/fvidal\\\/\"}]}<\/script>\n<!-- \/ Yoast SEO plugin. -->","yoast_head_json":{"title":"Fundesplai celebr\u00f3 la 2\u00aa Cena Solidaria a favor de la Infancia, con Ada Parellada - Fundesplai","robots":{"index":"index","follow":"follow","max-snippet":"max-snippet:-1","max-image-preview":"max-image-preview:large","max-video-preview":"max-video-preview:-1"},"canonical":"https:\/\/fundesplai.org\/es\/informa-t\/actualitat-es\/fundesplai-celebro-la-2a-cena-solidaria-a-favor-de-la-infancia-con-ada-parellada\/","og_locale":"es_ES","og_type":"article","og_title":"Fundesplai celebr\u00f3 la 2\u00aa Cena Solidaria a favor de la Infancia, con Ada Parellada - Fundesplai","og_description":"El pasado lunes 11 de diciembre, por la noche, Fundesplai celebr\u00f3 el acto de arranque de la tercera edici\u00f3n de la campa\u00f1a \u201c\u00a1Tomamos partido por la infancia!\u201d que permiti\u00f3 recaudar 20.000 euros&nbsp;para poder otorgar 200 ayudas y becas para comedores, colonias, actividades de ocio y refuerzo escolar para ni\u00f1os en situaci\u00f3n vulnerable. En total, asistieron [&hellip;]","og_url":"https:\/\/fundesplai.org\/es\/informa-t\/actualitat-es\/fundesplai-celebro-la-2a-cena-solidaria-a-favor-de-la-infancia-con-ada-parellada\/","og_site_name":"Fundesplai","article_published_time":"2017-12-14T17:42:18+00:00","og_image":[{"url":"https:\/\/fundesplai.org\/test-joomla\/wp-content\/uploads\/sites\/26\/2017\/12\/Sopar-Solidari-de-Fundesplai-web.jpg","type":"","width":"","height":""}],"author":"Ferran","twitter_card":"summary_large_image","twitter_misc":{"Escrito por":"Ferran","Tiempo de lectura":"4 minutos"},"schema":{"@context":"https:\/\/schema.org","@graph":[{"@type":"Article","@id":"https:\/\/fundesplai.org\/es\/informa-t\/actualitat-es\/fundesplai-celebro-la-2a-cena-solidaria-a-favor-de-la-infancia-con-ada-parellada\/#article","isPartOf":{"@id":"https:\/\/fundesplai.org\/es\/informa-t\/actualitat-es\/fundesplai-celebro-la-2a-cena-solidaria-a-favor-de-la-infancia-con-ada-parellada\/"},"author":{"name":"Ferran","@id":"https:\/\/fundesplai.org\/es\/#\/schema\/person\/67e7825d8ec54561cc24e36ba6b0f633"},"headline":"Fundesplai celebr\u00f3 la 2\u00aa Cena Solidaria a favor de la Infancia, con Ada Parellada","datePublished":"2017-12-14T17:42:18+00:00","mainEntityOfPage":{"@id":"https:\/\/fundesplai.org\/es\/informa-t\/actualitat-es\/fundesplai-celebro-la-2a-cena-solidaria-a-favor-de-la-infancia-con-ada-parellada\/"},"wordCount":714,"image":{"@id":"https:\/\/fundesplai.org\/es\/informa-t\/actualitat-es\/fundesplai-celebro-la-2a-cena-solidaria-a-favor-de-la-infancia-con-ada-parellada\/#primaryimage"},"thumbnailUrl":"https:\/\/fundesplai.org\/test-joomla\/wp-content\/uploads\/sites\/26\/2017\/12\/Sopar-Solidari-de-Fundesplai-web.jpg","articleSection":["Actualitat"],"inLanguage":"es"},{"@type":"WebPage","@id":"https:\/\/fundesplai.org\/es\/informa-t\/actualitat-es\/fundesplai-celebro-la-2a-cena-solidaria-a-favor-de-la-infancia-con-ada-parellada\/","url":"https:\/\/fundesplai.org\/es\/informa-t\/actualitat-es\/fundesplai-celebro-la-2a-cena-solidaria-a-favor-de-la-infancia-con-ada-parellada\/","name":"Fundesplai celebr\u00f3 la 2\u00aa Cena Solidaria a favor de la Infancia, con Ada Parellada - Fundesplai","isPartOf":{"@id":"https:\/\/fundesplai.org\/es\/#website"},"primaryImageOfPage":{"@id":"https:\/\/fundesplai.org\/es\/informa-t\/actualitat-es\/fundesplai-celebro-la-2a-cena-solidaria-a-favor-de-la-infancia-con-ada-parellada\/#primaryimage"},"image":{"@id":"https:\/\/fundesplai.org\/es\/informa-t\/actualitat-es\/fundesplai-celebro-la-2a-cena-solidaria-a-favor-de-la-infancia-con-ada-parellada\/#primaryimage"},"thumbnailUrl":"https:\/\/fundesplai.org\/test-joomla\/wp-content\/uploads\/sites\/26\/2017\/12\/Sopar-Solidari-de-Fundesplai-web.jpg","datePublished":"2017-12-14T17:42:18+00:00","author":{"@id":"https:\/\/fundesplai.org\/es\/#\/schema\/person\/67e7825d8ec54561cc24e36ba6b0f633"},"breadcrumb":{"@id":"https:\/\/fundesplai.org\/es\/informa-t\/actualitat-es\/fundesplai-celebro-la-2a-cena-solidaria-a-favor-de-la-infancia-con-ada-parellada\/#breadcrumb"},"inLanguage":"es","potentialAction":[{"@type":"ReadAction","target":["https:\/\/fundesplai.org\/es\/informa-t\/actualitat-es\/fundesplai-celebro-la-2a-cena-solidaria-a-favor-de-la-infancia-con-ada-parellada\/"]}]},{"@type":"ImageObject","inLanguage":"es","@id":"https:\/\/fundesplai.org\/es\/informa-t\/actualitat-es\/fundesplai-celebro-la-2a-cena-solidaria-a-favor-de-la-infancia-con-ada-parellada\/#primaryimage","url":"https:\/\/fundesplai.org\/test-joomla\/wp-content\/uploads\/sites\/26\/2017\/12\/Sopar-Solidari-de-Fundesplai-web.jpg","contentUrl":"https:\/\/fundesplai.org\/test-joomla\/wp-content\/uploads\/sites\/26\/2017\/12\/Sopar-Solidari-de-Fundesplai-web.jpg"},{"@type":"BreadcrumbList","@id":"https:\/\/fundesplai.org\/es\/informa-t\/actualitat-es\/fundesplai-celebro-la-2a-cena-solidaria-a-favor-de-la-infancia-con-ada-parellada\/#breadcrumb","itemListElement":[{"@type":"ListItem","position":1,"name":"Inici","item":"https:\/\/fundesplai.org\/es\/inicio\/"},{"@type":"ListItem","position":2,"name":"Inf\u00f3rmate","item":"https:\/\/fundesplai.org\/es\/informate\/"},{"@type":"ListItem","position":3,"name":"Sin categor\u00eda","item":"https:\/\/fundesplai.org\/es\/informa-t\/category\/sin-categoria\/"},{"@type":"ListItem","position":4,"name":"Fundesplai celebr\u00f3 la 2\u00aa Cena Solidaria a favor de la Infancia, con Ada Parellada"}]},{"@type":"WebSite","@id":"https:\/\/fundesplai.org\/es\/#website","url":"https:\/\/fundesplai.org\/es\/","name":"Fundesplai","description":"Eduquem per la conviv\u00e8ncia i la sostenibilitat","potentialAction":[{"@type":"SearchAction","target":{"@type":"EntryPoint","urlTemplate":"https:\/\/fundesplai.org\/es\/?s={search_term_string}"},"query-input":{"@type":"PropertyValueSpecification","valueRequired":true,"valueName":"search_term_string"}}],"inLanguage":"es"},{"@type":"Person","@id":"https:\/\/fundesplai.org\/es\/#\/schema\/person\/67e7825d8ec54561cc24e36ba6b0f633","name":"Ferran","image":{"@type":"ImageObject","inLanguage":"es","@id":"https:\/\/secure.gravatar.com\/avatar\/a3510350976b58aae6eccd1e36f066b660a69ef63f97fde3cba8205db7db816a?s=96&d=mm&r=g","url":"https:\/\/secure.gravatar.com\/avatar\/a3510350976b58aae6eccd1e36f066b660a69ef63f97fde3cba8205db7db816a?s=96&d=mm&r=g","contentUrl":"https:\/\/secure.gravatar.com\/avatar\/a3510350976b58aae6eccd1e36f066b660a69ef63f97fde3cba8205db7db816a?s=96&d=mm&r=g","caption":"Ferran"},"url":"https:\/\/fundesplai.org\/es\/informa-t\/author\/fvidal\/"}]}},"_links":{"self":[{"href":"https:\/\/fundesplai.org\/es\/wp-json\/wp\/v2\/posts\/47784","targetHints":{"allow":["GET"]}}],"collection":[{"href":"https:\/\/fundesplai.org\/es\/wp-json\/wp\/v2\/posts"}],"about":[{"href":"https:\/\/fundesplai.org\/es\/wp-json\/wp\/v2\/types\/post"}],"author":[{"embeddable":true,"href":"https:\/\/fundesplai.org\/es\/wp-json\/wp\/v2\/users\/4"}],"replies":[{"embeddable":true,"href":"https:\/\/fundesplai.org\/es\/wp-json\/wp\/v2\/comments?post=47784"}],"version-history":[{"count":0,"href":"https:\/\/fundesplai.org\/es\/wp-json\/wp\/v2\/posts\/47784\/revisions"}],"wp:attachment":[{"href":"https:\/\/fundesplai.org\/es\/wp-json\/wp\/v2\/media?parent=47784"}],"wp:term":[{"taxonomy":"category","embeddable":true,"href":"https:\/\/fundesplai.org\/es\/wp-json\/wp\/v2\/categories?post=47784"},{"taxonomy":"post_tag","embeddable":true,"href":"https:\/\/fundesplai.org\/es\/wp-json\/wp\/v2\/tags?post=47784"}],"curies":[{"name":"wp","href":"https:\/\/api.w.org\/{rel}","templated":true}]}}