{"id":47781,"date":"2017-12-05T12:15:10","date_gmt":"2017-12-05T11:15:10","guid":{"rendered":"https:\/\/fundesplai.org\/informa-t\/sense-categoria\/entrevistas-encoratjat\/"},"modified":"2023-10-02T12:32:53","modified_gmt":"2023-10-02T10:32:53","slug":"entrevistas-encoratjat","status":"publish","type":"post","link":"https:\/\/fundesplai.org\/es\/informa-t\/actualitat-es\/entrevistas-encoratjat\/","title":{"rendered":"Entrevistas Encoratja&#8217;t"},"content":{"rendered":"<p>Entrevistas a expertas y expertos sobre la propuesta educativa \u00abEncoratja&#8217;t\u00bb por la igualdad de g\u00e9nero y la violencia cero.<\/p>\n<p><!--more--><\/p>\n<p class=\"intro\">Entrevistas a expertas y expertos sobre la propuesta educativa \u00abEncoratja&#8217;t\u00bb por la igualdad de g\u00e9nero y la violencia cero.<\/p>\n<p class=\"intro\">&nbsp;<\/p>\n<table style=\"height: 37px;width: 100%\">\n<tbody>\n<tr>\n<td><a name=\"laia\"><strong>Laia Boloix Requena, Grupo de Esplai Chispas (Esplugues de Llobtegat)&nbsp;<\/strong><\/a><\/td>\n<\/tr>\n<tr>\n<td><a name=\"laia\"><\/a><a href=\"https:\/\/youtu.be\/l-JOziPftyw?t=14s\"><img loading=\"lazy\" decoding=\"async\" class=\" size-full wp-image-4924\" src=\"https:\/\/fundesplai.org\/test-joomla\/wp-content\/uploads\/sites\/26\/2017\/12\/Laia_Boloix.jpg\" alt=\"Laia Boloix\" width=\"500\" height=\"300\"><\/a><\/td>\n<\/tr>\n<\/tbody>\n<\/table>\n<table style=\"height: 37px;width: 100%\">\n<tbody>\n<tr>\n<td><a name=\"mar\"><strong>Mar Joanpere Foraster, Centro de Cerca CREA UB<\/strong><\/a><\/td>\n<\/tr>\n<tr>\n<td>&nbsp;<a href=\"https:\/\/youtu.be\/l-JOziPftyw?t=3m5s\"><img loading=\"lazy\" decoding=\"async\" class=\" size-full wp-image-4926\" src=\"https:\/\/fundesplai.org\/test-joomla\/wp-content\/uploads\/sites\/26\/2017\/12\/Mar_Joanpere.jpg\" alt=\"Mar Joanpere\" width=\"500\" height=\"300\"><\/a><\/td>\n<\/tr>\n<\/tbody>\n<\/table>\n<table style=\"height: 37px;width: 100%\">\n<tbody>\n<tr>\n<td><strong><a name=\"nuria\">N\u00faria Solsona Peir\u00f3, experta en coeducaci\u00f3n<\/a>&nbsp;<\/strong><\/td>\n<\/tr>\n<tr>\n<td>&nbsp;<a href=\"https:\/\/youtu.be\/l-JOziPftyw?t=6m53s\"><img loading=\"lazy\" decoding=\"async\" class=\" size-full wp-image-4927\" src=\"https:\/\/fundesplai.org\/test-joomla\/wp-content\/uploads\/sites\/26\/2017\/12\/Nuria_Solsona.jpg\" alt=\"Nuria Solsona\" width=\"500\" height=\"300\"><\/a><\/td>\n<\/tr>\n<\/tbody>\n<\/table>\n<table style=\"height: 37px;width: 100%\">\n<tbody>\n<tr>\n<td><a name=\"vicent\"><strong>Vicent Borr\u00e0s Catal\u00e0, vicepresidenta de familias LGTBI de Catalu\u00f1a&nbsp;<\/strong><\/a><\/td>\n<\/tr>\n<tr>\n<td>&nbsp;<a href=\"https:\/\/youtu.be\/l-JOziPftyw?t=9m\"><img loading=\"lazy\" decoding=\"async\" class=\" size-full wp-image-4928\" src=\"https:\/\/fundesplai.org\/test-joomla\/wp-content\/uploads\/sites\/26\/2017\/12\/Vicent_Borras.jpg\" alt=\"Vicent Borras\" width=\"500\" height=\"300\"><\/a><\/td>\n<\/tr>\n<\/tbody>\n<\/table>\n<table style=\"height: 37px;width: 100%\">\n<tbody>\n<tr>\n<td><a name=\"gemma\"><strong>Gemma Altell Albaiges, directora t\u00e9cnica de Fundaci\u00f3n Surt<\/strong><\/a><\/td>\n<\/tr>\n<tr>\n<td>&nbsp;<a href=\"https:\/\/youtu.be\/l-JOziPftyw?t=11m44s\"><img loading=\"lazy\" decoding=\"async\" class=\" size-full wp-image-4929\" src=\"https:\/\/fundesplai.org\/test-joomla\/wp-content\/uploads\/sites\/26\/2017\/12\/gemma_altell.jpg\" alt=\"gemma altell\" width=\"500\" height=\"300\"><\/a><\/td>\n<\/tr>\n<\/tbody>\n<\/table>\n","protected":false},"excerpt":{"rendered":"<p>Entrevistas a expertas y expertos sobre la propuesta educativa \u00abEncoratja&#8217;t\u00bb por la igualdad de g\u00e9nero y la violencia cero.<\/p>\n","protected":false},"author":4,"featured_media":0,"comment_status":"closed","ping_status":"closed","sticky":false,"template":"","format":"standard","meta":{"_et_pb_use_builder":"","_et_pb_old_content":"","_et_gb_content_width":"","footnotes":""},"categories":[937],"tags":[],"class_list":["post-47781","post","type-post","status-publish","format-standard","hentry","category-actualitat-es"],"yoast_head":"<!-- This site is optimized with the Yoast SEO plugin v27.4 - https:\/\/yoast.com\/product\/yoast-seo-wordpress\/ -->\n<title>Entrevistas Encoratja&#039;t - Fundesplai<\/title>\n<meta name=\"robots\" content=\"index, follow, max-snippet:-1, max-image-preview:large, max-video-preview:-1\" \/>\n<link rel=\"canonical\" href=\"https:\/\/fundesplai.org\/es\/informa-t\/actualitat-es\/entrevistas-encoratjat\/\" \/>\n<meta property=\"og:locale\" content=\"es_ES\" \/>\n<meta property=\"og:type\" content=\"article\" \/>\n<meta property=\"og:title\" content=\"Entrevistas Encoratja&#039;t - Fundesplai\" \/>\n<meta property=\"og:description\" content=\"Entrevistas a expertas y expertos sobre la propuesta educativa \u00abEncoratja&#8217;t\u00bb por la igualdad de g\u00e9nero y la violencia cero.\" \/>\n<meta property=\"og:url\" content=\"https:\/\/fundesplai.org\/es\/informa-t\/actualitat-es\/entrevistas-encoratjat\/\" \/>\n<meta property=\"og:site_name\" content=\"Fundesplai\" \/>\n<meta property=\"article:published_time\" content=\"2017-12-05T11:15:10+00:00\" \/>\n<meta property=\"article:modified_time\" content=\"2023-10-02T10:32:53+00:00\" \/>\n<meta property=\"og:image\" content=\"https:\/\/fundesplai.org\/test-joomla\/wp-content\/uploads\/sites\/26\/2017\/12\/Laia_Boloix.jpg\" \/>\n<meta name=\"author\" content=\"Ferran\" \/>\n<meta name=\"twitter:card\" content=\"summary_large_image\" \/>\n<meta name=\"twitter:label1\" content=\"Escrito por\" \/>\n\t<meta name=\"twitter:data1\" content=\"Ferran\" \/>\n\t<meta name=\"twitter:label2\" content=\"Tiempo de lectura\" \/>\n\t<meta name=\"twitter:data2\" content=\"2 minutos\" \/>\n<script type=\"application\/ld+json\" class=\"yoast-schema-graph\">{\"@context\":\"https:\\\/\\\/schema.org\",\"@graph\":[{\"@type\":\"Article\",\"@id\":\"https:\\\/\\\/fundesplai.org\\\/es\\\/informa-t\\\/actualitat-es\\\/entrevistas-encoratjat\\\/#article\",\"isPartOf\":{\"@id\":\"https:\\\/\\\/fundesplai.org\\\/es\\\/informa-t\\\/actualitat-es\\\/entrevistas-encoratjat\\\/\"},\"author\":{\"name\":\"Ferran\",\"@id\":\"https:\\\/\\\/fundesplai.org\\\/es\\\/#\\\/schema\\\/person\\\/67e7825d8ec54561cc24e36ba6b0f633\"},\"headline\":\"Entrevistas Encoratja&#8217;t\",\"datePublished\":\"2017-12-05T11:15:10+00:00\",\"dateModified\":\"2023-10-02T10:32:53+00:00\",\"mainEntityOfPage\":{\"@id\":\"https:\\\/\\\/fundesplai.org\\\/es\\\/informa-t\\\/actualitat-es\\\/entrevistas-encoratjat\\\/\"},\"wordCount\":100,\"image\":{\"@id\":\"https:\\\/\\\/fundesplai.org\\\/es\\\/informa-t\\\/actualitat-es\\\/entrevistas-encoratjat\\\/#primaryimage\"},\"thumbnailUrl\":\"https:\\\/\\\/fundesplai.org\\\/test-joomla\\\/wp-content\\\/uploads\\\/sites\\\/26\\\/2017\\\/12\\\/Laia_Boloix.jpg\",\"articleSection\":[\"Actualitat\"],\"inLanguage\":\"es\"},{\"@type\":\"WebPage\",\"@id\":\"https:\\\/\\\/fundesplai.org\\\/es\\\/informa-t\\\/actualitat-es\\\/entrevistas-encoratjat\\\/\",\"url\":\"https:\\\/\\\/fundesplai.org\\\/es\\\/informa-t\\\/actualitat-es\\\/entrevistas-encoratjat\\\/\",\"name\":\"Entrevistas Encoratja't - Fundesplai\",\"isPartOf\":{\"@id\":\"https:\\\/\\\/fundesplai.org\\\/es\\\/#website\"},\"primaryImageOfPage\":{\"@id\":\"https:\\\/\\\/fundesplai.org\\\/es\\\/informa-t\\\/actualitat-es\\\/entrevistas-encoratjat\\\/#primaryimage\"},\"image\":{\"@id\":\"https:\\\/\\\/fundesplai.org\\\/es\\\/informa-t\\\/actualitat-es\\\/entrevistas-encoratjat\\\/#primaryimage\"},\"thumbnailUrl\":\"https:\\\/\\\/fundesplai.org\\\/test-joomla\\\/wp-content\\\/uploads\\\/sites\\\/26\\\/2017\\\/12\\\/Laia_Boloix.jpg\",\"datePublished\":\"2017-12-05T11:15:10+00:00\",\"dateModified\":\"2023-10-02T10:32:53+00:00\",\"author\":{\"@id\":\"https:\\\/\\\/fundesplai.org\\\/es\\\/#\\\/schema\\\/person\\\/67e7825d8ec54561cc24e36ba6b0f633\"},\"breadcrumb\":{\"@id\":\"https:\\\/\\\/fundesplai.org\\\/es\\\/informa-t\\\/actualitat-es\\\/entrevistas-encoratjat\\\/#breadcrumb\"},\"inLanguage\":\"es\",\"potentialAction\":[{\"@type\":\"ReadAction\",\"target\":[\"https:\\\/\\\/fundesplai.org\\\/es\\\/informa-t\\\/actualitat-es\\\/entrevistas-encoratjat\\\/\"]}]},{\"@type\":\"ImageObject\",\"inLanguage\":\"es\",\"@id\":\"https:\\\/\\\/fundesplai.org\\\/es\\\/informa-t\\\/actualitat-es\\\/entrevistas-encoratjat\\\/#primaryimage\",\"url\":\"https:\\\/\\\/fundesplai.org\\\/test-joomla\\\/wp-content\\\/uploads\\\/sites\\\/26\\\/2017\\\/12\\\/Laia_Boloix.jpg\",\"contentUrl\":\"https:\\\/\\\/fundesplai.org\\\/test-joomla\\\/wp-content\\\/uploads\\\/sites\\\/26\\\/2017\\\/12\\\/Laia_Boloix.jpg\"},{\"@type\":\"BreadcrumbList\",\"@id\":\"https:\\\/\\\/fundesplai.org\\\/es\\\/informa-t\\\/actualitat-es\\\/entrevistas-encoratjat\\\/#breadcrumb\",\"itemListElement\":[{\"@type\":\"ListItem\",\"position\":1,\"name\":\"Inici\",\"item\":\"https:\\\/\\\/fundesplai.org\\\/es\\\/inicio\\\/\"},{\"@type\":\"ListItem\",\"position\":2,\"name\":\"Inf\u00f3rmate\",\"item\":\"https:\\\/\\\/fundesplai.org\\\/es\\\/informate\\\/\"},{\"@type\":\"ListItem\",\"position\":3,\"name\":\"Actualitat\",\"item\":\"https:\\\/\\\/fundesplai.org\\\/es\\\/informa-t\\\/category\\\/actualitat-es\\\/\"},{\"@type\":\"ListItem\",\"position\":4,\"name\":\"Entrevistas Encoratja&#8217;t\"}]},{\"@type\":\"WebSite\",\"@id\":\"https:\\\/\\\/fundesplai.org\\\/es\\\/#website\",\"url\":\"https:\\\/\\\/fundesplai.org\\\/es\\\/\",\"name\":\"Fundesplai\",\"description\":\"Eduquem per la conviv\u00e8ncia i la sostenibilitat\",\"potentialAction\":[{\"@type\":\"SearchAction\",\"target\":{\"@type\":\"EntryPoint\",\"urlTemplate\":\"https:\\\/\\\/fundesplai.org\\\/es\\\/?s={search_term_string}\"},\"query-input\":{\"@type\":\"PropertyValueSpecification\",\"valueRequired\":true,\"valueName\":\"search_term_string\"}}],\"inLanguage\":\"es\"},{\"@type\":\"Person\",\"@id\":\"https:\\\/\\\/fundesplai.org\\\/es\\\/#\\\/schema\\\/person\\\/67e7825d8ec54561cc24e36ba6b0f633\",\"name\":\"Ferran\",\"image\":{\"@type\":\"ImageObject\",\"inLanguage\":\"es\",\"@id\":\"https:\\\/\\\/secure.gravatar.com\\\/avatar\\\/a3510350976b58aae6eccd1e36f066b660a69ef63f97fde3cba8205db7db816a?s=96&d=mm&r=g\",\"url\":\"https:\\\/\\\/secure.gravatar.com\\\/avatar\\\/a3510350976b58aae6eccd1e36f066b660a69ef63f97fde3cba8205db7db816a?s=96&d=mm&r=g\",\"contentUrl\":\"https:\\\/\\\/secure.gravatar.com\\\/avatar\\\/a3510350976b58aae6eccd1e36f066b660a69ef63f97fde3cba8205db7db816a?s=96&d=mm&r=g\",\"caption\":\"Ferran\"},\"url\":\"https:\\\/\\\/fundesplai.org\\\/es\\\/informa-t\\\/author\\\/fvidal\\\/\"}]}<\/script>\n<!-- \/ Yoast SEO plugin. -->","yoast_head_json":{"title":"Entrevistas Encoratja't - Fundesplai","robots":{"index":"index","follow":"follow","max-snippet":"max-snippet:-1","max-image-preview":"max-image-preview:large","max-video-preview":"max-video-preview:-1"},"canonical":"https:\/\/fundesplai.org\/es\/informa-t\/actualitat-es\/entrevistas-encoratjat\/","og_locale":"es_ES","og_type":"article","og_title":"Entrevistas Encoratja't - Fundesplai","og_description":"Entrevistas a expertas y expertos sobre la propuesta educativa \u00abEncoratja&#8217;t\u00bb por la igualdad de g\u00e9nero y la violencia cero.","og_url":"https:\/\/fundesplai.org\/es\/informa-t\/actualitat-es\/entrevistas-encoratjat\/","og_site_name":"Fundesplai","article_published_time":"2017-12-05T11:15:10+00:00","article_modified_time":"2023-10-02T10:32:53+00:00","og_image":[{"url":"https:\/\/fundesplai.org\/test-joomla\/wp-content\/uploads\/sites\/26\/2017\/12\/Laia_Boloix.jpg","type":"","width":"","height":""}],"author":"Ferran","twitter_card":"summary_large_image","twitter_misc":{"Escrito por":"Ferran","Tiempo de lectura":"2 minutos"},"schema":{"@context":"https:\/\/schema.org","@graph":[{"@type":"Article","@id":"https:\/\/fundesplai.org\/es\/informa-t\/actualitat-es\/entrevistas-encoratjat\/#article","isPartOf":{"@id":"https:\/\/fundesplai.org\/es\/informa-t\/actualitat-es\/entrevistas-encoratjat\/"},"author":{"name":"Ferran","@id":"https:\/\/fundesplai.org\/es\/#\/schema\/person\/67e7825d8ec54561cc24e36ba6b0f633"},"headline":"Entrevistas Encoratja&#8217;t","datePublished":"2017-12-05T11:15:10+00:00","dateModified":"2023-10-02T10:32:53+00:00","mainEntityOfPage":{"@id":"https:\/\/fundesplai.org\/es\/informa-t\/actualitat-es\/entrevistas-encoratjat\/"},"wordCount":100,"image":{"@id":"https:\/\/fundesplai.org\/es\/informa-t\/actualitat-es\/entrevistas-encoratjat\/#primaryimage"},"thumbnailUrl":"https:\/\/fundesplai.org\/test-joomla\/wp-content\/uploads\/sites\/26\/2017\/12\/Laia_Boloix.jpg","articleSection":["Actualitat"],"inLanguage":"es"},{"@type":"WebPage","@id":"https:\/\/fundesplai.org\/es\/informa-t\/actualitat-es\/entrevistas-encoratjat\/","url":"https:\/\/fundesplai.org\/es\/informa-t\/actualitat-es\/entrevistas-encoratjat\/","name":"Entrevistas Encoratja't - Fundesplai","isPartOf":{"@id":"https:\/\/fundesplai.org\/es\/#website"},"primaryImageOfPage":{"@id":"https:\/\/fundesplai.org\/es\/informa-t\/actualitat-es\/entrevistas-encoratjat\/#primaryimage"},"image":{"@id":"https:\/\/fundesplai.org\/es\/informa-t\/actualitat-es\/entrevistas-encoratjat\/#primaryimage"},"thumbnailUrl":"https:\/\/fundesplai.org\/test-joomla\/wp-content\/uploads\/sites\/26\/2017\/12\/Laia_Boloix.jpg","datePublished":"2017-12-05T11:15:10+00:00","dateModified":"2023-10-02T10:32:53+00:00","author":{"@id":"https:\/\/fundesplai.org\/es\/#\/schema\/person\/67e7825d8ec54561cc24e36ba6b0f633"},"breadcrumb":{"@id":"https:\/\/fundesplai.org\/es\/informa-t\/actualitat-es\/entrevistas-encoratjat\/#breadcrumb"},"inLanguage":"es","potentialAction":[{"@type":"ReadAction","target":["https:\/\/fundesplai.org\/es\/informa-t\/actualitat-es\/entrevistas-encoratjat\/"]}]},{"@type":"ImageObject","inLanguage":"es","@id":"https:\/\/fundesplai.org\/es\/informa-t\/actualitat-es\/entrevistas-encoratjat\/#primaryimage","url":"https:\/\/fundesplai.org\/test-joomla\/wp-content\/uploads\/sites\/26\/2017\/12\/Laia_Boloix.jpg","contentUrl":"https:\/\/fundesplai.org\/test-joomla\/wp-content\/uploads\/sites\/26\/2017\/12\/Laia_Boloix.jpg"},{"@type":"BreadcrumbList","@id":"https:\/\/fundesplai.org\/es\/informa-t\/actualitat-es\/entrevistas-encoratjat\/#breadcrumb","itemListElement":[{"@type":"ListItem","position":1,"name":"Inici","item":"https:\/\/fundesplai.org\/es\/inicio\/"},{"@type":"ListItem","position":2,"name":"Inf\u00f3rmate","item":"https:\/\/fundesplai.org\/es\/informate\/"},{"@type":"ListItem","position":3,"name":"Actualitat","item":"https:\/\/fundesplai.org\/es\/informa-t\/category\/actualitat-es\/"},{"@type":"ListItem","position":4,"name":"Entrevistas Encoratja&#8217;t"}]},{"@type":"WebSite","@id":"https:\/\/fundesplai.org\/es\/#website","url":"https:\/\/fundesplai.org\/es\/","name":"Fundesplai","description":"Eduquem per la conviv\u00e8ncia i la sostenibilitat","potentialAction":[{"@type":"SearchAction","target":{"@type":"EntryPoint","urlTemplate":"https:\/\/fundesplai.org\/es\/?s={search_term_string}"},"query-input":{"@type":"PropertyValueSpecification","valueRequired":true,"valueName":"search_term_string"}}],"inLanguage":"es"},{"@type":"Person","@id":"https:\/\/fundesplai.org\/es\/#\/schema\/person\/67e7825d8ec54561cc24e36ba6b0f633","name":"Ferran","image":{"@type":"ImageObject","inLanguage":"es","@id":"https:\/\/secure.gravatar.com\/avatar\/a3510350976b58aae6eccd1e36f066b660a69ef63f97fde3cba8205db7db816a?s=96&d=mm&r=g","url":"https:\/\/secure.gravatar.com\/avatar\/a3510350976b58aae6eccd1e36f066b660a69ef63f97fde3cba8205db7db816a?s=96&d=mm&r=g","contentUrl":"https:\/\/secure.gravatar.com\/avatar\/a3510350976b58aae6eccd1e36f066b660a69ef63f97fde3cba8205db7db816a?s=96&d=mm&r=g","caption":"Ferran"},"url":"https:\/\/fundesplai.org\/es\/informa-t\/author\/fvidal\/"}]}},"_links":{"self":[{"href":"https:\/\/fundesplai.org\/es\/wp-json\/wp\/v2\/posts\/47781","targetHints":{"allow":["GET"]}}],"collection":[{"href":"https:\/\/fundesplai.org\/es\/wp-json\/wp\/v2\/posts"}],"about":[{"href":"https:\/\/fundesplai.org\/es\/wp-json\/wp\/v2\/types\/post"}],"author":[{"embeddable":true,"href":"https:\/\/fundesplai.org\/es\/wp-json\/wp\/v2\/users\/4"}],"replies":[{"embeddable":true,"href":"https:\/\/fundesplai.org\/es\/wp-json\/wp\/v2\/comments?post=47781"}],"version-history":[{"count":3,"href":"https:\/\/fundesplai.org\/es\/wp-json\/wp\/v2\/posts\/47781\/revisions"}],"predecessor-version":[{"id":54643,"href":"https:\/\/fundesplai.org\/es\/wp-json\/wp\/v2\/posts\/47781\/revisions\/54643"}],"wp:attachment":[{"href":"https:\/\/fundesplai.org\/es\/wp-json\/wp\/v2\/media?parent=47781"}],"wp:term":[{"taxonomy":"category","embeddable":true,"href":"https:\/\/fundesplai.org\/es\/wp-json\/wp\/v2\/categories?post=47781"},{"taxonomy":"post_tag","embeddable":true,"href":"https:\/\/fundesplai.org\/es\/wp-json\/wp\/v2\/tags?post=47781"}],"curies":[{"name":"wp","href":"https:\/\/api.w.org\/{rel}","templated":true}]}}