{"id":47779,"date":"2017-11-29T10:06:22","date_gmt":"2017-11-29T09:06:22","guid":{"rendered":"https:\/\/fundesplai.org\/informa-t\/sense-categoria\/cerca-de-180-padres-y-madres-participan-en-los-talleres-de-crianza-y-educacion-positiva-del-hospitalet\/"},"modified":"2017-11-29T10:06:22","modified_gmt":"2017-11-29T09:06:22","slug":"cerca-de-180-padres-y-madres-participan-en-los-talleres-de-crianza-y-educacion-positiva-del-hospitalet","status":"publish","type":"post","link":"https:\/\/fundesplai.org\/es\/informa-t\/actualitat-es\/cerca-de-180-padres-y-madres-participan-en-los-talleres-de-crianza-y-educacion-positiva-del-hospitalet\/","title":{"rendered":"Cerca de 180 padres y madres participan en los talleres de crianza y educaci\u00f3n positiva del Hospitalet"},"content":{"rendered":"<p>Desde la concejal\u00eda de Educaci\u00f3n del Ayuntamiento de Hospitalet de Llobregat se ha organizado la tercera edici\u00f3n de los talleres de crianza y educaci\u00f3n positiva, de los cuales Fundesplai ha gestionado 2.<\/p>\n<p><!--more--><\/p>\n<p>Desde la concejal\u00eda de Educaci\u00f3n del Ayuntamiento de Hospitalet de Llobregat se ha organizado la tercera edici\u00f3n de los talleres de crianza y educaci\u00f3n positiva, de los cuales Fundesplai ha gestionado 2.<\/p>\n<p>Se han realizado un total de cinco talleres en diferentes distritos del municipio. Fundesplai ha gestionado dos de estos talleres dirigidos a familias con ni\u00f1os de 6-12 a\u00f1os que se han realizado en el Auditori Barradas y en la escuela Municipal de M\u00fasica con un total de 26 participantes.<\/p>\n<p>Los talleres se han distribuido en seis sesiones cada uno con un grupo de madres y padres que compartan experiencias para fomentar el aprendizaje mutuo y positivo. Han tenido muy buena acogida por parte de los participantes y se pretende generar un grupo de padres y madres activos en cada distrito.<\/p>\n<p><strong>Informatiu TV Hospitalet 23\/11\/2017<\/strong><\/p>\n<p><a href=\"https:\/\/t.co\/bNzYowF8R0\"><img loading=\"lazy\" decoding=\"async\" class=\" size-full wp-image-4907\" src=\"https:\/\/fundesplai.org\/test-joomla\/wp-content\/uploads\/sites\/26\/2017\/11\/tvlh.jpg\" alt=\"tvlh\" width=\"600\" height=\"431\"><\/a><\/p>\n<p><span><a href=\"http:\/\/www.l-h.cat\/detallNoticia.aspx?1w8AqSO97BidhSU415z0OozGuHAUTYofhawfJjK6onYXTA0oq4mSW35r6y82no12l\">M\u00e1s informaci\u00f3n<\/a><\/span><\/p>\n","protected":false},"excerpt":{"rendered":"<p>Desde la concejal\u00eda de Educaci\u00f3n del Ayuntamiento de Hospitalet de Llobregat se ha organizado la tercera edici\u00f3n de los talleres de crianza y educaci\u00f3n positiva, de los cuales Fundesplai ha gestionado 2.<\/p>\n","protected":false},"author":4,"featured_media":0,"comment_status":"closed","ping_status":"closed","sticky":false,"template":"","format":"standard","meta":{"_et_pb_use_builder":"","_et_pb_old_content":"","_et_gb_content_width":"","footnotes":""},"categories":[937],"tags":[],"class_list":["post-47779","post","type-post","status-publish","format-standard","hentry","category-actualitat-es"],"yoast_head":"<!-- This site is optimized with the Yoast SEO plugin v27.4 - https:\/\/yoast.com\/product\/yoast-seo-wordpress\/ -->\n<title>Cerca de 180 padres y madres participan en los talleres de crianza y educaci\u00f3n positiva del Hospitalet - Fundesplai<\/title>\n<meta name=\"robots\" content=\"index, follow, max-snippet:-1, max-image-preview:large, max-video-preview:-1\" \/>\n<link rel=\"canonical\" href=\"https:\/\/fundesplai.org\/es\/informa-t\/actualitat-es\/cerca-de-180-padres-y-madres-participan-en-los-talleres-de-crianza-y-educacion-positiva-del-hospitalet\/\" \/>\n<meta property=\"og:locale\" content=\"es_ES\" \/>\n<meta property=\"og:type\" content=\"article\" \/>\n<meta property=\"og:title\" content=\"Cerca de 180 padres y madres participan en los talleres de crianza y educaci\u00f3n positiva del Hospitalet - Fundesplai\" \/>\n<meta property=\"og:description\" content=\"Desde la concejal\u00eda de Educaci\u00f3n del Ayuntamiento de Hospitalet de Llobregat se ha organizado la tercera edici\u00f3n de los talleres de crianza y educaci\u00f3n positiva, de los cuales Fundesplai ha gestionado 2.\" \/>\n<meta property=\"og:url\" content=\"https:\/\/fundesplai.org\/es\/informa-t\/actualitat-es\/cerca-de-180-padres-y-madres-participan-en-los-talleres-de-crianza-y-educacion-positiva-del-hospitalet\/\" \/>\n<meta property=\"og:site_name\" content=\"Fundesplai\" \/>\n<meta property=\"article:published_time\" content=\"2017-11-29T09:06:22+00:00\" \/>\n<meta property=\"og:image\" content=\"https:\/\/fundesplai.org\/test-joomla\/wp-content\/uploads\/sites\/26\/2017\/11\/tvlh.jpg\" \/>\n<meta name=\"author\" content=\"Ferran\" \/>\n<meta name=\"twitter:card\" content=\"summary_large_image\" \/>\n<meta name=\"twitter:label1\" content=\"Escrito por\" \/>\n\t<meta name=\"twitter:data1\" content=\"Ferran\" \/>\n\t<meta name=\"twitter:label2\" content=\"Tiempo de lectura\" \/>\n\t<meta name=\"twitter:data2\" content=\"1 minuto\" \/>\n<script type=\"application\/ld+json\" class=\"yoast-schema-graph\">{\"@context\":\"https:\\\/\\\/schema.org\",\"@graph\":[{\"@type\":\"Article\",\"@id\":\"https:\\\/\\\/fundesplai.org\\\/es\\\/informa-t\\\/actualitat-es\\\/cerca-de-180-padres-y-madres-participan-en-los-talleres-de-crianza-y-educacion-positiva-del-hospitalet\\\/#article\",\"isPartOf\":{\"@id\":\"https:\\\/\\\/fundesplai.org\\\/es\\\/informa-t\\\/actualitat-es\\\/cerca-de-180-padres-y-madres-participan-en-los-talleres-de-crianza-y-educacion-positiva-del-hospitalet\\\/\"},\"author\":{\"name\":\"Ferran\",\"@id\":\"https:\\\/\\\/fundesplai.org\\\/es\\\/#\\\/schema\\\/person\\\/67e7825d8ec54561cc24e36ba6b0f633\"},\"headline\":\"Cerca de 180 padres y madres participan en los talleres de crianza y educaci\u00f3n positiva del Hospitalet\",\"datePublished\":\"2017-11-29T09:06:22+00:00\",\"mainEntityOfPage\":{\"@id\":\"https:\\\/\\\/fundesplai.org\\\/es\\\/informa-t\\\/actualitat-es\\\/cerca-de-180-padres-y-madres-participan-en-los-talleres-de-crianza-y-educacion-positiva-del-hospitalet\\\/\"},\"wordCount\":196,\"image\":{\"@id\":\"https:\\\/\\\/fundesplai.org\\\/es\\\/informa-t\\\/actualitat-es\\\/cerca-de-180-padres-y-madres-participan-en-los-talleres-de-crianza-y-educacion-positiva-del-hospitalet\\\/#primaryimage\"},\"thumbnailUrl\":\"https:\\\/\\\/fundesplai.org\\\/test-joomla\\\/wp-content\\\/uploads\\\/sites\\\/26\\\/2017\\\/11\\\/tvlh.jpg\",\"articleSection\":[\"Actualitat\"],\"inLanguage\":\"es\"},{\"@type\":\"WebPage\",\"@id\":\"https:\\\/\\\/fundesplai.org\\\/es\\\/informa-t\\\/actualitat-es\\\/cerca-de-180-padres-y-madres-participan-en-los-talleres-de-crianza-y-educacion-positiva-del-hospitalet\\\/\",\"url\":\"https:\\\/\\\/fundesplai.org\\\/es\\\/informa-t\\\/actualitat-es\\\/cerca-de-180-padres-y-madres-participan-en-los-talleres-de-crianza-y-educacion-positiva-del-hospitalet\\\/\",\"name\":\"Cerca de 180 padres y madres participan en los talleres de crianza y educaci\u00f3n positiva del Hospitalet - Fundesplai\",\"isPartOf\":{\"@id\":\"https:\\\/\\\/fundesplai.org\\\/es\\\/#website\"},\"primaryImageOfPage\":{\"@id\":\"https:\\\/\\\/fundesplai.org\\\/es\\\/informa-t\\\/actualitat-es\\\/cerca-de-180-padres-y-madres-participan-en-los-talleres-de-crianza-y-educacion-positiva-del-hospitalet\\\/#primaryimage\"},\"image\":{\"@id\":\"https:\\\/\\\/fundesplai.org\\\/es\\\/informa-t\\\/actualitat-es\\\/cerca-de-180-padres-y-madres-participan-en-los-talleres-de-crianza-y-educacion-positiva-del-hospitalet\\\/#primaryimage\"},\"thumbnailUrl\":\"https:\\\/\\\/fundesplai.org\\\/test-joomla\\\/wp-content\\\/uploads\\\/sites\\\/26\\\/2017\\\/11\\\/tvlh.jpg\",\"datePublished\":\"2017-11-29T09:06:22+00:00\",\"author\":{\"@id\":\"https:\\\/\\\/fundesplai.org\\\/es\\\/#\\\/schema\\\/person\\\/67e7825d8ec54561cc24e36ba6b0f633\"},\"breadcrumb\":{\"@id\":\"https:\\\/\\\/fundesplai.org\\\/es\\\/informa-t\\\/actualitat-es\\\/cerca-de-180-padres-y-madres-participan-en-los-talleres-de-crianza-y-educacion-positiva-del-hospitalet\\\/#breadcrumb\"},\"inLanguage\":\"es\",\"potentialAction\":[{\"@type\":\"ReadAction\",\"target\":[\"https:\\\/\\\/fundesplai.org\\\/es\\\/informa-t\\\/actualitat-es\\\/cerca-de-180-padres-y-madres-participan-en-los-talleres-de-crianza-y-educacion-positiva-del-hospitalet\\\/\"]}]},{\"@type\":\"ImageObject\",\"inLanguage\":\"es\",\"@id\":\"https:\\\/\\\/fundesplai.org\\\/es\\\/informa-t\\\/actualitat-es\\\/cerca-de-180-padres-y-madres-participan-en-los-talleres-de-crianza-y-educacion-positiva-del-hospitalet\\\/#primaryimage\",\"url\":\"https:\\\/\\\/fundesplai.org\\\/test-joomla\\\/wp-content\\\/uploads\\\/sites\\\/26\\\/2017\\\/11\\\/tvlh.jpg\",\"contentUrl\":\"https:\\\/\\\/fundesplai.org\\\/test-joomla\\\/wp-content\\\/uploads\\\/sites\\\/26\\\/2017\\\/11\\\/tvlh.jpg\"},{\"@type\":\"BreadcrumbList\",\"@id\":\"https:\\\/\\\/fundesplai.org\\\/es\\\/informa-t\\\/actualitat-es\\\/cerca-de-180-padres-y-madres-participan-en-los-talleres-de-crianza-y-educacion-positiva-del-hospitalet\\\/#breadcrumb\",\"itemListElement\":[{\"@type\":\"ListItem\",\"position\":1,\"name\":\"Inici\",\"item\":\"https:\\\/\\\/fundesplai.org\\\/es\\\/inicio\\\/\"},{\"@type\":\"ListItem\",\"position\":2,\"name\":\"Inf\u00f3rmate\",\"item\":\"https:\\\/\\\/fundesplai.org\\\/es\\\/informate\\\/\"},{\"@type\":\"ListItem\",\"position\":3,\"name\":\"Sin categor\u00eda\",\"item\":\"https:\\\/\\\/fundesplai.org\\\/es\\\/informa-t\\\/category\\\/sin-categoria\\\/\"},{\"@type\":\"ListItem\",\"position\":4,\"name\":\"Cerca de 180 padres y madres participan en los talleres de crianza y educaci\u00f3n positiva del Hospitalet\"}]},{\"@type\":\"WebSite\",\"@id\":\"https:\\\/\\\/fundesplai.org\\\/es\\\/#website\",\"url\":\"https:\\\/\\\/fundesplai.org\\\/es\\\/\",\"name\":\"Fundesplai\",\"description\":\"Eduquem per la conviv\u00e8ncia i la sostenibilitat\",\"potentialAction\":[{\"@type\":\"SearchAction\",\"target\":{\"@type\":\"EntryPoint\",\"urlTemplate\":\"https:\\\/\\\/fundesplai.org\\\/es\\\/?s={search_term_string}\"},\"query-input\":{\"@type\":\"PropertyValueSpecification\",\"valueRequired\":true,\"valueName\":\"search_term_string\"}}],\"inLanguage\":\"es\"},{\"@type\":\"Person\",\"@id\":\"https:\\\/\\\/fundesplai.org\\\/es\\\/#\\\/schema\\\/person\\\/67e7825d8ec54561cc24e36ba6b0f633\",\"name\":\"Ferran\",\"image\":{\"@type\":\"ImageObject\",\"inLanguage\":\"es\",\"@id\":\"https:\\\/\\\/secure.gravatar.com\\\/avatar\\\/a3510350976b58aae6eccd1e36f066b660a69ef63f97fde3cba8205db7db816a?s=96&d=mm&r=g\",\"url\":\"https:\\\/\\\/secure.gravatar.com\\\/avatar\\\/a3510350976b58aae6eccd1e36f066b660a69ef63f97fde3cba8205db7db816a?s=96&d=mm&r=g\",\"contentUrl\":\"https:\\\/\\\/secure.gravatar.com\\\/avatar\\\/a3510350976b58aae6eccd1e36f066b660a69ef63f97fde3cba8205db7db816a?s=96&d=mm&r=g\",\"caption\":\"Ferran\"},\"url\":\"https:\\\/\\\/fundesplai.org\\\/es\\\/informa-t\\\/author\\\/fvidal\\\/\"}]}<\/script>\n<!-- \/ Yoast SEO plugin. -->","yoast_head_json":{"title":"Cerca de 180 padres y madres participan en los talleres de crianza y educaci\u00f3n positiva del Hospitalet - Fundesplai","robots":{"index":"index","follow":"follow","max-snippet":"max-snippet:-1","max-image-preview":"max-image-preview:large","max-video-preview":"max-video-preview:-1"},"canonical":"https:\/\/fundesplai.org\/es\/informa-t\/actualitat-es\/cerca-de-180-padres-y-madres-participan-en-los-talleres-de-crianza-y-educacion-positiva-del-hospitalet\/","og_locale":"es_ES","og_type":"article","og_title":"Cerca de 180 padres y madres participan en los talleres de crianza y educaci\u00f3n positiva del Hospitalet - Fundesplai","og_description":"Desde la concejal\u00eda de Educaci\u00f3n del Ayuntamiento de Hospitalet de Llobregat se ha organizado la tercera edici\u00f3n de los talleres de crianza y educaci\u00f3n positiva, de los cuales Fundesplai ha gestionado 2.","og_url":"https:\/\/fundesplai.org\/es\/informa-t\/actualitat-es\/cerca-de-180-padres-y-madres-participan-en-los-talleres-de-crianza-y-educacion-positiva-del-hospitalet\/","og_site_name":"Fundesplai","article_published_time":"2017-11-29T09:06:22+00:00","og_image":[{"url":"https:\/\/fundesplai.org\/test-joomla\/wp-content\/uploads\/sites\/26\/2017\/11\/tvlh.jpg","type":"","width":"","height":""}],"author":"Ferran","twitter_card":"summary_large_image","twitter_misc":{"Escrito por":"Ferran","Tiempo de lectura":"1 minuto"},"schema":{"@context":"https:\/\/schema.org","@graph":[{"@type":"Article","@id":"https:\/\/fundesplai.org\/es\/informa-t\/actualitat-es\/cerca-de-180-padres-y-madres-participan-en-los-talleres-de-crianza-y-educacion-positiva-del-hospitalet\/#article","isPartOf":{"@id":"https:\/\/fundesplai.org\/es\/informa-t\/actualitat-es\/cerca-de-180-padres-y-madres-participan-en-los-talleres-de-crianza-y-educacion-positiva-del-hospitalet\/"},"author":{"name":"Ferran","@id":"https:\/\/fundesplai.org\/es\/#\/schema\/person\/67e7825d8ec54561cc24e36ba6b0f633"},"headline":"Cerca de 180 padres y madres participan en los talleres de crianza y educaci\u00f3n positiva del Hospitalet","datePublished":"2017-11-29T09:06:22+00:00","mainEntityOfPage":{"@id":"https:\/\/fundesplai.org\/es\/informa-t\/actualitat-es\/cerca-de-180-padres-y-madres-participan-en-los-talleres-de-crianza-y-educacion-positiva-del-hospitalet\/"},"wordCount":196,"image":{"@id":"https:\/\/fundesplai.org\/es\/informa-t\/actualitat-es\/cerca-de-180-padres-y-madres-participan-en-los-talleres-de-crianza-y-educacion-positiva-del-hospitalet\/#primaryimage"},"thumbnailUrl":"https:\/\/fundesplai.org\/test-joomla\/wp-content\/uploads\/sites\/26\/2017\/11\/tvlh.jpg","articleSection":["Actualitat"],"inLanguage":"es"},{"@type":"WebPage","@id":"https:\/\/fundesplai.org\/es\/informa-t\/actualitat-es\/cerca-de-180-padres-y-madres-participan-en-los-talleres-de-crianza-y-educacion-positiva-del-hospitalet\/","url":"https:\/\/fundesplai.org\/es\/informa-t\/actualitat-es\/cerca-de-180-padres-y-madres-participan-en-los-talleres-de-crianza-y-educacion-positiva-del-hospitalet\/","name":"Cerca de 180 padres y madres participan en los talleres de crianza y educaci\u00f3n positiva del Hospitalet - Fundesplai","isPartOf":{"@id":"https:\/\/fundesplai.org\/es\/#website"},"primaryImageOfPage":{"@id":"https:\/\/fundesplai.org\/es\/informa-t\/actualitat-es\/cerca-de-180-padres-y-madres-participan-en-los-talleres-de-crianza-y-educacion-positiva-del-hospitalet\/#primaryimage"},"image":{"@id":"https:\/\/fundesplai.org\/es\/informa-t\/actualitat-es\/cerca-de-180-padres-y-madres-participan-en-los-talleres-de-crianza-y-educacion-positiva-del-hospitalet\/#primaryimage"},"thumbnailUrl":"https:\/\/fundesplai.org\/test-joomla\/wp-content\/uploads\/sites\/26\/2017\/11\/tvlh.jpg","datePublished":"2017-11-29T09:06:22+00:00","author":{"@id":"https:\/\/fundesplai.org\/es\/#\/schema\/person\/67e7825d8ec54561cc24e36ba6b0f633"},"breadcrumb":{"@id":"https:\/\/fundesplai.org\/es\/informa-t\/actualitat-es\/cerca-de-180-padres-y-madres-participan-en-los-talleres-de-crianza-y-educacion-positiva-del-hospitalet\/#breadcrumb"},"inLanguage":"es","potentialAction":[{"@type":"ReadAction","target":["https:\/\/fundesplai.org\/es\/informa-t\/actualitat-es\/cerca-de-180-padres-y-madres-participan-en-los-talleres-de-crianza-y-educacion-positiva-del-hospitalet\/"]}]},{"@type":"ImageObject","inLanguage":"es","@id":"https:\/\/fundesplai.org\/es\/informa-t\/actualitat-es\/cerca-de-180-padres-y-madres-participan-en-los-talleres-de-crianza-y-educacion-positiva-del-hospitalet\/#primaryimage","url":"https:\/\/fundesplai.org\/test-joomla\/wp-content\/uploads\/sites\/26\/2017\/11\/tvlh.jpg","contentUrl":"https:\/\/fundesplai.org\/test-joomla\/wp-content\/uploads\/sites\/26\/2017\/11\/tvlh.jpg"},{"@type":"BreadcrumbList","@id":"https:\/\/fundesplai.org\/es\/informa-t\/actualitat-es\/cerca-de-180-padres-y-madres-participan-en-los-talleres-de-crianza-y-educacion-positiva-del-hospitalet\/#breadcrumb","itemListElement":[{"@type":"ListItem","position":1,"name":"Inici","item":"https:\/\/fundesplai.org\/es\/inicio\/"},{"@type":"ListItem","position":2,"name":"Inf\u00f3rmate","item":"https:\/\/fundesplai.org\/es\/informate\/"},{"@type":"ListItem","position":3,"name":"Sin categor\u00eda","item":"https:\/\/fundesplai.org\/es\/informa-t\/category\/sin-categoria\/"},{"@type":"ListItem","position":4,"name":"Cerca de 180 padres y madres participan en los talleres de crianza y educaci\u00f3n positiva del Hospitalet"}]},{"@type":"WebSite","@id":"https:\/\/fundesplai.org\/es\/#website","url":"https:\/\/fundesplai.org\/es\/","name":"Fundesplai","description":"Eduquem per la conviv\u00e8ncia i la sostenibilitat","potentialAction":[{"@type":"SearchAction","target":{"@type":"EntryPoint","urlTemplate":"https:\/\/fundesplai.org\/es\/?s={search_term_string}"},"query-input":{"@type":"PropertyValueSpecification","valueRequired":true,"valueName":"search_term_string"}}],"inLanguage":"es"},{"@type":"Person","@id":"https:\/\/fundesplai.org\/es\/#\/schema\/person\/67e7825d8ec54561cc24e36ba6b0f633","name":"Ferran","image":{"@type":"ImageObject","inLanguage":"es","@id":"https:\/\/secure.gravatar.com\/avatar\/a3510350976b58aae6eccd1e36f066b660a69ef63f97fde3cba8205db7db816a?s=96&d=mm&r=g","url":"https:\/\/secure.gravatar.com\/avatar\/a3510350976b58aae6eccd1e36f066b660a69ef63f97fde3cba8205db7db816a?s=96&d=mm&r=g","contentUrl":"https:\/\/secure.gravatar.com\/avatar\/a3510350976b58aae6eccd1e36f066b660a69ef63f97fde3cba8205db7db816a?s=96&d=mm&r=g","caption":"Ferran"},"url":"https:\/\/fundesplai.org\/es\/informa-t\/author\/fvidal\/"}]}},"_links":{"self":[{"href":"https:\/\/fundesplai.org\/es\/wp-json\/wp\/v2\/posts\/47779","targetHints":{"allow":["GET"]}}],"collection":[{"href":"https:\/\/fundesplai.org\/es\/wp-json\/wp\/v2\/posts"}],"about":[{"href":"https:\/\/fundesplai.org\/es\/wp-json\/wp\/v2\/types\/post"}],"author":[{"embeddable":true,"href":"https:\/\/fundesplai.org\/es\/wp-json\/wp\/v2\/users\/4"}],"replies":[{"embeddable":true,"href":"https:\/\/fundesplai.org\/es\/wp-json\/wp\/v2\/comments?post=47779"}],"version-history":[{"count":0,"href":"https:\/\/fundesplai.org\/es\/wp-json\/wp\/v2\/posts\/47779\/revisions"}],"wp:attachment":[{"href":"https:\/\/fundesplai.org\/es\/wp-json\/wp\/v2\/media?parent=47779"}],"wp:term":[{"taxonomy":"category","embeddable":true,"href":"https:\/\/fundesplai.org\/es\/wp-json\/wp\/v2\/categories?post=47779"},{"taxonomy":"post_tag","embeddable":true,"href":"https:\/\/fundesplai.org\/es\/wp-json\/wp\/v2\/tags?post=47779"}],"curies":[{"name":"wp","href":"https:\/\/api.w.org\/{rel}","templated":true}]}}