{"id":47776,"date":"2017-11-17T11:25:13","date_gmt":"2017-11-17T10:25:13","guid":{"rendered":"https:\/\/fundesplai.org\/informa-t\/sense-categoria\/iniciativa-en-favor-de-la-ama-el-programa-de-acompanamiento-de-madres-adolescentes\/"},"modified":"2017-11-17T11:25:13","modified_gmt":"2017-11-17T10:25:13","slug":"iniciativa-en-favor-de-la-ama-el-programa-de-acompanamiento-de-madres-adolescentes","status":"publish","type":"post","link":"https:\/\/fundesplai.org\/es\/informa-t\/actualitat-es\/iniciativa-en-favor-de-la-ama-el-programa-de-acompanamiento-de-madres-adolescentes\/","title":{"rendered":"Iniciativa en favor de la AMA, el programa de acompa\u00f1amiento de madres adolescentes"},"content":{"rendered":"<p>El pasado viernes 10 de noviembre en Centre Esplai, sede de Fundesplai en El Prat de Llobregat, se inici\u00f3 una nueva acci\u00f3n dentro del proyecto&nbsp;<a href=\"ca\/infants-i-joves\/projectes-infants-i-joves\/ama\">AMA<\/a>, acompa\u00f1amiento a madres adolescentes y j\u00f3venes. Se trata de una feria de intercambio de ropa infantil entre las chicas participantes en el proyecto y que se llama&nbsp;<strong>\u00abL\u2019Estenedor del AMA\u00bb<\/strong>.<\/p>\n<p><!--more--><\/p>\n<table style=\"width: 100%\">\n<tbody>\n<tr>\n<td><img decoding=\"async\" class=\" size-full wp-image-2336\" src=\"https:\/\/fundesplai.org\/test-joomla\/wp-content\/uploads\/sites\/26\/2015\/10\/ama.jpg\" alt=\"ama\" width=\"100%\" height=\"NaN\"><\/td>\n<td><img decoding=\"async\" class=\" size-full wp-image-4894\" src=\"https:\/\/fundesplai.org\/test-joomla\/wp-content\/uploads\/sites\/26\/2017\/11\/ama2.jpg\" alt=\"ama2\" width=\"100%\" height=\"NaN\"><\/td>\n<\/tr>\n<\/tbody>\n<\/table>\n<p><span>El pasado viernes 10 de noviembre en Centre Esplai, sede de Fundesplai en El Prat de Llobregat, se inici\u00f3 una nueva acci\u00f3n dentro del proyecto <a href=\"ca\/infants-i-joves\/projectes-infants-i-joves\/ama\">AMA<\/a>, acompa\u00f1amiento a madres adolescentes y j\u00f3venes. Se trata de una feria de intercambio de ropa infantil entre las chicas participantes en el proyecto y que se llama <strong>\u00abL\u2019Estenedor de l\u2019AMA\u00bb<\/strong><\/span><\/p>\n<p><span style=\"background-color: transparent\">Con esta nueva iniciativa queremos incidir en dos cosas: por un lado que se puedan beneficiar de art\u00edculos para sus ni\u00f1os, reutilizando, intercambiando y alargando la vida \u00fatil de los objetos y, por otro, mantener la&nbsp; red entre mujeres m\u00e1s all\u00e1 del propio programa.<\/span><\/p>\n","protected":false},"excerpt":{"rendered":"<p>El pasado viernes 10 de noviembre en Centre Esplai, sede de Fundesplai en El Prat de Llobregat, se inici\u00f3 una nueva acci\u00f3n dentro del proyecto&nbsp;AMA, acompa\u00f1amiento a madres adolescentes y j\u00f3venes. Se trata de una feria de intercambio de ropa infantil entre las chicas participantes en el proyecto y que se llama&nbsp;\u00abL\u2019Estenedor del AMA\u00bb.<\/p>\n","protected":false},"author":4,"featured_media":0,"comment_status":"closed","ping_status":"closed","sticky":false,"template":"","format":"standard","meta":{"_et_pb_use_builder":"","_et_pb_old_content":"","_et_gb_content_width":"","footnotes":""},"categories":[937],"tags":[],"class_list":["post-47776","post","type-post","status-publish","format-standard","hentry","category-actualitat-es"],"yoast_head":"<!-- This site is optimized with the Yoast SEO plugin v27.4 - https:\/\/yoast.com\/product\/yoast-seo-wordpress\/ -->\n<title>Iniciativa en favor de la AMA, el programa de acompa\u00f1amiento de madres adolescentes - Fundesplai<\/title>\n<meta name=\"robots\" content=\"index, follow, max-snippet:-1, max-image-preview:large, max-video-preview:-1\" \/>\n<link rel=\"canonical\" href=\"https:\/\/fundesplai.org\/es\/informa-t\/actualitat-es\/iniciativa-en-favor-de-la-ama-el-programa-de-acompanamiento-de-madres-adolescentes\/\" \/>\n<meta property=\"og:locale\" content=\"es_ES\" \/>\n<meta property=\"og:type\" content=\"article\" \/>\n<meta property=\"og:title\" content=\"Iniciativa en favor de la AMA, el programa de acompa\u00f1amiento de madres adolescentes - Fundesplai\" \/>\n<meta property=\"og:description\" content=\"El pasado viernes 10 de noviembre en Centre Esplai, sede de Fundesplai en El Prat de Llobregat, se inici\u00f3 una nueva acci\u00f3n dentro del proyecto&nbsp;AMA, acompa\u00f1amiento a madres adolescentes y j\u00f3venes. Se trata de una feria de intercambio de ropa infantil entre las chicas participantes en el proyecto y que se llama&nbsp;\u00abL\u2019Estenedor del AMA\u00bb.\" \/>\n<meta property=\"og:url\" content=\"https:\/\/fundesplai.org\/es\/informa-t\/actualitat-es\/iniciativa-en-favor-de-la-ama-el-programa-de-acompanamiento-de-madres-adolescentes\/\" \/>\n<meta property=\"og:site_name\" content=\"Fundesplai\" \/>\n<meta property=\"article:published_time\" content=\"2017-11-17T10:25:13+00:00\" \/>\n<meta property=\"og:image\" content=\"https:\/\/fundesplai.org\/test-joomla\/wp-content\/uploads\/sites\/26\/2015\/10\/ama.jpg\" \/>\n<meta name=\"author\" content=\"Ferran\" \/>\n<meta name=\"twitter:card\" content=\"summary_large_image\" \/>\n<meta name=\"twitter:label1\" content=\"Escrito por\" \/>\n\t<meta name=\"twitter:data1\" content=\"Ferran\" \/>\n\t<meta name=\"twitter:label2\" content=\"Tiempo de lectura\" \/>\n\t<meta name=\"twitter:data2\" content=\"1 minuto\" \/>\n<script type=\"application\/ld+json\" class=\"yoast-schema-graph\">{\"@context\":\"https:\\\/\\\/schema.org\",\"@graph\":[{\"@type\":\"Article\",\"@id\":\"https:\\\/\\\/fundesplai.org\\\/es\\\/informa-t\\\/actualitat-es\\\/iniciativa-en-favor-de-la-ama-el-programa-de-acompanamiento-de-madres-adolescentes\\\/#article\",\"isPartOf\":{\"@id\":\"https:\\\/\\\/fundesplai.org\\\/es\\\/informa-t\\\/actualitat-es\\\/iniciativa-en-favor-de-la-ama-el-programa-de-acompanamiento-de-madres-adolescentes\\\/\"},\"author\":{\"name\":\"Ferran\",\"@id\":\"https:\\\/\\\/fundesplai.org\\\/es\\\/#\\\/schema\\\/person\\\/67e7825d8ec54561cc24e36ba6b0f633\"},\"headline\":\"Iniciativa en favor de la AMA, el programa de acompa\u00f1amiento de madres adolescentes\",\"datePublished\":\"2017-11-17T10:25:13+00:00\",\"mainEntityOfPage\":{\"@id\":\"https:\\\/\\\/fundesplai.org\\\/es\\\/informa-t\\\/actualitat-es\\\/iniciativa-en-favor-de-la-ama-el-programa-de-acompanamiento-de-madres-adolescentes\\\/\"},\"wordCount\":183,\"image\":{\"@id\":\"https:\\\/\\\/fundesplai.org\\\/es\\\/informa-t\\\/actualitat-es\\\/iniciativa-en-favor-de-la-ama-el-programa-de-acompanamiento-de-madres-adolescentes\\\/#primaryimage\"},\"thumbnailUrl\":\"https:\\\/\\\/fundesplai.org\\\/test-joomla\\\/wp-content\\\/uploads\\\/sites\\\/26\\\/2015\\\/10\\\/ama.jpg\",\"articleSection\":[\"Actualitat\"],\"inLanguage\":\"es\"},{\"@type\":\"WebPage\",\"@id\":\"https:\\\/\\\/fundesplai.org\\\/es\\\/informa-t\\\/actualitat-es\\\/iniciativa-en-favor-de-la-ama-el-programa-de-acompanamiento-de-madres-adolescentes\\\/\",\"url\":\"https:\\\/\\\/fundesplai.org\\\/es\\\/informa-t\\\/actualitat-es\\\/iniciativa-en-favor-de-la-ama-el-programa-de-acompanamiento-de-madres-adolescentes\\\/\",\"name\":\"Iniciativa en favor de la AMA, el programa de acompa\u00f1amiento de madres adolescentes - Fundesplai\",\"isPartOf\":{\"@id\":\"https:\\\/\\\/fundesplai.org\\\/es\\\/#website\"},\"primaryImageOfPage\":{\"@id\":\"https:\\\/\\\/fundesplai.org\\\/es\\\/informa-t\\\/actualitat-es\\\/iniciativa-en-favor-de-la-ama-el-programa-de-acompanamiento-de-madres-adolescentes\\\/#primaryimage\"},\"image\":{\"@id\":\"https:\\\/\\\/fundesplai.org\\\/es\\\/informa-t\\\/actualitat-es\\\/iniciativa-en-favor-de-la-ama-el-programa-de-acompanamiento-de-madres-adolescentes\\\/#primaryimage\"},\"thumbnailUrl\":\"https:\\\/\\\/fundesplai.org\\\/test-joomla\\\/wp-content\\\/uploads\\\/sites\\\/26\\\/2015\\\/10\\\/ama.jpg\",\"datePublished\":\"2017-11-17T10:25:13+00:00\",\"author\":{\"@id\":\"https:\\\/\\\/fundesplai.org\\\/es\\\/#\\\/schema\\\/person\\\/67e7825d8ec54561cc24e36ba6b0f633\"},\"breadcrumb\":{\"@id\":\"https:\\\/\\\/fundesplai.org\\\/es\\\/informa-t\\\/actualitat-es\\\/iniciativa-en-favor-de-la-ama-el-programa-de-acompanamiento-de-madres-adolescentes\\\/#breadcrumb\"},\"inLanguage\":\"es\",\"potentialAction\":[{\"@type\":\"ReadAction\",\"target\":[\"https:\\\/\\\/fundesplai.org\\\/es\\\/informa-t\\\/actualitat-es\\\/iniciativa-en-favor-de-la-ama-el-programa-de-acompanamiento-de-madres-adolescentes\\\/\"]}]},{\"@type\":\"ImageObject\",\"inLanguage\":\"es\",\"@id\":\"https:\\\/\\\/fundesplai.org\\\/es\\\/informa-t\\\/actualitat-es\\\/iniciativa-en-favor-de-la-ama-el-programa-de-acompanamiento-de-madres-adolescentes\\\/#primaryimage\",\"url\":\"https:\\\/\\\/fundesplai.org\\\/test-joomla\\\/wp-content\\\/uploads\\\/sites\\\/26\\\/2015\\\/10\\\/ama.jpg\",\"contentUrl\":\"https:\\\/\\\/fundesplai.org\\\/test-joomla\\\/wp-content\\\/uploads\\\/sites\\\/26\\\/2015\\\/10\\\/ama.jpg\"},{\"@type\":\"BreadcrumbList\",\"@id\":\"https:\\\/\\\/fundesplai.org\\\/es\\\/informa-t\\\/actualitat-es\\\/iniciativa-en-favor-de-la-ama-el-programa-de-acompanamiento-de-madres-adolescentes\\\/#breadcrumb\",\"itemListElement\":[{\"@type\":\"ListItem\",\"position\":1,\"name\":\"Inici\",\"item\":\"https:\\\/\\\/fundesplai.org\\\/es\\\/inicio\\\/\"},{\"@type\":\"ListItem\",\"position\":2,\"name\":\"Inf\u00f3rmate\",\"item\":\"https:\\\/\\\/fundesplai.org\\\/es\\\/informate\\\/\"},{\"@type\":\"ListItem\",\"position\":3,\"name\":\"Sin categor\u00eda\",\"item\":\"https:\\\/\\\/fundesplai.org\\\/es\\\/informa-t\\\/category\\\/sin-categoria\\\/\"},{\"@type\":\"ListItem\",\"position\":4,\"name\":\"Iniciativa en favor de la AMA, el programa de acompa\u00f1amiento de madres adolescentes\"}]},{\"@type\":\"WebSite\",\"@id\":\"https:\\\/\\\/fundesplai.org\\\/es\\\/#website\",\"url\":\"https:\\\/\\\/fundesplai.org\\\/es\\\/\",\"name\":\"Fundesplai\",\"description\":\"Eduquem per la conviv\u00e8ncia i la sostenibilitat\",\"potentialAction\":[{\"@type\":\"SearchAction\",\"target\":{\"@type\":\"EntryPoint\",\"urlTemplate\":\"https:\\\/\\\/fundesplai.org\\\/es\\\/?s={search_term_string}\"},\"query-input\":{\"@type\":\"PropertyValueSpecification\",\"valueRequired\":true,\"valueName\":\"search_term_string\"}}],\"inLanguage\":\"es\"},{\"@type\":\"Person\",\"@id\":\"https:\\\/\\\/fundesplai.org\\\/es\\\/#\\\/schema\\\/person\\\/67e7825d8ec54561cc24e36ba6b0f633\",\"name\":\"Ferran\",\"image\":{\"@type\":\"ImageObject\",\"inLanguage\":\"es\",\"@id\":\"https:\\\/\\\/secure.gravatar.com\\\/avatar\\\/a3510350976b58aae6eccd1e36f066b660a69ef63f97fde3cba8205db7db816a?s=96&d=mm&r=g\",\"url\":\"https:\\\/\\\/secure.gravatar.com\\\/avatar\\\/a3510350976b58aae6eccd1e36f066b660a69ef63f97fde3cba8205db7db816a?s=96&d=mm&r=g\",\"contentUrl\":\"https:\\\/\\\/secure.gravatar.com\\\/avatar\\\/a3510350976b58aae6eccd1e36f066b660a69ef63f97fde3cba8205db7db816a?s=96&d=mm&r=g\",\"caption\":\"Ferran\"},\"url\":\"https:\\\/\\\/fundesplai.org\\\/es\\\/informa-t\\\/author\\\/fvidal\\\/\"}]}<\/script>\n<!-- \/ Yoast SEO plugin. -->","yoast_head_json":{"title":"Iniciativa en favor de la AMA, el programa de acompa\u00f1amiento de madres adolescentes - Fundesplai","robots":{"index":"index","follow":"follow","max-snippet":"max-snippet:-1","max-image-preview":"max-image-preview:large","max-video-preview":"max-video-preview:-1"},"canonical":"https:\/\/fundesplai.org\/es\/informa-t\/actualitat-es\/iniciativa-en-favor-de-la-ama-el-programa-de-acompanamiento-de-madres-adolescentes\/","og_locale":"es_ES","og_type":"article","og_title":"Iniciativa en favor de la AMA, el programa de acompa\u00f1amiento de madres adolescentes - Fundesplai","og_description":"El pasado viernes 10 de noviembre en Centre Esplai, sede de Fundesplai en El Prat de Llobregat, se inici\u00f3 una nueva acci\u00f3n dentro del proyecto&nbsp;AMA, acompa\u00f1amiento a madres adolescentes y j\u00f3venes. Se trata de una feria de intercambio de ropa infantil entre las chicas participantes en el proyecto y que se llama&nbsp;\u00abL\u2019Estenedor del AMA\u00bb.","og_url":"https:\/\/fundesplai.org\/es\/informa-t\/actualitat-es\/iniciativa-en-favor-de-la-ama-el-programa-de-acompanamiento-de-madres-adolescentes\/","og_site_name":"Fundesplai","article_published_time":"2017-11-17T10:25:13+00:00","og_image":[{"url":"https:\/\/fundesplai.org\/test-joomla\/wp-content\/uploads\/sites\/26\/2015\/10\/ama.jpg","type":"","width":"","height":""}],"author":"Ferran","twitter_card":"summary_large_image","twitter_misc":{"Escrito por":"Ferran","Tiempo de lectura":"1 minuto"},"schema":{"@context":"https:\/\/schema.org","@graph":[{"@type":"Article","@id":"https:\/\/fundesplai.org\/es\/informa-t\/actualitat-es\/iniciativa-en-favor-de-la-ama-el-programa-de-acompanamiento-de-madres-adolescentes\/#article","isPartOf":{"@id":"https:\/\/fundesplai.org\/es\/informa-t\/actualitat-es\/iniciativa-en-favor-de-la-ama-el-programa-de-acompanamiento-de-madres-adolescentes\/"},"author":{"name":"Ferran","@id":"https:\/\/fundesplai.org\/es\/#\/schema\/person\/67e7825d8ec54561cc24e36ba6b0f633"},"headline":"Iniciativa en favor de la AMA, el programa de acompa\u00f1amiento de madres adolescentes","datePublished":"2017-11-17T10:25:13+00:00","mainEntityOfPage":{"@id":"https:\/\/fundesplai.org\/es\/informa-t\/actualitat-es\/iniciativa-en-favor-de-la-ama-el-programa-de-acompanamiento-de-madres-adolescentes\/"},"wordCount":183,"image":{"@id":"https:\/\/fundesplai.org\/es\/informa-t\/actualitat-es\/iniciativa-en-favor-de-la-ama-el-programa-de-acompanamiento-de-madres-adolescentes\/#primaryimage"},"thumbnailUrl":"https:\/\/fundesplai.org\/test-joomla\/wp-content\/uploads\/sites\/26\/2015\/10\/ama.jpg","articleSection":["Actualitat"],"inLanguage":"es"},{"@type":"WebPage","@id":"https:\/\/fundesplai.org\/es\/informa-t\/actualitat-es\/iniciativa-en-favor-de-la-ama-el-programa-de-acompanamiento-de-madres-adolescentes\/","url":"https:\/\/fundesplai.org\/es\/informa-t\/actualitat-es\/iniciativa-en-favor-de-la-ama-el-programa-de-acompanamiento-de-madres-adolescentes\/","name":"Iniciativa en favor de la AMA, el programa de acompa\u00f1amiento de madres adolescentes - Fundesplai","isPartOf":{"@id":"https:\/\/fundesplai.org\/es\/#website"},"primaryImageOfPage":{"@id":"https:\/\/fundesplai.org\/es\/informa-t\/actualitat-es\/iniciativa-en-favor-de-la-ama-el-programa-de-acompanamiento-de-madres-adolescentes\/#primaryimage"},"image":{"@id":"https:\/\/fundesplai.org\/es\/informa-t\/actualitat-es\/iniciativa-en-favor-de-la-ama-el-programa-de-acompanamiento-de-madres-adolescentes\/#primaryimage"},"thumbnailUrl":"https:\/\/fundesplai.org\/test-joomla\/wp-content\/uploads\/sites\/26\/2015\/10\/ama.jpg","datePublished":"2017-11-17T10:25:13+00:00","author":{"@id":"https:\/\/fundesplai.org\/es\/#\/schema\/person\/67e7825d8ec54561cc24e36ba6b0f633"},"breadcrumb":{"@id":"https:\/\/fundesplai.org\/es\/informa-t\/actualitat-es\/iniciativa-en-favor-de-la-ama-el-programa-de-acompanamiento-de-madres-adolescentes\/#breadcrumb"},"inLanguage":"es","potentialAction":[{"@type":"ReadAction","target":["https:\/\/fundesplai.org\/es\/informa-t\/actualitat-es\/iniciativa-en-favor-de-la-ama-el-programa-de-acompanamiento-de-madres-adolescentes\/"]}]},{"@type":"ImageObject","inLanguage":"es","@id":"https:\/\/fundesplai.org\/es\/informa-t\/actualitat-es\/iniciativa-en-favor-de-la-ama-el-programa-de-acompanamiento-de-madres-adolescentes\/#primaryimage","url":"https:\/\/fundesplai.org\/test-joomla\/wp-content\/uploads\/sites\/26\/2015\/10\/ama.jpg","contentUrl":"https:\/\/fundesplai.org\/test-joomla\/wp-content\/uploads\/sites\/26\/2015\/10\/ama.jpg"},{"@type":"BreadcrumbList","@id":"https:\/\/fundesplai.org\/es\/informa-t\/actualitat-es\/iniciativa-en-favor-de-la-ama-el-programa-de-acompanamiento-de-madres-adolescentes\/#breadcrumb","itemListElement":[{"@type":"ListItem","position":1,"name":"Inici","item":"https:\/\/fundesplai.org\/es\/inicio\/"},{"@type":"ListItem","position":2,"name":"Inf\u00f3rmate","item":"https:\/\/fundesplai.org\/es\/informate\/"},{"@type":"ListItem","position":3,"name":"Sin categor\u00eda","item":"https:\/\/fundesplai.org\/es\/informa-t\/category\/sin-categoria\/"},{"@type":"ListItem","position":4,"name":"Iniciativa en favor de la AMA, el programa de acompa\u00f1amiento de madres adolescentes"}]},{"@type":"WebSite","@id":"https:\/\/fundesplai.org\/es\/#website","url":"https:\/\/fundesplai.org\/es\/","name":"Fundesplai","description":"Eduquem per la conviv\u00e8ncia i la sostenibilitat","potentialAction":[{"@type":"SearchAction","target":{"@type":"EntryPoint","urlTemplate":"https:\/\/fundesplai.org\/es\/?s={search_term_string}"},"query-input":{"@type":"PropertyValueSpecification","valueRequired":true,"valueName":"search_term_string"}}],"inLanguage":"es"},{"@type":"Person","@id":"https:\/\/fundesplai.org\/es\/#\/schema\/person\/67e7825d8ec54561cc24e36ba6b0f633","name":"Ferran","image":{"@type":"ImageObject","inLanguage":"es","@id":"https:\/\/secure.gravatar.com\/avatar\/a3510350976b58aae6eccd1e36f066b660a69ef63f97fde3cba8205db7db816a?s=96&d=mm&r=g","url":"https:\/\/secure.gravatar.com\/avatar\/a3510350976b58aae6eccd1e36f066b660a69ef63f97fde3cba8205db7db816a?s=96&d=mm&r=g","contentUrl":"https:\/\/secure.gravatar.com\/avatar\/a3510350976b58aae6eccd1e36f066b660a69ef63f97fde3cba8205db7db816a?s=96&d=mm&r=g","caption":"Ferran"},"url":"https:\/\/fundesplai.org\/es\/informa-t\/author\/fvidal\/"}]}},"_links":{"self":[{"href":"https:\/\/fundesplai.org\/es\/wp-json\/wp\/v2\/posts\/47776","targetHints":{"allow":["GET"]}}],"collection":[{"href":"https:\/\/fundesplai.org\/es\/wp-json\/wp\/v2\/posts"}],"about":[{"href":"https:\/\/fundesplai.org\/es\/wp-json\/wp\/v2\/types\/post"}],"author":[{"embeddable":true,"href":"https:\/\/fundesplai.org\/es\/wp-json\/wp\/v2\/users\/4"}],"replies":[{"embeddable":true,"href":"https:\/\/fundesplai.org\/es\/wp-json\/wp\/v2\/comments?post=47776"}],"version-history":[{"count":0,"href":"https:\/\/fundesplai.org\/es\/wp-json\/wp\/v2\/posts\/47776\/revisions"}],"wp:attachment":[{"href":"https:\/\/fundesplai.org\/es\/wp-json\/wp\/v2\/media?parent=47776"}],"wp:term":[{"taxonomy":"category","embeddable":true,"href":"https:\/\/fundesplai.org\/es\/wp-json\/wp\/v2\/categories?post=47776"},{"taxonomy":"post_tag","embeddable":true,"href":"https:\/\/fundesplai.org\/es\/wp-json\/wp\/v2\/tags?post=47776"}],"curies":[{"name":"wp","href":"https:\/\/api.w.org\/{rel}","templated":true}]}}