{"id":47773,"date":"2017-11-14T16:48:50","date_gmt":"2017-11-14T15:48:50","guid":{"rendered":"https:\/\/fundesplai.org\/informa-t\/sense-categoria\/20dia-universal-de-los-derechos-del-nino\/"},"modified":"2017-11-14T16:48:50","modified_gmt":"2017-11-14T15:48:50","slug":"20dia-universal-de-los-derechos-del-nino","status":"publish","type":"post","link":"https:\/\/fundesplai.org\/es\/informa-t\/actualitat-es\/20dia-universal-de-los-derechos-del-nino\/","title":{"rendered":"20:D\u00eda Universal de los Derechos del Ni\u00f1o"},"content":{"rendered":"<p>Lunes 20 de noviembre&nbsp;es el &nbsp;D\u00eda Universal de los Derechos del Ni\u00f1o. Desde hace cuatro a\u00f1os &nbsp;Fundesplai&#8230;<\/p>\n<p><!--more--><\/p>\n<p class=\"intro\">Reivindicamos el derecho al ocio, la igualdad y la violencia cero<\/p>\n<p class=\"intro\"><img decoding=\"async\" class=\" size-full wp-image-4870\" src=\"https:\/\/fundesplai.org\/test-joomla\/wp-content\/uploads\/sites\/26\/2017\/11\/Banner-amb-dates.jpg\" alt=\"Banner amb dates\" width=\"100%\" height=\"NaN\">&nbsp;<\/p>\n<p><strong> Lunes 20 de noviembre<\/strong> es el&nbsp; D\u00eda Universal de los Derechos del Ni\u00f1o. Desde hace cuatro a\u00f1os&nbsp;<strong>Fundesplai<\/strong>&nbsp; y la&nbsp;<a href=\"https:\/\/esplai.fundesplai.org\">Federaci\u00f3 Catalana del Esplai<\/a>&nbsp; conmemoramos este d\u00eda con la campa\u00f1a por&nbsp;<a href=\"http:\/\/projectes.fundesplai.org\/dretallleure\/\">#Dretalleure<\/a> &nbsp; llenando las plazas y calles de talleres, y actividades para reivindicar &nbsp; el derecho al juego (art. 31).<\/p>\n<p>Sin embargo, este a\u00f1o damos un paso m\u00e1s y a la reivindicaci\u00f3n al derecho al ocio sumamos los derechos referidos a la no discriminaci\u00f3n (art. 2) y la educaci\u00f3n hacia una cultura de la paz (art.29). Supone seguir impregnando la acci\u00f3n educativa con los ni\u00f1os, j\u00f3venes, familias y comunidad en general, de los valores y el esp\u00edritu del programa educativo que estamos desarrollando desde este curso,&nbsp;<a href=\"http:\/\/projectes.fundesplai.org\/encoratjat\/\" title=\"Encoratjat\">\u201cEnCORatja\u2019t\u201d<\/a>&nbsp;en torno a la igualdad de g\u00e9nero y la violencia cero.<\/p>\n<p>Est\u00e1 previsto que participen m\u00e1s de 100 entidades, entre esplais, escuelas y asociaciones del resto del Estado espa\u00f1ol que, durante el s\u00e1bado y el domingo y la pr\u00f3xima semana har\u00e1n un mont\u00f3n de actividades. El acto central ser\u00e1 el lunes 20 de noviembre y realizaremos las siguientes acciones:<\/p>\n<ul>\n<li class=\"mailpoet_paragraph\">Escuelas, esplais y entidades har\u00e1n un mont\u00f3n de actividades con ni\u00f1os y j\u00f3venes<\/li>\n<li class=\"mailpoet_paragraph\">Compartiremos mensajes, im\u00e1genes y v\u00eddeos en las redes sociales con las etiquetas&nbsp;<strong>#DretalLleure<\/strong>&nbsp;i&nbsp;<strong>#Encoratjat<\/strong>.<\/li>\n<li class=\"mailpoet_paragraph\">Ponga en su avatar la imagen de #DretalLleure&nbsp; <a href=\"https:\/\/www.facebook.com\/federaciocatalanaesplai\/posts\/1558365450889931\" target=\"_blank\" rel=\"noopener noreferrer\" title=\"Avatar #DretalLleure\">tal y como se explica aqu\u00ed.<\/a><\/li>\n<\/ul>\n","protected":false},"excerpt":{"rendered":"<p>Lunes 20 de noviembre&nbsp;es el &nbsp;D\u00eda Universal de los Derechos del Ni\u00f1o. Desde hace cuatro a\u00f1os &nbsp;Fundesplai&#8230;<\/p>\n","protected":false},"author":9,"featured_media":0,"comment_status":"closed","ping_status":"closed","sticky":false,"template":"","format":"standard","meta":{"_et_pb_use_builder":"","_et_pb_old_content":"","_et_gb_content_width":"","footnotes":""},"categories":[937],"tags":[],"class_list":["post-47773","post","type-post","status-publish","format-standard","hentry","category-actualitat-es"],"yoast_head":"<!-- This site is optimized with the Yoast SEO plugin v27.4 - https:\/\/yoast.com\/product\/yoast-seo-wordpress\/ -->\n<title>20:D\u00eda Universal de los Derechos del Ni\u00f1o - Fundesplai<\/title>\n<meta name=\"robots\" content=\"index, follow, max-snippet:-1, max-image-preview:large, max-video-preview:-1\" \/>\n<link rel=\"canonical\" href=\"https:\/\/fundesplai.org\/es\/informa-t\/actualitat-es\/20dia-universal-de-los-derechos-del-nino\/\" \/>\n<meta property=\"og:locale\" content=\"es_ES\" \/>\n<meta property=\"og:type\" content=\"article\" \/>\n<meta property=\"og:title\" content=\"20:D\u00eda Universal de los Derechos del Ni\u00f1o - Fundesplai\" \/>\n<meta property=\"og:description\" content=\"Lunes 20 de noviembre&nbsp;es el &nbsp;D\u00eda Universal de los Derechos del Ni\u00f1o. Desde hace cuatro a\u00f1os &nbsp;Fundesplai&#8230;\" \/>\n<meta property=\"og:url\" content=\"https:\/\/fundesplai.org\/es\/informa-t\/actualitat-es\/20dia-universal-de-los-derechos-del-nino\/\" \/>\n<meta property=\"og:site_name\" content=\"Fundesplai\" \/>\n<meta property=\"article:published_time\" content=\"2017-11-14T15:48:50+00:00\" \/>\n<meta property=\"og:image\" content=\"https:\/\/fundesplai.org\/test-joomla\/wp-content\/uploads\/sites\/26\/2017\/11\/Banner-amb-dates.jpg\" \/>\n<meta name=\"author\" content=\"Alfons Valle\" \/>\n<meta name=\"twitter:card\" content=\"summary_large_image\" \/>\n<meta name=\"twitter:label1\" content=\"Escrito por\" \/>\n\t<meta name=\"twitter:data1\" content=\"Alfons Valle\" \/>\n\t<meta name=\"twitter:label2\" content=\"Tiempo de lectura\" \/>\n\t<meta name=\"twitter:data2\" content=\"1 minuto\" \/>\n<script type=\"application\/ld+json\" class=\"yoast-schema-graph\">{\"@context\":\"https:\\\/\\\/schema.org\",\"@graph\":[{\"@type\":\"Article\",\"@id\":\"https:\\\/\\\/fundesplai.org\\\/es\\\/informa-t\\\/actualitat-es\\\/20dia-universal-de-los-derechos-del-nino\\\/#article\",\"isPartOf\":{\"@id\":\"https:\\\/\\\/fundesplai.org\\\/es\\\/informa-t\\\/actualitat-es\\\/20dia-universal-de-los-derechos-del-nino\\\/\"},\"author\":{\"name\":\"Alfons Valle\",\"@id\":\"https:\\\/\\\/fundesplai.org\\\/es\\\/#\\\/schema\\\/person\\\/c0e9e7466bb8ac06f5264324a6109733\"},\"headline\":\"20:D\u00eda Universal de los Derechos del Ni\u00f1o\",\"datePublished\":\"2017-11-14T15:48:50+00:00\",\"mainEntityOfPage\":{\"@id\":\"https:\\\/\\\/fundesplai.org\\\/es\\\/informa-t\\\/actualitat-es\\\/20dia-universal-de-los-derechos-del-nino\\\/\"},\"wordCount\":298,\"image\":{\"@id\":\"https:\\\/\\\/fundesplai.org\\\/es\\\/informa-t\\\/actualitat-es\\\/20dia-universal-de-los-derechos-del-nino\\\/#primaryimage\"},\"thumbnailUrl\":\"https:\\\/\\\/fundesplai.org\\\/test-joomla\\\/wp-content\\\/uploads\\\/sites\\\/26\\\/2017\\\/11\\\/Banner-amb-dates.jpg\",\"articleSection\":[\"Actualitat\"],\"inLanguage\":\"es\"},{\"@type\":\"WebPage\",\"@id\":\"https:\\\/\\\/fundesplai.org\\\/es\\\/informa-t\\\/actualitat-es\\\/20dia-universal-de-los-derechos-del-nino\\\/\",\"url\":\"https:\\\/\\\/fundesplai.org\\\/es\\\/informa-t\\\/actualitat-es\\\/20dia-universal-de-los-derechos-del-nino\\\/\",\"name\":\"20:D\u00eda Universal de los Derechos del Ni\u00f1o - Fundesplai\",\"isPartOf\":{\"@id\":\"https:\\\/\\\/fundesplai.org\\\/es\\\/#website\"},\"primaryImageOfPage\":{\"@id\":\"https:\\\/\\\/fundesplai.org\\\/es\\\/informa-t\\\/actualitat-es\\\/20dia-universal-de-los-derechos-del-nino\\\/#primaryimage\"},\"image\":{\"@id\":\"https:\\\/\\\/fundesplai.org\\\/es\\\/informa-t\\\/actualitat-es\\\/20dia-universal-de-los-derechos-del-nino\\\/#primaryimage\"},\"thumbnailUrl\":\"https:\\\/\\\/fundesplai.org\\\/test-joomla\\\/wp-content\\\/uploads\\\/sites\\\/26\\\/2017\\\/11\\\/Banner-amb-dates.jpg\",\"datePublished\":\"2017-11-14T15:48:50+00:00\",\"author\":{\"@id\":\"https:\\\/\\\/fundesplai.org\\\/es\\\/#\\\/schema\\\/person\\\/c0e9e7466bb8ac06f5264324a6109733\"},\"breadcrumb\":{\"@id\":\"https:\\\/\\\/fundesplai.org\\\/es\\\/informa-t\\\/actualitat-es\\\/20dia-universal-de-los-derechos-del-nino\\\/#breadcrumb\"},\"inLanguage\":\"es\",\"potentialAction\":[{\"@type\":\"ReadAction\",\"target\":[\"https:\\\/\\\/fundesplai.org\\\/es\\\/informa-t\\\/actualitat-es\\\/20dia-universal-de-los-derechos-del-nino\\\/\"]}]},{\"@type\":\"ImageObject\",\"inLanguage\":\"es\",\"@id\":\"https:\\\/\\\/fundesplai.org\\\/es\\\/informa-t\\\/actualitat-es\\\/20dia-universal-de-los-derechos-del-nino\\\/#primaryimage\",\"url\":\"https:\\\/\\\/fundesplai.org\\\/test-joomla\\\/wp-content\\\/uploads\\\/sites\\\/26\\\/2017\\\/11\\\/Banner-amb-dates.jpg\",\"contentUrl\":\"https:\\\/\\\/fundesplai.org\\\/test-joomla\\\/wp-content\\\/uploads\\\/sites\\\/26\\\/2017\\\/11\\\/Banner-amb-dates.jpg\"},{\"@type\":\"BreadcrumbList\",\"@id\":\"https:\\\/\\\/fundesplai.org\\\/es\\\/informa-t\\\/actualitat-es\\\/20dia-universal-de-los-derechos-del-nino\\\/#breadcrumb\",\"itemListElement\":[{\"@type\":\"ListItem\",\"position\":1,\"name\":\"Inici\",\"item\":\"https:\\\/\\\/fundesplai.org\\\/es\\\/inicio\\\/\"},{\"@type\":\"ListItem\",\"position\":2,\"name\":\"Inf\u00f3rmate\",\"item\":\"https:\\\/\\\/fundesplai.org\\\/es\\\/informate\\\/\"},{\"@type\":\"ListItem\",\"position\":3,\"name\":\"Sin categor\u00eda\",\"item\":\"https:\\\/\\\/fundesplai.org\\\/es\\\/informa-t\\\/category\\\/sin-categoria\\\/\"},{\"@type\":\"ListItem\",\"position\":4,\"name\":\"20:D\u00eda Universal de los Derechos del Ni\u00f1o\"}]},{\"@type\":\"WebSite\",\"@id\":\"https:\\\/\\\/fundesplai.org\\\/es\\\/#website\",\"url\":\"https:\\\/\\\/fundesplai.org\\\/es\\\/\",\"name\":\"Fundesplai\",\"description\":\"Eduquem per la conviv\u00e8ncia i la sostenibilitat\",\"potentialAction\":[{\"@type\":\"SearchAction\",\"target\":{\"@type\":\"EntryPoint\",\"urlTemplate\":\"https:\\\/\\\/fundesplai.org\\\/es\\\/?s={search_term_string}\"},\"query-input\":{\"@type\":\"PropertyValueSpecification\",\"valueRequired\":true,\"valueName\":\"search_term_string\"}}],\"inLanguage\":\"es\"},{\"@type\":\"Person\",\"@id\":\"https:\\\/\\\/fundesplai.org\\\/es\\\/#\\\/schema\\\/person\\\/c0e9e7466bb8ac06f5264324a6109733\",\"name\":\"Alfons Valle\",\"image\":{\"@type\":\"ImageObject\",\"inLanguage\":\"es\",\"@id\":\"https:\\\/\\\/secure.gravatar.com\\\/avatar\\\/71d95a3f99a068ba570ac1314ed6911a59c5ae3f22ffcf23631cd1a861a640bc?s=96&d=mm&r=g\",\"url\":\"https:\\\/\\\/secure.gravatar.com\\\/avatar\\\/71d95a3f99a068ba570ac1314ed6911a59c5ae3f22ffcf23631cd1a861a640bc?s=96&d=mm&r=g\",\"contentUrl\":\"https:\\\/\\\/secure.gravatar.com\\\/avatar\\\/71d95a3f99a068ba570ac1314ed6911a59c5ae3f22ffcf23631cd1a861a640bc?s=96&d=mm&r=g\",\"caption\":\"Alfons Valle\"},\"url\":\"https:\\\/\\\/fundesplai.org\\\/es\\\/informa-t\\\/author\\\/avalle\\\/\"}]}<\/script>\n<!-- \/ Yoast SEO plugin. -->","yoast_head_json":{"title":"20:D\u00eda Universal de los Derechos del Ni\u00f1o - Fundesplai","robots":{"index":"index","follow":"follow","max-snippet":"max-snippet:-1","max-image-preview":"max-image-preview:large","max-video-preview":"max-video-preview:-1"},"canonical":"https:\/\/fundesplai.org\/es\/informa-t\/actualitat-es\/20dia-universal-de-los-derechos-del-nino\/","og_locale":"es_ES","og_type":"article","og_title":"20:D\u00eda Universal de los Derechos del Ni\u00f1o - Fundesplai","og_description":"Lunes 20 de noviembre&nbsp;es el &nbsp;D\u00eda Universal de los Derechos del Ni\u00f1o. Desde hace cuatro a\u00f1os &nbsp;Fundesplai&#8230;","og_url":"https:\/\/fundesplai.org\/es\/informa-t\/actualitat-es\/20dia-universal-de-los-derechos-del-nino\/","og_site_name":"Fundesplai","article_published_time":"2017-11-14T15:48:50+00:00","og_image":[{"url":"https:\/\/fundesplai.org\/test-joomla\/wp-content\/uploads\/sites\/26\/2017\/11\/Banner-amb-dates.jpg","type":"","width":"","height":""}],"author":"Alfons Valle","twitter_card":"summary_large_image","twitter_misc":{"Escrito por":"Alfons Valle","Tiempo de lectura":"1 minuto"},"schema":{"@context":"https:\/\/schema.org","@graph":[{"@type":"Article","@id":"https:\/\/fundesplai.org\/es\/informa-t\/actualitat-es\/20dia-universal-de-los-derechos-del-nino\/#article","isPartOf":{"@id":"https:\/\/fundesplai.org\/es\/informa-t\/actualitat-es\/20dia-universal-de-los-derechos-del-nino\/"},"author":{"name":"Alfons Valle","@id":"https:\/\/fundesplai.org\/es\/#\/schema\/person\/c0e9e7466bb8ac06f5264324a6109733"},"headline":"20:D\u00eda Universal de los Derechos del Ni\u00f1o","datePublished":"2017-11-14T15:48:50+00:00","mainEntityOfPage":{"@id":"https:\/\/fundesplai.org\/es\/informa-t\/actualitat-es\/20dia-universal-de-los-derechos-del-nino\/"},"wordCount":298,"image":{"@id":"https:\/\/fundesplai.org\/es\/informa-t\/actualitat-es\/20dia-universal-de-los-derechos-del-nino\/#primaryimage"},"thumbnailUrl":"https:\/\/fundesplai.org\/test-joomla\/wp-content\/uploads\/sites\/26\/2017\/11\/Banner-amb-dates.jpg","articleSection":["Actualitat"],"inLanguage":"es"},{"@type":"WebPage","@id":"https:\/\/fundesplai.org\/es\/informa-t\/actualitat-es\/20dia-universal-de-los-derechos-del-nino\/","url":"https:\/\/fundesplai.org\/es\/informa-t\/actualitat-es\/20dia-universal-de-los-derechos-del-nino\/","name":"20:D\u00eda Universal de los Derechos del Ni\u00f1o - Fundesplai","isPartOf":{"@id":"https:\/\/fundesplai.org\/es\/#website"},"primaryImageOfPage":{"@id":"https:\/\/fundesplai.org\/es\/informa-t\/actualitat-es\/20dia-universal-de-los-derechos-del-nino\/#primaryimage"},"image":{"@id":"https:\/\/fundesplai.org\/es\/informa-t\/actualitat-es\/20dia-universal-de-los-derechos-del-nino\/#primaryimage"},"thumbnailUrl":"https:\/\/fundesplai.org\/test-joomla\/wp-content\/uploads\/sites\/26\/2017\/11\/Banner-amb-dates.jpg","datePublished":"2017-11-14T15:48:50+00:00","author":{"@id":"https:\/\/fundesplai.org\/es\/#\/schema\/person\/c0e9e7466bb8ac06f5264324a6109733"},"breadcrumb":{"@id":"https:\/\/fundesplai.org\/es\/informa-t\/actualitat-es\/20dia-universal-de-los-derechos-del-nino\/#breadcrumb"},"inLanguage":"es","potentialAction":[{"@type":"ReadAction","target":["https:\/\/fundesplai.org\/es\/informa-t\/actualitat-es\/20dia-universal-de-los-derechos-del-nino\/"]}]},{"@type":"ImageObject","inLanguage":"es","@id":"https:\/\/fundesplai.org\/es\/informa-t\/actualitat-es\/20dia-universal-de-los-derechos-del-nino\/#primaryimage","url":"https:\/\/fundesplai.org\/test-joomla\/wp-content\/uploads\/sites\/26\/2017\/11\/Banner-amb-dates.jpg","contentUrl":"https:\/\/fundesplai.org\/test-joomla\/wp-content\/uploads\/sites\/26\/2017\/11\/Banner-amb-dates.jpg"},{"@type":"BreadcrumbList","@id":"https:\/\/fundesplai.org\/es\/informa-t\/actualitat-es\/20dia-universal-de-los-derechos-del-nino\/#breadcrumb","itemListElement":[{"@type":"ListItem","position":1,"name":"Inici","item":"https:\/\/fundesplai.org\/es\/inicio\/"},{"@type":"ListItem","position":2,"name":"Inf\u00f3rmate","item":"https:\/\/fundesplai.org\/es\/informate\/"},{"@type":"ListItem","position":3,"name":"Sin categor\u00eda","item":"https:\/\/fundesplai.org\/es\/informa-t\/category\/sin-categoria\/"},{"@type":"ListItem","position":4,"name":"20:D\u00eda Universal de los Derechos del Ni\u00f1o"}]},{"@type":"WebSite","@id":"https:\/\/fundesplai.org\/es\/#website","url":"https:\/\/fundesplai.org\/es\/","name":"Fundesplai","description":"Eduquem per la conviv\u00e8ncia i la sostenibilitat","potentialAction":[{"@type":"SearchAction","target":{"@type":"EntryPoint","urlTemplate":"https:\/\/fundesplai.org\/es\/?s={search_term_string}"},"query-input":{"@type":"PropertyValueSpecification","valueRequired":true,"valueName":"search_term_string"}}],"inLanguage":"es"},{"@type":"Person","@id":"https:\/\/fundesplai.org\/es\/#\/schema\/person\/c0e9e7466bb8ac06f5264324a6109733","name":"Alfons Valle","image":{"@type":"ImageObject","inLanguage":"es","@id":"https:\/\/secure.gravatar.com\/avatar\/71d95a3f99a068ba570ac1314ed6911a59c5ae3f22ffcf23631cd1a861a640bc?s=96&d=mm&r=g","url":"https:\/\/secure.gravatar.com\/avatar\/71d95a3f99a068ba570ac1314ed6911a59c5ae3f22ffcf23631cd1a861a640bc?s=96&d=mm&r=g","contentUrl":"https:\/\/secure.gravatar.com\/avatar\/71d95a3f99a068ba570ac1314ed6911a59c5ae3f22ffcf23631cd1a861a640bc?s=96&d=mm&r=g","caption":"Alfons Valle"},"url":"https:\/\/fundesplai.org\/es\/informa-t\/author\/avalle\/"}]}},"_links":{"self":[{"href":"https:\/\/fundesplai.org\/es\/wp-json\/wp\/v2\/posts\/47773","targetHints":{"allow":["GET"]}}],"collection":[{"href":"https:\/\/fundesplai.org\/es\/wp-json\/wp\/v2\/posts"}],"about":[{"href":"https:\/\/fundesplai.org\/es\/wp-json\/wp\/v2\/types\/post"}],"author":[{"embeddable":true,"href":"https:\/\/fundesplai.org\/es\/wp-json\/wp\/v2\/users\/9"}],"replies":[{"embeddable":true,"href":"https:\/\/fundesplai.org\/es\/wp-json\/wp\/v2\/comments?post=47773"}],"version-history":[{"count":0,"href":"https:\/\/fundesplai.org\/es\/wp-json\/wp\/v2\/posts\/47773\/revisions"}],"wp:attachment":[{"href":"https:\/\/fundesplai.org\/es\/wp-json\/wp\/v2\/media?parent=47773"}],"wp:term":[{"taxonomy":"category","embeddable":true,"href":"https:\/\/fundesplai.org\/es\/wp-json\/wp\/v2\/categories?post=47773"},{"taxonomy":"post_tag","embeddable":true,"href":"https:\/\/fundesplai.org\/es\/wp-json\/wp\/v2\/tags?post=47773"}],"curies":[{"name":"wp","href":"https:\/\/api.w.org\/{rel}","templated":true}]}}