{"id":47771,"date":"2017-11-03T19:01:23","date_gmt":"2017-11-03T18:01:23","guid":{"rendered":"https:\/\/fundesplai.org\/informa-t\/sense-categoria\/fundesplai-por-la-libertad-de-los-presos-politicos\/"},"modified":"2017-11-03T19:01:23","modified_gmt":"2017-11-03T18:01:23","slug":"fundesplai-por-la-libertad-de-los-presos-politicos","status":"publish","type":"post","link":"https:\/\/fundesplai.org\/es\/informa-t\/actualitat-es\/fundesplai-por-la-libertad-de-los-presos-politicos\/","title":{"rendered":"Fundesplai, por la libertad de los presos pol\u00edticos"},"content":{"rendered":"<p>El jueves 2 de noviembre fue un d\u00eda muy triste para Fundesplai y para todas y todos los dem\u00f3cratas porque encarcelaron a una parte importante del Gobierno leg\u00edtimo de Catalu\u00f1a.<\/p>\n<p><!--more--><\/p>\n<p><img loading=\"lazy\" decoding=\"async\" class=\" alignleft size-full wp-image-4863\" style=\"margin: 5px;float: left\" src=\"https:\/\/fundesplai.org\/test-joomla\/wp-content\/uploads\/sites\/26\/2017\/11\/llac.jpg\" alt=\"llac\" width=\"350\" height=\"350\">El jueves 2 de noviembre fue un d\u00eda muy triste para Fundesplai y para todas y todos los dem\u00f3cratas porque encarcelaron a una parte importante del Gobierno leg\u00edtimo de Catalu\u00f1a, entre los que se encuentra Jordi Turull, miembro de nuestro Consejo Asesor y miembro del Patronato, de 2003 a 2010.<\/p>\n<p>Como Presidente de Fundesplai y en nombre del Patronato, hago un llamamiento a la libertad de todos los presos pol\u00edticos y al di\u00e1logo y negociaci\u00f3n para encontrar una salida &nbsp; del &nbsp; derecho de los catalanes a decidir su forma de gobierno. Los conflictos pol\u00edticos se resuelven con di\u00e1logo y pol\u00edticamente. El mejor di\u00e1logo son las urnas y no la violencia del Estado ni las intervenciones judiciales.<\/p>\n<p>Jordi, estamos a tu lado y de Blanca. Imaginemos la suya tristeza y la de tus hijas, Marta y Laura, que es tambi\u00e9n parte de nuestra familia desde que hace dos veranos trabaja como monitora de casales.<\/p>\n<p>Jordi, eres un ejemplo de honradez, coherencia personal y valores. Eres un amigo y estamos para ayudarte en lo que sea necesario.<\/p>\n<p>Lucharemos por tu y su libertad con todas nuestras fuerzas y con nuestra principal arma: la paz.<\/p>\n<p>Como Fundesplai nos adherimos a todas las actuaciones y manifestaciones que de forma pac\u00edfica haga el pueblo de Catalu\u00f1a y no reconoceremos ninguna otra autoridad que no sea &nbsp; la que ha salido o salga de las urnas.<\/p>\n<p>Os adjunto <strong><a href=\"http:\/\/canal.fundesplai.org\/redirector.asp?url=http%3A%2F%2Fcanal.fundesplai.org%2Frepositori%2Ffile%2F00-2017%2F11-Novembre%2F2017-11-03-Manifest-Taula-per-la-Democra-cia.pdf%3Futm_source%3DCanal%2520Esplai%26utm_medium%3Dbutlleti%26utm_campaign%3DFundesplai%2520%2520per%2520la%2520llibertat%2520dels%2520presos%2520politics%2520&amp;dest=%60u%60kkd%3Fetmcdrok%60h-nqf&amp;id_enviament=9074\" target=\"_BLANK\" rel=\"noopener\"> este Manifiesto<\/a><\/strong> que acaba de hacer la <a href=\"http:\/\/canal.fundesplai.org\/redirector.asp?url=http%3A%2F%2Fwww.ugt-cat.net%2Ftaulaperlademocracia%2F%3Futm_source%3DCanal%2520Esplai%26utm_medium%3Dbutlleti%26utm_campaign%3DFundesplai%2520%2520per%2520la%2520llibertat%2520dels%2520presos%2520politics%2520&amp;dest=%60u%60kkd%3Fetmcdrok%60h-nqf&amp;id_enviament=9074\" target=\"_BLANK\" rel=\"noopener\"><strong> Mesa por la Democracia<\/strong><\/a>, a la que estamos adheridos, y nos comprometemos a seguir informando de las acciones que desde esta plataforma se vayan decidiendo.<\/p>\n<p>Un abrazo y muchos \u00e1nimos.<\/p>\n<p><strong>Josep Gass\u00f3 Espina<\/strong><br \/> Presidente<\/p>\n<p><a href=\"http:\/\/canal.fundesplai.org\/redirector.asp?url=http%3A%2F%2Fcanal.fundesplai.org%2Frepositori%2Fimage%2F2017%2FNovembre2017%2Fllac.JPG%3Futm_source%3DCanal%2520Esplai%26utm_medium%3Dbutlleti%26utm_campaign%3DFundesplai%2520%2520per%2520la%2520llibertat%2520dels%2520presos%2520politics%2520&amp;dest=%60u%60kkd%3Fetmcdrok%60h-nqf&amp;id_enviament=9074\" target=\"_BLANK\" rel=\"noopener\">Le adjuntamos la imagen del lazo amarillo, por si se la desea descargar y utilizarla como imagen en sus perfiles en las redes sociales.<\/a><\/p>\n","protected":false},"excerpt":{"rendered":"<p>El jueves 2 de noviembre fue un d\u00eda muy triste para Fundesplai y para todas y todos los dem\u00f3cratas porque encarcelaron a una parte importante del Gobierno leg\u00edtimo de Catalu\u00f1a.<\/p>\n","protected":false},"author":9,"featured_media":0,"comment_status":"closed","ping_status":"closed","sticky":false,"template":"","format":"standard","meta":{"_et_pb_use_builder":"","_et_pb_old_content":"","_et_gb_content_width":"","footnotes":""},"categories":[937],"tags":[],"class_list":["post-47771","post","type-post","status-publish","format-standard","hentry","category-actualitat-es"],"yoast_head":"<!-- This site is optimized with the Yoast SEO plugin v27.4 - https:\/\/yoast.com\/product\/yoast-seo-wordpress\/ -->\n<title>Fundesplai, por la libertad de los presos pol\u00edticos - Fundesplai<\/title>\n<meta name=\"robots\" content=\"index, follow, max-snippet:-1, max-image-preview:large, max-video-preview:-1\" \/>\n<link rel=\"canonical\" href=\"https:\/\/fundesplai.org\/es\/informa-t\/actualitat-es\/fundesplai-por-la-libertad-de-los-presos-politicos\/\" \/>\n<meta property=\"og:locale\" content=\"es_ES\" \/>\n<meta property=\"og:type\" content=\"article\" \/>\n<meta property=\"og:title\" content=\"Fundesplai, por la libertad de los presos pol\u00edticos - Fundesplai\" \/>\n<meta property=\"og:description\" content=\"El jueves 2 de noviembre fue un d\u00eda muy triste para Fundesplai y para todas y todos los dem\u00f3cratas porque encarcelaron a una parte importante del Gobierno leg\u00edtimo de Catalu\u00f1a.\" \/>\n<meta property=\"og:url\" content=\"https:\/\/fundesplai.org\/es\/informa-t\/actualitat-es\/fundesplai-por-la-libertad-de-los-presos-politicos\/\" \/>\n<meta property=\"og:site_name\" content=\"Fundesplai\" \/>\n<meta property=\"article:published_time\" content=\"2017-11-03T18:01:23+00:00\" \/>\n<meta property=\"og:image\" content=\"https:\/\/fundesplai.org\/test-joomla\/wp-content\/uploads\/sites\/26\/2017\/11\/llac.jpg\" \/>\n<meta name=\"author\" content=\"Alfons Valle\" \/>\n<meta name=\"twitter:card\" content=\"summary_large_image\" \/>\n<meta name=\"twitter:label1\" content=\"Escrito por\" \/>\n\t<meta name=\"twitter:data1\" content=\"Alfons Valle\" \/>\n\t<meta name=\"twitter:label2\" content=\"Tiempo de lectura\" \/>\n\t<meta name=\"twitter:data2\" content=\"2 minutos\" \/>\n<script type=\"application\/ld+json\" class=\"yoast-schema-graph\">{\"@context\":\"https:\\\/\\\/schema.org\",\"@graph\":[{\"@type\":\"Article\",\"@id\":\"https:\\\/\\\/fundesplai.org\\\/es\\\/informa-t\\\/actualitat-es\\\/fundesplai-por-la-libertad-de-los-presos-politicos\\\/#article\",\"isPartOf\":{\"@id\":\"https:\\\/\\\/fundesplai.org\\\/es\\\/informa-t\\\/actualitat-es\\\/fundesplai-por-la-libertad-de-los-presos-politicos\\\/\"},\"author\":{\"name\":\"Alfons Valle\",\"@id\":\"https:\\\/\\\/fundesplai.org\\\/es\\\/#\\\/schema\\\/person\\\/c0e9e7466bb8ac06f5264324a6109733\"},\"headline\":\"Fundesplai, por la libertad de los presos pol\u00edticos\",\"datePublished\":\"2017-11-03T18:01:23+00:00\",\"mainEntityOfPage\":{\"@id\":\"https:\\\/\\\/fundesplai.org\\\/es\\\/informa-t\\\/actualitat-es\\\/fundesplai-por-la-libertad-de-los-presos-politicos\\\/\"},\"wordCount\":351,\"image\":{\"@id\":\"https:\\\/\\\/fundesplai.org\\\/es\\\/informa-t\\\/actualitat-es\\\/fundesplai-por-la-libertad-de-los-presos-politicos\\\/#primaryimage\"},\"thumbnailUrl\":\"https:\\\/\\\/fundesplai.org\\\/test-joomla\\\/wp-content\\\/uploads\\\/sites\\\/26\\\/2017\\\/11\\\/llac.jpg\",\"articleSection\":[\"Actualitat\"],\"inLanguage\":\"es\"},{\"@type\":\"WebPage\",\"@id\":\"https:\\\/\\\/fundesplai.org\\\/es\\\/informa-t\\\/actualitat-es\\\/fundesplai-por-la-libertad-de-los-presos-politicos\\\/\",\"url\":\"https:\\\/\\\/fundesplai.org\\\/es\\\/informa-t\\\/actualitat-es\\\/fundesplai-por-la-libertad-de-los-presos-politicos\\\/\",\"name\":\"Fundesplai, por la libertad de los presos pol\u00edticos - Fundesplai\",\"isPartOf\":{\"@id\":\"https:\\\/\\\/fundesplai.org\\\/es\\\/#website\"},\"primaryImageOfPage\":{\"@id\":\"https:\\\/\\\/fundesplai.org\\\/es\\\/informa-t\\\/actualitat-es\\\/fundesplai-por-la-libertad-de-los-presos-politicos\\\/#primaryimage\"},\"image\":{\"@id\":\"https:\\\/\\\/fundesplai.org\\\/es\\\/informa-t\\\/actualitat-es\\\/fundesplai-por-la-libertad-de-los-presos-politicos\\\/#primaryimage\"},\"thumbnailUrl\":\"https:\\\/\\\/fundesplai.org\\\/test-joomla\\\/wp-content\\\/uploads\\\/sites\\\/26\\\/2017\\\/11\\\/llac.jpg\",\"datePublished\":\"2017-11-03T18:01:23+00:00\",\"author\":{\"@id\":\"https:\\\/\\\/fundesplai.org\\\/es\\\/#\\\/schema\\\/person\\\/c0e9e7466bb8ac06f5264324a6109733\"},\"breadcrumb\":{\"@id\":\"https:\\\/\\\/fundesplai.org\\\/es\\\/informa-t\\\/actualitat-es\\\/fundesplai-por-la-libertad-de-los-presos-politicos\\\/#breadcrumb\"},\"inLanguage\":\"es\",\"potentialAction\":[{\"@type\":\"ReadAction\",\"target\":[\"https:\\\/\\\/fundesplai.org\\\/es\\\/informa-t\\\/actualitat-es\\\/fundesplai-por-la-libertad-de-los-presos-politicos\\\/\"]}]},{\"@type\":\"ImageObject\",\"inLanguage\":\"es\",\"@id\":\"https:\\\/\\\/fundesplai.org\\\/es\\\/informa-t\\\/actualitat-es\\\/fundesplai-por-la-libertad-de-los-presos-politicos\\\/#primaryimage\",\"url\":\"https:\\\/\\\/fundesplai.org\\\/test-joomla\\\/wp-content\\\/uploads\\\/sites\\\/26\\\/2017\\\/11\\\/llac.jpg\",\"contentUrl\":\"https:\\\/\\\/fundesplai.org\\\/test-joomla\\\/wp-content\\\/uploads\\\/sites\\\/26\\\/2017\\\/11\\\/llac.jpg\"},{\"@type\":\"BreadcrumbList\",\"@id\":\"https:\\\/\\\/fundesplai.org\\\/es\\\/informa-t\\\/actualitat-es\\\/fundesplai-por-la-libertad-de-los-presos-politicos\\\/#breadcrumb\",\"itemListElement\":[{\"@type\":\"ListItem\",\"position\":1,\"name\":\"Inici\",\"item\":\"https:\\\/\\\/fundesplai.org\\\/es\\\/inicio\\\/\"},{\"@type\":\"ListItem\",\"position\":2,\"name\":\"Inf\u00f3rmate\",\"item\":\"https:\\\/\\\/fundesplai.org\\\/es\\\/informate\\\/\"},{\"@type\":\"ListItem\",\"position\":3,\"name\":\"Sin categor\u00eda\",\"item\":\"https:\\\/\\\/fundesplai.org\\\/es\\\/informa-t\\\/category\\\/sin-categoria\\\/\"},{\"@type\":\"ListItem\",\"position\":4,\"name\":\"Fundesplai, por la libertad de los presos pol\u00edticos\"}]},{\"@type\":\"WebSite\",\"@id\":\"https:\\\/\\\/fundesplai.org\\\/es\\\/#website\",\"url\":\"https:\\\/\\\/fundesplai.org\\\/es\\\/\",\"name\":\"Fundesplai\",\"description\":\"Eduquem per la conviv\u00e8ncia i la sostenibilitat\",\"potentialAction\":[{\"@type\":\"SearchAction\",\"target\":{\"@type\":\"EntryPoint\",\"urlTemplate\":\"https:\\\/\\\/fundesplai.org\\\/es\\\/?s={search_term_string}\"},\"query-input\":{\"@type\":\"PropertyValueSpecification\",\"valueRequired\":true,\"valueName\":\"search_term_string\"}}],\"inLanguage\":\"es\"},{\"@type\":\"Person\",\"@id\":\"https:\\\/\\\/fundesplai.org\\\/es\\\/#\\\/schema\\\/person\\\/c0e9e7466bb8ac06f5264324a6109733\",\"name\":\"Alfons Valle\",\"image\":{\"@type\":\"ImageObject\",\"inLanguage\":\"es\",\"@id\":\"https:\\\/\\\/secure.gravatar.com\\\/avatar\\\/71d95a3f99a068ba570ac1314ed6911a59c5ae3f22ffcf23631cd1a861a640bc?s=96&d=mm&r=g\",\"url\":\"https:\\\/\\\/secure.gravatar.com\\\/avatar\\\/71d95a3f99a068ba570ac1314ed6911a59c5ae3f22ffcf23631cd1a861a640bc?s=96&d=mm&r=g\",\"contentUrl\":\"https:\\\/\\\/secure.gravatar.com\\\/avatar\\\/71d95a3f99a068ba570ac1314ed6911a59c5ae3f22ffcf23631cd1a861a640bc?s=96&d=mm&r=g\",\"caption\":\"Alfons Valle\"},\"url\":\"https:\\\/\\\/fundesplai.org\\\/es\\\/informa-t\\\/author\\\/avalle\\\/\"}]}<\/script>\n<!-- \/ Yoast SEO plugin. -->","yoast_head_json":{"title":"Fundesplai, por la libertad de los presos pol\u00edticos - Fundesplai","robots":{"index":"index","follow":"follow","max-snippet":"max-snippet:-1","max-image-preview":"max-image-preview:large","max-video-preview":"max-video-preview:-1"},"canonical":"https:\/\/fundesplai.org\/es\/informa-t\/actualitat-es\/fundesplai-por-la-libertad-de-los-presos-politicos\/","og_locale":"es_ES","og_type":"article","og_title":"Fundesplai, por la libertad de los presos pol\u00edticos - Fundesplai","og_description":"El jueves 2 de noviembre fue un d\u00eda muy triste para Fundesplai y para todas y todos los dem\u00f3cratas porque encarcelaron a una parte importante del Gobierno leg\u00edtimo de Catalu\u00f1a.","og_url":"https:\/\/fundesplai.org\/es\/informa-t\/actualitat-es\/fundesplai-por-la-libertad-de-los-presos-politicos\/","og_site_name":"Fundesplai","article_published_time":"2017-11-03T18:01:23+00:00","og_image":[{"url":"https:\/\/fundesplai.org\/test-joomla\/wp-content\/uploads\/sites\/26\/2017\/11\/llac.jpg","type":"","width":"","height":""}],"author":"Alfons Valle","twitter_card":"summary_large_image","twitter_misc":{"Escrito por":"Alfons Valle","Tiempo de lectura":"2 minutos"},"schema":{"@context":"https:\/\/schema.org","@graph":[{"@type":"Article","@id":"https:\/\/fundesplai.org\/es\/informa-t\/actualitat-es\/fundesplai-por-la-libertad-de-los-presos-politicos\/#article","isPartOf":{"@id":"https:\/\/fundesplai.org\/es\/informa-t\/actualitat-es\/fundesplai-por-la-libertad-de-los-presos-politicos\/"},"author":{"name":"Alfons Valle","@id":"https:\/\/fundesplai.org\/es\/#\/schema\/person\/c0e9e7466bb8ac06f5264324a6109733"},"headline":"Fundesplai, por la libertad de los presos pol\u00edticos","datePublished":"2017-11-03T18:01:23+00:00","mainEntityOfPage":{"@id":"https:\/\/fundesplai.org\/es\/informa-t\/actualitat-es\/fundesplai-por-la-libertad-de-los-presos-politicos\/"},"wordCount":351,"image":{"@id":"https:\/\/fundesplai.org\/es\/informa-t\/actualitat-es\/fundesplai-por-la-libertad-de-los-presos-politicos\/#primaryimage"},"thumbnailUrl":"https:\/\/fundesplai.org\/test-joomla\/wp-content\/uploads\/sites\/26\/2017\/11\/llac.jpg","articleSection":["Actualitat"],"inLanguage":"es"},{"@type":"WebPage","@id":"https:\/\/fundesplai.org\/es\/informa-t\/actualitat-es\/fundesplai-por-la-libertad-de-los-presos-politicos\/","url":"https:\/\/fundesplai.org\/es\/informa-t\/actualitat-es\/fundesplai-por-la-libertad-de-los-presos-politicos\/","name":"Fundesplai, por la libertad de los presos pol\u00edticos - Fundesplai","isPartOf":{"@id":"https:\/\/fundesplai.org\/es\/#website"},"primaryImageOfPage":{"@id":"https:\/\/fundesplai.org\/es\/informa-t\/actualitat-es\/fundesplai-por-la-libertad-de-los-presos-politicos\/#primaryimage"},"image":{"@id":"https:\/\/fundesplai.org\/es\/informa-t\/actualitat-es\/fundesplai-por-la-libertad-de-los-presos-politicos\/#primaryimage"},"thumbnailUrl":"https:\/\/fundesplai.org\/test-joomla\/wp-content\/uploads\/sites\/26\/2017\/11\/llac.jpg","datePublished":"2017-11-03T18:01:23+00:00","author":{"@id":"https:\/\/fundesplai.org\/es\/#\/schema\/person\/c0e9e7466bb8ac06f5264324a6109733"},"breadcrumb":{"@id":"https:\/\/fundesplai.org\/es\/informa-t\/actualitat-es\/fundesplai-por-la-libertad-de-los-presos-politicos\/#breadcrumb"},"inLanguage":"es","potentialAction":[{"@type":"ReadAction","target":["https:\/\/fundesplai.org\/es\/informa-t\/actualitat-es\/fundesplai-por-la-libertad-de-los-presos-politicos\/"]}]},{"@type":"ImageObject","inLanguage":"es","@id":"https:\/\/fundesplai.org\/es\/informa-t\/actualitat-es\/fundesplai-por-la-libertad-de-los-presos-politicos\/#primaryimage","url":"https:\/\/fundesplai.org\/test-joomla\/wp-content\/uploads\/sites\/26\/2017\/11\/llac.jpg","contentUrl":"https:\/\/fundesplai.org\/test-joomla\/wp-content\/uploads\/sites\/26\/2017\/11\/llac.jpg"},{"@type":"BreadcrumbList","@id":"https:\/\/fundesplai.org\/es\/informa-t\/actualitat-es\/fundesplai-por-la-libertad-de-los-presos-politicos\/#breadcrumb","itemListElement":[{"@type":"ListItem","position":1,"name":"Inici","item":"https:\/\/fundesplai.org\/es\/inicio\/"},{"@type":"ListItem","position":2,"name":"Inf\u00f3rmate","item":"https:\/\/fundesplai.org\/es\/informate\/"},{"@type":"ListItem","position":3,"name":"Sin categor\u00eda","item":"https:\/\/fundesplai.org\/es\/informa-t\/category\/sin-categoria\/"},{"@type":"ListItem","position":4,"name":"Fundesplai, por la libertad de los presos pol\u00edticos"}]},{"@type":"WebSite","@id":"https:\/\/fundesplai.org\/es\/#website","url":"https:\/\/fundesplai.org\/es\/","name":"Fundesplai","description":"Eduquem per la conviv\u00e8ncia i la sostenibilitat","potentialAction":[{"@type":"SearchAction","target":{"@type":"EntryPoint","urlTemplate":"https:\/\/fundesplai.org\/es\/?s={search_term_string}"},"query-input":{"@type":"PropertyValueSpecification","valueRequired":true,"valueName":"search_term_string"}}],"inLanguage":"es"},{"@type":"Person","@id":"https:\/\/fundesplai.org\/es\/#\/schema\/person\/c0e9e7466bb8ac06f5264324a6109733","name":"Alfons Valle","image":{"@type":"ImageObject","inLanguage":"es","@id":"https:\/\/secure.gravatar.com\/avatar\/71d95a3f99a068ba570ac1314ed6911a59c5ae3f22ffcf23631cd1a861a640bc?s=96&d=mm&r=g","url":"https:\/\/secure.gravatar.com\/avatar\/71d95a3f99a068ba570ac1314ed6911a59c5ae3f22ffcf23631cd1a861a640bc?s=96&d=mm&r=g","contentUrl":"https:\/\/secure.gravatar.com\/avatar\/71d95a3f99a068ba570ac1314ed6911a59c5ae3f22ffcf23631cd1a861a640bc?s=96&d=mm&r=g","caption":"Alfons Valle"},"url":"https:\/\/fundesplai.org\/es\/informa-t\/author\/avalle\/"}]}},"_links":{"self":[{"href":"https:\/\/fundesplai.org\/es\/wp-json\/wp\/v2\/posts\/47771","targetHints":{"allow":["GET"]}}],"collection":[{"href":"https:\/\/fundesplai.org\/es\/wp-json\/wp\/v2\/posts"}],"about":[{"href":"https:\/\/fundesplai.org\/es\/wp-json\/wp\/v2\/types\/post"}],"author":[{"embeddable":true,"href":"https:\/\/fundesplai.org\/es\/wp-json\/wp\/v2\/users\/9"}],"replies":[{"embeddable":true,"href":"https:\/\/fundesplai.org\/es\/wp-json\/wp\/v2\/comments?post=47771"}],"version-history":[{"count":0,"href":"https:\/\/fundesplai.org\/es\/wp-json\/wp\/v2\/posts\/47771\/revisions"}],"wp:attachment":[{"href":"https:\/\/fundesplai.org\/es\/wp-json\/wp\/v2\/media?parent=47771"}],"wp:term":[{"taxonomy":"category","embeddable":true,"href":"https:\/\/fundesplai.org\/es\/wp-json\/wp\/v2\/categories?post=47771"},{"taxonomy":"post_tag","embeddable":true,"href":"https:\/\/fundesplai.org\/es\/wp-json\/wp\/v2\/tags?post=47771"}],"curies":[{"name":"wp","href":"https:\/\/api.w.org\/{rel}","templated":true}]}}