{"id":47768,"date":"2017-10-31T17:53:47","date_gmt":"2017-10-31T16:53:47","guid":{"rendered":"https:\/\/fundesplai.org\/informa-t\/sense-categoria\/fundesplai-y-fundacion-esplai-en-la-fiesta-de-los-supers\/"},"modified":"2017-10-31T17:53:47","modified_gmt":"2017-10-31T16:53:47","slug":"fundesplai-y-fundacion-esplai-en-la-fiesta-de-los-supers","status":"publish","type":"post","link":"https:\/\/fundesplai.org\/es\/informa-t\/actualitat-es\/fundesplai-y-fundacion-esplai-en-la-fiesta-de-los-supers\/","title":{"rendered":"Fundesplai y Fundaci\u00f3n Esplai en la Fiesta de los S\u00fapers"},"content":{"rendered":"<p>El fin de semana del 21 y 22 de octubre se celebr\u00f3 la Fiesta de los S\u00fapers en Montju\u00efch (Barcelona), que organiza el canal infantil de televisi\u00f3n de TV3. Fundesplai y Fundaci\u00f3n Esplai estuvieron presentes.<\/p>\n<p><!--more--><\/p>\n<table style=\"height: 19px;width: 100%\">\n<tbody>\n<tr>\n<td style=\"width: 50%\"><img decoding=\"async\" class=\" size-full wp-image-4837\" src=\"https:\/\/fundesplai.org\/test-joomla\/wp-content\/uploads\/sites\/26\/2017\/10\/Fundesplai-FestaSupers.jpg\" alt=\"Fundesplai FestaSupers\" width=\"100%\" height=\"NaN\"><\/td>\n<td><img decoding=\"async\" class=\" size-full wp-image-4841\" src=\"https:\/\/fundesplai.org\/test-joomla\/wp-content\/uploads\/sites\/26\/2017\/10\/FE-FestaSupers.jpg\" alt=\"FE FestaSupers\" width=\"100%\" height=\"NaN\"><\/td>\n<\/tr>\n<\/tbody>\n<\/table>\n<p>El fin de semana del 21 y 22 de octubre se celebr\u00f3 la Fiesta de los S\u00fapers en Montju\u00efch (Barcelona), que organiza el canal infantil de televisi\u00f3n de TV3. Fundesplai y Fundaci\u00f3n Esplai estuvieron presentes.<\/p>\n<p>As\u00ed, Fundesplai particip\u00f3, como viene siendo habitual en los \u00faltimos a\u00f1os, con un stand donde va a dar a conocer su labor educativa y social, adem\u00e1s de organizar diferentes talleres para los m\u00e1s peque\u00f1os.<\/p>\n<p>Por su parte, <a href=\"fundacionesplai.org\">Fundaci\u00f3n Esplai<\/a> organiz\u00f3 junto con el Centro de Seguridad de la Informaci\u00f3n de Catalu\u00f1a (CESICAT) una serie de actividades de sensibilizaci\u00f3n sobre el uso responsable de Internet en el contexto de la macro fiesta. Durante la ma\u00f1ana del s\u00e1bado y tambi\u00e9n durante todo el domingo, miles de ni\u00f1os y ni\u00f1as se acercaron al estando donde impartimos diferentes actividades que fueron dise\u00f1adas por los t\u00e9cnicos responsables del CESICAT y que Fundaci\u00f3 Esplai se encarg\u00f3 de llevar a cabo.<\/p>\n","protected":false},"excerpt":{"rendered":"<p>El fin de semana del 21 y 22 de octubre se celebr\u00f3 la Fiesta de los S\u00fapers en Montju\u00efch (Barcelona), que organiza el canal infantil de televisi\u00f3n de TV3. Fundesplai y Fundaci\u00f3n Esplai estuvieron presentes.<\/p>\n","protected":false},"author":4,"featured_media":0,"comment_status":"closed","ping_status":"closed","sticky":false,"template":"","format":"standard","meta":{"_et_pb_use_builder":"","_et_pb_old_content":"","_et_gb_content_width":"","footnotes":""},"categories":[937],"tags":[],"class_list":["post-47768","post","type-post","status-publish","format-standard","hentry","category-actualitat-es"],"yoast_head":"<!-- This site is optimized with the Yoast SEO plugin v27.4 - https:\/\/yoast.com\/product\/yoast-seo-wordpress\/ -->\n<title>Fundesplai y Fundaci\u00f3n Esplai en la Fiesta de los S\u00fapers - Fundesplai<\/title>\n<meta name=\"robots\" content=\"index, follow, max-snippet:-1, max-image-preview:large, max-video-preview:-1\" \/>\n<link rel=\"canonical\" href=\"https:\/\/fundesplai.org\/es\/informa-t\/actualitat-es\/fundesplai-y-fundacion-esplai-en-la-fiesta-de-los-supers\/\" \/>\n<meta property=\"og:locale\" content=\"es_ES\" \/>\n<meta property=\"og:type\" content=\"article\" \/>\n<meta property=\"og:title\" content=\"Fundesplai y Fundaci\u00f3n Esplai en la Fiesta de los S\u00fapers - Fundesplai\" \/>\n<meta property=\"og:description\" content=\"El fin de semana del 21 y 22 de octubre se celebr\u00f3 la Fiesta de los S\u00fapers en Montju\u00efch (Barcelona), que organiza el canal infantil de televisi\u00f3n de TV3. Fundesplai y Fundaci\u00f3n Esplai estuvieron presentes.\" \/>\n<meta property=\"og:url\" content=\"https:\/\/fundesplai.org\/es\/informa-t\/actualitat-es\/fundesplai-y-fundacion-esplai-en-la-fiesta-de-los-supers\/\" \/>\n<meta property=\"og:site_name\" content=\"Fundesplai\" \/>\n<meta property=\"article:published_time\" content=\"2017-10-31T16:53:47+00:00\" \/>\n<meta property=\"og:image\" content=\"https:\/\/fundesplai.org\/test-joomla\/wp-content\/uploads\/sites\/26\/2017\/10\/Fundesplai-FestaSupers.jpg\" \/>\n<meta name=\"author\" content=\"Ferran\" \/>\n<meta name=\"twitter:card\" content=\"summary_large_image\" \/>\n<meta name=\"twitter:label1\" content=\"Escrito por\" \/>\n\t<meta name=\"twitter:data1\" content=\"Ferran\" \/>\n\t<meta name=\"twitter:label2\" content=\"Tiempo de lectura\" \/>\n\t<meta name=\"twitter:data2\" content=\"1 minuto\" \/>\n<script type=\"application\/ld+json\" class=\"yoast-schema-graph\">{\"@context\":\"https:\\\/\\\/schema.org\",\"@graph\":[{\"@type\":\"Article\",\"@id\":\"https:\\\/\\\/fundesplai.org\\\/es\\\/informa-t\\\/actualitat-es\\\/fundesplai-y-fundacion-esplai-en-la-fiesta-de-los-supers\\\/#article\",\"isPartOf\":{\"@id\":\"https:\\\/\\\/fundesplai.org\\\/es\\\/informa-t\\\/actualitat-es\\\/fundesplai-y-fundacion-esplai-en-la-fiesta-de-los-supers\\\/\"},\"author\":{\"name\":\"Ferran\",\"@id\":\"https:\\\/\\\/fundesplai.org\\\/es\\\/#\\\/schema\\\/person\\\/67e7825d8ec54561cc24e36ba6b0f633\"},\"headline\":\"Fundesplai y Fundaci\u00f3n Esplai en la Fiesta de los S\u00fapers\",\"datePublished\":\"2017-10-31T16:53:47+00:00\",\"mainEntityOfPage\":{\"@id\":\"https:\\\/\\\/fundesplai.org\\\/es\\\/informa-t\\\/actualitat-es\\\/fundesplai-y-fundacion-esplai-en-la-fiesta-de-los-supers\\\/\"},\"wordCount\":215,\"image\":{\"@id\":\"https:\\\/\\\/fundesplai.org\\\/es\\\/informa-t\\\/actualitat-es\\\/fundesplai-y-fundacion-esplai-en-la-fiesta-de-los-supers\\\/#primaryimage\"},\"thumbnailUrl\":\"https:\\\/\\\/fundesplai.org\\\/test-joomla\\\/wp-content\\\/uploads\\\/sites\\\/26\\\/2017\\\/10\\\/Fundesplai-FestaSupers.jpg\",\"articleSection\":[\"Actualitat\"],\"inLanguage\":\"es\"},{\"@type\":\"WebPage\",\"@id\":\"https:\\\/\\\/fundesplai.org\\\/es\\\/informa-t\\\/actualitat-es\\\/fundesplai-y-fundacion-esplai-en-la-fiesta-de-los-supers\\\/\",\"url\":\"https:\\\/\\\/fundesplai.org\\\/es\\\/informa-t\\\/actualitat-es\\\/fundesplai-y-fundacion-esplai-en-la-fiesta-de-los-supers\\\/\",\"name\":\"Fundesplai y Fundaci\u00f3n Esplai en la Fiesta de los S\u00fapers - Fundesplai\",\"isPartOf\":{\"@id\":\"https:\\\/\\\/fundesplai.org\\\/es\\\/#website\"},\"primaryImageOfPage\":{\"@id\":\"https:\\\/\\\/fundesplai.org\\\/es\\\/informa-t\\\/actualitat-es\\\/fundesplai-y-fundacion-esplai-en-la-fiesta-de-los-supers\\\/#primaryimage\"},\"image\":{\"@id\":\"https:\\\/\\\/fundesplai.org\\\/es\\\/informa-t\\\/actualitat-es\\\/fundesplai-y-fundacion-esplai-en-la-fiesta-de-los-supers\\\/#primaryimage\"},\"thumbnailUrl\":\"https:\\\/\\\/fundesplai.org\\\/test-joomla\\\/wp-content\\\/uploads\\\/sites\\\/26\\\/2017\\\/10\\\/Fundesplai-FestaSupers.jpg\",\"datePublished\":\"2017-10-31T16:53:47+00:00\",\"author\":{\"@id\":\"https:\\\/\\\/fundesplai.org\\\/es\\\/#\\\/schema\\\/person\\\/67e7825d8ec54561cc24e36ba6b0f633\"},\"breadcrumb\":{\"@id\":\"https:\\\/\\\/fundesplai.org\\\/es\\\/informa-t\\\/actualitat-es\\\/fundesplai-y-fundacion-esplai-en-la-fiesta-de-los-supers\\\/#breadcrumb\"},\"inLanguage\":\"es\",\"potentialAction\":[{\"@type\":\"ReadAction\",\"target\":[\"https:\\\/\\\/fundesplai.org\\\/es\\\/informa-t\\\/actualitat-es\\\/fundesplai-y-fundacion-esplai-en-la-fiesta-de-los-supers\\\/\"]}]},{\"@type\":\"ImageObject\",\"inLanguage\":\"es\",\"@id\":\"https:\\\/\\\/fundesplai.org\\\/es\\\/informa-t\\\/actualitat-es\\\/fundesplai-y-fundacion-esplai-en-la-fiesta-de-los-supers\\\/#primaryimage\",\"url\":\"https:\\\/\\\/fundesplai.org\\\/test-joomla\\\/wp-content\\\/uploads\\\/sites\\\/26\\\/2017\\\/10\\\/Fundesplai-FestaSupers.jpg\",\"contentUrl\":\"https:\\\/\\\/fundesplai.org\\\/test-joomla\\\/wp-content\\\/uploads\\\/sites\\\/26\\\/2017\\\/10\\\/Fundesplai-FestaSupers.jpg\"},{\"@type\":\"BreadcrumbList\",\"@id\":\"https:\\\/\\\/fundesplai.org\\\/es\\\/informa-t\\\/actualitat-es\\\/fundesplai-y-fundacion-esplai-en-la-fiesta-de-los-supers\\\/#breadcrumb\",\"itemListElement\":[{\"@type\":\"ListItem\",\"position\":1,\"name\":\"Inici\",\"item\":\"https:\\\/\\\/fundesplai.org\\\/es\\\/inicio\\\/\"},{\"@type\":\"ListItem\",\"position\":2,\"name\":\"Inf\u00f3rmate\",\"item\":\"https:\\\/\\\/fundesplai.org\\\/es\\\/informate\\\/\"},{\"@type\":\"ListItem\",\"position\":3,\"name\":\"Sin categor\u00eda\",\"item\":\"https:\\\/\\\/fundesplai.org\\\/es\\\/informa-t\\\/category\\\/sin-categoria\\\/\"},{\"@type\":\"ListItem\",\"position\":4,\"name\":\"Fundesplai y Fundaci\u00f3n Esplai en la Fiesta de los S\u00fapers\"}]},{\"@type\":\"WebSite\",\"@id\":\"https:\\\/\\\/fundesplai.org\\\/es\\\/#website\",\"url\":\"https:\\\/\\\/fundesplai.org\\\/es\\\/\",\"name\":\"Fundesplai\",\"description\":\"Eduquem per la conviv\u00e8ncia i la sostenibilitat\",\"potentialAction\":[{\"@type\":\"SearchAction\",\"target\":{\"@type\":\"EntryPoint\",\"urlTemplate\":\"https:\\\/\\\/fundesplai.org\\\/es\\\/?s={search_term_string}\"},\"query-input\":{\"@type\":\"PropertyValueSpecification\",\"valueRequired\":true,\"valueName\":\"search_term_string\"}}],\"inLanguage\":\"es\"},{\"@type\":\"Person\",\"@id\":\"https:\\\/\\\/fundesplai.org\\\/es\\\/#\\\/schema\\\/person\\\/67e7825d8ec54561cc24e36ba6b0f633\",\"name\":\"Ferran\",\"image\":{\"@type\":\"ImageObject\",\"inLanguage\":\"es\",\"@id\":\"https:\\\/\\\/secure.gravatar.com\\\/avatar\\\/a3510350976b58aae6eccd1e36f066b660a69ef63f97fde3cba8205db7db816a?s=96&d=mm&r=g\",\"url\":\"https:\\\/\\\/secure.gravatar.com\\\/avatar\\\/a3510350976b58aae6eccd1e36f066b660a69ef63f97fde3cba8205db7db816a?s=96&d=mm&r=g\",\"contentUrl\":\"https:\\\/\\\/secure.gravatar.com\\\/avatar\\\/a3510350976b58aae6eccd1e36f066b660a69ef63f97fde3cba8205db7db816a?s=96&d=mm&r=g\",\"caption\":\"Ferran\"},\"url\":\"https:\\\/\\\/fundesplai.org\\\/es\\\/informa-t\\\/author\\\/fvidal\\\/\"}]}<\/script>\n<!-- \/ Yoast SEO plugin. -->","yoast_head_json":{"title":"Fundesplai y Fundaci\u00f3n Esplai en la Fiesta de los S\u00fapers - Fundesplai","robots":{"index":"index","follow":"follow","max-snippet":"max-snippet:-1","max-image-preview":"max-image-preview:large","max-video-preview":"max-video-preview:-1"},"canonical":"https:\/\/fundesplai.org\/es\/informa-t\/actualitat-es\/fundesplai-y-fundacion-esplai-en-la-fiesta-de-los-supers\/","og_locale":"es_ES","og_type":"article","og_title":"Fundesplai y Fundaci\u00f3n Esplai en la Fiesta de los S\u00fapers - Fundesplai","og_description":"El fin de semana del 21 y 22 de octubre se celebr\u00f3 la Fiesta de los S\u00fapers en Montju\u00efch (Barcelona), que organiza el canal infantil de televisi\u00f3n de TV3. Fundesplai y Fundaci\u00f3n Esplai estuvieron presentes.","og_url":"https:\/\/fundesplai.org\/es\/informa-t\/actualitat-es\/fundesplai-y-fundacion-esplai-en-la-fiesta-de-los-supers\/","og_site_name":"Fundesplai","article_published_time":"2017-10-31T16:53:47+00:00","og_image":[{"url":"https:\/\/fundesplai.org\/test-joomla\/wp-content\/uploads\/sites\/26\/2017\/10\/Fundesplai-FestaSupers.jpg","type":"","width":"","height":""}],"author":"Ferran","twitter_card":"summary_large_image","twitter_misc":{"Escrito por":"Ferran","Tiempo de lectura":"1 minuto"},"schema":{"@context":"https:\/\/schema.org","@graph":[{"@type":"Article","@id":"https:\/\/fundesplai.org\/es\/informa-t\/actualitat-es\/fundesplai-y-fundacion-esplai-en-la-fiesta-de-los-supers\/#article","isPartOf":{"@id":"https:\/\/fundesplai.org\/es\/informa-t\/actualitat-es\/fundesplai-y-fundacion-esplai-en-la-fiesta-de-los-supers\/"},"author":{"name":"Ferran","@id":"https:\/\/fundesplai.org\/es\/#\/schema\/person\/67e7825d8ec54561cc24e36ba6b0f633"},"headline":"Fundesplai y Fundaci\u00f3n Esplai en la Fiesta de los S\u00fapers","datePublished":"2017-10-31T16:53:47+00:00","mainEntityOfPage":{"@id":"https:\/\/fundesplai.org\/es\/informa-t\/actualitat-es\/fundesplai-y-fundacion-esplai-en-la-fiesta-de-los-supers\/"},"wordCount":215,"image":{"@id":"https:\/\/fundesplai.org\/es\/informa-t\/actualitat-es\/fundesplai-y-fundacion-esplai-en-la-fiesta-de-los-supers\/#primaryimage"},"thumbnailUrl":"https:\/\/fundesplai.org\/test-joomla\/wp-content\/uploads\/sites\/26\/2017\/10\/Fundesplai-FestaSupers.jpg","articleSection":["Actualitat"],"inLanguage":"es"},{"@type":"WebPage","@id":"https:\/\/fundesplai.org\/es\/informa-t\/actualitat-es\/fundesplai-y-fundacion-esplai-en-la-fiesta-de-los-supers\/","url":"https:\/\/fundesplai.org\/es\/informa-t\/actualitat-es\/fundesplai-y-fundacion-esplai-en-la-fiesta-de-los-supers\/","name":"Fundesplai y Fundaci\u00f3n Esplai en la Fiesta de los S\u00fapers - Fundesplai","isPartOf":{"@id":"https:\/\/fundesplai.org\/es\/#website"},"primaryImageOfPage":{"@id":"https:\/\/fundesplai.org\/es\/informa-t\/actualitat-es\/fundesplai-y-fundacion-esplai-en-la-fiesta-de-los-supers\/#primaryimage"},"image":{"@id":"https:\/\/fundesplai.org\/es\/informa-t\/actualitat-es\/fundesplai-y-fundacion-esplai-en-la-fiesta-de-los-supers\/#primaryimage"},"thumbnailUrl":"https:\/\/fundesplai.org\/test-joomla\/wp-content\/uploads\/sites\/26\/2017\/10\/Fundesplai-FestaSupers.jpg","datePublished":"2017-10-31T16:53:47+00:00","author":{"@id":"https:\/\/fundesplai.org\/es\/#\/schema\/person\/67e7825d8ec54561cc24e36ba6b0f633"},"breadcrumb":{"@id":"https:\/\/fundesplai.org\/es\/informa-t\/actualitat-es\/fundesplai-y-fundacion-esplai-en-la-fiesta-de-los-supers\/#breadcrumb"},"inLanguage":"es","potentialAction":[{"@type":"ReadAction","target":["https:\/\/fundesplai.org\/es\/informa-t\/actualitat-es\/fundesplai-y-fundacion-esplai-en-la-fiesta-de-los-supers\/"]}]},{"@type":"ImageObject","inLanguage":"es","@id":"https:\/\/fundesplai.org\/es\/informa-t\/actualitat-es\/fundesplai-y-fundacion-esplai-en-la-fiesta-de-los-supers\/#primaryimage","url":"https:\/\/fundesplai.org\/test-joomla\/wp-content\/uploads\/sites\/26\/2017\/10\/Fundesplai-FestaSupers.jpg","contentUrl":"https:\/\/fundesplai.org\/test-joomla\/wp-content\/uploads\/sites\/26\/2017\/10\/Fundesplai-FestaSupers.jpg"},{"@type":"BreadcrumbList","@id":"https:\/\/fundesplai.org\/es\/informa-t\/actualitat-es\/fundesplai-y-fundacion-esplai-en-la-fiesta-de-los-supers\/#breadcrumb","itemListElement":[{"@type":"ListItem","position":1,"name":"Inici","item":"https:\/\/fundesplai.org\/es\/inicio\/"},{"@type":"ListItem","position":2,"name":"Inf\u00f3rmate","item":"https:\/\/fundesplai.org\/es\/informate\/"},{"@type":"ListItem","position":3,"name":"Sin categor\u00eda","item":"https:\/\/fundesplai.org\/es\/informa-t\/category\/sin-categoria\/"},{"@type":"ListItem","position":4,"name":"Fundesplai y Fundaci\u00f3n Esplai en la Fiesta de los S\u00fapers"}]},{"@type":"WebSite","@id":"https:\/\/fundesplai.org\/es\/#website","url":"https:\/\/fundesplai.org\/es\/","name":"Fundesplai","description":"Eduquem per la conviv\u00e8ncia i la sostenibilitat","potentialAction":[{"@type":"SearchAction","target":{"@type":"EntryPoint","urlTemplate":"https:\/\/fundesplai.org\/es\/?s={search_term_string}"},"query-input":{"@type":"PropertyValueSpecification","valueRequired":true,"valueName":"search_term_string"}}],"inLanguage":"es"},{"@type":"Person","@id":"https:\/\/fundesplai.org\/es\/#\/schema\/person\/67e7825d8ec54561cc24e36ba6b0f633","name":"Ferran","image":{"@type":"ImageObject","inLanguage":"es","@id":"https:\/\/secure.gravatar.com\/avatar\/a3510350976b58aae6eccd1e36f066b660a69ef63f97fde3cba8205db7db816a?s=96&d=mm&r=g","url":"https:\/\/secure.gravatar.com\/avatar\/a3510350976b58aae6eccd1e36f066b660a69ef63f97fde3cba8205db7db816a?s=96&d=mm&r=g","contentUrl":"https:\/\/secure.gravatar.com\/avatar\/a3510350976b58aae6eccd1e36f066b660a69ef63f97fde3cba8205db7db816a?s=96&d=mm&r=g","caption":"Ferran"},"url":"https:\/\/fundesplai.org\/es\/informa-t\/author\/fvidal\/"}]}},"_links":{"self":[{"href":"https:\/\/fundesplai.org\/es\/wp-json\/wp\/v2\/posts\/47768","targetHints":{"allow":["GET"]}}],"collection":[{"href":"https:\/\/fundesplai.org\/es\/wp-json\/wp\/v2\/posts"}],"about":[{"href":"https:\/\/fundesplai.org\/es\/wp-json\/wp\/v2\/types\/post"}],"author":[{"embeddable":true,"href":"https:\/\/fundesplai.org\/es\/wp-json\/wp\/v2\/users\/4"}],"replies":[{"embeddable":true,"href":"https:\/\/fundesplai.org\/es\/wp-json\/wp\/v2\/comments?post=47768"}],"version-history":[{"count":0,"href":"https:\/\/fundesplai.org\/es\/wp-json\/wp\/v2\/posts\/47768\/revisions"}],"wp:attachment":[{"href":"https:\/\/fundesplai.org\/es\/wp-json\/wp\/v2\/media?parent=47768"}],"wp:term":[{"taxonomy":"category","embeddable":true,"href":"https:\/\/fundesplai.org\/es\/wp-json\/wp\/v2\/categories?post=47768"},{"taxonomy":"post_tag","embeddable":true,"href":"https:\/\/fundesplai.org\/es\/wp-json\/wp\/v2\/tags?post=47768"}],"curies":[{"name":"wp","href":"https:\/\/api.w.org\/{rel}","templated":true}]}}