{"id":47766,"date":"2017-10-31T13:21:04","date_gmt":"2017-10-31T12:21:04","guid":{"rendered":"https:\/\/fundesplai.org\/informa-t\/sense-categoria\/nuevas-ediciones-del-tresca-y-mirall-iniciativas-de-inclusion-juvenil\/"},"modified":"2017-10-31T13:21:04","modified_gmt":"2017-10-31T12:21:04","slug":"nuevas-ediciones-del-tresca-y-mirall-iniciativas-de-inclusion-juvenil","status":"publish","type":"post","link":"https:\/\/fundesplai.org\/es\/informa-t\/actualitat-es\/nuevas-ediciones-del-tresca-y-mirall-iniciativas-de-inclusion-juvenil\/","title":{"rendered":"Nuevas ediciones del Tresca y Mirall, iniciativas de inclusi\u00f3n juvenil"},"content":{"rendered":"<p>Diferentes iniciativas en favor de la inclusi\u00f3n sociolaboral de j\u00f3venes impulsadas por Fundesplai est\u00e1n ya en marcha.&nbsp;<\/p>\n<p><!--more--><\/p>\n<p><img decoding=\"async\" class=\" size-full wp-image-4833\" src=\"\" alt=\"tresca web\" width=\"100%\" height=\"NaN\"><\/p>\n<p>Ya est\u00e1n en marcha nuevas ediciones del Tresca y Mirall, iniciativas en favor de la inclusi\u00f3n sociolaboral de j\u00f3venes impulsadas por Fundesplai ya est\u00e1n en marcha.<\/p>\n<p>El<strong> Tresca Jove<\/strong> es un programa del Departamento de Acci\u00f3n Social de Fundesplai, iniciado en 2010 que tiene como misi\u00f3n favorecer el desarrollo personal y la integraci\u00f3n social y laboral de personas j\u00f3venes, a trav\u00e9s del acompa\u00f1amiento, la formaci\u00f3n y una primera experiencia laboral en el mundo del ocio, previniendo as\u00ed la vulnerabilidad o deterioro hacia situaciones de riesgo social.<\/p>\n<p>Tresca Jove se dirige a personas j\u00f3venes de 18 a 25 a\u00f1os en situaci\u00f3n de vulnerabilidad o riesgo de exclusi\u00f3n social y les ofrece una oportunidad para formarse en el mundo del ocio educativo.<\/p>\n<p>El proyecto est\u00e1 financiado actualmente por la C\u00e1mara de Comercio de Barcelona con fondos de la Garant\u00eda Juvenil.<\/p>\n<p>Cerca de 100 j\u00f3venes tomar\u00e1n parte en estas nuevas ediciones que se llevar\u00e1n a cabo en Gav\u00e0, Cornell\u00e0 de Llobregat, Esplugues de Llobregat y Hospitalet de Llobregat y que cuentan con el apoyo municipal.&nbsp;&nbsp;<span style=\"background-color: transparent\"><\/span><\/p>\n<p><strong>Espejo<\/strong><\/p>\n<p>D&#8217;altra banda, tamb\u00e9 est\u00e0 en marxa la 3a edici\u00f3 de <strong>Mirall<\/strong>, igualtat d&#8217;oportunitats en educaci\u00f3 que desenvolupa Fundesplai des de 2016 amb el suport de la Secretaria d&#8217;Igualtat, Migracions i Ciutadania de la Generalitat de Catalunya. Es una experiencia a trav\u00e9s de la cual j\u00f3venes inmigrantes de diferentes or\u00edgenes y culturas, se convierten en espejo en varios centros educativos (donde hay una tasa elevada de ni\u00f1os provenientes de estas culturas), estableciendo y fortaleciendo puentes entre los ni\u00f1os, familias y la comunidad educativa.<\/p>\n<p>Las personas destinatarias de este proyecto son mayoritariamente <strong>j\u00f3venes inmigrantes en situaciones espec\u00edficas de vulnerabilidad<\/strong> (pendientes de informes de arraigo, j\u00f3venes tutelados, desempleados, etc) que destacan en un aspecto clave: son j\u00f3venes con capacidades y potencialidades detectadas, que a partir de la participaci\u00f3n en el proyecto, podr\u00e1n profundizar y potenciar competencias para garantizar procesos de inclusi\u00f3n socio-laboral en el \u00e1mbito de la educaci\u00f3n en el ocio.&nbsp;Un total de 46 j\u00f3venes participan este 2017 en esta iniciativa, que se suman a los 20 de 2016 para realizar un total de 66.<\/p>\n","protected":false},"excerpt":{"rendered":"<p>Diferentes iniciativas en favor de la inclusi\u00f3n sociolaboral de j\u00f3venes impulsadas por Fundesplai est\u00e1n ya en marcha.&nbsp;<\/p>\n","protected":false},"author":9,"featured_media":0,"comment_status":"closed","ping_status":"closed","sticky":false,"template":"","format":"standard","meta":{"_et_pb_use_builder":"","_et_pb_old_content":"","_et_gb_content_width":"","footnotes":""},"categories":[937],"tags":[],"class_list":["post-47766","post","type-post","status-publish","format-standard","hentry","category-actualitat-es"],"yoast_head":"<!-- This site is optimized with the Yoast SEO plugin v27.4 - https:\/\/yoast.com\/product\/yoast-seo-wordpress\/ -->\n<title>Nuevas ediciones del Tresca y Mirall, iniciativas de inclusi\u00f3n juvenil - Fundesplai<\/title>\n<meta name=\"robots\" content=\"index, follow, max-snippet:-1, max-image-preview:large, max-video-preview:-1\" \/>\n<link rel=\"canonical\" href=\"https:\/\/fundesplai.org\/es\/informa-t\/actualitat-es\/nuevas-ediciones-del-tresca-y-mirall-iniciativas-de-inclusion-juvenil\/\" \/>\n<meta property=\"og:locale\" content=\"es_ES\" \/>\n<meta property=\"og:type\" content=\"article\" \/>\n<meta property=\"og:title\" content=\"Nuevas ediciones del Tresca y Mirall, iniciativas de inclusi\u00f3n juvenil - Fundesplai\" \/>\n<meta property=\"og:description\" content=\"Diferentes iniciativas en favor de la inclusi\u00f3n sociolaboral de j\u00f3venes impulsadas por Fundesplai est\u00e1n ya en marcha.&nbsp;\" \/>\n<meta property=\"og:url\" content=\"https:\/\/fundesplai.org\/es\/informa-t\/actualitat-es\/nuevas-ediciones-del-tresca-y-mirall-iniciativas-de-inclusion-juvenil\/\" \/>\n<meta property=\"og:site_name\" content=\"Fundesplai\" \/>\n<meta property=\"article:published_time\" content=\"2017-10-31T12:21:04+00:00\" \/>\n<meta name=\"author\" content=\"Alfons Valle\" \/>\n<meta name=\"twitter:card\" content=\"summary_large_image\" \/>\n<meta name=\"twitter:label1\" content=\"Escrito por\" \/>\n\t<meta name=\"twitter:data1\" content=\"Alfons Valle\" \/>\n\t<meta name=\"twitter:label2\" content=\"Tiempo de lectura\" \/>\n\t<meta name=\"twitter:data2\" content=\"2 minutos\" \/>\n<script type=\"application\/ld+json\" class=\"yoast-schema-graph\">{\"@context\":\"https:\\\/\\\/schema.org\",\"@graph\":[{\"@type\":\"Article\",\"@id\":\"https:\\\/\\\/fundesplai.org\\\/es\\\/informa-t\\\/actualitat-es\\\/nuevas-ediciones-del-tresca-y-mirall-iniciativas-de-inclusion-juvenil\\\/#article\",\"isPartOf\":{\"@id\":\"https:\\\/\\\/fundesplai.org\\\/es\\\/informa-t\\\/actualitat-es\\\/nuevas-ediciones-del-tresca-y-mirall-iniciativas-de-inclusion-juvenil\\\/\"},\"author\":{\"name\":\"Alfons Valle\",\"@id\":\"https:\\\/\\\/fundesplai.org\\\/es\\\/#\\\/schema\\\/person\\\/c0e9e7466bb8ac06f5264324a6109733\"},\"headline\":\"Nuevas ediciones del Tresca y Mirall, iniciativas de inclusi\u00f3n juvenil\",\"datePublished\":\"2017-10-31T12:21:04+00:00\",\"mainEntityOfPage\":{\"@id\":\"https:\\\/\\\/fundesplai.org\\\/es\\\/informa-t\\\/actualitat-es\\\/nuevas-ediciones-del-tresca-y-mirall-iniciativas-de-inclusion-juvenil\\\/\"},\"wordCount\":408,\"articleSection\":[\"Actualitat\"],\"inLanguage\":\"es\"},{\"@type\":\"WebPage\",\"@id\":\"https:\\\/\\\/fundesplai.org\\\/es\\\/informa-t\\\/actualitat-es\\\/nuevas-ediciones-del-tresca-y-mirall-iniciativas-de-inclusion-juvenil\\\/\",\"url\":\"https:\\\/\\\/fundesplai.org\\\/es\\\/informa-t\\\/actualitat-es\\\/nuevas-ediciones-del-tresca-y-mirall-iniciativas-de-inclusion-juvenil\\\/\",\"name\":\"Nuevas ediciones del Tresca y Mirall, iniciativas de inclusi\u00f3n juvenil - Fundesplai\",\"isPartOf\":{\"@id\":\"https:\\\/\\\/fundesplai.org\\\/es\\\/#website\"},\"datePublished\":\"2017-10-31T12:21:04+00:00\",\"author\":{\"@id\":\"https:\\\/\\\/fundesplai.org\\\/es\\\/#\\\/schema\\\/person\\\/c0e9e7466bb8ac06f5264324a6109733\"},\"breadcrumb\":{\"@id\":\"https:\\\/\\\/fundesplai.org\\\/es\\\/informa-t\\\/actualitat-es\\\/nuevas-ediciones-del-tresca-y-mirall-iniciativas-de-inclusion-juvenil\\\/#breadcrumb\"},\"inLanguage\":\"es\",\"potentialAction\":[{\"@type\":\"ReadAction\",\"target\":[\"https:\\\/\\\/fundesplai.org\\\/es\\\/informa-t\\\/actualitat-es\\\/nuevas-ediciones-del-tresca-y-mirall-iniciativas-de-inclusion-juvenil\\\/\"]}]},{\"@type\":\"BreadcrumbList\",\"@id\":\"https:\\\/\\\/fundesplai.org\\\/es\\\/informa-t\\\/actualitat-es\\\/nuevas-ediciones-del-tresca-y-mirall-iniciativas-de-inclusion-juvenil\\\/#breadcrumb\",\"itemListElement\":[{\"@type\":\"ListItem\",\"position\":1,\"name\":\"Inici\",\"item\":\"https:\\\/\\\/fundesplai.org\\\/es\\\/inicio\\\/\"},{\"@type\":\"ListItem\",\"position\":2,\"name\":\"Inf\u00f3rmate\",\"item\":\"https:\\\/\\\/fundesplai.org\\\/es\\\/informate\\\/\"},{\"@type\":\"ListItem\",\"position\":3,\"name\":\"Sin categor\u00eda\",\"item\":\"https:\\\/\\\/fundesplai.org\\\/es\\\/informa-t\\\/category\\\/sin-categoria\\\/\"},{\"@type\":\"ListItem\",\"position\":4,\"name\":\"Nuevas ediciones del Tresca y Mirall, iniciativas de inclusi\u00f3n juvenil\"}]},{\"@type\":\"WebSite\",\"@id\":\"https:\\\/\\\/fundesplai.org\\\/es\\\/#website\",\"url\":\"https:\\\/\\\/fundesplai.org\\\/es\\\/\",\"name\":\"Fundesplai\",\"description\":\"Eduquem per la conviv\u00e8ncia i la sostenibilitat\",\"potentialAction\":[{\"@type\":\"SearchAction\",\"target\":{\"@type\":\"EntryPoint\",\"urlTemplate\":\"https:\\\/\\\/fundesplai.org\\\/es\\\/?s={search_term_string}\"},\"query-input\":{\"@type\":\"PropertyValueSpecification\",\"valueRequired\":true,\"valueName\":\"search_term_string\"}}],\"inLanguage\":\"es\"},{\"@type\":\"Person\",\"@id\":\"https:\\\/\\\/fundesplai.org\\\/es\\\/#\\\/schema\\\/person\\\/c0e9e7466bb8ac06f5264324a6109733\",\"name\":\"Alfons Valle\",\"image\":{\"@type\":\"ImageObject\",\"inLanguage\":\"es\",\"@id\":\"https:\\\/\\\/secure.gravatar.com\\\/avatar\\\/71d95a3f99a068ba570ac1314ed6911a59c5ae3f22ffcf23631cd1a861a640bc?s=96&d=mm&r=g\",\"url\":\"https:\\\/\\\/secure.gravatar.com\\\/avatar\\\/71d95a3f99a068ba570ac1314ed6911a59c5ae3f22ffcf23631cd1a861a640bc?s=96&d=mm&r=g\",\"contentUrl\":\"https:\\\/\\\/secure.gravatar.com\\\/avatar\\\/71d95a3f99a068ba570ac1314ed6911a59c5ae3f22ffcf23631cd1a861a640bc?s=96&d=mm&r=g\",\"caption\":\"Alfons Valle\"},\"url\":\"https:\\\/\\\/fundesplai.org\\\/es\\\/informa-t\\\/author\\\/avalle\\\/\"}]}<\/script>\n<!-- \/ Yoast SEO plugin. -->","yoast_head_json":{"title":"Nuevas ediciones del Tresca y Mirall, iniciativas de inclusi\u00f3n juvenil - Fundesplai","robots":{"index":"index","follow":"follow","max-snippet":"max-snippet:-1","max-image-preview":"max-image-preview:large","max-video-preview":"max-video-preview:-1"},"canonical":"https:\/\/fundesplai.org\/es\/informa-t\/actualitat-es\/nuevas-ediciones-del-tresca-y-mirall-iniciativas-de-inclusion-juvenil\/","og_locale":"es_ES","og_type":"article","og_title":"Nuevas ediciones del Tresca y Mirall, iniciativas de inclusi\u00f3n juvenil - Fundesplai","og_description":"Diferentes iniciativas en favor de la inclusi\u00f3n sociolaboral de j\u00f3venes impulsadas por Fundesplai est\u00e1n ya en marcha.&nbsp;","og_url":"https:\/\/fundesplai.org\/es\/informa-t\/actualitat-es\/nuevas-ediciones-del-tresca-y-mirall-iniciativas-de-inclusion-juvenil\/","og_site_name":"Fundesplai","article_published_time":"2017-10-31T12:21:04+00:00","author":"Alfons Valle","twitter_card":"summary_large_image","twitter_misc":{"Escrito por":"Alfons Valle","Tiempo de lectura":"2 minutos"},"schema":{"@context":"https:\/\/schema.org","@graph":[{"@type":"Article","@id":"https:\/\/fundesplai.org\/es\/informa-t\/actualitat-es\/nuevas-ediciones-del-tresca-y-mirall-iniciativas-de-inclusion-juvenil\/#article","isPartOf":{"@id":"https:\/\/fundesplai.org\/es\/informa-t\/actualitat-es\/nuevas-ediciones-del-tresca-y-mirall-iniciativas-de-inclusion-juvenil\/"},"author":{"name":"Alfons Valle","@id":"https:\/\/fundesplai.org\/es\/#\/schema\/person\/c0e9e7466bb8ac06f5264324a6109733"},"headline":"Nuevas ediciones del Tresca y Mirall, iniciativas de inclusi\u00f3n juvenil","datePublished":"2017-10-31T12:21:04+00:00","mainEntityOfPage":{"@id":"https:\/\/fundesplai.org\/es\/informa-t\/actualitat-es\/nuevas-ediciones-del-tresca-y-mirall-iniciativas-de-inclusion-juvenil\/"},"wordCount":408,"articleSection":["Actualitat"],"inLanguage":"es"},{"@type":"WebPage","@id":"https:\/\/fundesplai.org\/es\/informa-t\/actualitat-es\/nuevas-ediciones-del-tresca-y-mirall-iniciativas-de-inclusion-juvenil\/","url":"https:\/\/fundesplai.org\/es\/informa-t\/actualitat-es\/nuevas-ediciones-del-tresca-y-mirall-iniciativas-de-inclusion-juvenil\/","name":"Nuevas ediciones del Tresca y Mirall, iniciativas de inclusi\u00f3n juvenil - Fundesplai","isPartOf":{"@id":"https:\/\/fundesplai.org\/es\/#website"},"datePublished":"2017-10-31T12:21:04+00:00","author":{"@id":"https:\/\/fundesplai.org\/es\/#\/schema\/person\/c0e9e7466bb8ac06f5264324a6109733"},"breadcrumb":{"@id":"https:\/\/fundesplai.org\/es\/informa-t\/actualitat-es\/nuevas-ediciones-del-tresca-y-mirall-iniciativas-de-inclusion-juvenil\/#breadcrumb"},"inLanguage":"es","potentialAction":[{"@type":"ReadAction","target":["https:\/\/fundesplai.org\/es\/informa-t\/actualitat-es\/nuevas-ediciones-del-tresca-y-mirall-iniciativas-de-inclusion-juvenil\/"]}]},{"@type":"BreadcrumbList","@id":"https:\/\/fundesplai.org\/es\/informa-t\/actualitat-es\/nuevas-ediciones-del-tresca-y-mirall-iniciativas-de-inclusion-juvenil\/#breadcrumb","itemListElement":[{"@type":"ListItem","position":1,"name":"Inici","item":"https:\/\/fundesplai.org\/es\/inicio\/"},{"@type":"ListItem","position":2,"name":"Inf\u00f3rmate","item":"https:\/\/fundesplai.org\/es\/informate\/"},{"@type":"ListItem","position":3,"name":"Sin categor\u00eda","item":"https:\/\/fundesplai.org\/es\/informa-t\/category\/sin-categoria\/"},{"@type":"ListItem","position":4,"name":"Nuevas ediciones del Tresca y Mirall, iniciativas de inclusi\u00f3n juvenil"}]},{"@type":"WebSite","@id":"https:\/\/fundesplai.org\/es\/#website","url":"https:\/\/fundesplai.org\/es\/","name":"Fundesplai","description":"Eduquem per la conviv\u00e8ncia i la sostenibilitat","potentialAction":[{"@type":"SearchAction","target":{"@type":"EntryPoint","urlTemplate":"https:\/\/fundesplai.org\/es\/?s={search_term_string}"},"query-input":{"@type":"PropertyValueSpecification","valueRequired":true,"valueName":"search_term_string"}}],"inLanguage":"es"},{"@type":"Person","@id":"https:\/\/fundesplai.org\/es\/#\/schema\/person\/c0e9e7466bb8ac06f5264324a6109733","name":"Alfons Valle","image":{"@type":"ImageObject","inLanguage":"es","@id":"https:\/\/secure.gravatar.com\/avatar\/71d95a3f99a068ba570ac1314ed6911a59c5ae3f22ffcf23631cd1a861a640bc?s=96&d=mm&r=g","url":"https:\/\/secure.gravatar.com\/avatar\/71d95a3f99a068ba570ac1314ed6911a59c5ae3f22ffcf23631cd1a861a640bc?s=96&d=mm&r=g","contentUrl":"https:\/\/secure.gravatar.com\/avatar\/71d95a3f99a068ba570ac1314ed6911a59c5ae3f22ffcf23631cd1a861a640bc?s=96&d=mm&r=g","caption":"Alfons Valle"},"url":"https:\/\/fundesplai.org\/es\/informa-t\/author\/avalle\/"}]}},"_links":{"self":[{"href":"https:\/\/fundesplai.org\/es\/wp-json\/wp\/v2\/posts\/47766","targetHints":{"allow":["GET"]}}],"collection":[{"href":"https:\/\/fundesplai.org\/es\/wp-json\/wp\/v2\/posts"}],"about":[{"href":"https:\/\/fundesplai.org\/es\/wp-json\/wp\/v2\/types\/post"}],"author":[{"embeddable":true,"href":"https:\/\/fundesplai.org\/es\/wp-json\/wp\/v2\/users\/9"}],"replies":[{"embeddable":true,"href":"https:\/\/fundesplai.org\/es\/wp-json\/wp\/v2\/comments?post=47766"}],"version-history":[{"count":0,"href":"https:\/\/fundesplai.org\/es\/wp-json\/wp\/v2\/posts\/47766\/revisions"}],"wp:attachment":[{"href":"https:\/\/fundesplai.org\/es\/wp-json\/wp\/v2\/media?parent=47766"}],"wp:term":[{"taxonomy":"category","embeddable":true,"href":"https:\/\/fundesplai.org\/es\/wp-json\/wp\/v2\/categories?post=47766"},{"taxonomy":"post_tag","embeddable":true,"href":"https:\/\/fundesplai.org\/es\/wp-json\/wp\/v2\/tags?post=47766"}],"curies":[{"name":"wp","href":"https:\/\/api.w.org\/{rel}","templated":true}]}}