{"id":47764,"date":"2017-10-23T10:23:09","date_gmt":"2017-10-23T08:23:09","guid":{"rendered":"https:\/\/fundesplai.org\/informa-t\/sense-categoria\/incidencia-politica-y-tercer-sector-jornada-7-de-noviembre\/"},"modified":"2017-10-23T10:23:09","modified_gmt":"2017-10-23T08:23:09","slug":"incidencia-politica-y-tercer-sector-jornada-7-de-noviembre","status":"publish","type":"post","link":"https:\/\/fundesplai.org\/es\/informa-t\/actualitat-es\/incidencia-politica-y-tercer-sector-jornada-7-de-noviembre\/","title":{"rendered":"Incidencia pol\u00edtica y Tercer Sector: jornada 7 de noviembre"},"content":{"rendered":"<p>C\u00f3mo pueden las entidades del Tercer Sector transformar la sociedad: 7 de noviembre.<\/p>\n<p><!--more--><\/p>\n<h3><img loading=\"lazy\" decoding=\"async\" class=\" size-full wp-image-4748\" style=\"display: block;margin-left: auto;margin-right: auto\" src=\"https:\/\/fundesplai.org\/test-joomla\/wp-content\/uploads\/sites\/26\/2017\/10\/jornades5-600x458.png\" alt=\"jornades5 600x458\" width=\"600\" height=\"458\"><\/h3>\n<h3><span style=\"background-color: transparent\">Incidencia pol\u00edtica y Tercer Sector. &nbsp;<\/span> <span style=\"background-color: transparent\">\u00bfC\u00f3mo podemos desde las entidades transformar a la sociedad?<\/span><\/h3>\n<h4>7 de noviembre a les 17:15h&nbsp; en el Edificio del Vag\u00f3n -Recinto Escuela Industrial (Barcelona)<\/h4>\n<p>En esta jornada Apoyo Asociativo &#8211; Fundesplai y Fundaci\u00f3n Esplai quieren poner de relieve las posibilidades del Tercer Sector tanto para &nbsp;influir en las pol\u00edticas &nbsp;de las instituciones p\u00fablicas y privadas como para generar una &nbsp; ciudadan\u00eda m\u00e1s cr\u00edtica y movilizada.<\/p>\n<p>Pero ,&nbsp; cu\u00e1les son las claves &nbsp;por una acci\u00f3n de incidencia pol\u00edtica efectiva? &nbsp;\u00bfQu\u00e9 supone, desde los valores del Tercer Sector, el ejercicio de esa incidencia? \u00bfCu\u00e1les son los &nbsp;retos &nbsp;actuales y de futuro?<\/p>\n<p>Aprovecharemos este espacio para reflexionar sobre estas cuestiones y conocer &nbsp;bbuenas pr\u00e1cticas &nbsp; que nos permitan debatir sobre el papel de la&nbsp;c ciudadan\u00eda organizada &nbsp;como &nbsp;motor de transformaci\u00f3n social, as\u00ed como presentar el libro &nbsp;\u00ab<strong>Por una nueva ciudadan\u00eda. Incidencia pol\u00edtica y Tercer Sector\u00bb, editado por Fundaci\u00f3n Esplai y Fundesplai.<\/strong><\/p>\n<p>Las personas asistentes recibir\u00e1n un ejemplar del libro \u201cPor una nueva ciudadan\u00eda. Incidencia pol\u00edtica y Tercer Sector. Confluencias para el cambio educativo\u201d.<\/p>\n<h2 class=\"align-center\"><strong>PROGRAMA<\/strong><\/h2>\n<p><strong>17.15h &#8211;&nbsp; Acreditaci\u00f3n y entrega de documentaci\u00f3n<\/strong><\/p>\n<p><strong><br \/>17.30h &#8211; Presentaci\u00f3n y bienvenida<\/strong><br \/><strong>N\u00faria Valls,<\/strong> directora General de Fundaci\u00f3n Esplai Ciudadan\u00eda Comprometida<br \/><strong>V\u00edctor Garcia<\/strong>, cabeza de Apoyo Asociativo<\/p>\n<p><strong>17.45h &#8211;&nbsp;<\/strong><strong>Incidencia pol\u00edtica y Tercer Sector. &nbsp;El mundo asociativo como motor de transformaci\u00f3n social.<\/strong><br \/><strong>Enrique Arnanz Villalta<\/strong> , presidente del Patronato de la Fundaci\u00f3n Esplai Ciudadan\u00eda Comprometida<\/p>\n<p><strong>18.15h &#8211; Experiencias relevantes sobre incidencia pol\u00edtica: Claves para la acci\u00f3n<\/strong><\/p>\n<p class=\"wysija_list_item align-left\">\u2022&nbsp;<strong>Diosdado Toledano<\/strong>, portavoz de la Comisi\u00f3n Promotora de la ILP para la Renta Garantizada de Ciudadan\u00eda&nbsp;<\/p>\n<p class=\"wysija_list_item align-left\">\u2022&nbsp;<strong>Jordi Calvo<\/strong>,<strong>&nbsp;<\/strong>coordinador del Centro Del\u00e0s de Estudios por la Paz<\/p>\n<p class=\"wysija_list_item align-left\">\u2022&nbsp;<strong>Joaquim Roqueta<\/strong>, presidente de la Plataforma LGTBI<\/p>\n<p class=\"wysija_list_item align-left\">\u2022&nbsp;Modera:<strong>&nbsp;Montse Agudo<\/strong>, jefe del Departamento Jur\u00eddico de Apoyo Asociativo <strong><\/p>\n<p> <strong> 19.15h &#8211; Espacio de debate y preguntas<strong><\/strong><\/strong><\/strong><\/p>\n<p><strong>19.30h &#8211; Clausura y fin de la jornada&nbsp;<\/strong><\/p>\n<p><a href=\"http:\/\/inscripcions.fundesplai.org\/index.php\/468375\/lang-ca\"><img loading=\"lazy\" decoding=\"async\" class=\" size-full wp-image-4752\" src=\"https:\/\/fundesplai.org\/test-joomla\/wp-content\/uploads\/sites\/26\/2017\/10\/CONFIRMACIONS-1.png\" alt=\"CONFIRMACIONS 1\" width=\"300\" height=\"50\"><\/a><\/p>\n<p>Con el soporte de:<\/p>\n<p><img loading=\"lazy\" decoding=\"async\" class=\" alignleft size-full wp-image-805\" style=\"float: left\" src=\"https:\/\/fundesplai.org\/test-joomla\/wp-content\/uploads\/sites\/26\/2014\/06\/AjBarcelonaCS5_marca_CMYK.jpg\" alt=\"AyBarcelonaCS5 marca CMYK\" width=\"300\" height=\"81\"><\/p>\n","protected":false},"excerpt":{"rendered":"<p>C\u00f3mo pueden las entidades del Tercer Sector transformar la sociedad: 7 de noviembre.<\/p>\n","protected":false},"author":9,"featured_media":0,"comment_status":"closed","ping_status":"closed","sticky":false,"template":"","format":"standard","meta":{"_et_pb_use_builder":"","_et_pb_old_content":"","_et_gb_content_width":"","footnotes":""},"categories":[937],"tags":[],"class_list":["post-47764","post","type-post","status-publish","format-standard","hentry","category-actualitat-es"],"yoast_head":"<!-- This site is optimized with the Yoast SEO plugin v27.4 - https:\/\/yoast.com\/product\/yoast-seo-wordpress\/ -->\n<title>Incidencia pol\u00edtica y Tercer Sector: jornada 7 de noviembre - Fundesplai<\/title>\n<meta name=\"robots\" content=\"index, follow, max-snippet:-1, max-image-preview:large, max-video-preview:-1\" \/>\n<link rel=\"canonical\" href=\"https:\/\/fundesplai.org\/es\/informa-t\/actualitat-es\/incidencia-politica-y-tercer-sector-jornada-7-de-noviembre\/\" \/>\n<meta property=\"og:locale\" content=\"es_ES\" \/>\n<meta property=\"og:type\" content=\"article\" \/>\n<meta property=\"og:title\" content=\"Incidencia pol\u00edtica y Tercer Sector: jornada 7 de noviembre - Fundesplai\" \/>\n<meta property=\"og:description\" content=\"C\u00f3mo pueden las entidades del Tercer Sector transformar la sociedad: 7 de noviembre.\" \/>\n<meta property=\"og:url\" content=\"https:\/\/fundesplai.org\/es\/informa-t\/actualitat-es\/incidencia-politica-y-tercer-sector-jornada-7-de-noviembre\/\" \/>\n<meta property=\"og:site_name\" content=\"Fundesplai\" \/>\n<meta property=\"article:published_time\" content=\"2017-10-23T08:23:09+00:00\" \/>\n<meta property=\"og:image\" content=\"https:\/\/fundesplai.org\/test-joomla\/wp-content\/uploads\/sites\/26\/2017\/10\/jornades5-600x458.png\" \/>\n<meta name=\"author\" content=\"Alfons Valle\" \/>\n<meta name=\"twitter:card\" content=\"summary_large_image\" \/>\n<meta name=\"twitter:label1\" content=\"Escrito por\" \/>\n\t<meta name=\"twitter:data1\" content=\"Alfons Valle\" \/>\n\t<meta name=\"twitter:label2\" content=\"Tiempo de lectura\" \/>\n\t<meta name=\"twitter:data2\" content=\"2 minutos\" \/>\n<script type=\"application\/ld+json\" class=\"yoast-schema-graph\">{\"@context\":\"https:\\\/\\\/schema.org\",\"@graph\":[{\"@type\":\"Article\",\"@id\":\"https:\\\/\\\/fundesplai.org\\\/es\\\/informa-t\\\/actualitat-es\\\/incidencia-politica-y-tercer-sector-jornada-7-de-noviembre\\\/#article\",\"isPartOf\":{\"@id\":\"https:\\\/\\\/fundesplai.org\\\/es\\\/informa-t\\\/actualitat-es\\\/incidencia-politica-y-tercer-sector-jornada-7-de-noviembre\\\/\"},\"author\":{\"name\":\"Alfons Valle\",\"@id\":\"https:\\\/\\\/fundesplai.org\\\/es\\\/#\\\/schema\\\/person\\\/c0e9e7466bb8ac06f5264324a6109733\"},\"headline\":\"Incidencia pol\u00edtica y Tercer Sector: jornada 7 de noviembre\",\"datePublished\":\"2017-10-23T08:23:09+00:00\",\"mainEntityOfPage\":{\"@id\":\"https:\\\/\\\/fundesplai.org\\\/es\\\/informa-t\\\/actualitat-es\\\/incidencia-politica-y-tercer-sector-jornada-7-de-noviembre\\\/\"},\"wordCount\":389,\"image\":{\"@id\":\"https:\\\/\\\/fundesplai.org\\\/es\\\/informa-t\\\/actualitat-es\\\/incidencia-politica-y-tercer-sector-jornada-7-de-noviembre\\\/#primaryimage\"},\"thumbnailUrl\":\"https:\\\/\\\/fundesplai.org\\\/test-joomla\\\/wp-content\\\/uploads\\\/sites\\\/26\\\/2017\\\/10\\\/jornades5-600x458.png\",\"articleSection\":[\"Actualitat\"],\"inLanguage\":\"es\"},{\"@type\":\"WebPage\",\"@id\":\"https:\\\/\\\/fundesplai.org\\\/es\\\/informa-t\\\/actualitat-es\\\/incidencia-politica-y-tercer-sector-jornada-7-de-noviembre\\\/\",\"url\":\"https:\\\/\\\/fundesplai.org\\\/es\\\/informa-t\\\/actualitat-es\\\/incidencia-politica-y-tercer-sector-jornada-7-de-noviembre\\\/\",\"name\":\"Incidencia pol\u00edtica y Tercer Sector: jornada 7 de noviembre - Fundesplai\",\"isPartOf\":{\"@id\":\"https:\\\/\\\/fundesplai.org\\\/es\\\/#website\"},\"primaryImageOfPage\":{\"@id\":\"https:\\\/\\\/fundesplai.org\\\/es\\\/informa-t\\\/actualitat-es\\\/incidencia-politica-y-tercer-sector-jornada-7-de-noviembre\\\/#primaryimage\"},\"image\":{\"@id\":\"https:\\\/\\\/fundesplai.org\\\/es\\\/informa-t\\\/actualitat-es\\\/incidencia-politica-y-tercer-sector-jornada-7-de-noviembre\\\/#primaryimage\"},\"thumbnailUrl\":\"https:\\\/\\\/fundesplai.org\\\/test-joomla\\\/wp-content\\\/uploads\\\/sites\\\/26\\\/2017\\\/10\\\/jornades5-600x458.png\",\"datePublished\":\"2017-10-23T08:23:09+00:00\",\"author\":{\"@id\":\"https:\\\/\\\/fundesplai.org\\\/es\\\/#\\\/schema\\\/person\\\/c0e9e7466bb8ac06f5264324a6109733\"},\"breadcrumb\":{\"@id\":\"https:\\\/\\\/fundesplai.org\\\/es\\\/informa-t\\\/actualitat-es\\\/incidencia-politica-y-tercer-sector-jornada-7-de-noviembre\\\/#breadcrumb\"},\"inLanguage\":\"es\",\"potentialAction\":[{\"@type\":\"ReadAction\",\"target\":[\"https:\\\/\\\/fundesplai.org\\\/es\\\/informa-t\\\/actualitat-es\\\/incidencia-politica-y-tercer-sector-jornada-7-de-noviembre\\\/\"]}]},{\"@type\":\"ImageObject\",\"inLanguage\":\"es\",\"@id\":\"https:\\\/\\\/fundesplai.org\\\/es\\\/informa-t\\\/actualitat-es\\\/incidencia-politica-y-tercer-sector-jornada-7-de-noviembre\\\/#primaryimage\",\"url\":\"https:\\\/\\\/fundesplai.org\\\/test-joomla\\\/wp-content\\\/uploads\\\/sites\\\/26\\\/2017\\\/10\\\/jornades5-600x458.png\",\"contentUrl\":\"https:\\\/\\\/fundesplai.org\\\/test-joomla\\\/wp-content\\\/uploads\\\/sites\\\/26\\\/2017\\\/10\\\/jornades5-600x458.png\"},{\"@type\":\"BreadcrumbList\",\"@id\":\"https:\\\/\\\/fundesplai.org\\\/es\\\/informa-t\\\/actualitat-es\\\/incidencia-politica-y-tercer-sector-jornada-7-de-noviembre\\\/#breadcrumb\",\"itemListElement\":[{\"@type\":\"ListItem\",\"position\":1,\"name\":\"Inici\",\"item\":\"https:\\\/\\\/fundesplai.org\\\/es\\\/inicio\\\/\"},{\"@type\":\"ListItem\",\"position\":2,\"name\":\"Inf\u00f3rmate\",\"item\":\"https:\\\/\\\/fundesplai.org\\\/es\\\/informate\\\/\"},{\"@type\":\"ListItem\",\"position\":3,\"name\":\"Sin categor\u00eda\",\"item\":\"https:\\\/\\\/fundesplai.org\\\/es\\\/informa-t\\\/category\\\/sin-categoria\\\/\"},{\"@type\":\"ListItem\",\"position\":4,\"name\":\"Incidencia pol\u00edtica y Tercer Sector: jornada 7 de noviembre\"}]},{\"@type\":\"WebSite\",\"@id\":\"https:\\\/\\\/fundesplai.org\\\/es\\\/#website\",\"url\":\"https:\\\/\\\/fundesplai.org\\\/es\\\/\",\"name\":\"Fundesplai\",\"description\":\"Eduquem per la conviv\u00e8ncia i la sostenibilitat\",\"potentialAction\":[{\"@type\":\"SearchAction\",\"target\":{\"@type\":\"EntryPoint\",\"urlTemplate\":\"https:\\\/\\\/fundesplai.org\\\/es\\\/?s={search_term_string}\"},\"query-input\":{\"@type\":\"PropertyValueSpecification\",\"valueRequired\":true,\"valueName\":\"search_term_string\"}}],\"inLanguage\":\"es\"},{\"@type\":\"Person\",\"@id\":\"https:\\\/\\\/fundesplai.org\\\/es\\\/#\\\/schema\\\/person\\\/c0e9e7466bb8ac06f5264324a6109733\",\"name\":\"Alfons Valle\",\"image\":{\"@type\":\"ImageObject\",\"inLanguage\":\"es\",\"@id\":\"https:\\\/\\\/secure.gravatar.com\\\/avatar\\\/71d95a3f99a068ba570ac1314ed6911a59c5ae3f22ffcf23631cd1a861a640bc?s=96&d=mm&r=g\",\"url\":\"https:\\\/\\\/secure.gravatar.com\\\/avatar\\\/71d95a3f99a068ba570ac1314ed6911a59c5ae3f22ffcf23631cd1a861a640bc?s=96&d=mm&r=g\",\"contentUrl\":\"https:\\\/\\\/secure.gravatar.com\\\/avatar\\\/71d95a3f99a068ba570ac1314ed6911a59c5ae3f22ffcf23631cd1a861a640bc?s=96&d=mm&r=g\",\"caption\":\"Alfons Valle\"},\"url\":\"https:\\\/\\\/fundesplai.org\\\/es\\\/informa-t\\\/author\\\/avalle\\\/\"}]}<\/script>\n<!-- \/ Yoast SEO plugin. -->","yoast_head_json":{"title":"Incidencia pol\u00edtica y Tercer Sector: jornada 7 de noviembre - Fundesplai","robots":{"index":"index","follow":"follow","max-snippet":"max-snippet:-1","max-image-preview":"max-image-preview:large","max-video-preview":"max-video-preview:-1"},"canonical":"https:\/\/fundesplai.org\/es\/informa-t\/actualitat-es\/incidencia-politica-y-tercer-sector-jornada-7-de-noviembre\/","og_locale":"es_ES","og_type":"article","og_title":"Incidencia pol\u00edtica y Tercer Sector: jornada 7 de noviembre - Fundesplai","og_description":"C\u00f3mo pueden las entidades del Tercer Sector transformar la sociedad: 7 de noviembre.","og_url":"https:\/\/fundesplai.org\/es\/informa-t\/actualitat-es\/incidencia-politica-y-tercer-sector-jornada-7-de-noviembre\/","og_site_name":"Fundesplai","article_published_time":"2017-10-23T08:23:09+00:00","og_image":[{"url":"https:\/\/fundesplai.org\/test-joomla\/wp-content\/uploads\/sites\/26\/2017\/10\/jornades5-600x458.png","type":"","width":"","height":""}],"author":"Alfons Valle","twitter_card":"summary_large_image","twitter_misc":{"Escrito por":"Alfons Valle","Tiempo de lectura":"2 minutos"},"schema":{"@context":"https:\/\/schema.org","@graph":[{"@type":"Article","@id":"https:\/\/fundesplai.org\/es\/informa-t\/actualitat-es\/incidencia-politica-y-tercer-sector-jornada-7-de-noviembre\/#article","isPartOf":{"@id":"https:\/\/fundesplai.org\/es\/informa-t\/actualitat-es\/incidencia-politica-y-tercer-sector-jornada-7-de-noviembre\/"},"author":{"name":"Alfons Valle","@id":"https:\/\/fundesplai.org\/es\/#\/schema\/person\/c0e9e7466bb8ac06f5264324a6109733"},"headline":"Incidencia pol\u00edtica y Tercer Sector: jornada 7 de noviembre","datePublished":"2017-10-23T08:23:09+00:00","mainEntityOfPage":{"@id":"https:\/\/fundesplai.org\/es\/informa-t\/actualitat-es\/incidencia-politica-y-tercer-sector-jornada-7-de-noviembre\/"},"wordCount":389,"image":{"@id":"https:\/\/fundesplai.org\/es\/informa-t\/actualitat-es\/incidencia-politica-y-tercer-sector-jornada-7-de-noviembre\/#primaryimage"},"thumbnailUrl":"https:\/\/fundesplai.org\/test-joomla\/wp-content\/uploads\/sites\/26\/2017\/10\/jornades5-600x458.png","articleSection":["Actualitat"],"inLanguage":"es"},{"@type":"WebPage","@id":"https:\/\/fundesplai.org\/es\/informa-t\/actualitat-es\/incidencia-politica-y-tercer-sector-jornada-7-de-noviembre\/","url":"https:\/\/fundesplai.org\/es\/informa-t\/actualitat-es\/incidencia-politica-y-tercer-sector-jornada-7-de-noviembre\/","name":"Incidencia pol\u00edtica y Tercer Sector: jornada 7 de noviembre - Fundesplai","isPartOf":{"@id":"https:\/\/fundesplai.org\/es\/#website"},"primaryImageOfPage":{"@id":"https:\/\/fundesplai.org\/es\/informa-t\/actualitat-es\/incidencia-politica-y-tercer-sector-jornada-7-de-noviembre\/#primaryimage"},"image":{"@id":"https:\/\/fundesplai.org\/es\/informa-t\/actualitat-es\/incidencia-politica-y-tercer-sector-jornada-7-de-noviembre\/#primaryimage"},"thumbnailUrl":"https:\/\/fundesplai.org\/test-joomla\/wp-content\/uploads\/sites\/26\/2017\/10\/jornades5-600x458.png","datePublished":"2017-10-23T08:23:09+00:00","author":{"@id":"https:\/\/fundesplai.org\/es\/#\/schema\/person\/c0e9e7466bb8ac06f5264324a6109733"},"breadcrumb":{"@id":"https:\/\/fundesplai.org\/es\/informa-t\/actualitat-es\/incidencia-politica-y-tercer-sector-jornada-7-de-noviembre\/#breadcrumb"},"inLanguage":"es","potentialAction":[{"@type":"ReadAction","target":["https:\/\/fundesplai.org\/es\/informa-t\/actualitat-es\/incidencia-politica-y-tercer-sector-jornada-7-de-noviembre\/"]}]},{"@type":"ImageObject","inLanguage":"es","@id":"https:\/\/fundesplai.org\/es\/informa-t\/actualitat-es\/incidencia-politica-y-tercer-sector-jornada-7-de-noviembre\/#primaryimage","url":"https:\/\/fundesplai.org\/test-joomla\/wp-content\/uploads\/sites\/26\/2017\/10\/jornades5-600x458.png","contentUrl":"https:\/\/fundesplai.org\/test-joomla\/wp-content\/uploads\/sites\/26\/2017\/10\/jornades5-600x458.png"},{"@type":"BreadcrumbList","@id":"https:\/\/fundesplai.org\/es\/informa-t\/actualitat-es\/incidencia-politica-y-tercer-sector-jornada-7-de-noviembre\/#breadcrumb","itemListElement":[{"@type":"ListItem","position":1,"name":"Inici","item":"https:\/\/fundesplai.org\/es\/inicio\/"},{"@type":"ListItem","position":2,"name":"Inf\u00f3rmate","item":"https:\/\/fundesplai.org\/es\/informate\/"},{"@type":"ListItem","position":3,"name":"Sin categor\u00eda","item":"https:\/\/fundesplai.org\/es\/informa-t\/category\/sin-categoria\/"},{"@type":"ListItem","position":4,"name":"Incidencia pol\u00edtica y Tercer Sector: jornada 7 de noviembre"}]},{"@type":"WebSite","@id":"https:\/\/fundesplai.org\/es\/#website","url":"https:\/\/fundesplai.org\/es\/","name":"Fundesplai","description":"Eduquem per la conviv\u00e8ncia i la sostenibilitat","potentialAction":[{"@type":"SearchAction","target":{"@type":"EntryPoint","urlTemplate":"https:\/\/fundesplai.org\/es\/?s={search_term_string}"},"query-input":{"@type":"PropertyValueSpecification","valueRequired":true,"valueName":"search_term_string"}}],"inLanguage":"es"},{"@type":"Person","@id":"https:\/\/fundesplai.org\/es\/#\/schema\/person\/c0e9e7466bb8ac06f5264324a6109733","name":"Alfons Valle","image":{"@type":"ImageObject","inLanguage":"es","@id":"https:\/\/secure.gravatar.com\/avatar\/71d95a3f99a068ba570ac1314ed6911a59c5ae3f22ffcf23631cd1a861a640bc?s=96&d=mm&r=g","url":"https:\/\/secure.gravatar.com\/avatar\/71d95a3f99a068ba570ac1314ed6911a59c5ae3f22ffcf23631cd1a861a640bc?s=96&d=mm&r=g","contentUrl":"https:\/\/secure.gravatar.com\/avatar\/71d95a3f99a068ba570ac1314ed6911a59c5ae3f22ffcf23631cd1a861a640bc?s=96&d=mm&r=g","caption":"Alfons Valle"},"url":"https:\/\/fundesplai.org\/es\/informa-t\/author\/avalle\/"}]}},"_links":{"self":[{"href":"https:\/\/fundesplai.org\/es\/wp-json\/wp\/v2\/posts\/47764","targetHints":{"allow":["GET"]}}],"collection":[{"href":"https:\/\/fundesplai.org\/es\/wp-json\/wp\/v2\/posts"}],"about":[{"href":"https:\/\/fundesplai.org\/es\/wp-json\/wp\/v2\/types\/post"}],"author":[{"embeddable":true,"href":"https:\/\/fundesplai.org\/es\/wp-json\/wp\/v2\/users\/9"}],"replies":[{"embeddable":true,"href":"https:\/\/fundesplai.org\/es\/wp-json\/wp\/v2\/comments?post=47764"}],"version-history":[{"count":0,"href":"https:\/\/fundesplai.org\/es\/wp-json\/wp\/v2\/posts\/47764\/revisions"}],"wp:attachment":[{"href":"https:\/\/fundesplai.org\/es\/wp-json\/wp\/v2\/media?parent=47764"}],"wp:term":[{"taxonomy":"category","embeddable":true,"href":"https:\/\/fundesplai.org\/es\/wp-json\/wp\/v2\/categories?post=47764"},{"taxonomy":"post_tag","embeddable":true,"href":"https:\/\/fundesplai.org\/es\/wp-json\/wp\/v2\/tags?post=47764"}],"curies":[{"name":"wp","href":"https:\/\/api.w.org\/{rel}","templated":true}]}}