{"id":47757,"date":"2017-09-20T15:50:14","date_gmt":"2017-09-20T13:50:14","guid":{"rendered":"https:\/\/fundesplai.org\/informa-t\/sense-categoria\/manifiesto-en-defensa-de-la-democracia\/"},"modified":"2023-08-10T11:39:05","modified_gmt":"2023-08-10T09:39:05","slug":"manifiesto-en-defensa-de-la-democracia","status":"publish","type":"post","link":"https:\/\/fundesplai.org\/es\/informa-t\/actualitat-es\/manifiesto-en-defensa-de-la-democracia\/","title":{"rendered":"Manifiesto en defensa de la democracia"},"content":{"rendered":"<p>En Fundesplai siempre hemos mantenido que la democracia y el pluralismo; el respeto a las libertades&#8230;<\/p>\n<p><!--more--><\/p>\n<p>En Fundesplai siempre hemos mantenido que la democracia y el pluralismo; el respeto a las libertades de expresi\u00f3n, de opini\u00f3n y reuni\u00f3n; el di\u00e1logo y la cultura de la negociaci\u00f3n son pilares b\u00e1sicos de la convivencia y de la cohesi\u00f3n social, a todos los niveles, y como tales bienes superiores a preservar.<\/p>\n<p>Estos d\u00edas estamos viviendo situaciones l\u00edmite y de excepci\u00f3n que ponen en entredicho estos valores. Por dignidad y lealtad a las instituciones ya los derechos de los ciudadanos debemos manifestar, como hicimos en 2012, que \u201cnos reafirmamos, m\u00e1s que nunca, en la necesidad del respeto a la voluntad popular. Es la hora de la preeminencia de la pol\u00edtica y la democracia como forma de resolver conflictos y diferencias. El derecho a decidir, tambi\u00e9n en la forma de estructuraci\u00f3n pol\u00edtica del pa\u00eds, es algo b\u00e1sico en estos momentos sobre el que la ciudadan\u00eda de Catalu\u00f1a debe manifestarse. El derecho a decidir es un ejercicio de democracia y ciudadan\u00eda\u201d.<\/p>\n<p>En esta situaci\u00f3n es adecuado recordar ese dicho cl\u00e1sico seg\u00fan el cual \u201ccuando los hombres est\u00e1n bien gobernados no solicitan ni desean otra libertad\u201d. Y es, tambi\u00e9n, momento para invitar a la serenidad y poner \u201del &nbsp; sen favor de la audacia oportuna\u201d, sin demagogias, de manera cr\u00edtica pero responsable.<\/p>\n<p>Los eventos que estamos viviendo son completamente desmedidos y suponen un retroceso democr\u00e1tico y conllevan vulneraciones de los derechos fundamentales. Por eso, desde Fundesplai queremos denunciar estos hechos y pedimos el restablecimiento de la normalidad y el respeto democr\u00e1tico. Y por eso, participaremos en los actos unitarios con el resto de entidades del pa\u00eds para apoyar la democracia y los derechos fundamentales del pueblo catal\u00e1n.<\/p>\n<p><strong>Fundesplai<br \/>Federaci\u00f3n Catalana del Esplai&nbsp;<\/strong><\/p>\n<p>El Prat de Llobregat, 20 de septiembre de 2017<\/p>\n<table style=\"height: 38px;width: 78px\">\n<tbody>\n<tr>\n<td><img loading=\"lazy\" decoding=\"async\" class=\" size-full wp-image-4649\" src=\"https:\/\/fundesplai.org\/test-joomla\/wp-content\/uploads\/sites\/26\/2017\/09\/DKKxr2yWsAAkDeu.jpg\" alt=\"DKKxr2yWsAAkDeu\" width=\"350\" height=\"263\">&nbsp;<\/td>\n<\/tr>\n<tr>\n<td><strong>Josep Gass\u00f3, presidente de Fundesplai, a la izquierda de la foto durante la rueda de prensa de las entidades en la plaza de Sant Jaume que se celebr\u00f3 hoy a las 14 horas<\/strong>&nbsp;<\/td>\n<\/tr>\n<\/tbody>\n<\/table>\n","protected":false},"excerpt":{"rendered":"<p>En Fundesplai siempre hemos mantenido que la democracia y el pluralismo; el respeto a las libertades&#8230;<\/p>\n","protected":false},"author":9,"featured_media":0,"comment_status":"closed","ping_status":"closed","sticky":false,"template":"","format":"standard","meta":{"_et_pb_use_builder":"","_et_pb_old_content":"","_et_gb_content_width":"","footnotes":""},"categories":[937],"tags":[],"class_list":["post-47757","post","type-post","status-publish","format-standard","hentry","category-actualitat-es"],"yoast_head":"<!-- This site is optimized with the Yoast SEO plugin v27.4 - https:\/\/yoast.com\/product\/yoast-seo-wordpress\/ -->\n<title>Manifiesto en defensa de la democracia - Fundesplai<\/title>\n<meta name=\"robots\" content=\"index, follow, max-snippet:-1, max-image-preview:large, max-video-preview:-1\" \/>\n<link rel=\"canonical\" href=\"https:\/\/fundesplai.org\/es\/informa-t\/actualitat-es\/manifiesto-en-defensa-de-la-democracia\/\" \/>\n<meta property=\"og:locale\" content=\"es_ES\" \/>\n<meta property=\"og:type\" content=\"article\" \/>\n<meta property=\"og:title\" content=\"Manifiesto en defensa de la democracia - Fundesplai\" \/>\n<meta property=\"og:description\" content=\"En Fundesplai siempre hemos mantenido que la democracia y el pluralismo; el respeto a las libertades&#8230;\" \/>\n<meta property=\"og:url\" content=\"https:\/\/fundesplai.org\/es\/informa-t\/actualitat-es\/manifiesto-en-defensa-de-la-democracia\/\" \/>\n<meta property=\"og:site_name\" content=\"Fundesplai\" \/>\n<meta property=\"article:published_time\" content=\"2017-09-20T13:50:14+00:00\" \/>\n<meta property=\"article:modified_time\" content=\"2023-08-10T09:39:05+00:00\" \/>\n<meta property=\"og:image\" content=\"https:\/\/fundesplai.org\/test-joomla\/wp-content\/uploads\/sites\/26\/2017\/09\/DKKxr2yWsAAkDeu.jpg\" \/>\n<meta name=\"author\" content=\"Alfons Valle\" \/>\n<meta name=\"twitter:card\" content=\"summary_large_image\" \/>\n<meta name=\"twitter:label1\" content=\"Escrito por\" \/>\n\t<meta name=\"twitter:data1\" content=\"Alfons Valle\" \/>\n\t<meta name=\"twitter:label2\" content=\"Tiempo de lectura\" \/>\n\t<meta name=\"twitter:data2\" content=\"2 minutos\" \/>\n<script type=\"application\/ld+json\" class=\"yoast-schema-graph\">{\"@context\":\"https:\\\/\\\/schema.org\",\"@graph\":[{\"@type\":\"Article\",\"@id\":\"https:\\\/\\\/fundesplai.org\\\/es\\\/informa-t\\\/actualitat-es\\\/manifiesto-en-defensa-de-la-democracia\\\/#article\",\"isPartOf\":{\"@id\":\"https:\\\/\\\/fundesplai.org\\\/es\\\/informa-t\\\/actualitat-es\\\/manifiesto-en-defensa-de-la-democracia\\\/\"},\"author\":{\"name\":\"Alfons Valle\",\"@id\":\"https:\\\/\\\/fundesplai.org\\\/es\\\/#\\\/schema\\\/person\\\/c0e9e7466bb8ac06f5264324a6109733\"},\"headline\":\"Manifiesto en defensa de la democracia\",\"datePublished\":\"2017-09-20T13:50:14+00:00\",\"dateModified\":\"2023-08-10T09:39:05+00:00\",\"mainEntityOfPage\":{\"@id\":\"https:\\\/\\\/fundesplai.org\\\/es\\\/informa-t\\\/actualitat-es\\\/manifiesto-en-defensa-de-la-democracia\\\/\"},\"wordCount\":372,\"image\":{\"@id\":\"https:\\\/\\\/fundesplai.org\\\/es\\\/informa-t\\\/actualitat-es\\\/manifiesto-en-defensa-de-la-democracia\\\/#primaryimage\"},\"thumbnailUrl\":\"https:\\\/\\\/fundesplai.org\\\/test-joomla\\\/wp-content\\\/uploads\\\/sites\\\/26\\\/2017\\\/09\\\/DKKxr2yWsAAkDeu.jpg\",\"articleSection\":[\"Actualitat\"],\"inLanguage\":\"es\"},{\"@type\":\"WebPage\",\"@id\":\"https:\\\/\\\/fundesplai.org\\\/es\\\/informa-t\\\/actualitat-es\\\/manifiesto-en-defensa-de-la-democracia\\\/\",\"url\":\"https:\\\/\\\/fundesplai.org\\\/es\\\/informa-t\\\/actualitat-es\\\/manifiesto-en-defensa-de-la-democracia\\\/\",\"name\":\"Manifiesto en defensa de la democracia - Fundesplai\",\"isPartOf\":{\"@id\":\"https:\\\/\\\/fundesplai.org\\\/es\\\/#website\"},\"primaryImageOfPage\":{\"@id\":\"https:\\\/\\\/fundesplai.org\\\/es\\\/informa-t\\\/actualitat-es\\\/manifiesto-en-defensa-de-la-democracia\\\/#primaryimage\"},\"image\":{\"@id\":\"https:\\\/\\\/fundesplai.org\\\/es\\\/informa-t\\\/actualitat-es\\\/manifiesto-en-defensa-de-la-democracia\\\/#primaryimage\"},\"thumbnailUrl\":\"https:\\\/\\\/fundesplai.org\\\/test-joomla\\\/wp-content\\\/uploads\\\/sites\\\/26\\\/2017\\\/09\\\/DKKxr2yWsAAkDeu.jpg\",\"datePublished\":\"2017-09-20T13:50:14+00:00\",\"dateModified\":\"2023-08-10T09:39:05+00:00\",\"author\":{\"@id\":\"https:\\\/\\\/fundesplai.org\\\/es\\\/#\\\/schema\\\/person\\\/c0e9e7466bb8ac06f5264324a6109733\"},\"breadcrumb\":{\"@id\":\"https:\\\/\\\/fundesplai.org\\\/es\\\/informa-t\\\/actualitat-es\\\/manifiesto-en-defensa-de-la-democracia\\\/#breadcrumb\"},\"inLanguage\":\"es\",\"potentialAction\":[{\"@type\":\"ReadAction\",\"target\":[\"https:\\\/\\\/fundesplai.org\\\/es\\\/informa-t\\\/actualitat-es\\\/manifiesto-en-defensa-de-la-democracia\\\/\"]}]},{\"@type\":\"ImageObject\",\"inLanguage\":\"es\",\"@id\":\"https:\\\/\\\/fundesplai.org\\\/es\\\/informa-t\\\/actualitat-es\\\/manifiesto-en-defensa-de-la-democracia\\\/#primaryimage\",\"url\":\"https:\\\/\\\/fundesplai.org\\\/test-joomla\\\/wp-content\\\/uploads\\\/sites\\\/26\\\/2017\\\/09\\\/DKKxr2yWsAAkDeu.jpg\",\"contentUrl\":\"https:\\\/\\\/fundesplai.org\\\/test-joomla\\\/wp-content\\\/uploads\\\/sites\\\/26\\\/2017\\\/09\\\/DKKxr2yWsAAkDeu.jpg\"},{\"@type\":\"BreadcrumbList\",\"@id\":\"https:\\\/\\\/fundesplai.org\\\/es\\\/informa-t\\\/actualitat-es\\\/manifiesto-en-defensa-de-la-democracia\\\/#breadcrumb\",\"itemListElement\":[{\"@type\":\"ListItem\",\"position\":1,\"name\":\"Inici\",\"item\":\"https:\\\/\\\/fundesplai.org\\\/es\\\/inicio\\\/\"},{\"@type\":\"ListItem\",\"position\":2,\"name\":\"Inf\u00f3rmate\",\"item\":\"https:\\\/\\\/fundesplai.org\\\/es\\\/informate\\\/\"},{\"@type\":\"ListItem\",\"position\":3,\"name\":\"Actualitat\",\"item\":\"https:\\\/\\\/fundesplai.org\\\/es\\\/informa-t\\\/category\\\/actualitat-es\\\/\"},{\"@type\":\"ListItem\",\"position\":4,\"name\":\"Manifiesto en defensa de la democracia\"}]},{\"@type\":\"WebSite\",\"@id\":\"https:\\\/\\\/fundesplai.org\\\/es\\\/#website\",\"url\":\"https:\\\/\\\/fundesplai.org\\\/es\\\/\",\"name\":\"Fundesplai\",\"description\":\"Eduquem per la conviv\u00e8ncia i la sostenibilitat\",\"potentialAction\":[{\"@type\":\"SearchAction\",\"target\":{\"@type\":\"EntryPoint\",\"urlTemplate\":\"https:\\\/\\\/fundesplai.org\\\/es\\\/?s={search_term_string}\"},\"query-input\":{\"@type\":\"PropertyValueSpecification\",\"valueRequired\":true,\"valueName\":\"search_term_string\"}}],\"inLanguage\":\"es\"},{\"@type\":\"Person\",\"@id\":\"https:\\\/\\\/fundesplai.org\\\/es\\\/#\\\/schema\\\/person\\\/c0e9e7466bb8ac06f5264324a6109733\",\"name\":\"Alfons Valle\",\"image\":{\"@type\":\"ImageObject\",\"inLanguage\":\"es\",\"@id\":\"https:\\\/\\\/secure.gravatar.com\\\/avatar\\\/71d95a3f99a068ba570ac1314ed6911a59c5ae3f22ffcf23631cd1a861a640bc?s=96&d=mm&r=g\",\"url\":\"https:\\\/\\\/secure.gravatar.com\\\/avatar\\\/71d95a3f99a068ba570ac1314ed6911a59c5ae3f22ffcf23631cd1a861a640bc?s=96&d=mm&r=g\",\"contentUrl\":\"https:\\\/\\\/secure.gravatar.com\\\/avatar\\\/71d95a3f99a068ba570ac1314ed6911a59c5ae3f22ffcf23631cd1a861a640bc?s=96&d=mm&r=g\",\"caption\":\"Alfons Valle\"},\"url\":\"https:\\\/\\\/fundesplai.org\\\/es\\\/informa-t\\\/author\\\/avalle\\\/\"}]}<\/script>\n<!-- \/ Yoast SEO plugin. -->","yoast_head_json":{"title":"Manifiesto en defensa de la democracia - Fundesplai","robots":{"index":"index","follow":"follow","max-snippet":"max-snippet:-1","max-image-preview":"max-image-preview:large","max-video-preview":"max-video-preview:-1"},"canonical":"https:\/\/fundesplai.org\/es\/informa-t\/actualitat-es\/manifiesto-en-defensa-de-la-democracia\/","og_locale":"es_ES","og_type":"article","og_title":"Manifiesto en defensa de la democracia - Fundesplai","og_description":"En Fundesplai siempre hemos mantenido que la democracia y el pluralismo; el respeto a las libertades&#8230;","og_url":"https:\/\/fundesplai.org\/es\/informa-t\/actualitat-es\/manifiesto-en-defensa-de-la-democracia\/","og_site_name":"Fundesplai","article_published_time":"2017-09-20T13:50:14+00:00","article_modified_time":"2023-08-10T09:39:05+00:00","og_image":[{"url":"https:\/\/fundesplai.org\/test-joomla\/wp-content\/uploads\/sites\/26\/2017\/09\/DKKxr2yWsAAkDeu.jpg","type":"","width":"","height":""}],"author":"Alfons Valle","twitter_card":"summary_large_image","twitter_misc":{"Escrito por":"Alfons Valle","Tiempo de lectura":"2 minutos"},"schema":{"@context":"https:\/\/schema.org","@graph":[{"@type":"Article","@id":"https:\/\/fundesplai.org\/es\/informa-t\/actualitat-es\/manifiesto-en-defensa-de-la-democracia\/#article","isPartOf":{"@id":"https:\/\/fundesplai.org\/es\/informa-t\/actualitat-es\/manifiesto-en-defensa-de-la-democracia\/"},"author":{"name":"Alfons Valle","@id":"https:\/\/fundesplai.org\/es\/#\/schema\/person\/c0e9e7466bb8ac06f5264324a6109733"},"headline":"Manifiesto en defensa de la democracia","datePublished":"2017-09-20T13:50:14+00:00","dateModified":"2023-08-10T09:39:05+00:00","mainEntityOfPage":{"@id":"https:\/\/fundesplai.org\/es\/informa-t\/actualitat-es\/manifiesto-en-defensa-de-la-democracia\/"},"wordCount":372,"image":{"@id":"https:\/\/fundesplai.org\/es\/informa-t\/actualitat-es\/manifiesto-en-defensa-de-la-democracia\/#primaryimage"},"thumbnailUrl":"https:\/\/fundesplai.org\/test-joomla\/wp-content\/uploads\/sites\/26\/2017\/09\/DKKxr2yWsAAkDeu.jpg","articleSection":["Actualitat"],"inLanguage":"es"},{"@type":"WebPage","@id":"https:\/\/fundesplai.org\/es\/informa-t\/actualitat-es\/manifiesto-en-defensa-de-la-democracia\/","url":"https:\/\/fundesplai.org\/es\/informa-t\/actualitat-es\/manifiesto-en-defensa-de-la-democracia\/","name":"Manifiesto en defensa de la democracia - Fundesplai","isPartOf":{"@id":"https:\/\/fundesplai.org\/es\/#website"},"primaryImageOfPage":{"@id":"https:\/\/fundesplai.org\/es\/informa-t\/actualitat-es\/manifiesto-en-defensa-de-la-democracia\/#primaryimage"},"image":{"@id":"https:\/\/fundesplai.org\/es\/informa-t\/actualitat-es\/manifiesto-en-defensa-de-la-democracia\/#primaryimage"},"thumbnailUrl":"https:\/\/fundesplai.org\/test-joomla\/wp-content\/uploads\/sites\/26\/2017\/09\/DKKxr2yWsAAkDeu.jpg","datePublished":"2017-09-20T13:50:14+00:00","dateModified":"2023-08-10T09:39:05+00:00","author":{"@id":"https:\/\/fundesplai.org\/es\/#\/schema\/person\/c0e9e7466bb8ac06f5264324a6109733"},"breadcrumb":{"@id":"https:\/\/fundesplai.org\/es\/informa-t\/actualitat-es\/manifiesto-en-defensa-de-la-democracia\/#breadcrumb"},"inLanguage":"es","potentialAction":[{"@type":"ReadAction","target":["https:\/\/fundesplai.org\/es\/informa-t\/actualitat-es\/manifiesto-en-defensa-de-la-democracia\/"]}]},{"@type":"ImageObject","inLanguage":"es","@id":"https:\/\/fundesplai.org\/es\/informa-t\/actualitat-es\/manifiesto-en-defensa-de-la-democracia\/#primaryimage","url":"https:\/\/fundesplai.org\/test-joomla\/wp-content\/uploads\/sites\/26\/2017\/09\/DKKxr2yWsAAkDeu.jpg","contentUrl":"https:\/\/fundesplai.org\/test-joomla\/wp-content\/uploads\/sites\/26\/2017\/09\/DKKxr2yWsAAkDeu.jpg"},{"@type":"BreadcrumbList","@id":"https:\/\/fundesplai.org\/es\/informa-t\/actualitat-es\/manifiesto-en-defensa-de-la-democracia\/#breadcrumb","itemListElement":[{"@type":"ListItem","position":1,"name":"Inici","item":"https:\/\/fundesplai.org\/es\/inicio\/"},{"@type":"ListItem","position":2,"name":"Inf\u00f3rmate","item":"https:\/\/fundesplai.org\/es\/informate\/"},{"@type":"ListItem","position":3,"name":"Actualitat","item":"https:\/\/fundesplai.org\/es\/informa-t\/category\/actualitat-es\/"},{"@type":"ListItem","position":4,"name":"Manifiesto en defensa de la democracia"}]},{"@type":"WebSite","@id":"https:\/\/fundesplai.org\/es\/#website","url":"https:\/\/fundesplai.org\/es\/","name":"Fundesplai","description":"Eduquem per la conviv\u00e8ncia i la sostenibilitat","potentialAction":[{"@type":"SearchAction","target":{"@type":"EntryPoint","urlTemplate":"https:\/\/fundesplai.org\/es\/?s={search_term_string}"},"query-input":{"@type":"PropertyValueSpecification","valueRequired":true,"valueName":"search_term_string"}}],"inLanguage":"es"},{"@type":"Person","@id":"https:\/\/fundesplai.org\/es\/#\/schema\/person\/c0e9e7466bb8ac06f5264324a6109733","name":"Alfons Valle","image":{"@type":"ImageObject","inLanguage":"es","@id":"https:\/\/secure.gravatar.com\/avatar\/71d95a3f99a068ba570ac1314ed6911a59c5ae3f22ffcf23631cd1a861a640bc?s=96&d=mm&r=g","url":"https:\/\/secure.gravatar.com\/avatar\/71d95a3f99a068ba570ac1314ed6911a59c5ae3f22ffcf23631cd1a861a640bc?s=96&d=mm&r=g","contentUrl":"https:\/\/secure.gravatar.com\/avatar\/71d95a3f99a068ba570ac1314ed6911a59c5ae3f22ffcf23631cd1a861a640bc?s=96&d=mm&r=g","caption":"Alfons Valle"},"url":"https:\/\/fundesplai.org\/es\/informa-t\/author\/avalle\/"}]}},"_links":{"self":[{"href":"https:\/\/fundesplai.org\/es\/wp-json\/wp\/v2\/posts\/47757","targetHints":{"allow":["GET"]}}],"collection":[{"href":"https:\/\/fundesplai.org\/es\/wp-json\/wp\/v2\/posts"}],"about":[{"href":"https:\/\/fundesplai.org\/es\/wp-json\/wp\/v2\/types\/post"}],"author":[{"embeddable":true,"href":"https:\/\/fundesplai.org\/es\/wp-json\/wp\/v2\/users\/9"}],"replies":[{"embeddable":true,"href":"https:\/\/fundesplai.org\/es\/wp-json\/wp\/v2\/comments?post=47757"}],"version-history":[{"count":1,"href":"https:\/\/fundesplai.org\/es\/wp-json\/wp\/v2\/posts\/47757\/revisions"}],"predecessor-version":[{"id":47758,"href":"https:\/\/fundesplai.org\/es\/wp-json\/wp\/v2\/posts\/47757\/revisions\/47758"}],"wp:attachment":[{"href":"https:\/\/fundesplai.org\/es\/wp-json\/wp\/v2\/media?parent=47757"}],"wp:term":[{"taxonomy":"category","embeddable":true,"href":"https:\/\/fundesplai.org\/es\/wp-json\/wp\/v2\/categories?post=47757"},{"taxonomy":"post_tag","embeddable":true,"href":"https:\/\/fundesplai.org\/es\/wp-json\/wp\/v2\/tags?post=47757"}],"curies":[{"name":"wp","href":"https:\/\/api.w.org\/{rel}","templated":true}]}}