{"id":47755,"date":"2017-09-18T17:13:33","date_gmt":"2017-09-18T15:13:33","guid":{"rendered":"https:\/\/fundesplai.org\/informa-t\/sense-categoria\/fundesplai-y-diferentes-esplais-participaron-en-los-actos-con-motivo-del-onze-de-septiembre\/"},"modified":"2017-09-18T17:13:33","modified_gmt":"2017-09-18T15:13:33","slug":"fundesplai-y-diferentes-esplais-participaron-en-los-actos-con-motivo-del-onze-de-septiembre","status":"publish","type":"post","link":"https:\/\/fundesplai.org\/es\/informa-t\/actualitat-es\/fundesplai-y-diferentes-esplais-participaron-en-los-actos-con-motivo-del-onze-de-septiembre\/","title":{"rendered":"Fundesplai y diferentes esplais participaron en los actos con motivo del Onze de Septiembre"},"content":{"rendered":"<p>Fundesplai particip\u00f3 en los actos por la Diada del Onze de Septiembre que se celebraron en toda Catalu\u00f1a. As\u00ed, representantes de Fundesplai participaron en las ofrendas florales de El Prat, el Hospitalet y Cornell\u00e0 de Llobregat, entre otras localidades.<\/p>\n<p><!--more--><\/p>\n<p><img loading=\"lazy\" decoding=\"async\" class=\" alignleft size-full wp-image-4643\" style=\"margin: 5px;float: left\" src=\"https:\/\/fundesplai.org\/test-joomla\/wp-content\/uploads\/sites\/26\/2017\/09\/11s-web.jpg\" alt=\"11s web\" width=\"350\" height=\"175\">Fundesplai particip\u00f3 en los actos por la Diada del Onze de Septiembre que se celebraron en toda Catalu\u00f1a. As\u00ed, representantes de Fundesplai participaron en las ofrendas florales de El Prat, el Hospitalet y Cornell\u00e0 de Llobregat, entre otras localidades.<\/p>\n<p>Por otra parte, diferentes esplais que forman parte de la Federaci\u00f3n Catalana del Esplai tambi\u00e9n tomaron parte en actividades para conmemorar la Diada en sus respectivas localidades.<\/p>\n","protected":false},"excerpt":{"rendered":"<p>Fundesplai particip\u00f3 en los actos por la Diada del Onze de Septiembre que se celebraron en toda Catalu\u00f1a. As\u00ed, representantes de Fundesplai participaron en las ofrendas florales de El Prat, el Hospitalet y Cornell\u00e0 de Llobregat, entre otras localidades.<\/p>\n","protected":false},"author":9,"featured_media":0,"comment_status":"closed","ping_status":"closed","sticky":false,"template":"","format":"standard","meta":{"_et_pb_use_builder":"","_et_pb_old_content":"","_et_gb_content_width":"","footnotes":""},"categories":[937],"tags":[],"class_list":["post-47755","post","type-post","status-publish","format-standard","hentry","category-actualitat-es"],"yoast_head":"<!-- This site is optimized with the Yoast SEO plugin v27.4 - https:\/\/yoast.com\/product\/yoast-seo-wordpress\/ -->\n<title>Fundesplai y diferentes esplais participaron en los actos con motivo del Onze de Septiembre - Fundesplai<\/title>\n<meta name=\"robots\" content=\"index, follow, max-snippet:-1, max-image-preview:large, max-video-preview:-1\" \/>\n<link rel=\"canonical\" href=\"https:\/\/fundesplai.org\/es\/informa-t\/actualitat-es\/fundesplai-y-diferentes-esplais-participaron-en-los-actos-con-motivo-del-onze-de-septiembre\/\" \/>\n<meta property=\"og:locale\" content=\"es_ES\" \/>\n<meta property=\"og:type\" content=\"article\" \/>\n<meta property=\"og:title\" content=\"Fundesplai y diferentes esplais participaron en los actos con motivo del Onze de Septiembre - Fundesplai\" \/>\n<meta property=\"og:description\" content=\"Fundesplai particip\u00f3 en los actos por la Diada del Onze de Septiembre que se celebraron en toda Catalu\u00f1a. As\u00ed, representantes de Fundesplai participaron en las ofrendas florales de El Prat, el Hospitalet y Cornell\u00e0 de Llobregat, entre otras localidades.\" \/>\n<meta property=\"og:url\" content=\"https:\/\/fundesplai.org\/es\/informa-t\/actualitat-es\/fundesplai-y-diferentes-esplais-participaron-en-los-actos-con-motivo-del-onze-de-septiembre\/\" \/>\n<meta property=\"og:site_name\" content=\"Fundesplai\" \/>\n<meta property=\"article:published_time\" content=\"2017-09-18T15:13:33+00:00\" \/>\n<meta property=\"og:image\" content=\"https:\/\/fundesplai.org\/test-joomla\/wp-content\/uploads\/sites\/26\/2017\/09\/11s-web.jpg\" \/>\n<meta name=\"author\" content=\"Alfons Valle\" \/>\n<meta name=\"twitter:card\" content=\"summary_large_image\" \/>\n<meta name=\"twitter:label1\" content=\"Escrito por\" \/>\n\t<meta name=\"twitter:data1\" content=\"Alfons Valle\" \/>\n\t<meta name=\"twitter:label2\" content=\"Tiempo de lectura\" \/>\n\t<meta name=\"twitter:data2\" content=\"1 minuto\" \/>\n<script type=\"application\/ld+json\" class=\"yoast-schema-graph\">{\"@context\":\"https:\\\/\\\/schema.org\",\"@graph\":[{\"@type\":\"Article\",\"@id\":\"https:\\\/\\\/fundesplai.org\\\/es\\\/informa-t\\\/actualitat-es\\\/fundesplai-y-diferentes-esplais-participaron-en-los-actos-con-motivo-del-onze-de-septiembre\\\/#article\",\"isPartOf\":{\"@id\":\"https:\\\/\\\/fundesplai.org\\\/es\\\/informa-t\\\/actualitat-es\\\/fundesplai-y-diferentes-esplais-participaron-en-los-actos-con-motivo-del-onze-de-septiembre\\\/\"},\"author\":{\"name\":\"Alfons Valle\",\"@id\":\"https:\\\/\\\/fundesplai.org\\\/es\\\/#\\\/schema\\\/person\\\/c0e9e7466bb8ac06f5264324a6109733\"},\"headline\":\"Fundesplai y diferentes esplais participaron en los actos con motivo del Onze de Septiembre\",\"datePublished\":\"2017-09-18T15:13:33+00:00\",\"mainEntityOfPage\":{\"@id\":\"https:\\\/\\\/fundesplai.org\\\/es\\\/informa-t\\\/actualitat-es\\\/fundesplai-y-diferentes-esplais-participaron-en-los-actos-con-motivo-del-onze-de-septiembre\\\/\"},\"wordCount\":123,\"image\":{\"@id\":\"https:\\\/\\\/fundesplai.org\\\/es\\\/informa-t\\\/actualitat-es\\\/fundesplai-y-diferentes-esplais-participaron-en-los-actos-con-motivo-del-onze-de-septiembre\\\/#primaryimage\"},\"thumbnailUrl\":\"https:\\\/\\\/fundesplai.org\\\/test-joomla\\\/wp-content\\\/uploads\\\/sites\\\/26\\\/2017\\\/09\\\/11s-web.jpg\",\"articleSection\":[\"Actualitat\"],\"inLanguage\":\"es\"},{\"@type\":\"WebPage\",\"@id\":\"https:\\\/\\\/fundesplai.org\\\/es\\\/informa-t\\\/actualitat-es\\\/fundesplai-y-diferentes-esplais-participaron-en-los-actos-con-motivo-del-onze-de-septiembre\\\/\",\"url\":\"https:\\\/\\\/fundesplai.org\\\/es\\\/informa-t\\\/actualitat-es\\\/fundesplai-y-diferentes-esplais-participaron-en-los-actos-con-motivo-del-onze-de-septiembre\\\/\",\"name\":\"Fundesplai y diferentes esplais participaron en los actos con motivo del Onze de Septiembre - Fundesplai\",\"isPartOf\":{\"@id\":\"https:\\\/\\\/fundesplai.org\\\/es\\\/#website\"},\"primaryImageOfPage\":{\"@id\":\"https:\\\/\\\/fundesplai.org\\\/es\\\/informa-t\\\/actualitat-es\\\/fundesplai-y-diferentes-esplais-participaron-en-los-actos-con-motivo-del-onze-de-septiembre\\\/#primaryimage\"},\"image\":{\"@id\":\"https:\\\/\\\/fundesplai.org\\\/es\\\/informa-t\\\/actualitat-es\\\/fundesplai-y-diferentes-esplais-participaron-en-los-actos-con-motivo-del-onze-de-septiembre\\\/#primaryimage\"},\"thumbnailUrl\":\"https:\\\/\\\/fundesplai.org\\\/test-joomla\\\/wp-content\\\/uploads\\\/sites\\\/26\\\/2017\\\/09\\\/11s-web.jpg\",\"datePublished\":\"2017-09-18T15:13:33+00:00\",\"author\":{\"@id\":\"https:\\\/\\\/fundesplai.org\\\/es\\\/#\\\/schema\\\/person\\\/c0e9e7466bb8ac06f5264324a6109733\"},\"breadcrumb\":{\"@id\":\"https:\\\/\\\/fundesplai.org\\\/es\\\/informa-t\\\/actualitat-es\\\/fundesplai-y-diferentes-esplais-participaron-en-los-actos-con-motivo-del-onze-de-septiembre\\\/#breadcrumb\"},\"inLanguage\":\"es\",\"potentialAction\":[{\"@type\":\"ReadAction\",\"target\":[\"https:\\\/\\\/fundesplai.org\\\/es\\\/informa-t\\\/actualitat-es\\\/fundesplai-y-diferentes-esplais-participaron-en-los-actos-con-motivo-del-onze-de-septiembre\\\/\"]}]},{\"@type\":\"ImageObject\",\"inLanguage\":\"es\",\"@id\":\"https:\\\/\\\/fundesplai.org\\\/es\\\/informa-t\\\/actualitat-es\\\/fundesplai-y-diferentes-esplais-participaron-en-los-actos-con-motivo-del-onze-de-septiembre\\\/#primaryimage\",\"url\":\"https:\\\/\\\/fundesplai.org\\\/test-joomla\\\/wp-content\\\/uploads\\\/sites\\\/26\\\/2017\\\/09\\\/11s-web.jpg\",\"contentUrl\":\"https:\\\/\\\/fundesplai.org\\\/test-joomla\\\/wp-content\\\/uploads\\\/sites\\\/26\\\/2017\\\/09\\\/11s-web.jpg\"},{\"@type\":\"BreadcrumbList\",\"@id\":\"https:\\\/\\\/fundesplai.org\\\/es\\\/informa-t\\\/actualitat-es\\\/fundesplai-y-diferentes-esplais-participaron-en-los-actos-con-motivo-del-onze-de-septiembre\\\/#breadcrumb\",\"itemListElement\":[{\"@type\":\"ListItem\",\"position\":1,\"name\":\"Inici\",\"item\":\"https:\\\/\\\/fundesplai.org\\\/es\\\/inicio\\\/\"},{\"@type\":\"ListItem\",\"position\":2,\"name\":\"Inf\u00f3rmate\",\"item\":\"https:\\\/\\\/fundesplai.org\\\/es\\\/informate\\\/\"},{\"@type\":\"ListItem\",\"position\":3,\"name\":\"Sin categor\u00eda\",\"item\":\"https:\\\/\\\/fundesplai.org\\\/es\\\/informa-t\\\/category\\\/sin-categoria\\\/\"},{\"@type\":\"ListItem\",\"position\":4,\"name\":\"Fundesplai y diferentes esplais participaron en los actos con motivo del Onze de Septiembre\"}]},{\"@type\":\"WebSite\",\"@id\":\"https:\\\/\\\/fundesplai.org\\\/es\\\/#website\",\"url\":\"https:\\\/\\\/fundesplai.org\\\/es\\\/\",\"name\":\"Fundesplai\",\"description\":\"Eduquem per la conviv\u00e8ncia i la sostenibilitat\",\"potentialAction\":[{\"@type\":\"SearchAction\",\"target\":{\"@type\":\"EntryPoint\",\"urlTemplate\":\"https:\\\/\\\/fundesplai.org\\\/es\\\/?s={search_term_string}\"},\"query-input\":{\"@type\":\"PropertyValueSpecification\",\"valueRequired\":true,\"valueName\":\"search_term_string\"}}],\"inLanguage\":\"es\"},{\"@type\":\"Person\",\"@id\":\"https:\\\/\\\/fundesplai.org\\\/es\\\/#\\\/schema\\\/person\\\/c0e9e7466bb8ac06f5264324a6109733\",\"name\":\"Alfons Valle\",\"image\":{\"@type\":\"ImageObject\",\"inLanguage\":\"es\",\"@id\":\"https:\\\/\\\/secure.gravatar.com\\\/avatar\\\/71d95a3f99a068ba570ac1314ed6911a59c5ae3f22ffcf23631cd1a861a640bc?s=96&d=mm&r=g\",\"url\":\"https:\\\/\\\/secure.gravatar.com\\\/avatar\\\/71d95a3f99a068ba570ac1314ed6911a59c5ae3f22ffcf23631cd1a861a640bc?s=96&d=mm&r=g\",\"contentUrl\":\"https:\\\/\\\/secure.gravatar.com\\\/avatar\\\/71d95a3f99a068ba570ac1314ed6911a59c5ae3f22ffcf23631cd1a861a640bc?s=96&d=mm&r=g\",\"caption\":\"Alfons Valle\"},\"url\":\"https:\\\/\\\/fundesplai.org\\\/es\\\/informa-t\\\/author\\\/avalle\\\/\"}]}<\/script>\n<!-- \/ Yoast SEO plugin. -->","yoast_head_json":{"title":"Fundesplai y diferentes esplais participaron en los actos con motivo del Onze de Septiembre - Fundesplai","robots":{"index":"index","follow":"follow","max-snippet":"max-snippet:-1","max-image-preview":"max-image-preview:large","max-video-preview":"max-video-preview:-1"},"canonical":"https:\/\/fundesplai.org\/es\/informa-t\/actualitat-es\/fundesplai-y-diferentes-esplais-participaron-en-los-actos-con-motivo-del-onze-de-septiembre\/","og_locale":"es_ES","og_type":"article","og_title":"Fundesplai y diferentes esplais participaron en los actos con motivo del Onze de Septiembre - Fundesplai","og_description":"Fundesplai particip\u00f3 en los actos por la Diada del Onze de Septiembre que se celebraron en toda Catalu\u00f1a. As\u00ed, representantes de Fundesplai participaron en las ofrendas florales de El Prat, el Hospitalet y Cornell\u00e0 de Llobregat, entre otras localidades.","og_url":"https:\/\/fundesplai.org\/es\/informa-t\/actualitat-es\/fundesplai-y-diferentes-esplais-participaron-en-los-actos-con-motivo-del-onze-de-septiembre\/","og_site_name":"Fundesplai","article_published_time":"2017-09-18T15:13:33+00:00","og_image":[{"url":"https:\/\/fundesplai.org\/test-joomla\/wp-content\/uploads\/sites\/26\/2017\/09\/11s-web.jpg","type":"","width":"","height":""}],"author":"Alfons Valle","twitter_card":"summary_large_image","twitter_misc":{"Escrito por":"Alfons Valle","Tiempo de lectura":"1 minuto"},"schema":{"@context":"https:\/\/schema.org","@graph":[{"@type":"Article","@id":"https:\/\/fundesplai.org\/es\/informa-t\/actualitat-es\/fundesplai-y-diferentes-esplais-participaron-en-los-actos-con-motivo-del-onze-de-septiembre\/#article","isPartOf":{"@id":"https:\/\/fundesplai.org\/es\/informa-t\/actualitat-es\/fundesplai-y-diferentes-esplais-participaron-en-los-actos-con-motivo-del-onze-de-septiembre\/"},"author":{"name":"Alfons Valle","@id":"https:\/\/fundesplai.org\/es\/#\/schema\/person\/c0e9e7466bb8ac06f5264324a6109733"},"headline":"Fundesplai y diferentes esplais participaron en los actos con motivo del Onze de Septiembre","datePublished":"2017-09-18T15:13:33+00:00","mainEntityOfPage":{"@id":"https:\/\/fundesplai.org\/es\/informa-t\/actualitat-es\/fundesplai-y-diferentes-esplais-participaron-en-los-actos-con-motivo-del-onze-de-septiembre\/"},"wordCount":123,"image":{"@id":"https:\/\/fundesplai.org\/es\/informa-t\/actualitat-es\/fundesplai-y-diferentes-esplais-participaron-en-los-actos-con-motivo-del-onze-de-septiembre\/#primaryimage"},"thumbnailUrl":"https:\/\/fundesplai.org\/test-joomla\/wp-content\/uploads\/sites\/26\/2017\/09\/11s-web.jpg","articleSection":["Actualitat"],"inLanguage":"es"},{"@type":"WebPage","@id":"https:\/\/fundesplai.org\/es\/informa-t\/actualitat-es\/fundesplai-y-diferentes-esplais-participaron-en-los-actos-con-motivo-del-onze-de-septiembre\/","url":"https:\/\/fundesplai.org\/es\/informa-t\/actualitat-es\/fundesplai-y-diferentes-esplais-participaron-en-los-actos-con-motivo-del-onze-de-septiembre\/","name":"Fundesplai y diferentes esplais participaron en los actos con motivo del Onze de Septiembre - Fundesplai","isPartOf":{"@id":"https:\/\/fundesplai.org\/es\/#website"},"primaryImageOfPage":{"@id":"https:\/\/fundesplai.org\/es\/informa-t\/actualitat-es\/fundesplai-y-diferentes-esplais-participaron-en-los-actos-con-motivo-del-onze-de-septiembre\/#primaryimage"},"image":{"@id":"https:\/\/fundesplai.org\/es\/informa-t\/actualitat-es\/fundesplai-y-diferentes-esplais-participaron-en-los-actos-con-motivo-del-onze-de-septiembre\/#primaryimage"},"thumbnailUrl":"https:\/\/fundesplai.org\/test-joomla\/wp-content\/uploads\/sites\/26\/2017\/09\/11s-web.jpg","datePublished":"2017-09-18T15:13:33+00:00","author":{"@id":"https:\/\/fundesplai.org\/es\/#\/schema\/person\/c0e9e7466bb8ac06f5264324a6109733"},"breadcrumb":{"@id":"https:\/\/fundesplai.org\/es\/informa-t\/actualitat-es\/fundesplai-y-diferentes-esplais-participaron-en-los-actos-con-motivo-del-onze-de-septiembre\/#breadcrumb"},"inLanguage":"es","potentialAction":[{"@type":"ReadAction","target":["https:\/\/fundesplai.org\/es\/informa-t\/actualitat-es\/fundesplai-y-diferentes-esplais-participaron-en-los-actos-con-motivo-del-onze-de-septiembre\/"]}]},{"@type":"ImageObject","inLanguage":"es","@id":"https:\/\/fundesplai.org\/es\/informa-t\/actualitat-es\/fundesplai-y-diferentes-esplais-participaron-en-los-actos-con-motivo-del-onze-de-septiembre\/#primaryimage","url":"https:\/\/fundesplai.org\/test-joomla\/wp-content\/uploads\/sites\/26\/2017\/09\/11s-web.jpg","contentUrl":"https:\/\/fundesplai.org\/test-joomla\/wp-content\/uploads\/sites\/26\/2017\/09\/11s-web.jpg"},{"@type":"BreadcrumbList","@id":"https:\/\/fundesplai.org\/es\/informa-t\/actualitat-es\/fundesplai-y-diferentes-esplais-participaron-en-los-actos-con-motivo-del-onze-de-septiembre\/#breadcrumb","itemListElement":[{"@type":"ListItem","position":1,"name":"Inici","item":"https:\/\/fundesplai.org\/es\/inicio\/"},{"@type":"ListItem","position":2,"name":"Inf\u00f3rmate","item":"https:\/\/fundesplai.org\/es\/informate\/"},{"@type":"ListItem","position":3,"name":"Sin categor\u00eda","item":"https:\/\/fundesplai.org\/es\/informa-t\/category\/sin-categoria\/"},{"@type":"ListItem","position":4,"name":"Fundesplai y diferentes esplais participaron en los actos con motivo del Onze de Septiembre"}]},{"@type":"WebSite","@id":"https:\/\/fundesplai.org\/es\/#website","url":"https:\/\/fundesplai.org\/es\/","name":"Fundesplai","description":"Eduquem per la conviv\u00e8ncia i la sostenibilitat","potentialAction":[{"@type":"SearchAction","target":{"@type":"EntryPoint","urlTemplate":"https:\/\/fundesplai.org\/es\/?s={search_term_string}"},"query-input":{"@type":"PropertyValueSpecification","valueRequired":true,"valueName":"search_term_string"}}],"inLanguage":"es"},{"@type":"Person","@id":"https:\/\/fundesplai.org\/es\/#\/schema\/person\/c0e9e7466bb8ac06f5264324a6109733","name":"Alfons Valle","image":{"@type":"ImageObject","inLanguage":"es","@id":"https:\/\/secure.gravatar.com\/avatar\/71d95a3f99a068ba570ac1314ed6911a59c5ae3f22ffcf23631cd1a861a640bc?s=96&d=mm&r=g","url":"https:\/\/secure.gravatar.com\/avatar\/71d95a3f99a068ba570ac1314ed6911a59c5ae3f22ffcf23631cd1a861a640bc?s=96&d=mm&r=g","contentUrl":"https:\/\/secure.gravatar.com\/avatar\/71d95a3f99a068ba570ac1314ed6911a59c5ae3f22ffcf23631cd1a861a640bc?s=96&d=mm&r=g","caption":"Alfons Valle"},"url":"https:\/\/fundesplai.org\/es\/informa-t\/author\/avalle\/"}]}},"_links":{"self":[{"href":"https:\/\/fundesplai.org\/es\/wp-json\/wp\/v2\/posts\/47755","targetHints":{"allow":["GET"]}}],"collection":[{"href":"https:\/\/fundesplai.org\/es\/wp-json\/wp\/v2\/posts"}],"about":[{"href":"https:\/\/fundesplai.org\/es\/wp-json\/wp\/v2\/types\/post"}],"author":[{"embeddable":true,"href":"https:\/\/fundesplai.org\/es\/wp-json\/wp\/v2\/users\/9"}],"replies":[{"embeddable":true,"href":"https:\/\/fundesplai.org\/es\/wp-json\/wp\/v2\/comments?post=47755"}],"version-history":[{"count":0,"href":"https:\/\/fundesplai.org\/es\/wp-json\/wp\/v2\/posts\/47755\/revisions"}],"wp:attachment":[{"href":"https:\/\/fundesplai.org\/es\/wp-json\/wp\/v2\/media?parent=47755"}],"wp:term":[{"taxonomy":"category","embeddable":true,"href":"https:\/\/fundesplai.org\/es\/wp-json\/wp\/v2\/categories?post=47755"},{"taxonomy":"post_tag","embeddable":true,"href":"https:\/\/fundesplai.org\/es\/wp-json\/wp\/v2\/tags?post=47755"}],"curies":[{"name":"wp","href":"https:\/\/api.w.org\/{rel}","templated":true}]}}