{"id":47748,"date":"2017-09-18T09:44:17","date_gmt":"2017-09-18T07:44:17","guid":{"rendered":"https:\/\/fundesplai.org\/informa-t\/sense-categoria\/fundesplai-empieza-el-curso\/"},"modified":"2017-09-18T09:44:17","modified_gmt":"2017-09-18T07:44:17","slug":"fundesplai-empieza-el-curso","status":"publish","type":"post","link":"https:\/\/fundesplai.org\/es\/informa-t\/actualitat-es\/fundesplai-empieza-el-curso\/","title":{"rendered":"Fundesplai empieza el curso"},"content":{"rendered":"<p>Con los encuentros de monitores\/as de los esplais y de los equipos del mediod\u00eda de las escuelas, Fundesplai ha puesto en marcha el nuevo curso.<\/p>\n<p><!--more--><\/p>\n<p class=\"intro\">Con los encuentros de monitores\/as de los esplais y de los equipos del mediod\u00eda de las escuelas, Fundesplai ha puesto en marcha el nuevo curso con &nbsp;<a href=\"http:\/\/projectes.fundesplai.org\/encoratjat\">\u00abEncoratja&#8217;t\u00bb<\/a>, la propuesta educativa sobre igualdad de g\u00e9nero y violencia cero que llegar\u00e1 a los cerca de 85.000 ni\u00f1os de escuelas y esplais donde la entidad est\u00e1 presente.<\/p>\n<table style=\"height: 55px;width: 100%\">\n<tbody>\n<tr>\n<td colspan=\"2\"><img decoding=\"async\" class=\" size-full wp-image-4613\" src=\"https:\/\/fundesplai.org\/test-joomla\/wp-content\/uploads\/sites\/26\/2017\/09\/Fundesplai-inici-de-curs-2017-2018-web.jpg\" alt=\"Fundesplai inicio de curso 2017 2018 web\" width=\"100%\" height=\"NaN\"><\/td>\n<\/tr>\n<tr>\n<td><img decoding=\"async\" class=\" size-full wp-image-4619\" src=\"https:\/\/fundesplai.org\/test-joomla\/wp-content\/uploads\/sites\/26\/2017\/09\/Movidic_Marta_Vilalta-web.jpg\" alt=\"Movidic Marta Vilalta web\" width=\"100%\" height=\"NaN\"><\/td>\n<td><img decoding=\"async\" class=\" size-full wp-image-4620\" src=\"https:\/\/fundesplai.org\/test-joomla\/wp-content\/uploads\/sites\/26\/2017\/09\/Movidic_Taula_Rodona-web.jpg\" alt=\"Movidic Taula Rodona web\" width=\"100%\" height=\"NaN\"><\/td>\n<\/tr>\n<tr>\n<td><img decoding=\"async\" class=\" size-full wp-image-4622\" src=\"https:\/\/fundesplai.org\/test-joomla\/wp-content\/uploads\/sites\/26\/2017\/09\/trobadamenjadors2-web.jpg\" alt=\"trobadamenjadors2 web\" width=\"100%\" height=\"NaN\"><\/td>\n<td><img decoding=\"async\" class=\" size-full wp-image-4623\" src=\"https:\/\/fundesplai.org\/test-joomla\/wp-content\/uploads\/sites\/26\/2017\/09\/trobadamenjadors3-web.jpg\" alt=\"trobadamenjadors3 web\" width=\"100%\" height=\"NaN\"><\/td>\n<\/tr>\n<\/tbody>\n<\/table>\n<p><strong>Movidic<\/strong><\/p>\n<p>Cerca de 300 monitores y monitores se reunieron este fin de semana del 16 y 17 de septiembre en el Movidic, el tradicional encuentro de los esplais de la Federaci\u00f3n Catalana del Esplai que sirve para dar el pistoletazo de salida al curso. Este a\u00f1o el encuentro se centr\u00f3 en presentar&nbsp;<a href=\"http:\/\/projectes.fundesplai.org\/encoratjat\">\u00abEncoratja&#8217;t<\/a>\u00ab, la propuesta educativa por la igualdad de g\u00e9nero y la violencia cero.<\/p>\n<p>Las jornadas empezaron a primera hora de la tarde del s\u00e1bado con la intervenci\u00f3n de Marta Vilalta, Directora General de Juventud de la Generalitat, que agradeci\u00f3 el desarrollo de una propuesta como Alentado que trabaja la igualdad de g\u00e9nero. Posteriormente, intervino Sheila Beltr\u00e1n, presidenta de la Federaci\u00f3n, que dio paso a Marc Alcaraz y Susagna Escard\u00edbul, de Fundesplai, que presentaron la propuesta educativa y aportaron algunas cifras en torno a las desigualdades de g\u00e9nero, la homofobia, etc. . para reflexionar.<\/p>\n<p><strong>Mesa redonda<\/strong><\/p>\n<p>En las intervenciones iniciales sigui\u00f3 la mesa redonda \u00ab\u00bfPor qu\u00e9 educar en y por la igualdad? Retos y claves\u00bb moderada por Jose Antonio Ruiz, de Fundesplai, y que cont\u00f3 con Mar Joanpere, del CREA de la Universidad de Barcelona, \u200b\u200bN\u00faria Solsona , experta en coeducaci\u00f3n, Gemma Altell, Directora t\u00e9cnica de la Fundaci\u00f3n Surt, y Vicent Borr\u00e0s, vicepresidente asociaci\u00f3n familias LGTBI.<\/p>\n<p>En sus intervenciones, Joanpere destac\u00f3 que se est\u00e1 detectando entre las personas j\u00f3venes mayor tolerancia hacia la violencia; Altell hizo una interesante reflexi\u00f3n sobre c\u00f3mo actualmente las mujeres est\u00e1n incorporando valores asociados tradicionalmente a la masculinidad, pero no a la inversa&nbsp;y resalt\u00f3 la capacidad camale\u00f3nica del machismo; Solsona incidi\u00f3 en la importancia educativa de realizar reflexiones personales y cr\u00edticas sobre actitudes propias que tienen sesgo en temas de g\u00e9nero; Borr\u00e0s dijo que hay que visibilizar y nomalizar a las personas LGTBI por todas partes para ampliar los modelos de referencia.<\/p>\n<p><strong>Formaci\u00f3n y minuto de silencia por el 17A<\/strong><\/p>\n<p>Una vez terminada esta parte, monitores y monitoras se dividieron en grupos y participaron en los distintos talleres formativos como el de nuevas masculinidades, interculturalidad y g\u00e9nero, socializaci\u00f3n preventiva de la violencia de g\u00e9nero o autoestima, entre otros.<\/p>\n<p>El domingo, todas las monitoras y monitores empezaron el d\u00eda dedicando un minuto de silencia a las v\u00edctimas de los atentados de Barcelona y Cambrils del 17 de agosto y acabaron el Movidic con unos espacios de reflexi\u00f3n sobre&nbsp;herramientas educativas para ayudar a los ni\u00f1os a canalizar el miedo y la incertidumbre, el relevo de las entidades, el derecho al ocio o la nueva carta de la juventud de Catalu\u00f1a.<\/p>\n<p><strong>Tambi\u00e9n a las escuelas<\/strong><\/p>\n<p>Igualmente, el mi\u00e9rcoles 6 de septiembre se reunieron en Centre Esplai, la sede de Fundesplai en El Prat de Llobregat, los equipos del tiempo del mediod\u00eda de las escuelas donde Fundesplai est\u00e1 presente para dar el pistoletazo de salida al nuevo curso 2017-18 y conocer \u00bb Al\u00e9\u00f1ate\u00bb, la nueva propuesta educativa contra la violencia.<\/p>\n<p>En total, han participado cerca de 80 personas de 54 escuelas entre coordinadores\/se, monitores\/as y cocineros\/as de diferentes escuelas. En el acto, los equipos han podido conocer \u00abAnim\u00e1jate\u00bb, la nueva propuesta educativa de Fundesplai para este curso 2017-18 que se desarrollar\u00e1 en esplais y escuelas. Pretende ofrecer a monitores\/as herramientas y recursos pedag\u00f3gicos para trabajar con los ni\u00f1os la igualdad de g\u00e9nero y la violencia cero (homfobia, acoso, etc.)-<\/p>\n<p><strong>Animar a los equipos y formarse<\/strong><\/p>\n<p>La jornada ha comenzado con una sesi\u00f3n de Juanjo Fern\u00e1ndez, conferenciante experto en temas educativos, que ha hablado sobre las din\u00e1micas y relaciones que se establecen entre los equipos y c\u00f3mo enfocarlas de una manera positiva y estimulante.<\/p>\n<p>Posteriormente, las personas participantes se han dividido en diferentes grupos de trabajo en los que han tratado aspectos relacionados con la gesti\u00f3n, las herramientas educativas, la nutrici\u00f3n, etc. que les servir\u00e1n para desarrollar su labor en las escuelas.<\/p>\n","protected":false},"excerpt":{"rendered":"<p>Con los encuentros de monitores\/as de los esplais y de los equipos del mediod\u00eda de las escuelas, Fundesplai ha puesto en marcha el nuevo curso.<\/p>\n","protected":false},"author":9,"featured_media":0,"comment_status":"closed","ping_status":"closed","sticky":false,"template":"","format":"standard","meta":{"_et_pb_use_builder":"","_et_pb_old_content":"","_et_gb_content_width":"","footnotes":""},"categories":[937],"tags":[],"class_list":["post-47748","post","type-post","status-publish","format-standard","hentry","category-actualitat-es"],"yoast_head":"<!-- This site is optimized with the Yoast SEO plugin v27.4 - https:\/\/yoast.com\/product\/yoast-seo-wordpress\/ -->\n<title>Fundesplai empieza el curso - Fundesplai<\/title>\n<meta name=\"robots\" content=\"index, follow, max-snippet:-1, max-image-preview:large, max-video-preview:-1\" \/>\n<link rel=\"canonical\" href=\"https:\/\/fundesplai.org\/es\/informa-t\/actualitat-es\/fundesplai-empieza-el-curso\/\" \/>\n<meta property=\"og:locale\" content=\"es_ES\" \/>\n<meta property=\"og:type\" content=\"article\" \/>\n<meta property=\"og:title\" content=\"Fundesplai empieza el curso - Fundesplai\" \/>\n<meta property=\"og:description\" content=\"Con los encuentros de monitores\/as de los esplais y de los equipos del mediod\u00eda de las escuelas, Fundesplai ha puesto en marcha el nuevo curso.\" \/>\n<meta property=\"og:url\" content=\"https:\/\/fundesplai.org\/es\/informa-t\/actualitat-es\/fundesplai-empieza-el-curso\/\" \/>\n<meta property=\"og:site_name\" content=\"Fundesplai\" \/>\n<meta property=\"article:published_time\" content=\"2017-09-18T07:44:17+00:00\" \/>\n<meta property=\"og:image\" content=\"https:\/\/fundesplai.org\/test-joomla\/wp-content\/uploads\/sites\/26\/2017\/09\/Fundesplai-inici-de-curs-2017-2018-web.jpg\" \/>\n<meta name=\"author\" content=\"Alfons Valle\" \/>\n<meta name=\"twitter:card\" content=\"summary_large_image\" \/>\n<meta name=\"twitter:label1\" content=\"Escrito por\" \/>\n\t<meta name=\"twitter:data1\" content=\"Alfons Valle\" \/>\n\t<meta name=\"twitter:label2\" content=\"Tiempo de lectura\" \/>\n\t<meta name=\"twitter:data2\" content=\"4 minutos\" \/>\n<script type=\"application\/ld+json\" class=\"yoast-schema-graph\">{\"@context\":\"https:\\\/\\\/schema.org\",\"@graph\":[{\"@type\":\"Article\",\"@id\":\"https:\\\/\\\/fundesplai.org\\\/es\\\/informa-t\\\/actualitat-es\\\/fundesplai-empieza-el-curso\\\/#article\",\"isPartOf\":{\"@id\":\"https:\\\/\\\/fundesplai.org\\\/es\\\/informa-t\\\/actualitat-es\\\/fundesplai-empieza-el-curso\\\/\"},\"author\":{\"name\":\"Alfons Valle\",\"@id\":\"https:\\\/\\\/fundesplai.org\\\/es\\\/#\\\/schema\\\/person\\\/c0e9e7466bb8ac06f5264324a6109733\"},\"headline\":\"Fundesplai empieza el curso\",\"datePublished\":\"2017-09-18T07:44:17+00:00\",\"mainEntityOfPage\":{\"@id\":\"https:\\\/\\\/fundesplai.org\\\/es\\\/informa-t\\\/actualitat-es\\\/fundesplai-empieza-el-curso\\\/\"},\"wordCount\":761,\"image\":{\"@id\":\"https:\\\/\\\/fundesplai.org\\\/es\\\/informa-t\\\/actualitat-es\\\/fundesplai-empieza-el-curso\\\/#primaryimage\"},\"thumbnailUrl\":\"https:\\\/\\\/fundesplai.org\\\/test-joomla\\\/wp-content\\\/uploads\\\/sites\\\/26\\\/2017\\\/09\\\/Fundesplai-inici-de-curs-2017-2018-web.jpg\",\"articleSection\":[\"Actualitat\"],\"inLanguage\":\"es\"},{\"@type\":\"WebPage\",\"@id\":\"https:\\\/\\\/fundesplai.org\\\/es\\\/informa-t\\\/actualitat-es\\\/fundesplai-empieza-el-curso\\\/\",\"url\":\"https:\\\/\\\/fundesplai.org\\\/es\\\/informa-t\\\/actualitat-es\\\/fundesplai-empieza-el-curso\\\/\",\"name\":\"Fundesplai empieza el curso - Fundesplai\",\"isPartOf\":{\"@id\":\"https:\\\/\\\/fundesplai.org\\\/es\\\/#website\"},\"primaryImageOfPage\":{\"@id\":\"https:\\\/\\\/fundesplai.org\\\/es\\\/informa-t\\\/actualitat-es\\\/fundesplai-empieza-el-curso\\\/#primaryimage\"},\"image\":{\"@id\":\"https:\\\/\\\/fundesplai.org\\\/es\\\/informa-t\\\/actualitat-es\\\/fundesplai-empieza-el-curso\\\/#primaryimage\"},\"thumbnailUrl\":\"https:\\\/\\\/fundesplai.org\\\/test-joomla\\\/wp-content\\\/uploads\\\/sites\\\/26\\\/2017\\\/09\\\/Fundesplai-inici-de-curs-2017-2018-web.jpg\",\"datePublished\":\"2017-09-18T07:44:17+00:00\",\"author\":{\"@id\":\"https:\\\/\\\/fundesplai.org\\\/es\\\/#\\\/schema\\\/person\\\/c0e9e7466bb8ac06f5264324a6109733\"},\"breadcrumb\":{\"@id\":\"https:\\\/\\\/fundesplai.org\\\/es\\\/informa-t\\\/actualitat-es\\\/fundesplai-empieza-el-curso\\\/#breadcrumb\"},\"inLanguage\":\"es\",\"potentialAction\":[{\"@type\":\"ReadAction\",\"target\":[\"https:\\\/\\\/fundesplai.org\\\/es\\\/informa-t\\\/actualitat-es\\\/fundesplai-empieza-el-curso\\\/\"]}]},{\"@type\":\"ImageObject\",\"inLanguage\":\"es\",\"@id\":\"https:\\\/\\\/fundesplai.org\\\/es\\\/informa-t\\\/actualitat-es\\\/fundesplai-empieza-el-curso\\\/#primaryimage\",\"url\":\"https:\\\/\\\/fundesplai.org\\\/test-joomla\\\/wp-content\\\/uploads\\\/sites\\\/26\\\/2017\\\/09\\\/Fundesplai-inici-de-curs-2017-2018-web.jpg\",\"contentUrl\":\"https:\\\/\\\/fundesplai.org\\\/test-joomla\\\/wp-content\\\/uploads\\\/sites\\\/26\\\/2017\\\/09\\\/Fundesplai-inici-de-curs-2017-2018-web.jpg\"},{\"@type\":\"BreadcrumbList\",\"@id\":\"https:\\\/\\\/fundesplai.org\\\/es\\\/informa-t\\\/actualitat-es\\\/fundesplai-empieza-el-curso\\\/#breadcrumb\",\"itemListElement\":[{\"@type\":\"ListItem\",\"position\":1,\"name\":\"Inici\",\"item\":\"https:\\\/\\\/fundesplai.org\\\/es\\\/inicio\\\/\"},{\"@type\":\"ListItem\",\"position\":2,\"name\":\"Inf\u00f3rmate\",\"item\":\"https:\\\/\\\/fundesplai.org\\\/es\\\/informate\\\/\"},{\"@type\":\"ListItem\",\"position\":3,\"name\":\"Sin categor\u00eda\",\"item\":\"https:\\\/\\\/fundesplai.org\\\/es\\\/informa-t\\\/category\\\/sin-categoria\\\/\"},{\"@type\":\"ListItem\",\"position\":4,\"name\":\"Fundesplai empieza el curso\"}]},{\"@type\":\"WebSite\",\"@id\":\"https:\\\/\\\/fundesplai.org\\\/es\\\/#website\",\"url\":\"https:\\\/\\\/fundesplai.org\\\/es\\\/\",\"name\":\"Fundesplai\",\"description\":\"Eduquem per la conviv\u00e8ncia i la sostenibilitat\",\"potentialAction\":[{\"@type\":\"SearchAction\",\"target\":{\"@type\":\"EntryPoint\",\"urlTemplate\":\"https:\\\/\\\/fundesplai.org\\\/es\\\/?s={search_term_string}\"},\"query-input\":{\"@type\":\"PropertyValueSpecification\",\"valueRequired\":true,\"valueName\":\"search_term_string\"}}],\"inLanguage\":\"es\"},{\"@type\":\"Person\",\"@id\":\"https:\\\/\\\/fundesplai.org\\\/es\\\/#\\\/schema\\\/person\\\/c0e9e7466bb8ac06f5264324a6109733\",\"name\":\"Alfons Valle\",\"image\":{\"@type\":\"ImageObject\",\"inLanguage\":\"es\",\"@id\":\"https:\\\/\\\/secure.gravatar.com\\\/avatar\\\/71d95a3f99a068ba570ac1314ed6911a59c5ae3f22ffcf23631cd1a861a640bc?s=96&d=mm&r=g\",\"url\":\"https:\\\/\\\/secure.gravatar.com\\\/avatar\\\/71d95a3f99a068ba570ac1314ed6911a59c5ae3f22ffcf23631cd1a861a640bc?s=96&d=mm&r=g\",\"contentUrl\":\"https:\\\/\\\/secure.gravatar.com\\\/avatar\\\/71d95a3f99a068ba570ac1314ed6911a59c5ae3f22ffcf23631cd1a861a640bc?s=96&d=mm&r=g\",\"caption\":\"Alfons Valle\"},\"url\":\"https:\\\/\\\/fundesplai.org\\\/es\\\/informa-t\\\/author\\\/avalle\\\/\"}]}<\/script>\n<!-- \/ Yoast SEO plugin. -->","yoast_head_json":{"title":"Fundesplai empieza el curso - Fundesplai","robots":{"index":"index","follow":"follow","max-snippet":"max-snippet:-1","max-image-preview":"max-image-preview:large","max-video-preview":"max-video-preview:-1"},"canonical":"https:\/\/fundesplai.org\/es\/informa-t\/actualitat-es\/fundesplai-empieza-el-curso\/","og_locale":"es_ES","og_type":"article","og_title":"Fundesplai empieza el curso - Fundesplai","og_description":"Con los encuentros de monitores\/as de los esplais y de los equipos del mediod\u00eda de las escuelas, Fundesplai ha puesto en marcha el nuevo curso.","og_url":"https:\/\/fundesplai.org\/es\/informa-t\/actualitat-es\/fundesplai-empieza-el-curso\/","og_site_name":"Fundesplai","article_published_time":"2017-09-18T07:44:17+00:00","og_image":[{"url":"https:\/\/fundesplai.org\/test-joomla\/wp-content\/uploads\/sites\/26\/2017\/09\/Fundesplai-inici-de-curs-2017-2018-web.jpg","type":"","width":"","height":""}],"author":"Alfons Valle","twitter_card":"summary_large_image","twitter_misc":{"Escrito por":"Alfons Valle","Tiempo de lectura":"4 minutos"},"schema":{"@context":"https:\/\/schema.org","@graph":[{"@type":"Article","@id":"https:\/\/fundesplai.org\/es\/informa-t\/actualitat-es\/fundesplai-empieza-el-curso\/#article","isPartOf":{"@id":"https:\/\/fundesplai.org\/es\/informa-t\/actualitat-es\/fundesplai-empieza-el-curso\/"},"author":{"name":"Alfons Valle","@id":"https:\/\/fundesplai.org\/es\/#\/schema\/person\/c0e9e7466bb8ac06f5264324a6109733"},"headline":"Fundesplai empieza el curso","datePublished":"2017-09-18T07:44:17+00:00","mainEntityOfPage":{"@id":"https:\/\/fundesplai.org\/es\/informa-t\/actualitat-es\/fundesplai-empieza-el-curso\/"},"wordCount":761,"image":{"@id":"https:\/\/fundesplai.org\/es\/informa-t\/actualitat-es\/fundesplai-empieza-el-curso\/#primaryimage"},"thumbnailUrl":"https:\/\/fundesplai.org\/test-joomla\/wp-content\/uploads\/sites\/26\/2017\/09\/Fundesplai-inici-de-curs-2017-2018-web.jpg","articleSection":["Actualitat"],"inLanguage":"es"},{"@type":"WebPage","@id":"https:\/\/fundesplai.org\/es\/informa-t\/actualitat-es\/fundesplai-empieza-el-curso\/","url":"https:\/\/fundesplai.org\/es\/informa-t\/actualitat-es\/fundesplai-empieza-el-curso\/","name":"Fundesplai empieza el curso - Fundesplai","isPartOf":{"@id":"https:\/\/fundesplai.org\/es\/#website"},"primaryImageOfPage":{"@id":"https:\/\/fundesplai.org\/es\/informa-t\/actualitat-es\/fundesplai-empieza-el-curso\/#primaryimage"},"image":{"@id":"https:\/\/fundesplai.org\/es\/informa-t\/actualitat-es\/fundesplai-empieza-el-curso\/#primaryimage"},"thumbnailUrl":"https:\/\/fundesplai.org\/test-joomla\/wp-content\/uploads\/sites\/26\/2017\/09\/Fundesplai-inici-de-curs-2017-2018-web.jpg","datePublished":"2017-09-18T07:44:17+00:00","author":{"@id":"https:\/\/fundesplai.org\/es\/#\/schema\/person\/c0e9e7466bb8ac06f5264324a6109733"},"breadcrumb":{"@id":"https:\/\/fundesplai.org\/es\/informa-t\/actualitat-es\/fundesplai-empieza-el-curso\/#breadcrumb"},"inLanguage":"es","potentialAction":[{"@type":"ReadAction","target":["https:\/\/fundesplai.org\/es\/informa-t\/actualitat-es\/fundesplai-empieza-el-curso\/"]}]},{"@type":"ImageObject","inLanguage":"es","@id":"https:\/\/fundesplai.org\/es\/informa-t\/actualitat-es\/fundesplai-empieza-el-curso\/#primaryimage","url":"https:\/\/fundesplai.org\/test-joomla\/wp-content\/uploads\/sites\/26\/2017\/09\/Fundesplai-inici-de-curs-2017-2018-web.jpg","contentUrl":"https:\/\/fundesplai.org\/test-joomla\/wp-content\/uploads\/sites\/26\/2017\/09\/Fundesplai-inici-de-curs-2017-2018-web.jpg"},{"@type":"BreadcrumbList","@id":"https:\/\/fundesplai.org\/es\/informa-t\/actualitat-es\/fundesplai-empieza-el-curso\/#breadcrumb","itemListElement":[{"@type":"ListItem","position":1,"name":"Inici","item":"https:\/\/fundesplai.org\/es\/inicio\/"},{"@type":"ListItem","position":2,"name":"Inf\u00f3rmate","item":"https:\/\/fundesplai.org\/es\/informate\/"},{"@type":"ListItem","position":3,"name":"Sin categor\u00eda","item":"https:\/\/fundesplai.org\/es\/informa-t\/category\/sin-categoria\/"},{"@type":"ListItem","position":4,"name":"Fundesplai empieza el curso"}]},{"@type":"WebSite","@id":"https:\/\/fundesplai.org\/es\/#website","url":"https:\/\/fundesplai.org\/es\/","name":"Fundesplai","description":"Eduquem per la conviv\u00e8ncia i la sostenibilitat","potentialAction":[{"@type":"SearchAction","target":{"@type":"EntryPoint","urlTemplate":"https:\/\/fundesplai.org\/es\/?s={search_term_string}"},"query-input":{"@type":"PropertyValueSpecification","valueRequired":true,"valueName":"search_term_string"}}],"inLanguage":"es"},{"@type":"Person","@id":"https:\/\/fundesplai.org\/es\/#\/schema\/person\/c0e9e7466bb8ac06f5264324a6109733","name":"Alfons Valle","image":{"@type":"ImageObject","inLanguage":"es","@id":"https:\/\/secure.gravatar.com\/avatar\/71d95a3f99a068ba570ac1314ed6911a59c5ae3f22ffcf23631cd1a861a640bc?s=96&d=mm&r=g","url":"https:\/\/secure.gravatar.com\/avatar\/71d95a3f99a068ba570ac1314ed6911a59c5ae3f22ffcf23631cd1a861a640bc?s=96&d=mm&r=g","contentUrl":"https:\/\/secure.gravatar.com\/avatar\/71d95a3f99a068ba570ac1314ed6911a59c5ae3f22ffcf23631cd1a861a640bc?s=96&d=mm&r=g","caption":"Alfons Valle"},"url":"https:\/\/fundesplai.org\/es\/informa-t\/author\/avalle\/"}]}},"_links":{"self":[{"href":"https:\/\/fundesplai.org\/es\/wp-json\/wp\/v2\/posts\/47748","targetHints":{"allow":["GET"]}}],"collection":[{"href":"https:\/\/fundesplai.org\/es\/wp-json\/wp\/v2\/posts"}],"about":[{"href":"https:\/\/fundesplai.org\/es\/wp-json\/wp\/v2\/types\/post"}],"author":[{"embeddable":true,"href":"https:\/\/fundesplai.org\/es\/wp-json\/wp\/v2\/users\/9"}],"replies":[{"embeddable":true,"href":"https:\/\/fundesplai.org\/es\/wp-json\/wp\/v2\/comments?post=47748"}],"version-history":[{"count":0,"href":"https:\/\/fundesplai.org\/es\/wp-json\/wp\/v2\/posts\/47748\/revisions"}],"wp:attachment":[{"href":"https:\/\/fundesplai.org\/es\/wp-json\/wp\/v2\/media?parent=47748"}],"wp:term":[{"taxonomy":"category","embeddable":true,"href":"https:\/\/fundesplai.org\/es\/wp-json\/wp\/v2\/categories?post=47748"},{"taxonomy":"post_tag","embeddable":true,"href":"https:\/\/fundesplai.org\/es\/wp-json\/wp\/v2\/tags?post=47748"}],"curies":[{"name":"wp","href":"https:\/\/api.w.org\/{rel}","templated":true}]}}