{"id":47744,"date":"2017-09-04T17:03:59","date_gmt":"2017-09-04T15:03:59","guid":{"rendered":"https:\/\/fundesplai.org\/informa-t\/sense-categoria\/fundesplai-ha-dinamizado-dos-campamentos-urbanos-del-proyecto-baobab-en-barcelona\/"},"modified":"2017-09-04T17:03:59","modified_gmt":"2017-09-04T15:03:59","slug":"fundesplai-ha-dinamizado-dos-campamentos-urbanos-del-proyecto-baobab-en-barcelona","status":"publish","type":"post","link":"https:\/\/fundesplai.org\/es\/informa-t\/actualitat-es\/fundesplai-ha-dinamizado-dos-campamentos-urbanos-del-proyecto-baobab-en-barcelona\/","title":{"rendered":"Fundesplai ha dinamizado dos campamentos urbanos del proyecto Baobab en Barcelona"},"content":{"rendered":"<p>M\u00e1s de 400 ni\u00f1os de 4 a 12 a\u00f1os han participado en los seis campamentos urbanos municipales que ha organizado el Instituto Municipal de Educaci\u00f3n de Barcelona (IMEB) del Ayuntamiento este mes de agosto dentro de la iniciativa Baobab en los barrios de &#8230;<\/p>\n<p><!--more--><\/p>\n<p><img loading=\"lazy\" decoding=\"async\" class=\" alignleft size-full wp-image-4564\" style=\"margin: 5px;float: left\" src=\"https:\/\/fundesplai.org\/test-joomla\/wp-content\/uploads\/sites\/26\/2017\/09\/baobab.jpg\" alt=\"baobab\" width=\"350\" height=\"221\">M\u00e1s de 400 ni\u00f1os de 4 a 12 a\u00f1os han participado en los seis campamentos urbanos municipales que ha organizado el Instituto Municipal de Educaci\u00f3n de Barcelona (IMEB) del Ayuntamiento este mes de agosto dentro de la iniciativa Baobab en los barrios de&nbsp;Marina de Puerto (Sants-Montju\u00efc), Bar\u00f3 de Viver y la Trinitat Vella (Sant Andreu), la Trinitat Nova (Nou Barris), la Verneda y la Paz y el Bes\u00f2s y el Maresme (Sant Mart\u00ed). Fundesplai ha dinamizado dos de estos campamentos.<\/p>\n<p>Estos campamentos se han destinado a cubrir las necesidades de ni\u00f1os de familias que tienen dificultades para salir de vacaciones. As\u00ed, en total han tomado parte 426 ni\u00f1as y ni\u00f1os que durante el mes de agosto han podido disfrutar de estos campamentos que se han desarrollado entre las 10 y las 16 horas con almuerzo incluido.<\/p>\n<p>El Ayuntamiento de Barcelona contempla ampliar de seis a trece barrios este proyecto Baobab de campamentos urbanos.<\/p>\n<p>Vea la noticia de Barcelona Televisi\u00f3.<\/p>\n<p>&nbsp;<\/p>\n","protected":false},"excerpt":{"rendered":"<p>M\u00e1s de 400 ni\u00f1os de 4 a 12 a\u00f1os han participado en los seis campamentos urbanos municipales que ha organizado el Instituto Municipal de Educaci\u00f3n de Barcelona (IMEB) del Ayuntamiento este mes de agosto dentro de la iniciativa Baobab en los barrios de &#8230;<\/p>\n","protected":false},"author":9,"featured_media":0,"comment_status":"closed","ping_status":"closed","sticky":false,"template":"","format":"standard","meta":{"_et_pb_use_builder":"","_et_pb_old_content":"","_et_gb_content_width":"","footnotes":""},"categories":[937],"tags":[],"class_list":["post-47744","post","type-post","status-publish","format-standard","hentry","category-actualitat-es"],"yoast_head":"<!-- This site is optimized with the Yoast SEO plugin v27.4 - https:\/\/yoast.com\/product\/yoast-seo-wordpress\/ -->\n<title>Fundesplai ha dinamizado dos campamentos urbanos del proyecto Baobab en Barcelona - Fundesplai<\/title>\n<meta name=\"robots\" content=\"index, follow, max-snippet:-1, max-image-preview:large, max-video-preview:-1\" \/>\n<link rel=\"canonical\" href=\"https:\/\/fundesplai.org\/es\/informa-t\/actualitat-es\/fundesplai-ha-dinamizado-dos-campamentos-urbanos-del-proyecto-baobab-en-barcelona\/\" \/>\n<meta property=\"og:locale\" content=\"es_ES\" \/>\n<meta property=\"og:type\" content=\"article\" \/>\n<meta property=\"og:title\" content=\"Fundesplai ha dinamizado dos campamentos urbanos del proyecto Baobab en Barcelona - Fundesplai\" \/>\n<meta property=\"og:description\" content=\"M\u00e1s de 400 ni\u00f1os de 4 a 12 a\u00f1os han participado en los seis campamentos urbanos municipales que ha organizado el Instituto Municipal de Educaci\u00f3n de Barcelona (IMEB) del Ayuntamiento este mes de agosto dentro de la iniciativa Baobab en los barrios de &#8230;\" \/>\n<meta property=\"og:url\" content=\"https:\/\/fundesplai.org\/es\/informa-t\/actualitat-es\/fundesplai-ha-dinamizado-dos-campamentos-urbanos-del-proyecto-baobab-en-barcelona\/\" \/>\n<meta property=\"og:site_name\" content=\"Fundesplai\" \/>\n<meta property=\"article:published_time\" content=\"2017-09-04T15:03:59+00:00\" \/>\n<meta property=\"og:image\" content=\"https:\/\/fundesplai.org\/test-joomla\/wp-content\/uploads\/sites\/26\/2017\/09\/baobab.jpg\" \/>\n<meta name=\"author\" content=\"Alfons Valle\" \/>\n<meta name=\"twitter:card\" content=\"summary_large_image\" \/>\n<meta name=\"twitter:label1\" content=\"Escrito por\" \/>\n\t<meta name=\"twitter:data1\" content=\"Alfons Valle\" \/>\n\t<meta name=\"twitter:label2\" content=\"Tiempo de lectura\" \/>\n\t<meta name=\"twitter:data2\" content=\"1 minuto\" \/>\n<script type=\"application\/ld+json\" class=\"yoast-schema-graph\">{\"@context\":\"https:\\\/\\\/schema.org\",\"@graph\":[{\"@type\":\"Article\",\"@id\":\"https:\\\/\\\/fundesplai.org\\\/es\\\/informa-t\\\/actualitat-es\\\/fundesplai-ha-dinamizado-dos-campamentos-urbanos-del-proyecto-baobab-en-barcelona\\\/#article\",\"isPartOf\":{\"@id\":\"https:\\\/\\\/fundesplai.org\\\/es\\\/informa-t\\\/actualitat-es\\\/fundesplai-ha-dinamizado-dos-campamentos-urbanos-del-proyecto-baobab-en-barcelona\\\/\"},\"author\":{\"name\":\"Alfons Valle\",\"@id\":\"https:\\\/\\\/fundesplai.org\\\/es\\\/#\\\/schema\\\/person\\\/c0e9e7466bb8ac06f5264324a6109733\"},\"headline\":\"Fundesplai ha dinamizado dos campamentos urbanos del proyecto Baobab en Barcelona\",\"datePublished\":\"2017-09-04T15:03:59+00:00\",\"mainEntityOfPage\":{\"@id\":\"https:\\\/\\\/fundesplai.org\\\/es\\\/informa-t\\\/actualitat-es\\\/fundesplai-ha-dinamizado-dos-campamentos-urbanos-del-proyecto-baobab-en-barcelona\\\/\"},\"wordCount\":220,\"image\":{\"@id\":\"https:\\\/\\\/fundesplai.org\\\/es\\\/informa-t\\\/actualitat-es\\\/fundesplai-ha-dinamizado-dos-campamentos-urbanos-del-proyecto-baobab-en-barcelona\\\/#primaryimage\"},\"thumbnailUrl\":\"https:\\\/\\\/fundesplai.org\\\/test-joomla\\\/wp-content\\\/uploads\\\/sites\\\/26\\\/2017\\\/09\\\/baobab.jpg\",\"articleSection\":[\"Actualitat\"],\"inLanguage\":\"es\"},{\"@type\":\"WebPage\",\"@id\":\"https:\\\/\\\/fundesplai.org\\\/es\\\/informa-t\\\/actualitat-es\\\/fundesplai-ha-dinamizado-dos-campamentos-urbanos-del-proyecto-baobab-en-barcelona\\\/\",\"url\":\"https:\\\/\\\/fundesplai.org\\\/es\\\/informa-t\\\/actualitat-es\\\/fundesplai-ha-dinamizado-dos-campamentos-urbanos-del-proyecto-baobab-en-barcelona\\\/\",\"name\":\"Fundesplai ha dinamizado dos campamentos urbanos del proyecto Baobab en Barcelona - Fundesplai\",\"isPartOf\":{\"@id\":\"https:\\\/\\\/fundesplai.org\\\/es\\\/#website\"},\"primaryImageOfPage\":{\"@id\":\"https:\\\/\\\/fundesplai.org\\\/es\\\/informa-t\\\/actualitat-es\\\/fundesplai-ha-dinamizado-dos-campamentos-urbanos-del-proyecto-baobab-en-barcelona\\\/#primaryimage\"},\"image\":{\"@id\":\"https:\\\/\\\/fundesplai.org\\\/es\\\/informa-t\\\/actualitat-es\\\/fundesplai-ha-dinamizado-dos-campamentos-urbanos-del-proyecto-baobab-en-barcelona\\\/#primaryimage\"},\"thumbnailUrl\":\"https:\\\/\\\/fundesplai.org\\\/test-joomla\\\/wp-content\\\/uploads\\\/sites\\\/26\\\/2017\\\/09\\\/baobab.jpg\",\"datePublished\":\"2017-09-04T15:03:59+00:00\",\"author\":{\"@id\":\"https:\\\/\\\/fundesplai.org\\\/es\\\/#\\\/schema\\\/person\\\/c0e9e7466bb8ac06f5264324a6109733\"},\"breadcrumb\":{\"@id\":\"https:\\\/\\\/fundesplai.org\\\/es\\\/informa-t\\\/actualitat-es\\\/fundesplai-ha-dinamizado-dos-campamentos-urbanos-del-proyecto-baobab-en-barcelona\\\/#breadcrumb\"},\"inLanguage\":\"es\",\"potentialAction\":[{\"@type\":\"ReadAction\",\"target\":[\"https:\\\/\\\/fundesplai.org\\\/es\\\/informa-t\\\/actualitat-es\\\/fundesplai-ha-dinamizado-dos-campamentos-urbanos-del-proyecto-baobab-en-barcelona\\\/\"]}]},{\"@type\":\"ImageObject\",\"inLanguage\":\"es\",\"@id\":\"https:\\\/\\\/fundesplai.org\\\/es\\\/informa-t\\\/actualitat-es\\\/fundesplai-ha-dinamizado-dos-campamentos-urbanos-del-proyecto-baobab-en-barcelona\\\/#primaryimage\",\"url\":\"https:\\\/\\\/fundesplai.org\\\/test-joomla\\\/wp-content\\\/uploads\\\/sites\\\/26\\\/2017\\\/09\\\/baobab.jpg\",\"contentUrl\":\"https:\\\/\\\/fundesplai.org\\\/test-joomla\\\/wp-content\\\/uploads\\\/sites\\\/26\\\/2017\\\/09\\\/baobab.jpg\"},{\"@type\":\"BreadcrumbList\",\"@id\":\"https:\\\/\\\/fundesplai.org\\\/es\\\/informa-t\\\/actualitat-es\\\/fundesplai-ha-dinamizado-dos-campamentos-urbanos-del-proyecto-baobab-en-barcelona\\\/#breadcrumb\",\"itemListElement\":[{\"@type\":\"ListItem\",\"position\":1,\"name\":\"Inici\",\"item\":\"https:\\\/\\\/fundesplai.org\\\/es\\\/inicio\\\/\"},{\"@type\":\"ListItem\",\"position\":2,\"name\":\"Inf\u00f3rmate\",\"item\":\"https:\\\/\\\/fundesplai.org\\\/es\\\/informate\\\/\"},{\"@type\":\"ListItem\",\"position\":3,\"name\":\"Sin categor\u00eda\",\"item\":\"https:\\\/\\\/fundesplai.org\\\/es\\\/informa-t\\\/category\\\/sin-categoria\\\/\"},{\"@type\":\"ListItem\",\"position\":4,\"name\":\"Fundesplai ha dinamizado dos campamentos urbanos del proyecto Baobab en Barcelona\"}]},{\"@type\":\"WebSite\",\"@id\":\"https:\\\/\\\/fundesplai.org\\\/es\\\/#website\",\"url\":\"https:\\\/\\\/fundesplai.org\\\/es\\\/\",\"name\":\"Fundesplai\",\"description\":\"Eduquem per la conviv\u00e8ncia i la sostenibilitat\",\"potentialAction\":[{\"@type\":\"SearchAction\",\"target\":{\"@type\":\"EntryPoint\",\"urlTemplate\":\"https:\\\/\\\/fundesplai.org\\\/es\\\/?s={search_term_string}\"},\"query-input\":{\"@type\":\"PropertyValueSpecification\",\"valueRequired\":true,\"valueName\":\"search_term_string\"}}],\"inLanguage\":\"es\"},{\"@type\":\"Person\",\"@id\":\"https:\\\/\\\/fundesplai.org\\\/es\\\/#\\\/schema\\\/person\\\/c0e9e7466bb8ac06f5264324a6109733\",\"name\":\"Alfons Valle\",\"image\":{\"@type\":\"ImageObject\",\"inLanguage\":\"es\",\"@id\":\"https:\\\/\\\/secure.gravatar.com\\\/avatar\\\/71d95a3f99a068ba570ac1314ed6911a59c5ae3f22ffcf23631cd1a861a640bc?s=96&d=mm&r=g\",\"url\":\"https:\\\/\\\/secure.gravatar.com\\\/avatar\\\/71d95a3f99a068ba570ac1314ed6911a59c5ae3f22ffcf23631cd1a861a640bc?s=96&d=mm&r=g\",\"contentUrl\":\"https:\\\/\\\/secure.gravatar.com\\\/avatar\\\/71d95a3f99a068ba570ac1314ed6911a59c5ae3f22ffcf23631cd1a861a640bc?s=96&d=mm&r=g\",\"caption\":\"Alfons Valle\"},\"url\":\"https:\\\/\\\/fundesplai.org\\\/es\\\/informa-t\\\/author\\\/avalle\\\/\"}]}<\/script>\n<!-- \/ Yoast SEO plugin. -->","yoast_head_json":{"title":"Fundesplai ha dinamizado dos campamentos urbanos del proyecto Baobab en Barcelona - Fundesplai","robots":{"index":"index","follow":"follow","max-snippet":"max-snippet:-1","max-image-preview":"max-image-preview:large","max-video-preview":"max-video-preview:-1"},"canonical":"https:\/\/fundesplai.org\/es\/informa-t\/actualitat-es\/fundesplai-ha-dinamizado-dos-campamentos-urbanos-del-proyecto-baobab-en-barcelona\/","og_locale":"es_ES","og_type":"article","og_title":"Fundesplai ha dinamizado dos campamentos urbanos del proyecto Baobab en Barcelona - Fundesplai","og_description":"M\u00e1s de 400 ni\u00f1os de 4 a 12 a\u00f1os han participado en los seis campamentos urbanos municipales que ha organizado el Instituto Municipal de Educaci\u00f3n de Barcelona (IMEB) del Ayuntamiento este mes de agosto dentro de la iniciativa Baobab en los barrios de &#8230;","og_url":"https:\/\/fundesplai.org\/es\/informa-t\/actualitat-es\/fundesplai-ha-dinamizado-dos-campamentos-urbanos-del-proyecto-baobab-en-barcelona\/","og_site_name":"Fundesplai","article_published_time":"2017-09-04T15:03:59+00:00","og_image":[{"url":"https:\/\/fundesplai.org\/test-joomla\/wp-content\/uploads\/sites\/26\/2017\/09\/baobab.jpg","type":"","width":"","height":""}],"author":"Alfons Valle","twitter_card":"summary_large_image","twitter_misc":{"Escrito por":"Alfons Valle","Tiempo de lectura":"1 minuto"},"schema":{"@context":"https:\/\/schema.org","@graph":[{"@type":"Article","@id":"https:\/\/fundesplai.org\/es\/informa-t\/actualitat-es\/fundesplai-ha-dinamizado-dos-campamentos-urbanos-del-proyecto-baobab-en-barcelona\/#article","isPartOf":{"@id":"https:\/\/fundesplai.org\/es\/informa-t\/actualitat-es\/fundesplai-ha-dinamizado-dos-campamentos-urbanos-del-proyecto-baobab-en-barcelona\/"},"author":{"name":"Alfons Valle","@id":"https:\/\/fundesplai.org\/es\/#\/schema\/person\/c0e9e7466bb8ac06f5264324a6109733"},"headline":"Fundesplai ha dinamizado dos campamentos urbanos del proyecto Baobab en Barcelona","datePublished":"2017-09-04T15:03:59+00:00","mainEntityOfPage":{"@id":"https:\/\/fundesplai.org\/es\/informa-t\/actualitat-es\/fundesplai-ha-dinamizado-dos-campamentos-urbanos-del-proyecto-baobab-en-barcelona\/"},"wordCount":220,"image":{"@id":"https:\/\/fundesplai.org\/es\/informa-t\/actualitat-es\/fundesplai-ha-dinamizado-dos-campamentos-urbanos-del-proyecto-baobab-en-barcelona\/#primaryimage"},"thumbnailUrl":"https:\/\/fundesplai.org\/test-joomla\/wp-content\/uploads\/sites\/26\/2017\/09\/baobab.jpg","articleSection":["Actualitat"],"inLanguage":"es"},{"@type":"WebPage","@id":"https:\/\/fundesplai.org\/es\/informa-t\/actualitat-es\/fundesplai-ha-dinamizado-dos-campamentos-urbanos-del-proyecto-baobab-en-barcelona\/","url":"https:\/\/fundesplai.org\/es\/informa-t\/actualitat-es\/fundesplai-ha-dinamizado-dos-campamentos-urbanos-del-proyecto-baobab-en-barcelona\/","name":"Fundesplai ha dinamizado dos campamentos urbanos del proyecto Baobab en Barcelona - Fundesplai","isPartOf":{"@id":"https:\/\/fundesplai.org\/es\/#website"},"primaryImageOfPage":{"@id":"https:\/\/fundesplai.org\/es\/informa-t\/actualitat-es\/fundesplai-ha-dinamizado-dos-campamentos-urbanos-del-proyecto-baobab-en-barcelona\/#primaryimage"},"image":{"@id":"https:\/\/fundesplai.org\/es\/informa-t\/actualitat-es\/fundesplai-ha-dinamizado-dos-campamentos-urbanos-del-proyecto-baobab-en-barcelona\/#primaryimage"},"thumbnailUrl":"https:\/\/fundesplai.org\/test-joomla\/wp-content\/uploads\/sites\/26\/2017\/09\/baobab.jpg","datePublished":"2017-09-04T15:03:59+00:00","author":{"@id":"https:\/\/fundesplai.org\/es\/#\/schema\/person\/c0e9e7466bb8ac06f5264324a6109733"},"breadcrumb":{"@id":"https:\/\/fundesplai.org\/es\/informa-t\/actualitat-es\/fundesplai-ha-dinamizado-dos-campamentos-urbanos-del-proyecto-baobab-en-barcelona\/#breadcrumb"},"inLanguage":"es","potentialAction":[{"@type":"ReadAction","target":["https:\/\/fundesplai.org\/es\/informa-t\/actualitat-es\/fundesplai-ha-dinamizado-dos-campamentos-urbanos-del-proyecto-baobab-en-barcelona\/"]}]},{"@type":"ImageObject","inLanguage":"es","@id":"https:\/\/fundesplai.org\/es\/informa-t\/actualitat-es\/fundesplai-ha-dinamizado-dos-campamentos-urbanos-del-proyecto-baobab-en-barcelona\/#primaryimage","url":"https:\/\/fundesplai.org\/test-joomla\/wp-content\/uploads\/sites\/26\/2017\/09\/baobab.jpg","contentUrl":"https:\/\/fundesplai.org\/test-joomla\/wp-content\/uploads\/sites\/26\/2017\/09\/baobab.jpg"},{"@type":"BreadcrumbList","@id":"https:\/\/fundesplai.org\/es\/informa-t\/actualitat-es\/fundesplai-ha-dinamizado-dos-campamentos-urbanos-del-proyecto-baobab-en-barcelona\/#breadcrumb","itemListElement":[{"@type":"ListItem","position":1,"name":"Inici","item":"https:\/\/fundesplai.org\/es\/inicio\/"},{"@type":"ListItem","position":2,"name":"Inf\u00f3rmate","item":"https:\/\/fundesplai.org\/es\/informate\/"},{"@type":"ListItem","position":3,"name":"Sin categor\u00eda","item":"https:\/\/fundesplai.org\/es\/informa-t\/category\/sin-categoria\/"},{"@type":"ListItem","position":4,"name":"Fundesplai ha dinamizado dos campamentos urbanos del proyecto Baobab en Barcelona"}]},{"@type":"WebSite","@id":"https:\/\/fundesplai.org\/es\/#website","url":"https:\/\/fundesplai.org\/es\/","name":"Fundesplai","description":"Eduquem per la conviv\u00e8ncia i la sostenibilitat","potentialAction":[{"@type":"SearchAction","target":{"@type":"EntryPoint","urlTemplate":"https:\/\/fundesplai.org\/es\/?s={search_term_string}"},"query-input":{"@type":"PropertyValueSpecification","valueRequired":true,"valueName":"search_term_string"}}],"inLanguage":"es"},{"@type":"Person","@id":"https:\/\/fundesplai.org\/es\/#\/schema\/person\/c0e9e7466bb8ac06f5264324a6109733","name":"Alfons Valle","image":{"@type":"ImageObject","inLanguage":"es","@id":"https:\/\/secure.gravatar.com\/avatar\/71d95a3f99a068ba570ac1314ed6911a59c5ae3f22ffcf23631cd1a861a640bc?s=96&d=mm&r=g","url":"https:\/\/secure.gravatar.com\/avatar\/71d95a3f99a068ba570ac1314ed6911a59c5ae3f22ffcf23631cd1a861a640bc?s=96&d=mm&r=g","contentUrl":"https:\/\/secure.gravatar.com\/avatar\/71d95a3f99a068ba570ac1314ed6911a59c5ae3f22ffcf23631cd1a861a640bc?s=96&d=mm&r=g","caption":"Alfons Valle"},"url":"https:\/\/fundesplai.org\/es\/informa-t\/author\/avalle\/"}]}},"_links":{"self":[{"href":"https:\/\/fundesplai.org\/es\/wp-json\/wp\/v2\/posts\/47744","targetHints":{"allow":["GET"]}}],"collection":[{"href":"https:\/\/fundesplai.org\/es\/wp-json\/wp\/v2\/posts"}],"about":[{"href":"https:\/\/fundesplai.org\/es\/wp-json\/wp\/v2\/types\/post"}],"author":[{"embeddable":true,"href":"https:\/\/fundesplai.org\/es\/wp-json\/wp\/v2\/users\/9"}],"replies":[{"embeddable":true,"href":"https:\/\/fundesplai.org\/es\/wp-json\/wp\/v2\/comments?post=47744"}],"version-history":[{"count":0,"href":"https:\/\/fundesplai.org\/es\/wp-json\/wp\/v2\/posts\/47744\/revisions"}],"wp:attachment":[{"href":"https:\/\/fundesplai.org\/es\/wp-json\/wp\/v2\/media?parent=47744"}],"wp:term":[{"taxonomy":"category","embeddable":true,"href":"https:\/\/fundesplai.org\/es\/wp-json\/wp\/v2\/categories?post=47744"},{"taxonomy":"post_tag","embeddable":true,"href":"https:\/\/fundesplai.org\/es\/wp-json\/wp\/v2\/tags?post=47744"}],"curies":[{"name":"wp","href":"https:\/\/api.w.org\/{rel}","templated":true}]}}