{"id":47743,"date":"2017-09-04T11:07:25","date_gmt":"2017-09-04T09:07:25","guid":{"rendered":"https:\/\/fundesplai.org\/informa-t\/sense-categoria\/16-y-17-de-septiembre-llega-el-movidic\/"},"modified":"2023-08-10T11:12:58","modified_gmt":"2023-08-10T09:12:58","slug":"16-y-17-de-septiembre-llega-el-movidic","status":"publish","type":"post","link":"https:\/\/fundesplai.org\/es\/informa-t\/actualitat-es\/16-y-17-de-septiembre-llega-el-movidic\/","title":{"rendered":"16 y 17 de septiembre: \u00a1llega el Movidic!"},"content":{"rendered":"<p>El pr\u00f3ximo &nbsp;16 y 17 de septiembre, en Montesquiu,&nbsp; empieza&nbsp;el nuevo curso para los esplais de la Federaci\u00f3n Catalana del Esplai con <strong>Movidic<\/strong>, el tradicional encuentro de los equipos de monitores y monitores que se convierte en un espacio de intercambio y fortalecimiento de los v\u00ednculos.<\/p>\n<p><!--more--><\/p>\n<p><img loading=\"lazy\" decoding=\"async\" class=\" size-full wp-image-4559\" src=\"https:\/\/fundesplai.org\/test-joomla\/wp-content\/uploads\/sites\/26\/2017\/09\/movidic2017.jpg\" alt=\"movidic2017\" width=\"670\" height=\"245\"><\/p>\n<p>El pr\u00f3ximo &nbsp;16 y17 de septiembre, en MONTESQUIU,&nbsp; empieza &nbsp;el nuevo curso para los esplais de la Federaci\u00f3n Catalana del Esplai con Movidic, el tradicional encuentro de los equipos de monitores y monitores que se convierte en un espacio de intercambio y fortalecimiento de los v\u00ednculos.<\/p>\n<p>Este a\u00f1o Movidic 2017 llega con grandes novedades. Por primera vez la actividad se organiza en una &nbsp; jornada de fin de semana &nbsp; que acoger\u00e1 diferentes actividades formativas, l\u00fadicas y de intercambio, adem\u00e1s de la presentaci\u00f3n de &nbsp;\u201cEnCORatja\u2019t, lla nueva propuesta educativa para promover la igualdad de g\u00e9nero y la violencia cero desde el ocio\u201d.<\/p>\n<p><strong>Inicio de la Jornada y talleres formativos<\/strong><\/p>\n<p>El s\u00e1bado por la tarde tendr\u00e1 lugar el acto m\u00e1s formal del encuentro con palabras de bienvenida de la directora general de Juventud, Marta Vilalta, y &nbsp;una mesa redonda con personas expertas en los contenidos de la propuesta educativa. Una vez finalizada la mesa de expertos continuaremos con un abanico de talleres para profundizar en los retos que nos plantea el tema de la igualdad de g\u00e9nero.<\/p>\n<p>Otra novedad es \u201c&nbsp; el espacio particiPasi\u00f3n\u201d que acoger\u00e1 las propuestas de monitoras y monitores que tenga ganas de compartir o de dinamizar alguna experiencia, sea profesional o personal. Un espacio abierto de conversaci\u00f3n al atardecer despu\u00e9s de la cena de hermandad. Finalmente terminaremos el d\u00eda con la celebraci\u00f3n de un concierto.<\/p>\n<p><strong>Espacio de encuentro y reflexi\u00f3n<\/strong><\/p>\n<p>Al d\u00eda siguiente se organizar\u00e1n diferentes espacios para reflexionar sobre temas de inter\u00e9s general propuestos por la Junta Directiva, y espacios de trabajo interno que los esplais podr\u00e1n disfrutar para preparar el inicio de curso.<\/p>\n","protected":false},"excerpt":{"rendered":"<p>El pr\u00f3ximo &nbsp;16 y 17 de septiembre, en Montesquiu,&nbsp; empieza&nbsp;el nuevo curso para los esplais de la Federaci\u00f3n Catalana del Esplai con Movidic, el tradicional encuentro de los equipos de monitores y monitores que se convierte en un espacio de intercambio y fortalecimiento de los v\u00ednculos.<\/p>\n","protected":false},"author":4,"featured_media":0,"comment_status":"closed","ping_status":"closed","sticky":false,"template":"","format":"standard","meta":{"_et_pb_use_builder":"","_et_pb_old_content":"","_et_gb_content_width":"","footnotes":""},"categories":[937],"tags":[],"class_list":["post-47743","post","type-post","status-publish","format-standard","hentry","category-actualitat-es"],"yoast_head":"<!-- This site is optimized with the Yoast SEO plugin v27.4 - https:\/\/yoast.com\/product\/yoast-seo-wordpress\/ -->\n<title>16 y 17 de septiembre: \u00a1llega el Movidic! - Fundesplai<\/title>\n<meta name=\"robots\" content=\"index, follow, max-snippet:-1, max-image-preview:large, max-video-preview:-1\" \/>\n<link rel=\"canonical\" href=\"https:\/\/fundesplai.org\/es\/informa-t\/actualitat-es\/16-y-17-de-septiembre-llega-el-movidic\/\" \/>\n<meta property=\"og:locale\" content=\"es_ES\" \/>\n<meta property=\"og:type\" content=\"article\" \/>\n<meta property=\"og:title\" content=\"16 y 17 de septiembre: \u00a1llega el Movidic! - Fundesplai\" \/>\n<meta property=\"og:description\" content=\"El pr\u00f3ximo &nbsp;16 y 17 de septiembre, en Montesquiu,&nbsp; empieza&nbsp;el nuevo curso para los esplais de la Federaci\u00f3n Catalana del Esplai con Movidic, el tradicional encuentro de los equipos de monitores y monitores que se convierte en un espacio de intercambio y fortalecimiento de los v\u00ednculos.\" \/>\n<meta property=\"og:url\" content=\"https:\/\/fundesplai.org\/es\/informa-t\/actualitat-es\/16-y-17-de-septiembre-llega-el-movidic\/\" \/>\n<meta property=\"og:site_name\" content=\"Fundesplai\" \/>\n<meta property=\"article:published_time\" content=\"2017-09-04T09:07:25+00:00\" \/>\n<meta property=\"article:modified_time\" content=\"2023-08-10T09:12:58+00:00\" \/>\n<meta property=\"og:image\" content=\"https:\/\/fundesplai.org\/test-joomla\/wp-content\/uploads\/sites\/26\/2017\/09\/movidic2017.jpg\" \/>\n<meta name=\"author\" content=\"Ferran\" \/>\n<meta name=\"twitter:card\" content=\"summary_large_image\" \/>\n<meta name=\"twitter:label1\" content=\"Escrito por\" \/>\n\t<meta name=\"twitter:data1\" content=\"Ferran\" \/>\n\t<meta name=\"twitter:label2\" content=\"Tiempo de lectura\" \/>\n\t<meta name=\"twitter:data2\" content=\"2 minutos\" \/>\n<script type=\"application\/ld+json\" class=\"yoast-schema-graph\">{\"@context\":\"https:\\\/\\\/schema.org\",\"@graph\":[{\"@type\":\"Article\",\"@id\":\"https:\\\/\\\/fundesplai.org\\\/es\\\/informa-t\\\/actualitat-es\\\/16-y-17-de-septiembre-llega-el-movidic\\\/#article\",\"isPartOf\":{\"@id\":\"https:\\\/\\\/fundesplai.org\\\/es\\\/informa-t\\\/actualitat-es\\\/16-y-17-de-septiembre-llega-el-movidic\\\/\"},\"author\":{\"name\":\"Ferran\",\"@id\":\"https:\\\/\\\/fundesplai.org\\\/es\\\/#\\\/schema\\\/person\\\/67e7825d8ec54561cc24e36ba6b0f633\"},\"headline\":\"16 y 17 de septiembre: \u00a1llega el Movidic!\",\"datePublished\":\"2017-09-04T09:07:25+00:00\",\"dateModified\":\"2023-08-10T09:12:58+00:00\",\"mainEntityOfPage\":{\"@id\":\"https:\\\/\\\/fundesplai.org\\\/es\\\/informa-t\\\/actualitat-es\\\/16-y-17-de-septiembre-llega-el-movidic\\\/\"},\"wordCount\":350,\"image\":{\"@id\":\"https:\\\/\\\/fundesplai.org\\\/es\\\/informa-t\\\/actualitat-es\\\/16-y-17-de-septiembre-llega-el-movidic\\\/#primaryimage\"},\"thumbnailUrl\":\"https:\\\/\\\/fundesplai.org\\\/test-joomla\\\/wp-content\\\/uploads\\\/sites\\\/26\\\/2017\\\/09\\\/movidic2017.jpg\",\"articleSection\":[\"Actualitat\"],\"inLanguage\":\"es\"},{\"@type\":\"WebPage\",\"@id\":\"https:\\\/\\\/fundesplai.org\\\/es\\\/informa-t\\\/actualitat-es\\\/16-y-17-de-septiembre-llega-el-movidic\\\/\",\"url\":\"https:\\\/\\\/fundesplai.org\\\/es\\\/informa-t\\\/actualitat-es\\\/16-y-17-de-septiembre-llega-el-movidic\\\/\",\"name\":\"16 y 17 de septiembre: \u00a1llega el Movidic! - Fundesplai\",\"isPartOf\":{\"@id\":\"https:\\\/\\\/fundesplai.org\\\/es\\\/#website\"},\"primaryImageOfPage\":{\"@id\":\"https:\\\/\\\/fundesplai.org\\\/es\\\/informa-t\\\/actualitat-es\\\/16-y-17-de-septiembre-llega-el-movidic\\\/#primaryimage\"},\"image\":{\"@id\":\"https:\\\/\\\/fundesplai.org\\\/es\\\/informa-t\\\/actualitat-es\\\/16-y-17-de-septiembre-llega-el-movidic\\\/#primaryimage\"},\"thumbnailUrl\":\"https:\\\/\\\/fundesplai.org\\\/test-joomla\\\/wp-content\\\/uploads\\\/sites\\\/26\\\/2017\\\/09\\\/movidic2017.jpg\",\"datePublished\":\"2017-09-04T09:07:25+00:00\",\"dateModified\":\"2023-08-10T09:12:58+00:00\",\"author\":{\"@id\":\"https:\\\/\\\/fundesplai.org\\\/es\\\/#\\\/schema\\\/person\\\/67e7825d8ec54561cc24e36ba6b0f633\"},\"breadcrumb\":{\"@id\":\"https:\\\/\\\/fundesplai.org\\\/es\\\/informa-t\\\/actualitat-es\\\/16-y-17-de-septiembre-llega-el-movidic\\\/#breadcrumb\"},\"inLanguage\":\"es\",\"potentialAction\":[{\"@type\":\"ReadAction\",\"target\":[\"https:\\\/\\\/fundesplai.org\\\/es\\\/informa-t\\\/actualitat-es\\\/16-y-17-de-septiembre-llega-el-movidic\\\/\"]}]},{\"@type\":\"ImageObject\",\"inLanguage\":\"es\",\"@id\":\"https:\\\/\\\/fundesplai.org\\\/es\\\/informa-t\\\/actualitat-es\\\/16-y-17-de-septiembre-llega-el-movidic\\\/#primaryimage\",\"url\":\"https:\\\/\\\/fundesplai.org\\\/test-joomla\\\/wp-content\\\/uploads\\\/sites\\\/26\\\/2017\\\/09\\\/movidic2017.jpg\",\"contentUrl\":\"https:\\\/\\\/fundesplai.org\\\/test-joomla\\\/wp-content\\\/uploads\\\/sites\\\/26\\\/2017\\\/09\\\/movidic2017.jpg\"},{\"@type\":\"BreadcrumbList\",\"@id\":\"https:\\\/\\\/fundesplai.org\\\/es\\\/informa-t\\\/actualitat-es\\\/16-y-17-de-septiembre-llega-el-movidic\\\/#breadcrumb\",\"itemListElement\":[{\"@type\":\"ListItem\",\"position\":1,\"name\":\"Inici\",\"item\":\"https:\\\/\\\/fundesplai.org\\\/es\\\/inicio\\\/\"},{\"@type\":\"ListItem\",\"position\":2,\"name\":\"Inf\u00f3rmate\",\"item\":\"https:\\\/\\\/fundesplai.org\\\/es\\\/informate\\\/\"},{\"@type\":\"ListItem\",\"position\":3,\"name\":\"Actualitat\",\"item\":\"https:\\\/\\\/fundesplai.org\\\/es\\\/informa-t\\\/category\\\/actualitat-es\\\/\"},{\"@type\":\"ListItem\",\"position\":4,\"name\":\"16 y 17 de septiembre: \u00a1llega el Movidic!\"}]},{\"@type\":\"WebSite\",\"@id\":\"https:\\\/\\\/fundesplai.org\\\/es\\\/#website\",\"url\":\"https:\\\/\\\/fundesplai.org\\\/es\\\/\",\"name\":\"Fundesplai\",\"description\":\"Eduquem per la conviv\u00e8ncia i la sostenibilitat\",\"potentialAction\":[{\"@type\":\"SearchAction\",\"target\":{\"@type\":\"EntryPoint\",\"urlTemplate\":\"https:\\\/\\\/fundesplai.org\\\/es\\\/?s={search_term_string}\"},\"query-input\":{\"@type\":\"PropertyValueSpecification\",\"valueRequired\":true,\"valueName\":\"search_term_string\"}}],\"inLanguage\":\"es\"},{\"@type\":\"Person\",\"@id\":\"https:\\\/\\\/fundesplai.org\\\/es\\\/#\\\/schema\\\/person\\\/67e7825d8ec54561cc24e36ba6b0f633\",\"name\":\"Ferran\",\"image\":{\"@type\":\"ImageObject\",\"inLanguage\":\"es\",\"@id\":\"https:\\\/\\\/secure.gravatar.com\\\/avatar\\\/a3510350976b58aae6eccd1e36f066b660a69ef63f97fde3cba8205db7db816a?s=96&d=mm&r=g\",\"url\":\"https:\\\/\\\/secure.gravatar.com\\\/avatar\\\/a3510350976b58aae6eccd1e36f066b660a69ef63f97fde3cba8205db7db816a?s=96&d=mm&r=g\",\"contentUrl\":\"https:\\\/\\\/secure.gravatar.com\\\/avatar\\\/a3510350976b58aae6eccd1e36f066b660a69ef63f97fde3cba8205db7db816a?s=96&d=mm&r=g\",\"caption\":\"Ferran\"},\"url\":\"https:\\\/\\\/fundesplai.org\\\/es\\\/informa-t\\\/author\\\/fvidal\\\/\"}]}<\/script>\n<!-- \/ Yoast SEO plugin. -->","yoast_head_json":{"title":"16 y 17 de septiembre: \u00a1llega el Movidic! - Fundesplai","robots":{"index":"index","follow":"follow","max-snippet":"max-snippet:-1","max-image-preview":"max-image-preview:large","max-video-preview":"max-video-preview:-1"},"canonical":"https:\/\/fundesplai.org\/es\/informa-t\/actualitat-es\/16-y-17-de-septiembre-llega-el-movidic\/","og_locale":"es_ES","og_type":"article","og_title":"16 y 17 de septiembre: \u00a1llega el Movidic! - Fundesplai","og_description":"El pr\u00f3ximo &nbsp;16 y 17 de septiembre, en Montesquiu,&nbsp; empieza&nbsp;el nuevo curso para los esplais de la Federaci\u00f3n Catalana del Esplai con Movidic, el tradicional encuentro de los equipos de monitores y monitores que se convierte en un espacio de intercambio y fortalecimiento de los v\u00ednculos.","og_url":"https:\/\/fundesplai.org\/es\/informa-t\/actualitat-es\/16-y-17-de-septiembre-llega-el-movidic\/","og_site_name":"Fundesplai","article_published_time":"2017-09-04T09:07:25+00:00","article_modified_time":"2023-08-10T09:12:58+00:00","og_image":[{"url":"https:\/\/fundesplai.org\/test-joomla\/wp-content\/uploads\/sites\/26\/2017\/09\/movidic2017.jpg","type":"","width":"","height":""}],"author":"Ferran","twitter_card":"summary_large_image","twitter_misc":{"Escrito por":"Ferran","Tiempo de lectura":"2 minutos"},"schema":{"@context":"https:\/\/schema.org","@graph":[{"@type":"Article","@id":"https:\/\/fundesplai.org\/es\/informa-t\/actualitat-es\/16-y-17-de-septiembre-llega-el-movidic\/#article","isPartOf":{"@id":"https:\/\/fundesplai.org\/es\/informa-t\/actualitat-es\/16-y-17-de-septiembre-llega-el-movidic\/"},"author":{"name":"Ferran","@id":"https:\/\/fundesplai.org\/es\/#\/schema\/person\/67e7825d8ec54561cc24e36ba6b0f633"},"headline":"16 y 17 de septiembre: \u00a1llega el Movidic!","datePublished":"2017-09-04T09:07:25+00:00","dateModified":"2023-08-10T09:12:58+00:00","mainEntityOfPage":{"@id":"https:\/\/fundesplai.org\/es\/informa-t\/actualitat-es\/16-y-17-de-septiembre-llega-el-movidic\/"},"wordCount":350,"image":{"@id":"https:\/\/fundesplai.org\/es\/informa-t\/actualitat-es\/16-y-17-de-septiembre-llega-el-movidic\/#primaryimage"},"thumbnailUrl":"https:\/\/fundesplai.org\/test-joomla\/wp-content\/uploads\/sites\/26\/2017\/09\/movidic2017.jpg","articleSection":["Actualitat"],"inLanguage":"es"},{"@type":"WebPage","@id":"https:\/\/fundesplai.org\/es\/informa-t\/actualitat-es\/16-y-17-de-septiembre-llega-el-movidic\/","url":"https:\/\/fundesplai.org\/es\/informa-t\/actualitat-es\/16-y-17-de-septiembre-llega-el-movidic\/","name":"16 y 17 de septiembre: \u00a1llega el Movidic! - Fundesplai","isPartOf":{"@id":"https:\/\/fundesplai.org\/es\/#website"},"primaryImageOfPage":{"@id":"https:\/\/fundesplai.org\/es\/informa-t\/actualitat-es\/16-y-17-de-septiembre-llega-el-movidic\/#primaryimage"},"image":{"@id":"https:\/\/fundesplai.org\/es\/informa-t\/actualitat-es\/16-y-17-de-septiembre-llega-el-movidic\/#primaryimage"},"thumbnailUrl":"https:\/\/fundesplai.org\/test-joomla\/wp-content\/uploads\/sites\/26\/2017\/09\/movidic2017.jpg","datePublished":"2017-09-04T09:07:25+00:00","dateModified":"2023-08-10T09:12:58+00:00","author":{"@id":"https:\/\/fundesplai.org\/es\/#\/schema\/person\/67e7825d8ec54561cc24e36ba6b0f633"},"breadcrumb":{"@id":"https:\/\/fundesplai.org\/es\/informa-t\/actualitat-es\/16-y-17-de-septiembre-llega-el-movidic\/#breadcrumb"},"inLanguage":"es","potentialAction":[{"@type":"ReadAction","target":["https:\/\/fundesplai.org\/es\/informa-t\/actualitat-es\/16-y-17-de-septiembre-llega-el-movidic\/"]}]},{"@type":"ImageObject","inLanguage":"es","@id":"https:\/\/fundesplai.org\/es\/informa-t\/actualitat-es\/16-y-17-de-septiembre-llega-el-movidic\/#primaryimage","url":"https:\/\/fundesplai.org\/test-joomla\/wp-content\/uploads\/sites\/26\/2017\/09\/movidic2017.jpg","contentUrl":"https:\/\/fundesplai.org\/test-joomla\/wp-content\/uploads\/sites\/26\/2017\/09\/movidic2017.jpg"},{"@type":"BreadcrumbList","@id":"https:\/\/fundesplai.org\/es\/informa-t\/actualitat-es\/16-y-17-de-septiembre-llega-el-movidic\/#breadcrumb","itemListElement":[{"@type":"ListItem","position":1,"name":"Inici","item":"https:\/\/fundesplai.org\/es\/inicio\/"},{"@type":"ListItem","position":2,"name":"Inf\u00f3rmate","item":"https:\/\/fundesplai.org\/es\/informate\/"},{"@type":"ListItem","position":3,"name":"Actualitat","item":"https:\/\/fundesplai.org\/es\/informa-t\/category\/actualitat-es\/"},{"@type":"ListItem","position":4,"name":"16 y 17 de septiembre: \u00a1llega el Movidic!"}]},{"@type":"WebSite","@id":"https:\/\/fundesplai.org\/es\/#website","url":"https:\/\/fundesplai.org\/es\/","name":"Fundesplai","description":"Eduquem per la conviv\u00e8ncia i la sostenibilitat","potentialAction":[{"@type":"SearchAction","target":{"@type":"EntryPoint","urlTemplate":"https:\/\/fundesplai.org\/es\/?s={search_term_string}"},"query-input":{"@type":"PropertyValueSpecification","valueRequired":true,"valueName":"search_term_string"}}],"inLanguage":"es"},{"@type":"Person","@id":"https:\/\/fundesplai.org\/es\/#\/schema\/person\/67e7825d8ec54561cc24e36ba6b0f633","name":"Ferran","image":{"@type":"ImageObject","inLanguage":"es","@id":"https:\/\/secure.gravatar.com\/avatar\/a3510350976b58aae6eccd1e36f066b660a69ef63f97fde3cba8205db7db816a?s=96&d=mm&r=g","url":"https:\/\/secure.gravatar.com\/avatar\/a3510350976b58aae6eccd1e36f066b660a69ef63f97fde3cba8205db7db816a?s=96&d=mm&r=g","contentUrl":"https:\/\/secure.gravatar.com\/avatar\/a3510350976b58aae6eccd1e36f066b660a69ef63f97fde3cba8205db7db816a?s=96&d=mm&r=g","caption":"Ferran"},"url":"https:\/\/fundesplai.org\/es\/informa-t\/author\/fvidal\/"}]}},"_links":{"self":[{"href":"https:\/\/fundesplai.org\/es\/wp-json\/wp\/v2\/posts\/47743","targetHints":{"allow":["GET"]}}],"collection":[{"href":"https:\/\/fundesplai.org\/es\/wp-json\/wp\/v2\/posts"}],"about":[{"href":"https:\/\/fundesplai.org\/es\/wp-json\/wp\/v2\/types\/post"}],"author":[{"embeddable":true,"href":"https:\/\/fundesplai.org\/es\/wp-json\/wp\/v2\/users\/4"}],"replies":[{"embeddable":true,"href":"https:\/\/fundesplai.org\/es\/wp-json\/wp\/v2\/comments?post=47743"}],"version-history":[{"count":1,"href":"https:\/\/fundesplai.org\/es\/wp-json\/wp\/v2\/posts\/47743\/revisions"}],"predecessor-version":[{"id":47753,"href":"https:\/\/fundesplai.org\/es\/wp-json\/wp\/v2\/posts\/47743\/revisions\/47753"}],"wp:attachment":[{"href":"https:\/\/fundesplai.org\/es\/wp-json\/wp\/v2\/media?parent=47743"}],"wp:term":[{"taxonomy":"category","embeddable":true,"href":"https:\/\/fundesplai.org\/es\/wp-json\/wp\/v2\/categories?post=47743"},{"taxonomy":"post_tag","embeddable":true,"href":"https:\/\/fundesplai.org\/es\/wp-json\/wp\/v2\/tags?post=47743"}],"curies":[{"name":"wp","href":"https:\/\/api.w.org\/{rel}","templated":true}]}}