{"id":47742,"date":"2017-07-26T12:14:41","date_gmt":"2017-07-26T10:14:41","guid":{"rendered":"https:\/\/fundesplai.org\/informa-t\/sense-categoria\/casales-y-colonias-tambien-en-agosto-y-septiembre\/"},"modified":"2017-07-26T12:14:41","modified_gmt":"2017-07-26T10:14:41","slug":"casales-y-colonias-tambien-en-agosto-y-septiembre","status":"publish","type":"post","link":"https:\/\/fundesplai.org\/es\/informa-t\/actualitat-es\/casales-y-colonias-tambien-en-agosto-y-septiembre\/","title":{"rendered":"Casales y colonias, tambi\u00e9n en agosto y septiembre"},"content":{"rendered":"<p>Este mes de agosto, ni\u00f1os y j\u00f3venes todav\u00eda podr\u00e1n disfrutar de muchas actividades como los casales y las colonias. En los \u00faltimos a\u00f1os Fundesplai&#8230;<\/p>\n<p><!--more--><\/p>\n<p class=\"intro\">Este mes de agosto, ni\u00f1os y j\u00f3venes todav\u00eda podr\u00e1n disfrutar de muchas actividades como los casales y las colonias. En los \u00faltimos a\u00f1os Fundesplai ofrece casales de verano en muchas localidades (El Prat de Llobregat, Roses, Palau Savardera, Garriguella, Sant Joan Desp\u00ed&#8230;) para adaptarse a las peticiones de muchas familias.<\/p>\n<p><img decoding=\"async\" class=\" size-full wp-image-4528\" src=\"https:\/\/fundesplai.org\/test-joomla\/wp-content\/uploads\/sites\/26\/2017\/07\/estiu-agost.jpg\" alt=\"verano agosto\" width=\"100%\" height=\"NaN\"><\/p>\n<p>Adem\u00e1s, este a\u00f1o todav\u00eda se organizan algunas colonias en la primera semana del mes de agosto. Esta actividad veraniega se complementa con los casales que se reanudan en muchos lugares en septiembre, desde inicios de mes hasta que comience el curso escolar.<\/p>\n<p>Puede consultar toda la informaci\u00f3n de las actividades de agosto en <strong><a href=\"https:\/\/estiu.fundesplai.org\/\">estiu.fundesplai.org<\/a><\/strong>.<\/p>\n<p><strong>Todav\u00eda puede colaborar en la campa\u00f1a \u00abUn verano para todos!\u00bb<\/strong><\/p>\n<p>Adem\u00e1s, durante este per\u00edodo todav\u00eda est\u00e1 abierta la campa\u00f1a \u00abUn verano para todos!\u00bb de becas de casales y colonias para ni\u00f1os en situaci\u00f3n de vulnerabilidad social.&nbsp;<\/p>\n<p>Fundesplai hace un llamamiento a particulares, empresas y entidades a colaborar, a seguir colaborando haciendo aportaciones a trav\u00e9s del &nbsp;<strong>web&nbsp;<a href=\"http:\/\/www.fundesplai.org\/\">www.fundesplai.org<\/a>&nbsp;o trucant al 93 551 17 71.<\/strong><strong>&nbsp;<\/strong><\/p>\n<p><strong>Canci\u00f3n del verano<\/strong><\/p>\n<p>Por otra parte, estos d\u00edas veraniegos puede compartir la canci\u00f3n del verano de Fundesplai \u00abVen al esparcimiento\u00bb, que ha compuesto &nbsp;el prestigioso &nbsp;<strong>Dani Nel\u00b7lo<\/strong>, saxofonista y l\u00edder de &nbsp;<strong>Los Mambo Jambo<\/strong>&nbsp;y ex miembro de Los Rebeldes o Tandoori Lenoir.&nbsp;<\/p>\n<p>A continuaci\u00f3n encontrar\u00e1 el bot\u00f3n para descargar la canci\u00f3n &nbsp; y la letra. Con estos elementos, le animan a hacer una coreograf\u00eda en sus casales, colonias y campamentos que podr\u00e1 compartir con nosotros en Facebook, Instagram, Twitter&#8230; con la etiqueta:&nbsp;<strong>#estiufundesplai.<\/strong><\/p>\n<p><a href=\"https:\/\/fundesplai.org\/test-joomla\/wp-content\/uploads\/sites\/26\/2017\/06\/vine_a_l_esplai.mp3\"><img loading=\"lazy\" decoding=\"async\" class=\" size-full wp-image-4473\" src=\"https:\/\/fundesplai.org\/test-joomla\/wp-content\/uploads\/sites\/26\/2017\/06\/baixa.jpg\" alt=\"baixa\" width=\"320\" height=\"120\"><\/a><\/p>\n","protected":false},"excerpt":{"rendered":"<p>Este mes de agosto, ni\u00f1os y j\u00f3venes todav\u00eda podr\u00e1n disfrutar de muchas actividades como los casales y las colonias. En los \u00faltimos a\u00f1os Fundesplai&#8230;<\/p>\n","protected":false},"author":9,"featured_media":0,"comment_status":"closed","ping_status":"closed","sticky":false,"template":"","format":"standard","meta":{"_et_pb_use_builder":"","_et_pb_old_content":"","_et_gb_content_width":"","footnotes":""},"categories":[937],"tags":[],"class_list":["post-47742","post","type-post","status-publish","format-standard","hentry","category-actualitat-es"],"yoast_head":"<!-- This site is optimized with the Yoast SEO plugin v27.4 - https:\/\/yoast.com\/product\/yoast-seo-wordpress\/ -->\n<title>Casales y colonias, tambi\u00e9n en agosto y septiembre - Fundesplai<\/title>\n<meta name=\"robots\" content=\"index, follow, max-snippet:-1, max-image-preview:large, max-video-preview:-1\" \/>\n<link rel=\"canonical\" href=\"https:\/\/fundesplai.org\/es\/informa-t\/actualitat-es\/casales-y-colonias-tambien-en-agosto-y-septiembre\/\" \/>\n<meta property=\"og:locale\" content=\"es_ES\" \/>\n<meta property=\"og:type\" content=\"article\" \/>\n<meta property=\"og:title\" content=\"Casales y colonias, tambi\u00e9n en agosto y septiembre - Fundesplai\" \/>\n<meta property=\"og:description\" content=\"Este mes de agosto, ni\u00f1os y j\u00f3venes todav\u00eda podr\u00e1n disfrutar de muchas actividades como los casales y las colonias. En los \u00faltimos a\u00f1os Fundesplai&#8230;\" \/>\n<meta property=\"og:url\" content=\"https:\/\/fundesplai.org\/es\/informa-t\/actualitat-es\/casales-y-colonias-tambien-en-agosto-y-septiembre\/\" \/>\n<meta property=\"og:site_name\" content=\"Fundesplai\" \/>\n<meta property=\"article:published_time\" content=\"2017-07-26T10:14:41+00:00\" \/>\n<meta property=\"og:image\" content=\"https:\/\/fundesplai.org\/test-joomla\/wp-content\/uploads\/sites\/26\/2017\/07\/estiu-agost.jpg\" \/>\n<meta name=\"author\" content=\"Alfons Valle\" \/>\n<meta name=\"twitter:card\" content=\"summary_large_image\" \/>\n<meta name=\"twitter:label1\" content=\"Escrito por\" \/>\n\t<meta name=\"twitter:data1\" content=\"Alfons Valle\" \/>\n\t<meta name=\"twitter:label2\" content=\"Tiempo de lectura\" \/>\n\t<meta name=\"twitter:data2\" content=\"2 minutos\" \/>\n<script type=\"application\/ld+json\" class=\"yoast-schema-graph\">{\"@context\":\"https:\\\/\\\/schema.org\",\"@graph\":[{\"@type\":\"Article\",\"@id\":\"https:\\\/\\\/fundesplai.org\\\/es\\\/informa-t\\\/actualitat-es\\\/casales-y-colonias-tambien-en-agosto-y-septiembre\\\/#article\",\"isPartOf\":{\"@id\":\"https:\\\/\\\/fundesplai.org\\\/es\\\/informa-t\\\/actualitat-es\\\/casales-y-colonias-tambien-en-agosto-y-septiembre\\\/\"},\"author\":{\"name\":\"Alfons Valle\",\"@id\":\"https:\\\/\\\/fundesplai.org\\\/es\\\/#\\\/schema\\\/person\\\/c0e9e7466bb8ac06f5264324a6109733\"},\"headline\":\"Casales y colonias, tambi\u00e9n en agosto y septiembre\",\"datePublished\":\"2017-07-26T10:14:41+00:00\",\"mainEntityOfPage\":{\"@id\":\"https:\\\/\\\/fundesplai.org\\\/es\\\/informa-t\\\/actualitat-es\\\/casales-y-colonias-tambien-en-agosto-y-septiembre\\\/\"},\"wordCount\":328,\"image\":{\"@id\":\"https:\\\/\\\/fundesplai.org\\\/es\\\/informa-t\\\/actualitat-es\\\/casales-y-colonias-tambien-en-agosto-y-septiembre\\\/#primaryimage\"},\"thumbnailUrl\":\"https:\\\/\\\/fundesplai.org\\\/test-joomla\\\/wp-content\\\/uploads\\\/sites\\\/26\\\/2017\\\/07\\\/estiu-agost.jpg\",\"articleSection\":[\"Actualitat\"],\"inLanguage\":\"es\"},{\"@type\":\"WebPage\",\"@id\":\"https:\\\/\\\/fundesplai.org\\\/es\\\/informa-t\\\/actualitat-es\\\/casales-y-colonias-tambien-en-agosto-y-septiembre\\\/\",\"url\":\"https:\\\/\\\/fundesplai.org\\\/es\\\/informa-t\\\/actualitat-es\\\/casales-y-colonias-tambien-en-agosto-y-septiembre\\\/\",\"name\":\"Casales y colonias, tambi\u00e9n en agosto y septiembre - Fundesplai\",\"isPartOf\":{\"@id\":\"https:\\\/\\\/fundesplai.org\\\/es\\\/#website\"},\"primaryImageOfPage\":{\"@id\":\"https:\\\/\\\/fundesplai.org\\\/es\\\/informa-t\\\/actualitat-es\\\/casales-y-colonias-tambien-en-agosto-y-septiembre\\\/#primaryimage\"},\"image\":{\"@id\":\"https:\\\/\\\/fundesplai.org\\\/es\\\/informa-t\\\/actualitat-es\\\/casales-y-colonias-tambien-en-agosto-y-septiembre\\\/#primaryimage\"},\"thumbnailUrl\":\"https:\\\/\\\/fundesplai.org\\\/test-joomla\\\/wp-content\\\/uploads\\\/sites\\\/26\\\/2017\\\/07\\\/estiu-agost.jpg\",\"datePublished\":\"2017-07-26T10:14:41+00:00\",\"author\":{\"@id\":\"https:\\\/\\\/fundesplai.org\\\/es\\\/#\\\/schema\\\/person\\\/c0e9e7466bb8ac06f5264324a6109733\"},\"breadcrumb\":{\"@id\":\"https:\\\/\\\/fundesplai.org\\\/es\\\/informa-t\\\/actualitat-es\\\/casales-y-colonias-tambien-en-agosto-y-septiembre\\\/#breadcrumb\"},\"inLanguage\":\"es\",\"potentialAction\":[{\"@type\":\"ReadAction\",\"target\":[\"https:\\\/\\\/fundesplai.org\\\/es\\\/informa-t\\\/actualitat-es\\\/casales-y-colonias-tambien-en-agosto-y-septiembre\\\/\"]}]},{\"@type\":\"ImageObject\",\"inLanguage\":\"es\",\"@id\":\"https:\\\/\\\/fundesplai.org\\\/es\\\/informa-t\\\/actualitat-es\\\/casales-y-colonias-tambien-en-agosto-y-septiembre\\\/#primaryimage\",\"url\":\"https:\\\/\\\/fundesplai.org\\\/test-joomla\\\/wp-content\\\/uploads\\\/sites\\\/26\\\/2017\\\/07\\\/estiu-agost.jpg\",\"contentUrl\":\"https:\\\/\\\/fundesplai.org\\\/test-joomla\\\/wp-content\\\/uploads\\\/sites\\\/26\\\/2017\\\/07\\\/estiu-agost.jpg\"},{\"@type\":\"BreadcrumbList\",\"@id\":\"https:\\\/\\\/fundesplai.org\\\/es\\\/informa-t\\\/actualitat-es\\\/casales-y-colonias-tambien-en-agosto-y-septiembre\\\/#breadcrumb\",\"itemListElement\":[{\"@type\":\"ListItem\",\"position\":1,\"name\":\"Inici\",\"item\":\"https:\\\/\\\/fundesplai.org\\\/es\\\/inicio\\\/\"},{\"@type\":\"ListItem\",\"position\":2,\"name\":\"Inf\u00f3rmate\",\"item\":\"https:\\\/\\\/fundesplai.org\\\/es\\\/informate\\\/\"},{\"@type\":\"ListItem\",\"position\":3,\"name\":\"Sin categor\u00eda\",\"item\":\"https:\\\/\\\/fundesplai.org\\\/es\\\/informa-t\\\/category\\\/sin-categoria\\\/\"},{\"@type\":\"ListItem\",\"position\":4,\"name\":\"Casales y colonias, tambi\u00e9n en agosto y septiembre\"}]},{\"@type\":\"WebSite\",\"@id\":\"https:\\\/\\\/fundesplai.org\\\/es\\\/#website\",\"url\":\"https:\\\/\\\/fundesplai.org\\\/es\\\/\",\"name\":\"Fundesplai\",\"description\":\"Eduquem per la conviv\u00e8ncia i la sostenibilitat\",\"potentialAction\":[{\"@type\":\"SearchAction\",\"target\":{\"@type\":\"EntryPoint\",\"urlTemplate\":\"https:\\\/\\\/fundesplai.org\\\/es\\\/?s={search_term_string}\"},\"query-input\":{\"@type\":\"PropertyValueSpecification\",\"valueRequired\":true,\"valueName\":\"search_term_string\"}}],\"inLanguage\":\"es\"},{\"@type\":\"Person\",\"@id\":\"https:\\\/\\\/fundesplai.org\\\/es\\\/#\\\/schema\\\/person\\\/c0e9e7466bb8ac06f5264324a6109733\",\"name\":\"Alfons Valle\",\"image\":{\"@type\":\"ImageObject\",\"inLanguage\":\"es\",\"@id\":\"https:\\\/\\\/secure.gravatar.com\\\/avatar\\\/71d95a3f99a068ba570ac1314ed6911a59c5ae3f22ffcf23631cd1a861a640bc?s=96&d=mm&r=g\",\"url\":\"https:\\\/\\\/secure.gravatar.com\\\/avatar\\\/71d95a3f99a068ba570ac1314ed6911a59c5ae3f22ffcf23631cd1a861a640bc?s=96&d=mm&r=g\",\"contentUrl\":\"https:\\\/\\\/secure.gravatar.com\\\/avatar\\\/71d95a3f99a068ba570ac1314ed6911a59c5ae3f22ffcf23631cd1a861a640bc?s=96&d=mm&r=g\",\"caption\":\"Alfons Valle\"},\"url\":\"https:\\\/\\\/fundesplai.org\\\/es\\\/informa-t\\\/author\\\/avalle\\\/\"}]}<\/script>\n<!-- \/ Yoast SEO plugin. -->","yoast_head_json":{"title":"Casales y colonias, tambi\u00e9n en agosto y septiembre - Fundesplai","robots":{"index":"index","follow":"follow","max-snippet":"max-snippet:-1","max-image-preview":"max-image-preview:large","max-video-preview":"max-video-preview:-1"},"canonical":"https:\/\/fundesplai.org\/es\/informa-t\/actualitat-es\/casales-y-colonias-tambien-en-agosto-y-septiembre\/","og_locale":"es_ES","og_type":"article","og_title":"Casales y colonias, tambi\u00e9n en agosto y septiembre - Fundesplai","og_description":"Este mes de agosto, ni\u00f1os y j\u00f3venes todav\u00eda podr\u00e1n disfrutar de muchas actividades como los casales y las colonias. En los \u00faltimos a\u00f1os Fundesplai&#8230;","og_url":"https:\/\/fundesplai.org\/es\/informa-t\/actualitat-es\/casales-y-colonias-tambien-en-agosto-y-septiembre\/","og_site_name":"Fundesplai","article_published_time":"2017-07-26T10:14:41+00:00","og_image":[{"url":"https:\/\/fundesplai.org\/test-joomla\/wp-content\/uploads\/sites\/26\/2017\/07\/estiu-agost.jpg","type":"","width":"","height":""}],"author":"Alfons Valle","twitter_card":"summary_large_image","twitter_misc":{"Escrito por":"Alfons Valle","Tiempo de lectura":"2 minutos"},"schema":{"@context":"https:\/\/schema.org","@graph":[{"@type":"Article","@id":"https:\/\/fundesplai.org\/es\/informa-t\/actualitat-es\/casales-y-colonias-tambien-en-agosto-y-septiembre\/#article","isPartOf":{"@id":"https:\/\/fundesplai.org\/es\/informa-t\/actualitat-es\/casales-y-colonias-tambien-en-agosto-y-septiembre\/"},"author":{"name":"Alfons Valle","@id":"https:\/\/fundesplai.org\/es\/#\/schema\/person\/c0e9e7466bb8ac06f5264324a6109733"},"headline":"Casales y colonias, tambi\u00e9n en agosto y septiembre","datePublished":"2017-07-26T10:14:41+00:00","mainEntityOfPage":{"@id":"https:\/\/fundesplai.org\/es\/informa-t\/actualitat-es\/casales-y-colonias-tambien-en-agosto-y-septiembre\/"},"wordCount":328,"image":{"@id":"https:\/\/fundesplai.org\/es\/informa-t\/actualitat-es\/casales-y-colonias-tambien-en-agosto-y-septiembre\/#primaryimage"},"thumbnailUrl":"https:\/\/fundesplai.org\/test-joomla\/wp-content\/uploads\/sites\/26\/2017\/07\/estiu-agost.jpg","articleSection":["Actualitat"],"inLanguage":"es"},{"@type":"WebPage","@id":"https:\/\/fundesplai.org\/es\/informa-t\/actualitat-es\/casales-y-colonias-tambien-en-agosto-y-septiembre\/","url":"https:\/\/fundesplai.org\/es\/informa-t\/actualitat-es\/casales-y-colonias-tambien-en-agosto-y-septiembre\/","name":"Casales y colonias, tambi\u00e9n en agosto y septiembre - Fundesplai","isPartOf":{"@id":"https:\/\/fundesplai.org\/es\/#website"},"primaryImageOfPage":{"@id":"https:\/\/fundesplai.org\/es\/informa-t\/actualitat-es\/casales-y-colonias-tambien-en-agosto-y-septiembre\/#primaryimage"},"image":{"@id":"https:\/\/fundesplai.org\/es\/informa-t\/actualitat-es\/casales-y-colonias-tambien-en-agosto-y-septiembre\/#primaryimage"},"thumbnailUrl":"https:\/\/fundesplai.org\/test-joomla\/wp-content\/uploads\/sites\/26\/2017\/07\/estiu-agost.jpg","datePublished":"2017-07-26T10:14:41+00:00","author":{"@id":"https:\/\/fundesplai.org\/es\/#\/schema\/person\/c0e9e7466bb8ac06f5264324a6109733"},"breadcrumb":{"@id":"https:\/\/fundesplai.org\/es\/informa-t\/actualitat-es\/casales-y-colonias-tambien-en-agosto-y-septiembre\/#breadcrumb"},"inLanguage":"es","potentialAction":[{"@type":"ReadAction","target":["https:\/\/fundesplai.org\/es\/informa-t\/actualitat-es\/casales-y-colonias-tambien-en-agosto-y-septiembre\/"]}]},{"@type":"ImageObject","inLanguage":"es","@id":"https:\/\/fundesplai.org\/es\/informa-t\/actualitat-es\/casales-y-colonias-tambien-en-agosto-y-septiembre\/#primaryimage","url":"https:\/\/fundesplai.org\/test-joomla\/wp-content\/uploads\/sites\/26\/2017\/07\/estiu-agost.jpg","contentUrl":"https:\/\/fundesplai.org\/test-joomla\/wp-content\/uploads\/sites\/26\/2017\/07\/estiu-agost.jpg"},{"@type":"BreadcrumbList","@id":"https:\/\/fundesplai.org\/es\/informa-t\/actualitat-es\/casales-y-colonias-tambien-en-agosto-y-septiembre\/#breadcrumb","itemListElement":[{"@type":"ListItem","position":1,"name":"Inici","item":"https:\/\/fundesplai.org\/es\/inicio\/"},{"@type":"ListItem","position":2,"name":"Inf\u00f3rmate","item":"https:\/\/fundesplai.org\/es\/informate\/"},{"@type":"ListItem","position":3,"name":"Sin categor\u00eda","item":"https:\/\/fundesplai.org\/es\/informa-t\/category\/sin-categoria\/"},{"@type":"ListItem","position":4,"name":"Casales y colonias, tambi\u00e9n en agosto y septiembre"}]},{"@type":"WebSite","@id":"https:\/\/fundesplai.org\/es\/#website","url":"https:\/\/fundesplai.org\/es\/","name":"Fundesplai","description":"Eduquem per la conviv\u00e8ncia i la sostenibilitat","potentialAction":[{"@type":"SearchAction","target":{"@type":"EntryPoint","urlTemplate":"https:\/\/fundesplai.org\/es\/?s={search_term_string}"},"query-input":{"@type":"PropertyValueSpecification","valueRequired":true,"valueName":"search_term_string"}}],"inLanguage":"es"},{"@type":"Person","@id":"https:\/\/fundesplai.org\/es\/#\/schema\/person\/c0e9e7466bb8ac06f5264324a6109733","name":"Alfons Valle","image":{"@type":"ImageObject","inLanguage":"es","@id":"https:\/\/secure.gravatar.com\/avatar\/71d95a3f99a068ba570ac1314ed6911a59c5ae3f22ffcf23631cd1a861a640bc?s=96&d=mm&r=g","url":"https:\/\/secure.gravatar.com\/avatar\/71d95a3f99a068ba570ac1314ed6911a59c5ae3f22ffcf23631cd1a861a640bc?s=96&d=mm&r=g","contentUrl":"https:\/\/secure.gravatar.com\/avatar\/71d95a3f99a068ba570ac1314ed6911a59c5ae3f22ffcf23631cd1a861a640bc?s=96&d=mm&r=g","caption":"Alfons Valle"},"url":"https:\/\/fundesplai.org\/es\/informa-t\/author\/avalle\/"}]}},"_links":{"self":[{"href":"https:\/\/fundesplai.org\/es\/wp-json\/wp\/v2\/posts\/47742","targetHints":{"allow":["GET"]}}],"collection":[{"href":"https:\/\/fundesplai.org\/es\/wp-json\/wp\/v2\/posts"}],"about":[{"href":"https:\/\/fundesplai.org\/es\/wp-json\/wp\/v2\/types\/post"}],"author":[{"embeddable":true,"href":"https:\/\/fundesplai.org\/es\/wp-json\/wp\/v2\/users\/9"}],"replies":[{"embeddable":true,"href":"https:\/\/fundesplai.org\/es\/wp-json\/wp\/v2\/comments?post=47742"}],"version-history":[{"count":0,"href":"https:\/\/fundesplai.org\/es\/wp-json\/wp\/v2\/posts\/47742\/revisions"}],"wp:attachment":[{"href":"https:\/\/fundesplai.org\/es\/wp-json\/wp\/v2\/media?parent=47742"}],"wp:term":[{"taxonomy":"category","embeddable":true,"href":"https:\/\/fundesplai.org\/es\/wp-json\/wp\/v2\/categories?post=47742"},{"taxonomy":"post_tag","embeddable":true,"href":"https:\/\/fundesplai.org\/es\/wp-json\/wp\/v2\/tags?post=47742"}],"curies":[{"name":"wp","href":"https:\/\/api.w.org\/{rel}","templated":true}]}}