{"id":47741,"date":"2017-07-26T10:45:38","date_gmt":"2017-07-26T08:45:38","guid":{"rendered":"https:\/\/fundesplai.org\/informa-t\/sense-categoria\/exito-de-los-conciertos-solidarios-de-fundesplai\/"},"modified":"2017-07-26T10:45:38","modified_gmt":"2017-07-26T08:45:38","slug":"exito-de-los-conciertos-solidarios-de-fundesplai","status":"publish","type":"post","link":"https:\/\/fundesplai.org\/es\/informa-t\/actualitat-es\/exito-de-los-conciertos-solidarios-de-fundesplai\/","title":{"rendered":"\u00c9xito de los conciertos solidarios de Fundesplai"},"content":{"rendered":"<p>Con los conciertos de la banda de&nbsp;<strong>En Contra Blues<\/strong>, mi\u00e9rcoles 5 de julio, y&nbsp;<strong>Seventy Seven<\/strong>,el jueves 20 de julio, termin\u00f3 con gran \u00e9xito la 4\u00aa edici\u00f3n de los conciertos solidarios de Fundesplai, que buscan conseguir fondos para becas de colonias para ni\u00f1os en situaci\u00f3n de vulnerabilidad social. Esta iniciativa est\u00e1 impulsada por Eduard Izquierdo, trabajador de Fundesplai y periodista musical, y cuenta con la colaboraci\u00f3n de la entidad, de diferentes salas como Rocksound y, por supuesto, de todas las bandas que han tomado parte.<\/p>\n<p><!--more--><\/p>\n<p class=\"intro\">Con los conciertos de la banda de <strong>En Contra Blues<\/strong>, el mi\u00e9rcoles 5 de julio, y <strong>Seventy Seven<\/strong>, el jueves 20 de julio, termin\u00f3 con gran \u00e9xito la 4\u00aa edici\u00f3n de los conciertos solidarios de Fundesplai, que buscan conseguir fondos para becas de colonias para ni\u00f1os en situaci\u00f3n de vulnerabilidad social.&nbsp;<\/p>\n<table style=\"height: 19px;width: 100%\">\n<tbody>\n<tr>\n<td><img decoding=\"async\" class=\" size-full wp-image-4518\" src=\"https:\/\/fundesplai.org\/test-joomla\/wp-content\/uploads\/sites\/26\/2017\/07\/acontrablues2.jpg\" alt=\"acontrablues2\" width=\"100%\" height=\"NaN\"><\/td>\n<td><img decoding=\"async\" class=\" size-full wp-image-4524\" src=\"https:\/\/fundesplai.org\/test-joomla\/wp-content\/uploads\/sites\/26\/2017\/07\/77.jpg\" alt=\"77\" width=\"100%\" height=\"NaN\"><\/td>\n<\/tr>\n<tr>\n<td class=\"text-petit\" colspan=\"2\"><strong>A la izquierda el grupo A Contra Blues Band y, a la derecha, Seventy Seven durante sus actuaciones en la sala Rocksounf de Barcelona<\/strong><\/td>\n<\/tr>\n<\/tbody>\n<\/table>\n<p>Esta iniciativa est\u00e1 impulsada por Eduard Izquierdo, trabajador de Fundesplai y periodista musical, y cuenta con la colaboraci\u00f3n de la entidad, de diferentes salas como Rocksound y, por supuesto, de todas las bandas que han tomado parte.<\/p>\n<p>Gracias a los conciertos solidarios, se ha logrado recaudar dinero para ofrecer cerca de 100 becas de colonias y casales para ni\u00f1os. Estos espect\u00e1culos se enmarcan en la Gincana Solidaria, a trav\u00e9s de la cual diferentes personas organizan actividades para recaudar dinero para ofrecer ayudas de colonias y casales.<\/p>\n<p>As\u00ed, el p\u00fablico pudo disfrutar de lo lindo el 5 de julio con A Contra Blues Band, una de las mejores bandas de blues del momento que tocaron \u00e9xitos de su \u00faltimo disco \u00abHearts and Guts\u00bb en la sala Rocksound.<\/p>\n<p>Unos d\u00edas despu\u00e9s, el 20 de julio, el grupo Seventy Seven llen\u00f3 la misma sala para poner el punto y final triunfal a esta 4\u00aa edici\u00f3n de los conciertos solidarios.<\/p>\n","protected":false},"excerpt":{"rendered":"<p>Con los conciertos de la banda de&nbsp;En Contra Blues, mi\u00e9rcoles 5 de julio, y&nbsp;Seventy Seven,el jueves 20 de julio, termin\u00f3 con gran \u00e9xito la 4\u00aa edici\u00f3n de los conciertos solidarios de Fundesplai, que buscan conseguir fondos para becas de colonias para ni\u00f1os en situaci\u00f3n de vulnerabilidad social. Esta iniciativa est\u00e1 impulsada por Eduard Izquierdo, trabajador [&hellip;]<\/p>\n","protected":false},"author":9,"featured_media":0,"comment_status":"closed","ping_status":"closed","sticky":false,"template":"","format":"standard","meta":{"_et_pb_use_builder":"","_et_pb_old_content":"","_et_gb_content_width":"","footnotes":""},"categories":[937],"tags":[],"class_list":["post-47741","post","type-post","status-publish","format-standard","hentry","category-actualitat-es"],"yoast_head":"<!-- This site is optimized with the Yoast SEO plugin v27.4 - https:\/\/yoast.com\/product\/yoast-seo-wordpress\/ -->\n<title>\u00c9xito de los conciertos solidarios de Fundesplai - Fundesplai<\/title>\n<meta name=\"robots\" content=\"index, follow, max-snippet:-1, max-image-preview:large, max-video-preview:-1\" \/>\n<link rel=\"canonical\" href=\"https:\/\/fundesplai.org\/es\/informa-t\/actualitat-es\/exito-de-los-conciertos-solidarios-de-fundesplai\/\" \/>\n<meta property=\"og:locale\" content=\"es_ES\" \/>\n<meta property=\"og:type\" content=\"article\" \/>\n<meta property=\"og:title\" content=\"\u00c9xito de los conciertos solidarios de Fundesplai - Fundesplai\" \/>\n<meta property=\"og:description\" content=\"Con los conciertos de la banda de&nbsp;En Contra Blues, mi\u00e9rcoles 5 de julio, y&nbsp;Seventy Seven,el jueves 20 de julio, termin\u00f3 con gran \u00e9xito la 4\u00aa edici\u00f3n de los conciertos solidarios de Fundesplai, que buscan conseguir fondos para becas de colonias para ni\u00f1os en situaci\u00f3n de vulnerabilidad social. Esta iniciativa est\u00e1 impulsada por Eduard Izquierdo, trabajador [&hellip;]\" \/>\n<meta property=\"og:url\" content=\"https:\/\/fundesplai.org\/es\/informa-t\/actualitat-es\/exito-de-los-conciertos-solidarios-de-fundesplai\/\" \/>\n<meta property=\"og:site_name\" content=\"Fundesplai\" \/>\n<meta property=\"article:published_time\" content=\"2017-07-26T08:45:38+00:00\" \/>\n<meta property=\"og:image\" content=\"https:\/\/fundesplai.org\/test-joomla\/wp-content\/uploads\/sites\/26\/2017\/07\/acontrablues2.jpg\" \/>\n<meta name=\"author\" content=\"Alfons Valle\" \/>\n<meta name=\"twitter:card\" content=\"summary_large_image\" \/>\n<meta name=\"twitter:label1\" content=\"Escrito por\" \/>\n\t<meta name=\"twitter:data1\" content=\"Alfons Valle\" \/>\n\t<meta name=\"twitter:label2\" content=\"Tiempo de lectura\" \/>\n\t<meta name=\"twitter:data2\" content=\"2 minutos\" \/>\n<script type=\"application\/ld+json\" class=\"yoast-schema-graph\">{\"@context\":\"https:\\\/\\\/schema.org\",\"@graph\":[{\"@type\":\"Article\",\"@id\":\"https:\\\/\\\/fundesplai.org\\\/es\\\/informa-t\\\/actualitat-es\\\/exito-de-los-conciertos-solidarios-de-fundesplai\\\/#article\",\"isPartOf\":{\"@id\":\"https:\\\/\\\/fundesplai.org\\\/es\\\/informa-t\\\/actualitat-es\\\/exito-de-los-conciertos-solidarios-de-fundesplai\\\/\"},\"author\":{\"name\":\"Alfons Valle\",\"@id\":\"https:\\\/\\\/fundesplai.org\\\/es\\\/#\\\/schema\\\/person\\\/c0e9e7466bb8ac06f5264324a6109733\"},\"headline\":\"\u00c9xito de los conciertos solidarios de Fundesplai\",\"datePublished\":\"2017-07-26T08:45:38+00:00\",\"mainEntityOfPage\":{\"@id\":\"https:\\\/\\\/fundesplai.org\\\/es\\\/informa-t\\\/actualitat-es\\\/exito-de-los-conciertos-solidarios-de-fundesplai\\\/\"},\"wordCount\":335,\"image\":{\"@id\":\"https:\\\/\\\/fundesplai.org\\\/es\\\/informa-t\\\/actualitat-es\\\/exito-de-los-conciertos-solidarios-de-fundesplai\\\/#primaryimage\"},\"thumbnailUrl\":\"https:\\\/\\\/fundesplai.org\\\/test-joomla\\\/wp-content\\\/uploads\\\/sites\\\/26\\\/2017\\\/07\\\/acontrablues2.jpg\",\"articleSection\":[\"Actualitat\"],\"inLanguage\":\"es\"},{\"@type\":\"WebPage\",\"@id\":\"https:\\\/\\\/fundesplai.org\\\/es\\\/informa-t\\\/actualitat-es\\\/exito-de-los-conciertos-solidarios-de-fundesplai\\\/\",\"url\":\"https:\\\/\\\/fundesplai.org\\\/es\\\/informa-t\\\/actualitat-es\\\/exito-de-los-conciertos-solidarios-de-fundesplai\\\/\",\"name\":\"\u00c9xito de los conciertos solidarios de Fundesplai - Fundesplai\",\"isPartOf\":{\"@id\":\"https:\\\/\\\/fundesplai.org\\\/es\\\/#website\"},\"primaryImageOfPage\":{\"@id\":\"https:\\\/\\\/fundesplai.org\\\/es\\\/informa-t\\\/actualitat-es\\\/exito-de-los-conciertos-solidarios-de-fundesplai\\\/#primaryimage\"},\"image\":{\"@id\":\"https:\\\/\\\/fundesplai.org\\\/es\\\/informa-t\\\/actualitat-es\\\/exito-de-los-conciertos-solidarios-de-fundesplai\\\/#primaryimage\"},\"thumbnailUrl\":\"https:\\\/\\\/fundesplai.org\\\/test-joomla\\\/wp-content\\\/uploads\\\/sites\\\/26\\\/2017\\\/07\\\/acontrablues2.jpg\",\"datePublished\":\"2017-07-26T08:45:38+00:00\",\"author\":{\"@id\":\"https:\\\/\\\/fundesplai.org\\\/es\\\/#\\\/schema\\\/person\\\/c0e9e7466bb8ac06f5264324a6109733\"},\"breadcrumb\":{\"@id\":\"https:\\\/\\\/fundesplai.org\\\/es\\\/informa-t\\\/actualitat-es\\\/exito-de-los-conciertos-solidarios-de-fundesplai\\\/#breadcrumb\"},\"inLanguage\":\"es\",\"potentialAction\":[{\"@type\":\"ReadAction\",\"target\":[\"https:\\\/\\\/fundesplai.org\\\/es\\\/informa-t\\\/actualitat-es\\\/exito-de-los-conciertos-solidarios-de-fundesplai\\\/\"]}]},{\"@type\":\"ImageObject\",\"inLanguage\":\"es\",\"@id\":\"https:\\\/\\\/fundesplai.org\\\/es\\\/informa-t\\\/actualitat-es\\\/exito-de-los-conciertos-solidarios-de-fundesplai\\\/#primaryimage\",\"url\":\"https:\\\/\\\/fundesplai.org\\\/test-joomla\\\/wp-content\\\/uploads\\\/sites\\\/26\\\/2017\\\/07\\\/acontrablues2.jpg\",\"contentUrl\":\"https:\\\/\\\/fundesplai.org\\\/test-joomla\\\/wp-content\\\/uploads\\\/sites\\\/26\\\/2017\\\/07\\\/acontrablues2.jpg\"},{\"@type\":\"BreadcrumbList\",\"@id\":\"https:\\\/\\\/fundesplai.org\\\/es\\\/informa-t\\\/actualitat-es\\\/exito-de-los-conciertos-solidarios-de-fundesplai\\\/#breadcrumb\",\"itemListElement\":[{\"@type\":\"ListItem\",\"position\":1,\"name\":\"Inici\",\"item\":\"https:\\\/\\\/fundesplai.org\\\/es\\\/inicio\\\/\"},{\"@type\":\"ListItem\",\"position\":2,\"name\":\"Inf\u00f3rmate\",\"item\":\"https:\\\/\\\/fundesplai.org\\\/es\\\/informate\\\/\"},{\"@type\":\"ListItem\",\"position\":3,\"name\":\"Sin categor\u00eda\",\"item\":\"https:\\\/\\\/fundesplai.org\\\/es\\\/informa-t\\\/category\\\/sin-categoria\\\/\"},{\"@type\":\"ListItem\",\"position\":4,\"name\":\"\u00c9xito de los conciertos solidarios de Fundesplai\"}]},{\"@type\":\"WebSite\",\"@id\":\"https:\\\/\\\/fundesplai.org\\\/es\\\/#website\",\"url\":\"https:\\\/\\\/fundesplai.org\\\/es\\\/\",\"name\":\"Fundesplai\",\"description\":\"Eduquem per la conviv\u00e8ncia i la sostenibilitat\",\"potentialAction\":[{\"@type\":\"SearchAction\",\"target\":{\"@type\":\"EntryPoint\",\"urlTemplate\":\"https:\\\/\\\/fundesplai.org\\\/es\\\/?s={search_term_string}\"},\"query-input\":{\"@type\":\"PropertyValueSpecification\",\"valueRequired\":true,\"valueName\":\"search_term_string\"}}],\"inLanguage\":\"es\"},{\"@type\":\"Person\",\"@id\":\"https:\\\/\\\/fundesplai.org\\\/es\\\/#\\\/schema\\\/person\\\/c0e9e7466bb8ac06f5264324a6109733\",\"name\":\"Alfons Valle\",\"image\":{\"@type\":\"ImageObject\",\"inLanguage\":\"es\",\"@id\":\"https:\\\/\\\/secure.gravatar.com\\\/avatar\\\/71d95a3f99a068ba570ac1314ed6911a59c5ae3f22ffcf23631cd1a861a640bc?s=96&d=mm&r=g\",\"url\":\"https:\\\/\\\/secure.gravatar.com\\\/avatar\\\/71d95a3f99a068ba570ac1314ed6911a59c5ae3f22ffcf23631cd1a861a640bc?s=96&d=mm&r=g\",\"contentUrl\":\"https:\\\/\\\/secure.gravatar.com\\\/avatar\\\/71d95a3f99a068ba570ac1314ed6911a59c5ae3f22ffcf23631cd1a861a640bc?s=96&d=mm&r=g\",\"caption\":\"Alfons Valle\"},\"url\":\"https:\\\/\\\/fundesplai.org\\\/es\\\/informa-t\\\/author\\\/avalle\\\/\"}]}<\/script>\n<!-- \/ Yoast SEO plugin. -->","yoast_head_json":{"title":"\u00c9xito de los conciertos solidarios de Fundesplai - Fundesplai","robots":{"index":"index","follow":"follow","max-snippet":"max-snippet:-1","max-image-preview":"max-image-preview:large","max-video-preview":"max-video-preview:-1"},"canonical":"https:\/\/fundesplai.org\/es\/informa-t\/actualitat-es\/exito-de-los-conciertos-solidarios-de-fundesplai\/","og_locale":"es_ES","og_type":"article","og_title":"\u00c9xito de los conciertos solidarios de Fundesplai - Fundesplai","og_description":"Con los conciertos de la banda de&nbsp;En Contra Blues, mi\u00e9rcoles 5 de julio, y&nbsp;Seventy Seven,el jueves 20 de julio, termin\u00f3 con gran \u00e9xito la 4\u00aa edici\u00f3n de los conciertos solidarios de Fundesplai, que buscan conseguir fondos para becas de colonias para ni\u00f1os en situaci\u00f3n de vulnerabilidad social. Esta iniciativa est\u00e1 impulsada por Eduard Izquierdo, trabajador [&hellip;]","og_url":"https:\/\/fundesplai.org\/es\/informa-t\/actualitat-es\/exito-de-los-conciertos-solidarios-de-fundesplai\/","og_site_name":"Fundesplai","article_published_time":"2017-07-26T08:45:38+00:00","og_image":[{"url":"https:\/\/fundesplai.org\/test-joomla\/wp-content\/uploads\/sites\/26\/2017\/07\/acontrablues2.jpg","type":"","width":"","height":""}],"author":"Alfons Valle","twitter_card":"summary_large_image","twitter_misc":{"Escrito por":"Alfons Valle","Tiempo de lectura":"2 minutos"},"schema":{"@context":"https:\/\/schema.org","@graph":[{"@type":"Article","@id":"https:\/\/fundesplai.org\/es\/informa-t\/actualitat-es\/exito-de-los-conciertos-solidarios-de-fundesplai\/#article","isPartOf":{"@id":"https:\/\/fundesplai.org\/es\/informa-t\/actualitat-es\/exito-de-los-conciertos-solidarios-de-fundesplai\/"},"author":{"name":"Alfons Valle","@id":"https:\/\/fundesplai.org\/es\/#\/schema\/person\/c0e9e7466bb8ac06f5264324a6109733"},"headline":"\u00c9xito de los conciertos solidarios de Fundesplai","datePublished":"2017-07-26T08:45:38+00:00","mainEntityOfPage":{"@id":"https:\/\/fundesplai.org\/es\/informa-t\/actualitat-es\/exito-de-los-conciertos-solidarios-de-fundesplai\/"},"wordCount":335,"image":{"@id":"https:\/\/fundesplai.org\/es\/informa-t\/actualitat-es\/exito-de-los-conciertos-solidarios-de-fundesplai\/#primaryimage"},"thumbnailUrl":"https:\/\/fundesplai.org\/test-joomla\/wp-content\/uploads\/sites\/26\/2017\/07\/acontrablues2.jpg","articleSection":["Actualitat"],"inLanguage":"es"},{"@type":"WebPage","@id":"https:\/\/fundesplai.org\/es\/informa-t\/actualitat-es\/exito-de-los-conciertos-solidarios-de-fundesplai\/","url":"https:\/\/fundesplai.org\/es\/informa-t\/actualitat-es\/exito-de-los-conciertos-solidarios-de-fundesplai\/","name":"\u00c9xito de los conciertos solidarios de Fundesplai - Fundesplai","isPartOf":{"@id":"https:\/\/fundesplai.org\/es\/#website"},"primaryImageOfPage":{"@id":"https:\/\/fundesplai.org\/es\/informa-t\/actualitat-es\/exito-de-los-conciertos-solidarios-de-fundesplai\/#primaryimage"},"image":{"@id":"https:\/\/fundesplai.org\/es\/informa-t\/actualitat-es\/exito-de-los-conciertos-solidarios-de-fundesplai\/#primaryimage"},"thumbnailUrl":"https:\/\/fundesplai.org\/test-joomla\/wp-content\/uploads\/sites\/26\/2017\/07\/acontrablues2.jpg","datePublished":"2017-07-26T08:45:38+00:00","author":{"@id":"https:\/\/fundesplai.org\/es\/#\/schema\/person\/c0e9e7466bb8ac06f5264324a6109733"},"breadcrumb":{"@id":"https:\/\/fundesplai.org\/es\/informa-t\/actualitat-es\/exito-de-los-conciertos-solidarios-de-fundesplai\/#breadcrumb"},"inLanguage":"es","potentialAction":[{"@type":"ReadAction","target":["https:\/\/fundesplai.org\/es\/informa-t\/actualitat-es\/exito-de-los-conciertos-solidarios-de-fundesplai\/"]}]},{"@type":"ImageObject","inLanguage":"es","@id":"https:\/\/fundesplai.org\/es\/informa-t\/actualitat-es\/exito-de-los-conciertos-solidarios-de-fundesplai\/#primaryimage","url":"https:\/\/fundesplai.org\/test-joomla\/wp-content\/uploads\/sites\/26\/2017\/07\/acontrablues2.jpg","contentUrl":"https:\/\/fundesplai.org\/test-joomla\/wp-content\/uploads\/sites\/26\/2017\/07\/acontrablues2.jpg"},{"@type":"BreadcrumbList","@id":"https:\/\/fundesplai.org\/es\/informa-t\/actualitat-es\/exito-de-los-conciertos-solidarios-de-fundesplai\/#breadcrumb","itemListElement":[{"@type":"ListItem","position":1,"name":"Inici","item":"https:\/\/fundesplai.org\/es\/inicio\/"},{"@type":"ListItem","position":2,"name":"Inf\u00f3rmate","item":"https:\/\/fundesplai.org\/es\/informate\/"},{"@type":"ListItem","position":3,"name":"Sin categor\u00eda","item":"https:\/\/fundesplai.org\/es\/informa-t\/category\/sin-categoria\/"},{"@type":"ListItem","position":4,"name":"\u00c9xito de los conciertos solidarios de Fundesplai"}]},{"@type":"WebSite","@id":"https:\/\/fundesplai.org\/es\/#website","url":"https:\/\/fundesplai.org\/es\/","name":"Fundesplai","description":"Eduquem per la conviv\u00e8ncia i la sostenibilitat","potentialAction":[{"@type":"SearchAction","target":{"@type":"EntryPoint","urlTemplate":"https:\/\/fundesplai.org\/es\/?s={search_term_string}"},"query-input":{"@type":"PropertyValueSpecification","valueRequired":true,"valueName":"search_term_string"}}],"inLanguage":"es"},{"@type":"Person","@id":"https:\/\/fundesplai.org\/es\/#\/schema\/person\/c0e9e7466bb8ac06f5264324a6109733","name":"Alfons Valle","image":{"@type":"ImageObject","inLanguage":"es","@id":"https:\/\/secure.gravatar.com\/avatar\/71d95a3f99a068ba570ac1314ed6911a59c5ae3f22ffcf23631cd1a861a640bc?s=96&d=mm&r=g","url":"https:\/\/secure.gravatar.com\/avatar\/71d95a3f99a068ba570ac1314ed6911a59c5ae3f22ffcf23631cd1a861a640bc?s=96&d=mm&r=g","contentUrl":"https:\/\/secure.gravatar.com\/avatar\/71d95a3f99a068ba570ac1314ed6911a59c5ae3f22ffcf23631cd1a861a640bc?s=96&d=mm&r=g","caption":"Alfons Valle"},"url":"https:\/\/fundesplai.org\/es\/informa-t\/author\/avalle\/"}]}},"_links":{"self":[{"href":"https:\/\/fundesplai.org\/es\/wp-json\/wp\/v2\/posts\/47741","targetHints":{"allow":["GET"]}}],"collection":[{"href":"https:\/\/fundesplai.org\/es\/wp-json\/wp\/v2\/posts"}],"about":[{"href":"https:\/\/fundesplai.org\/es\/wp-json\/wp\/v2\/types\/post"}],"author":[{"embeddable":true,"href":"https:\/\/fundesplai.org\/es\/wp-json\/wp\/v2\/users\/9"}],"replies":[{"embeddable":true,"href":"https:\/\/fundesplai.org\/es\/wp-json\/wp\/v2\/comments?post=47741"}],"version-history":[{"count":0,"href":"https:\/\/fundesplai.org\/es\/wp-json\/wp\/v2\/posts\/47741\/revisions"}],"wp:attachment":[{"href":"https:\/\/fundesplai.org\/es\/wp-json\/wp\/v2\/media?parent=47741"}],"wp:term":[{"taxonomy":"category","embeddable":true,"href":"https:\/\/fundesplai.org\/es\/wp-json\/wp\/v2\/categories?post=47741"},{"taxonomy":"post_tag","embeddable":true,"href":"https:\/\/fundesplai.org\/es\/wp-json\/wp\/v2\/tags?post=47741"}],"curies":[{"name":"wp","href":"https:\/\/api.w.org\/{rel}","templated":true}]}}