{"id":47739,"date":"2017-07-25T16:38:22","date_gmt":"2017-07-25T14:38:22","guid":{"rendered":"https:\/\/fundesplai.org\/informa-t\/sense-categoria\/colonias-en-familia-de-fundesplai-en-agosto\/"},"modified":"2017-07-25T16:38:22","modified_gmt":"2017-07-25T14:38:22","slug":"colonias-en-familia-de-fundesplai-en-agosto","status":"publish","type":"post","link":"https:\/\/fundesplai.org\/es\/informa-t\/actualitat-es\/colonias-en-familia-de-fundesplai-en-agosto\/","title":{"rendered":"\u201cColonias en familia\u201d de Fundesplai en agosto"},"content":{"rendered":"<p>Fundesplai abre durante el mes de agosto sus casas de colonias y albergues para que las familias puedan disfrutar de estancias vacacionales, divertidas y educativas, de la m\u00e1xima calidad, al precio m\u00e1s asequible.<\/p>\n<p><!--more--><\/p>\n<p class=\"intro\">Fundesplai abre durante el mes de agosto sus casas de colonias y albergas para que las familias puedan disfrutar de estancias vacacionales, divertidas y educativas, de la m\u00e1xima calidad, al precio m\u00e1s asequible. Y, adem\u00e1s, solidarias, porque Fundesplai dedica un porcentaje del precio que pagan las familias a becar a ni\u00f1os sin recursos para que el pr\u00f3ximo verano puedan ir a unas colonias!<\/p>\n<p><a href=\"https:\/\/estiu.fundesplai.org\/vacances-en-familia\/\"><img decoding=\"async\" class=\" size-full wp-image-4515\" src=\"https:\/\/fundesplai.org\/test-joomla\/wp-content\/uploads\/sites\/26\/2017\/07\/families-web.jpg\" alt=\"familias web\" width=\"100%\" height=\"NaN\"><\/a><\/p>\n<ul>\n<li><strong style=\"background-color: transparent\">\u00a1Por s\u00f3lo 576 euros, 2 adultos y 2 menores de hasta 16 a\u00f1os pueden disfrutar de una estancia de una semana del mes de agosto en una casa de colonias!<\/strong><\/li>\n<li><strong style=\"background-color: transparent\">El precio incluye la pensi\u00f3n completa, piscina, actividades diarias guiadas por educadores y uso exclusivo de habitaciones por cada grupo.<\/strong><\/li>\n<li><strong style=\"background-color: transparent\">Adem\u00e1s, Fundesplai dedica un porcentaje de lo que pagan las familias a becar a ni\u00f1os sin recursos para que el pr\u00f3ximo verano puedan ir de colonias.<\/strong><\/li>\n<\/ul>\n<p><strong>&nbsp;<\/strong><\/p>\n<p><span style=\"background-color: transparent\">Las estancias se ofrecen a un precio realmente asequible para familias. Por ejemplo, la estancia de 7 d\u00edas\/6 noches, a pensi\u00f3n completa, para una familia de una pareja con dos hijos hasta los 16 a\u00f1os en la mayor\u00eda de las casas de colonias y albergues de Fundesplai es de s\u00f3lo 576\u20ac.<\/span><\/p>\n<p>Este precio incluye la pensi\u00f3n completa, el uso de los equipamientos y las piscinas y un programa de actividades diarias conducidas por los equipos de educadores que hacen que las familias puedan descansar y, a su vez, descubrir los diferentes entornos de gran inter\u00e9s natural donde est\u00e1n ubicadas las casas.&nbsp;<\/p>\n<p>Adem\u00e1s, todas las familias que participan en estas estancias saben que tambi\u00e9n est\u00e1n haciendo un gesto solidario, ya que un porcentaje de lo que pagan Fundesplai lo dedica a becar a ni\u00f1os de familias sin recursos, para que el pr\u00f3ximo verano puedan ir de colonias y casales de verano.<\/p>\n<p>En estos momentos, el programa ya tiene el 90% de plazas ocupadas. Quien quiera puede reservar una estancia llamando al 902 10 40 30 oa trav\u00e9s de la web <strong><a href=\"https:\/\/estiu.fundesplai.org\/vacances-en-familia\/\">estiu.fundesplai.org<\/a><\/strong>.&nbsp;<\/p>\n<p><strong>&nbsp;<\/strong><\/p>\n<p><strong>Descansar y disfrutar de la naturaleza<\/strong><\/p>\n<p>Pasar unos d\u00edas en familia en una casa de colonias proporciona la oportunidad de realizar unas vacaciones donde descansar&nbsp; y desconectar de la rutina, convivir en familia y no preocuparse&nbsp; de la intendencia cotidiana (cocina, limpiar&#8230;), compartir actividades divertidas con otras familias, disfrutar de la naturaleza y descubrir todos sus secretos gracias a los equipos de educadores ambientales y conocer el pa\u00eds a trav\u00e9s de las excursiones a pie, yendo en los pueblos m\u00e1s cercanos&#8230;<\/p>\n<p>Entre las casas donde se puede hacer una estancia este meros de agosto se encuentran Can Mateu, Els Porxos, La Cinglera y El Company (las cuatro en Vilanova de Sau, Osona); Mas Cab\u00e0lies (Ogassa, Ripoll\u00e8s); Can Massaguer y la Tra\u00fcna (Montseny); Rector\u00eda de la Selva (Solsones); Viladoms de Baix (Bages) , Cal Pons, en Puig Reig (Bergueda), Les Codines, en Montesquiu (Osona); Can Grau, en Olivella (Garraf); los Vagones de \u00c0ger (Montsec).<\/p>\n<p>La mayor\u00eda de casas disponen de piscina y est\u00e1n totalmente adaptadas para personas con problemas de movilidad.&nbsp; Gran parte de las habitaciones cuentan con ba\u00f1o propio y pueden ser de uso exclusivo para cada grupo o unidad familiar.<\/p>\n<p><strong>&nbsp;<\/strong><\/p>\n<p><strong>M\u00e1s informaci\u00f3n y reservas:<\/strong><\/p>\n<p><strong>Fundesplai (Fundaci\u00f3 Catalana del Esplai)<\/strong><br \/><a href=\"https:\/\/estiu.fundesplai.org\/vacances-en-familia\/\"><strong> estiu.fundesplai.org<\/strong><\/a><br \/><strong>  93 474 46 78<\/strong><\/p>\n","protected":false},"excerpt":{"rendered":"<p>Fundesplai abre durante el mes de agosto sus casas de colonias y albergues para que las familias puedan disfrutar de estancias vacacionales, divertidas y educativas, de la m\u00e1xima calidad, al precio m\u00e1s asequible.<\/p>\n","protected":false},"author":9,"featured_media":0,"comment_status":"closed","ping_status":"closed","sticky":false,"template":"","format":"standard","meta":{"_et_pb_use_builder":"","_et_pb_old_content":"","_et_gb_content_width":"","footnotes":""},"categories":[937],"tags":[],"class_list":["post-47739","post","type-post","status-publish","format-standard","hentry","category-actualitat-es"],"yoast_head":"<!-- This site is optimized with the Yoast SEO plugin v27.4 - https:\/\/yoast.com\/product\/yoast-seo-wordpress\/ -->\n<title>\u201cColonias en familia\u201d de Fundesplai en agosto - Fundesplai<\/title>\n<meta name=\"robots\" content=\"index, follow, max-snippet:-1, max-image-preview:large, max-video-preview:-1\" \/>\n<link rel=\"canonical\" href=\"https:\/\/fundesplai.org\/es\/informa-t\/actualitat-es\/colonias-en-familia-de-fundesplai-en-agosto\/\" \/>\n<meta property=\"og:locale\" content=\"es_ES\" \/>\n<meta property=\"og:type\" content=\"article\" \/>\n<meta property=\"og:title\" content=\"\u201cColonias en familia\u201d de Fundesplai en agosto - Fundesplai\" \/>\n<meta property=\"og:description\" content=\"Fundesplai abre durante el mes de agosto sus casas de colonias y albergues para que las familias puedan disfrutar de estancias vacacionales, divertidas y educativas, de la m\u00e1xima calidad, al precio m\u00e1s asequible.\" \/>\n<meta property=\"og:url\" content=\"https:\/\/fundesplai.org\/es\/informa-t\/actualitat-es\/colonias-en-familia-de-fundesplai-en-agosto\/\" \/>\n<meta property=\"og:site_name\" content=\"Fundesplai\" \/>\n<meta property=\"article:published_time\" content=\"2017-07-25T14:38:22+00:00\" \/>\n<meta property=\"og:image\" content=\"https:\/\/fundesplai.org\/test-joomla\/wp-content\/uploads\/sites\/26\/2017\/07\/families-web.jpg\" \/>\n<meta name=\"author\" content=\"Alfons Valle\" \/>\n<meta name=\"twitter:card\" content=\"summary_large_image\" \/>\n<meta name=\"twitter:label1\" content=\"Escrito por\" \/>\n\t<meta name=\"twitter:data1\" content=\"Alfons Valle\" \/>\n\t<meta name=\"twitter:label2\" content=\"Tiempo de lectura\" \/>\n\t<meta name=\"twitter:data2\" content=\"3 minutos\" \/>\n<script type=\"application\/ld+json\" class=\"yoast-schema-graph\">{\"@context\":\"https:\\\/\\\/schema.org\",\"@graph\":[{\"@type\":\"Article\",\"@id\":\"https:\\\/\\\/fundesplai.org\\\/es\\\/informa-t\\\/actualitat-es\\\/colonias-en-familia-de-fundesplai-en-agosto\\\/#article\",\"isPartOf\":{\"@id\":\"https:\\\/\\\/fundesplai.org\\\/es\\\/informa-t\\\/actualitat-es\\\/colonias-en-familia-de-fundesplai-en-agosto\\\/\"},\"author\":{\"name\":\"Alfons Valle\",\"@id\":\"https:\\\/\\\/fundesplai.org\\\/es\\\/#\\\/schema\\\/person\\\/c0e9e7466bb8ac06f5264324a6109733\"},\"headline\":\"\u201cColonias en familia\u201d de Fundesplai en agosto\",\"datePublished\":\"2017-07-25T14:38:22+00:00\",\"mainEntityOfPage\":{\"@id\":\"https:\\\/\\\/fundesplai.org\\\/es\\\/informa-t\\\/actualitat-es\\\/colonias-en-familia-de-fundesplai-en-agosto\\\/\"},\"wordCount\":599,\"image\":{\"@id\":\"https:\\\/\\\/fundesplai.org\\\/es\\\/informa-t\\\/actualitat-es\\\/colonias-en-familia-de-fundesplai-en-agosto\\\/#primaryimage\"},\"thumbnailUrl\":\"https:\\\/\\\/fundesplai.org\\\/test-joomla\\\/wp-content\\\/uploads\\\/sites\\\/26\\\/2017\\\/07\\\/families-web.jpg\",\"articleSection\":[\"Actualitat\"],\"inLanguage\":\"es\"},{\"@type\":\"WebPage\",\"@id\":\"https:\\\/\\\/fundesplai.org\\\/es\\\/informa-t\\\/actualitat-es\\\/colonias-en-familia-de-fundesplai-en-agosto\\\/\",\"url\":\"https:\\\/\\\/fundesplai.org\\\/es\\\/informa-t\\\/actualitat-es\\\/colonias-en-familia-de-fundesplai-en-agosto\\\/\",\"name\":\"\u201cColonias en familia\u201d de Fundesplai en agosto - Fundesplai\",\"isPartOf\":{\"@id\":\"https:\\\/\\\/fundesplai.org\\\/es\\\/#website\"},\"primaryImageOfPage\":{\"@id\":\"https:\\\/\\\/fundesplai.org\\\/es\\\/informa-t\\\/actualitat-es\\\/colonias-en-familia-de-fundesplai-en-agosto\\\/#primaryimage\"},\"image\":{\"@id\":\"https:\\\/\\\/fundesplai.org\\\/es\\\/informa-t\\\/actualitat-es\\\/colonias-en-familia-de-fundesplai-en-agosto\\\/#primaryimage\"},\"thumbnailUrl\":\"https:\\\/\\\/fundesplai.org\\\/test-joomla\\\/wp-content\\\/uploads\\\/sites\\\/26\\\/2017\\\/07\\\/families-web.jpg\",\"datePublished\":\"2017-07-25T14:38:22+00:00\",\"author\":{\"@id\":\"https:\\\/\\\/fundesplai.org\\\/es\\\/#\\\/schema\\\/person\\\/c0e9e7466bb8ac06f5264324a6109733\"},\"breadcrumb\":{\"@id\":\"https:\\\/\\\/fundesplai.org\\\/es\\\/informa-t\\\/actualitat-es\\\/colonias-en-familia-de-fundesplai-en-agosto\\\/#breadcrumb\"},\"inLanguage\":\"es\",\"potentialAction\":[{\"@type\":\"ReadAction\",\"target\":[\"https:\\\/\\\/fundesplai.org\\\/es\\\/informa-t\\\/actualitat-es\\\/colonias-en-familia-de-fundesplai-en-agosto\\\/\"]}]},{\"@type\":\"ImageObject\",\"inLanguage\":\"es\",\"@id\":\"https:\\\/\\\/fundesplai.org\\\/es\\\/informa-t\\\/actualitat-es\\\/colonias-en-familia-de-fundesplai-en-agosto\\\/#primaryimage\",\"url\":\"https:\\\/\\\/fundesplai.org\\\/test-joomla\\\/wp-content\\\/uploads\\\/sites\\\/26\\\/2017\\\/07\\\/families-web.jpg\",\"contentUrl\":\"https:\\\/\\\/fundesplai.org\\\/test-joomla\\\/wp-content\\\/uploads\\\/sites\\\/26\\\/2017\\\/07\\\/families-web.jpg\"},{\"@type\":\"BreadcrumbList\",\"@id\":\"https:\\\/\\\/fundesplai.org\\\/es\\\/informa-t\\\/actualitat-es\\\/colonias-en-familia-de-fundesplai-en-agosto\\\/#breadcrumb\",\"itemListElement\":[{\"@type\":\"ListItem\",\"position\":1,\"name\":\"Inici\",\"item\":\"https:\\\/\\\/fundesplai.org\\\/es\\\/inicio\\\/\"},{\"@type\":\"ListItem\",\"position\":2,\"name\":\"Inf\u00f3rmate\",\"item\":\"https:\\\/\\\/fundesplai.org\\\/es\\\/informate\\\/\"},{\"@type\":\"ListItem\",\"position\":3,\"name\":\"Sin categor\u00eda\",\"item\":\"https:\\\/\\\/fundesplai.org\\\/es\\\/informa-t\\\/category\\\/sin-categoria\\\/\"},{\"@type\":\"ListItem\",\"position\":4,\"name\":\"\u201cColonias en familia\u201d de Fundesplai en agosto\"}]},{\"@type\":\"WebSite\",\"@id\":\"https:\\\/\\\/fundesplai.org\\\/es\\\/#website\",\"url\":\"https:\\\/\\\/fundesplai.org\\\/es\\\/\",\"name\":\"Fundesplai\",\"description\":\"Eduquem per la conviv\u00e8ncia i la sostenibilitat\",\"potentialAction\":[{\"@type\":\"SearchAction\",\"target\":{\"@type\":\"EntryPoint\",\"urlTemplate\":\"https:\\\/\\\/fundesplai.org\\\/es\\\/?s={search_term_string}\"},\"query-input\":{\"@type\":\"PropertyValueSpecification\",\"valueRequired\":true,\"valueName\":\"search_term_string\"}}],\"inLanguage\":\"es\"},{\"@type\":\"Person\",\"@id\":\"https:\\\/\\\/fundesplai.org\\\/es\\\/#\\\/schema\\\/person\\\/c0e9e7466bb8ac06f5264324a6109733\",\"name\":\"Alfons Valle\",\"image\":{\"@type\":\"ImageObject\",\"inLanguage\":\"es\",\"@id\":\"https:\\\/\\\/secure.gravatar.com\\\/avatar\\\/71d95a3f99a068ba570ac1314ed6911a59c5ae3f22ffcf23631cd1a861a640bc?s=96&d=mm&r=g\",\"url\":\"https:\\\/\\\/secure.gravatar.com\\\/avatar\\\/71d95a3f99a068ba570ac1314ed6911a59c5ae3f22ffcf23631cd1a861a640bc?s=96&d=mm&r=g\",\"contentUrl\":\"https:\\\/\\\/secure.gravatar.com\\\/avatar\\\/71d95a3f99a068ba570ac1314ed6911a59c5ae3f22ffcf23631cd1a861a640bc?s=96&d=mm&r=g\",\"caption\":\"Alfons Valle\"},\"url\":\"https:\\\/\\\/fundesplai.org\\\/es\\\/informa-t\\\/author\\\/avalle\\\/\"}]}<\/script>\n<!-- \/ Yoast SEO plugin. -->","yoast_head_json":{"title":"\u201cColonias en familia\u201d de Fundesplai en agosto - Fundesplai","robots":{"index":"index","follow":"follow","max-snippet":"max-snippet:-1","max-image-preview":"max-image-preview:large","max-video-preview":"max-video-preview:-1"},"canonical":"https:\/\/fundesplai.org\/es\/informa-t\/actualitat-es\/colonias-en-familia-de-fundesplai-en-agosto\/","og_locale":"es_ES","og_type":"article","og_title":"\u201cColonias en familia\u201d de Fundesplai en agosto - Fundesplai","og_description":"Fundesplai abre durante el mes de agosto sus casas de colonias y albergues para que las familias puedan disfrutar de estancias vacacionales, divertidas y educativas, de la m\u00e1xima calidad, al precio m\u00e1s asequible.","og_url":"https:\/\/fundesplai.org\/es\/informa-t\/actualitat-es\/colonias-en-familia-de-fundesplai-en-agosto\/","og_site_name":"Fundesplai","article_published_time":"2017-07-25T14:38:22+00:00","og_image":[{"url":"https:\/\/fundesplai.org\/test-joomla\/wp-content\/uploads\/sites\/26\/2017\/07\/families-web.jpg","type":"","width":"","height":""}],"author":"Alfons Valle","twitter_card":"summary_large_image","twitter_misc":{"Escrito por":"Alfons Valle","Tiempo de lectura":"3 minutos"},"schema":{"@context":"https:\/\/schema.org","@graph":[{"@type":"Article","@id":"https:\/\/fundesplai.org\/es\/informa-t\/actualitat-es\/colonias-en-familia-de-fundesplai-en-agosto\/#article","isPartOf":{"@id":"https:\/\/fundesplai.org\/es\/informa-t\/actualitat-es\/colonias-en-familia-de-fundesplai-en-agosto\/"},"author":{"name":"Alfons Valle","@id":"https:\/\/fundesplai.org\/es\/#\/schema\/person\/c0e9e7466bb8ac06f5264324a6109733"},"headline":"\u201cColonias en familia\u201d de Fundesplai en agosto","datePublished":"2017-07-25T14:38:22+00:00","mainEntityOfPage":{"@id":"https:\/\/fundesplai.org\/es\/informa-t\/actualitat-es\/colonias-en-familia-de-fundesplai-en-agosto\/"},"wordCount":599,"image":{"@id":"https:\/\/fundesplai.org\/es\/informa-t\/actualitat-es\/colonias-en-familia-de-fundesplai-en-agosto\/#primaryimage"},"thumbnailUrl":"https:\/\/fundesplai.org\/test-joomla\/wp-content\/uploads\/sites\/26\/2017\/07\/families-web.jpg","articleSection":["Actualitat"],"inLanguage":"es"},{"@type":"WebPage","@id":"https:\/\/fundesplai.org\/es\/informa-t\/actualitat-es\/colonias-en-familia-de-fundesplai-en-agosto\/","url":"https:\/\/fundesplai.org\/es\/informa-t\/actualitat-es\/colonias-en-familia-de-fundesplai-en-agosto\/","name":"\u201cColonias en familia\u201d de Fundesplai en agosto - Fundesplai","isPartOf":{"@id":"https:\/\/fundesplai.org\/es\/#website"},"primaryImageOfPage":{"@id":"https:\/\/fundesplai.org\/es\/informa-t\/actualitat-es\/colonias-en-familia-de-fundesplai-en-agosto\/#primaryimage"},"image":{"@id":"https:\/\/fundesplai.org\/es\/informa-t\/actualitat-es\/colonias-en-familia-de-fundesplai-en-agosto\/#primaryimage"},"thumbnailUrl":"https:\/\/fundesplai.org\/test-joomla\/wp-content\/uploads\/sites\/26\/2017\/07\/families-web.jpg","datePublished":"2017-07-25T14:38:22+00:00","author":{"@id":"https:\/\/fundesplai.org\/es\/#\/schema\/person\/c0e9e7466bb8ac06f5264324a6109733"},"breadcrumb":{"@id":"https:\/\/fundesplai.org\/es\/informa-t\/actualitat-es\/colonias-en-familia-de-fundesplai-en-agosto\/#breadcrumb"},"inLanguage":"es","potentialAction":[{"@type":"ReadAction","target":["https:\/\/fundesplai.org\/es\/informa-t\/actualitat-es\/colonias-en-familia-de-fundesplai-en-agosto\/"]}]},{"@type":"ImageObject","inLanguage":"es","@id":"https:\/\/fundesplai.org\/es\/informa-t\/actualitat-es\/colonias-en-familia-de-fundesplai-en-agosto\/#primaryimage","url":"https:\/\/fundesplai.org\/test-joomla\/wp-content\/uploads\/sites\/26\/2017\/07\/families-web.jpg","contentUrl":"https:\/\/fundesplai.org\/test-joomla\/wp-content\/uploads\/sites\/26\/2017\/07\/families-web.jpg"},{"@type":"BreadcrumbList","@id":"https:\/\/fundesplai.org\/es\/informa-t\/actualitat-es\/colonias-en-familia-de-fundesplai-en-agosto\/#breadcrumb","itemListElement":[{"@type":"ListItem","position":1,"name":"Inici","item":"https:\/\/fundesplai.org\/es\/inicio\/"},{"@type":"ListItem","position":2,"name":"Inf\u00f3rmate","item":"https:\/\/fundesplai.org\/es\/informate\/"},{"@type":"ListItem","position":3,"name":"Sin categor\u00eda","item":"https:\/\/fundesplai.org\/es\/informa-t\/category\/sin-categoria\/"},{"@type":"ListItem","position":4,"name":"\u201cColonias en familia\u201d de Fundesplai en agosto"}]},{"@type":"WebSite","@id":"https:\/\/fundesplai.org\/es\/#website","url":"https:\/\/fundesplai.org\/es\/","name":"Fundesplai","description":"Eduquem per la conviv\u00e8ncia i la sostenibilitat","potentialAction":[{"@type":"SearchAction","target":{"@type":"EntryPoint","urlTemplate":"https:\/\/fundesplai.org\/es\/?s={search_term_string}"},"query-input":{"@type":"PropertyValueSpecification","valueRequired":true,"valueName":"search_term_string"}}],"inLanguage":"es"},{"@type":"Person","@id":"https:\/\/fundesplai.org\/es\/#\/schema\/person\/c0e9e7466bb8ac06f5264324a6109733","name":"Alfons Valle","image":{"@type":"ImageObject","inLanguage":"es","@id":"https:\/\/secure.gravatar.com\/avatar\/71d95a3f99a068ba570ac1314ed6911a59c5ae3f22ffcf23631cd1a861a640bc?s=96&d=mm&r=g","url":"https:\/\/secure.gravatar.com\/avatar\/71d95a3f99a068ba570ac1314ed6911a59c5ae3f22ffcf23631cd1a861a640bc?s=96&d=mm&r=g","contentUrl":"https:\/\/secure.gravatar.com\/avatar\/71d95a3f99a068ba570ac1314ed6911a59c5ae3f22ffcf23631cd1a861a640bc?s=96&d=mm&r=g","caption":"Alfons Valle"},"url":"https:\/\/fundesplai.org\/es\/informa-t\/author\/avalle\/"}]}},"_links":{"self":[{"href":"https:\/\/fundesplai.org\/es\/wp-json\/wp\/v2\/posts\/47739","targetHints":{"allow":["GET"]}}],"collection":[{"href":"https:\/\/fundesplai.org\/es\/wp-json\/wp\/v2\/posts"}],"about":[{"href":"https:\/\/fundesplai.org\/es\/wp-json\/wp\/v2\/types\/post"}],"author":[{"embeddable":true,"href":"https:\/\/fundesplai.org\/es\/wp-json\/wp\/v2\/users\/9"}],"replies":[{"embeddable":true,"href":"https:\/\/fundesplai.org\/es\/wp-json\/wp\/v2\/comments?post=47739"}],"version-history":[{"count":0,"href":"https:\/\/fundesplai.org\/es\/wp-json\/wp\/v2\/posts\/47739\/revisions"}],"wp:attachment":[{"href":"https:\/\/fundesplai.org\/es\/wp-json\/wp\/v2\/media?parent=47739"}],"wp:term":[{"taxonomy":"category","embeddable":true,"href":"https:\/\/fundesplai.org\/es\/wp-json\/wp\/v2\/categories?post=47739"},{"taxonomy":"post_tag","embeddable":true,"href":"https:\/\/fundesplai.org\/es\/wp-json\/wp\/v2\/tags?post=47739"}],"curies":[{"name":"wp","href":"https:\/\/api.w.org\/{rel}","templated":true}]}}