{"id":47738,"date":"2017-07-25T16:27:36","date_gmt":"2017-07-25T14:27:36","guid":{"rendered":"https:\/\/fundesplai.org\/informa-t\/sense-categoria\/intercanvio-internacional-de-jovenes-franceses-y-catalanes\/"},"modified":"2017-07-25T16:27:36","modified_gmt":"2017-07-25T14:27:36","slug":"intercanvio-internacional-de-jovenes-franceses-y-catalanes","status":"publish","type":"post","link":"https:\/\/fundesplai.org\/es\/informa-t\/actualitat-es\/intercanvio-internacional-de-jovenes-franceses-y-catalanes\/","title":{"rendered":"Intercanvio internacional de jovenes franceses y catalanes"},"content":{"rendered":"<p>M\u00e1s de 30 j\u00f3venes francesos de centros de ocio de les regiones de Pribac (Haute-Garonne, a 15 km de Toulouse) y Lafran\u00e7aise (Tarn-et-Garonne, a 60 km de Toulouse) y jov\u00e9nes catalanes dels esplais Tricicle de Sant Joan Desp\u00ed, Can Serra del Hospitalet y el GISC del Prat participan estos dias en un intercambio internacional que se hace en la escuela natura de Cal Ganxo (Castelldefels) y Centre Esplai (El Prat de Llobregat).<\/p>\n<p><!--more--><\/p>\n<p class=\"intro\">M\u00e1s de 30 jov\u00e9nes francesos de centros de ocio de les regiones de Pribac (Haute-Garonne, a 15 km de Toulouse) y Lafran\u00e7aise (Tarn-et-Garonne, a 60 km de Toulouse) y jov\u00e9nes catalanes dels esplais Tricicle de Sant Joan Desp\u00ed, Can Serra del Hospitalet y el GISC del Prat participan estos dias en un intercanvio internacional que se hace en la escuela natura de Cal Ganxo (Castelldefels) y Centre Esplai (El Prat de Llobregat). El objetivo del intercambio es compartir experiencias y problemas comunes que afectan las persones j\u00f3venes a Catalu\u00f1a y Francia.<\/p>\n<p><img decoding=\"async\" class=\" size-full wp-image-4509\" src=\"https:\/\/fundesplai.org\/test-joomla\/wp-content\/uploads\/sites\/26\/2017\/07\/intercanvi-francesos-web.jpg\" alt=\"intercambio franceses web\" width=\"100%\" height=\"NaN\"><\/p>\n<p>Durante los 9 d\u00edas que dura el intercambio, que va del 23 al 31 de julio, desarrollar\u00e1n un proyecto de Aprendizaje Servicio, que girar\u00e1 en torno a las tem\u00e1ticas que como j\u00f3venes les preocupan y que descubrir\u00e1n que les son bastante comunes. Los j\u00f3venes compondr\u00e1n m\u00fasica y letra de un rap de denuncia social y grabar\u00e1n un v\u00eddeo-clip.<\/p>\n<p>Adem\u00e1s de las jornadas de trabajo en torno al proyecto central, el intercambio incluir\u00e1 actividades culturales (gincana por Barcelona), l\u00fadicas (excursi\u00f3n al Tibidabo), deportivas (Playa, Canal Ol\u00edmpico), Excursi\u00f3n por el Garraf, noche de Astronom\u00eda en el Observatorio de Castelldefels&#8230; y la tradicional noche en familia, donde cada joven de nuestros esplais convivir\u00e1n en familia con un joven del grupo de Francia.<\/p>\n<p>El proyecto est\u00e1 organizado por la Federaci\u00f3n Catalana del Esplai y &nbsp;cuenta con la ayuda del programa <em>Erasmus+ Juventud. <\/em>La Federaci\u00f3n Catalana del Esplai y Fundesplai hace a\u00f1os que apuestan por apoyar la realizaci\u00f3n de proyectos internacionales con j\u00f3venes desde los esplais. Uno de estos proyectos son los intercambios internacionales que tienen, entre otros:<\/p>\n<ul>\n<li>EMPODERAMENTO:&nbsp;&nbsp;&nbsp;&nbsp;&nbsp;&nbsp;&nbsp;&nbsp;&nbsp;&nbsp;&nbsp;&nbsp;&nbsp;&nbsp;&nbsp;&nbsp;&nbsp;&nbsp;&nbsp;&nbsp;&nbsp;&nbsp;&nbsp;&nbsp; &nbsp;&nbsp;&nbsp;&nbsp;&nbsp;&nbsp;&nbsp;&nbsp;&nbsp;&nbsp;&nbsp;&nbsp;&nbsp;&nbsp;&nbsp;&nbsp;&nbsp;&nbsp;&nbsp;&nbsp;&nbsp;&nbsp;&nbsp;&nbsp;&nbsp;&nbsp;&nbsp;&nbsp;&nbsp;&nbsp; Desarrollar, en los j\u00f3venes, capacidades de liderazgo y responsabilidad para la realizaci\u00f3n de proyectos propios.<\/li>\n<li>CIUDADAN\u00cdA COMPROMETIDA: &nbsp;&nbsp;&nbsp;&nbsp;&nbsp;&nbsp;&nbsp;&nbsp;&nbsp;&nbsp;&nbsp;&nbsp;&nbsp;&nbsp;&nbsp;&nbsp;&nbsp;&nbsp;&nbsp;&nbsp;&nbsp;&nbsp;&nbsp;&nbsp;&nbsp;&nbsp;&nbsp;&nbsp;&nbsp;&nbsp;&nbsp; Hacer a los j\u00f3venes cuestionarse y denunciar puntos de vista que perpet\u00faan la desigualdad y discriminaci\u00f3n. Pensamiento cr\u00edtico.<\/li>\n<li>CULTURA DE LA PAZ Y DIMENSI\u00d3N EUROPEA:&nbsp;&nbsp;&nbsp;&nbsp;&nbsp;&nbsp;&nbsp;&nbsp;&nbsp;&nbsp;&nbsp;&nbsp; Identificar valores comunes entre personas de diferentes or\u00edgenes, a pesar de las diferencias culturales.<\/li>\n<li>IGUALDAD DE OPORTUNIDADES:&nbsp;&nbsp;&nbsp; &nbsp;&nbsp;&nbsp;&nbsp;&nbsp;&nbsp;&nbsp;&nbsp;&nbsp;&nbsp;&nbsp;&nbsp;&nbsp;&nbsp;&nbsp;&nbsp;&nbsp;&nbsp;&nbsp;&nbsp;&nbsp;&nbsp;&nbsp;&nbsp;&nbsp;&nbsp;&nbsp;&nbsp;&nbsp;&nbsp; Garantizar que ning\u00fan joven queda excluido de experiencias internacionales por razones sociales y\/o econ\u00f3micas.<\/li>\n<\/ul>\n<p>El proyecto tendr\u00e1 su punto \u00e1lgido el s\u00e1bado 29 de julio con el estreno p\u00fablico del v\u00eddeo-clip creado por los j\u00f3venes. Ser\u00e1 un acto abierto a la poblaci\u00f3n*<\/p>\n<p><strong>ESTRENO DEL VIDEO-CLIP<\/strong><\/p>\n<p>S\u00e1bado 29 de julio. 18\u201930h<\/p>\n<p>Centro Esplai<\/p>\n<p>(C\/ Riu Anoia 42-54. El Prat de Llobregat)<\/p>\n<p>*Aforament limitado. Acceso por orden de llegada.<\/p>\n","protected":false},"excerpt":{"rendered":"<p>M\u00e1s de 30 j\u00f3venes francesos de centros de ocio de les regiones de Pribac (Haute-Garonne, a 15 km de Toulouse) y Lafran\u00e7aise (Tarn-et-Garonne, a 60 km de Toulouse) y jov\u00e9nes catalanes dels esplais Tricicle de Sant Joan Desp\u00ed, Can Serra del Hospitalet y el GISC del Prat participan estos dias en un intercambio internacional que [&hellip;]<\/p>\n","protected":false},"author":4,"featured_media":0,"comment_status":"closed","ping_status":"closed","sticky":false,"template":"","format":"standard","meta":{"_et_pb_use_builder":"","_et_pb_old_content":"","_et_gb_content_width":"","footnotes":""},"categories":[937],"tags":[],"class_list":["post-47738","post","type-post","status-publish","format-standard","hentry","category-actualitat-es"],"yoast_head":"<!-- This site is optimized with the Yoast SEO plugin v27.4 - https:\/\/yoast.com\/product\/yoast-seo-wordpress\/ -->\n<title>Intercanvio internacional de jovenes franceses y catalanes - Fundesplai<\/title>\n<meta name=\"robots\" content=\"index, follow, max-snippet:-1, max-image-preview:large, max-video-preview:-1\" \/>\n<link rel=\"canonical\" href=\"https:\/\/fundesplai.org\/es\/informa-t\/actualitat-es\/intercanvio-internacional-de-jovenes-franceses-y-catalanes\/\" \/>\n<meta property=\"og:locale\" content=\"es_ES\" \/>\n<meta property=\"og:type\" content=\"article\" \/>\n<meta property=\"og:title\" content=\"Intercanvio internacional de jovenes franceses y catalanes - Fundesplai\" \/>\n<meta property=\"og:description\" content=\"M\u00e1s de 30 j\u00f3venes francesos de centros de ocio de les regiones de Pribac (Haute-Garonne, a 15 km de Toulouse) y Lafran\u00e7aise (Tarn-et-Garonne, a 60 km de Toulouse) y jov\u00e9nes catalanes dels esplais Tricicle de Sant Joan Desp\u00ed, Can Serra del Hospitalet y el GISC del Prat participan estos dias en un intercambio internacional que [&hellip;]\" \/>\n<meta property=\"og:url\" content=\"https:\/\/fundesplai.org\/es\/informa-t\/actualitat-es\/intercanvio-internacional-de-jovenes-franceses-y-catalanes\/\" \/>\n<meta property=\"og:site_name\" content=\"Fundesplai\" \/>\n<meta property=\"article:published_time\" content=\"2017-07-25T14:27:36+00:00\" \/>\n<meta property=\"og:image\" content=\"https:\/\/fundesplai.org\/test-joomla\/wp-content\/uploads\/sites\/26\/2017\/07\/intercanvi-francesos-web.jpg\" \/>\n<meta name=\"author\" content=\"Ferran\" \/>\n<meta name=\"twitter:card\" content=\"summary_large_image\" \/>\n<meta name=\"twitter:label1\" content=\"Escrito por\" \/>\n\t<meta name=\"twitter:data1\" content=\"Ferran\" \/>\n\t<meta name=\"twitter:label2\" content=\"Tiempo de lectura\" \/>\n\t<meta name=\"twitter:data2\" content=\"3 minutos\" \/>\n<script type=\"application\/ld+json\" class=\"yoast-schema-graph\">{\"@context\":\"https:\\\/\\\/schema.org\",\"@graph\":[{\"@type\":\"Article\",\"@id\":\"https:\\\/\\\/fundesplai.org\\\/es\\\/informa-t\\\/actualitat-es\\\/intercanvio-internacional-de-jovenes-franceses-y-catalanes\\\/#article\",\"isPartOf\":{\"@id\":\"https:\\\/\\\/fundesplai.org\\\/es\\\/informa-t\\\/actualitat-es\\\/intercanvio-internacional-de-jovenes-franceses-y-catalanes\\\/\"},\"author\":{\"name\":\"Ferran\",\"@id\":\"https:\\\/\\\/fundesplai.org\\\/es\\\/#\\\/schema\\\/person\\\/67e7825d8ec54561cc24e36ba6b0f633\"},\"headline\":\"Intercanvio internacional de jovenes franceses y catalanes\",\"datePublished\":\"2017-07-25T14:27:36+00:00\",\"mainEntityOfPage\":{\"@id\":\"https:\\\/\\\/fundesplai.org\\\/es\\\/informa-t\\\/actualitat-es\\\/intercanvio-internacional-de-jovenes-franceses-y-catalanes\\\/\"},\"wordCount\":640,\"image\":{\"@id\":\"https:\\\/\\\/fundesplai.org\\\/es\\\/informa-t\\\/actualitat-es\\\/intercanvio-internacional-de-jovenes-franceses-y-catalanes\\\/#primaryimage\"},\"thumbnailUrl\":\"https:\\\/\\\/fundesplai.org\\\/test-joomla\\\/wp-content\\\/uploads\\\/sites\\\/26\\\/2017\\\/07\\\/intercanvi-francesos-web.jpg\",\"articleSection\":[\"Actualitat\"],\"inLanguage\":\"es\"},{\"@type\":\"WebPage\",\"@id\":\"https:\\\/\\\/fundesplai.org\\\/es\\\/informa-t\\\/actualitat-es\\\/intercanvio-internacional-de-jovenes-franceses-y-catalanes\\\/\",\"url\":\"https:\\\/\\\/fundesplai.org\\\/es\\\/informa-t\\\/actualitat-es\\\/intercanvio-internacional-de-jovenes-franceses-y-catalanes\\\/\",\"name\":\"Intercanvio internacional de jovenes franceses y catalanes - Fundesplai\",\"isPartOf\":{\"@id\":\"https:\\\/\\\/fundesplai.org\\\/es\\\/#website\"},\"primaryImageOfPage\":{\"@id\":\"https:\\\/\\\/fundesplai.org\\\/es\\\/informa-t\\\/actualitat-es\\\/intercanvio-internacional-de-jovenes-franceses-y-catalanes\\\/#primaryimage\"},\"image\":{\"@id\":\"https:\\\/\\\/fundesplai.org\\\/es\\\/informa-t\\\/actualitat-es\\\/intercanvio-internacional-de-jovenes-franceses-y-catalanes\\\/#primaryimage\"},\"thumbnailUrl\":\"https:\\\/\\\/fundesplai.org\\\/test-joomla\\\/wp-content\\\/uploads\\\/sites\\\/26\\\/2017\\\/07\\\/intercanvi-francesos-web.jpg\",\"datePublished\":\"2017-07-25T14:27:36+00:00\",\"author\":{\"@id\":\"https:\\\/\\\/fundesplai.org\\\/es\\\/#\\\/schema\\\/person\\\/67e7825d8ec54561cc24e36ba6b0f633\"},\"breadcrumb\":{\"@id\":\"https:\\\/\\\/fundesplai.org\\\/es\\\/informa-t\\\/actualitat-es\\\/intercanvio-internacional-de-jovenes-franceses-y-catalanes\\\/#breadcrumb\"},\"inLanguage\":\"es\",\"potentialAction\":[{\"@type\":\"ReadAction\",\"target\":[\"https:\\\/\\\/fundesplai.org\\\/es\\\/informa-t\\\/actualitat-es\\\/intercanvio-internacional-de-jovenes-franceses-y-catalanes\\\/\"]}]},{\"@type\":\"ImageObject\",\"inLanguage\":\"es\",\"@id\":\"https:\\\/\\\/fundesplai.org\\\/es\\\/informa-t\\\/actualitat-es\\\/intercanvio-internacional-de-jovenes-franceses-y-catalanes\\\/#primaryimage\",\"url\":\"https:\\\/\\\/fundesplai.org\\\/test-joomla\\\/wp-content\\\/uploads\\\/sites\\\/26\\\/2017\\\/07\\\/intercanvi-francesos-web.jpg\",\"contentUrl\":\"https:\\\/\\\/fundesplai.org\\\/test-joomla\\\/wp-content\\\/uploads\\\/sites\\\/26\\\/2017\\\/07\\\/intercanvi-francesos-web.jpg\"},{\"@type\":\"BreadcrumbList\",\"@id\":\"https:\\\/\\\/fundesplai.org\\\/es\\\/informa-t\\\/actualitat-es\\\/intercanvio-internacional-de-jovenes-franceses-y-catalanes\\\/#breadcrumb\",\"itemListElement\":[{\"@type\":\"ListItem\",\"position\":1,\"name\":\"Inici\",\"item\":\"https:\\\/\\\/fundesplai.org\\\/es\\\/inicio\\\/\"},{\"@type\":\"ListItem\",\"position\":2,\"name\":\"Inf\u00f3rmate\",\"item\":\"https:\\\/\\\/fundesplai.org\\\/es\\\/informate\\\/\"},{\"@type\":\"ListItem\",\"position\":3,\"name\":\"Sin categor\u00eda\",\"item\":\"https:\\\/\\\/fundesplai.org\\\/es\\\/informa-t\\\/category\\\/sin-categoria\\\/\"},{\"@type\":\"ListItem\",\"position\":4,\"name\":\"Intercanvio internacional de jovenes franceses y catalanes\"}]},{\"@type\":\"WebSite\",\"@id\":\"https:\\\/\\\/fundesplai.org\\\/es\\\/#website\",\"url\":\"https:\\\/\\\/fundesplai.org\\\/es\\\/\",\"name\":\"Fundesplai\",\"description\":\"Eduquem per la conviv\u00e8ncia i la sostenibilitat\",\"potentialAction\":[{\"@type\":\"SearchAction\",\"target\":{\"@type\":\"EntryPoint\",\"urlTemplate\":\"https:\\\/\\\/fundesplai.org\\\/es\\\/?s={search_term_string}\"},\"query-input\":{\"@type\":\"PropertyValueSpecification\",\"valueRequired\":true,\"valueName\":\"search_term_string\"}}],\"inLanguage\":\"es\"},{\"@type\":\"Person\",\"@id\":\"https:\\\/\\\/fundesplai.org\\\/es\\\/#\\\/schema\\\/person\\\/67e7825d8ec54561cc24e36ba6b0f633\",\"name\":\"Ferran\",\"image\":{\"@type\":\"ImageObject\",\"inLanguage\":\"es\",\"@id\":\"https:\\\/\\\/secure.gravatar.com\\\/avatar\\\/a3510350976b58aae6eccd1e36f066b660a69ef63f97fde3cba8205db7db816a?s=96&d=mm&r=g\",\"url\":\"https:\\\/\\\/secure.gravatar.com\\\/avatar\\\/a3510350976b58aae6eccd1e36f066b660a69ef63f97fde3cba8205db7db816a?s=96&d=mm&r=g\",\"contentUrl\":\"https:\\\/\\\/secure.gravatar.com\\\/avatar\\\/a3510350976b58aae6eccd1e36f066b660a69ef63f97fde3cba8205db7db816a?s=96&d=mm&r=g\",\"caption\":\"Ferran\"},\"url\":\"https:\\\/\\\/fundesplai.org\\\/es\\\/informa-t\\\/author\\\/fvidal\\\/\"}]}<\/script>\n<!-- \/ Yoast SEO plugin. -->","yoast_head_json":{"title":"Intercanvio internacional de jovenes franceses y catalanes - Fundesplai","robots":{"index":"index","follow":"follow","max-snippet":"max-snippet:-1","max-image-preview":"max-image-preview:large","max-video-preview":"max-video-preview:-1"},"canonical":"https:\/\/fundesplai.org\/es\/informa-t\/actualitat-es\/intercanvio-internacional-de-jovenes-franceses-y-catalanes\/","og_locale":"es_ES","og_type":"article","og_title":"Intercanvio internacional de jovenes franceses y catalanes - Fundesplai","og_description":"M\u00e1s de 30 j\u00f3venes francesos de centros de ocio de les regiones de Pribac (Haute-Garonne, a 15 km de Toulouse) y Lafran\u00e7aise (Tarn-et-Garonne, a 60 km de Toulouse) y jov\u00e9nes catalanes dels esplais Tricicle de Sant Joan Desp\u00ed, Can Serra del Hospitalet y el GISC del Prat participan estos dias en un intercambio internacional que [&hellip;]","og_url":"https:\/\/fundesplai.org\/es\/informa-t\/actualitat-es\/intercanvio-internacional-de-jovenes-franceses-y-catalanes\/","og_site_name":"Fundesplai","article_published_time":"2017-07-25T14:27:36+00:00","og_image":[{"url":"https:\/\/fundesplai.org\/test-joomla\/wp-content\/uploads\/sites\/26\/2017\/07\/intercanvi-francesos-web.jpg","type":"","width":"","height":""}],"author":"Ferran","twitter_card":"summary_large_image","twitter_misc":{"Escrito por":"Ferran","Tiempo de lectura":"3 minutos"},"schema":{"@context":"https:\/\/schema.org","@graph":[{"@type":"Article","@id":"https:\/\/fundesplai.org\/es\/informa-t\/actualitat-es\/intercanvio-internacional-de-jovenes-franceses-y-catalanes\/#article","isPartOf":{"@id":"https:\/\/fundesplai.org\/es\/informa-t\/actualitat-es\/intercanvio-internacional-de-jovenes-franceses-y-catalanes\/"},"author":{"name":"Ferran","@id":"https:\/\/fundesplai.org\/es\/#\/schema\/person\/67e7825d8ec54561cc24e36ba6b0f633"},"headline":"Intercanvio internacional de jovenes franceses y catalanes","datePublished":"2017-07-25T14:27:36+00:00","mainEntityOfPage":{"@id":"https:\/\/fundesplai.org\/es\/informa-t\/actualitat-es\/intercanvio-internacional-de-jovenes-franceses-y-catalanes\/"},"wordCount":640,"image":{"@id":"https:\/\/fundesplai.org\/es\/informa-t\/actualitat-es\/intercanvio-internacional-de-jovenes-franceses-y-catalanes\/#primaryimage"},"thumbnailUrl":"https:\/\/fundesplai.org\/test-joomla\/wp-content\/uploads\/sites\/26\/2017\/07\/intercanvi-francesos-web.jpg","articleSection":["Actualitat"],"inLanguage":"es"},{"@type":"WebPage","@id":"https:\/\/fundesplai.org\/es\/informa-t\/actualitat-es\/intercanvio-internacional-de-jovenes-franceses-y-catalanes\/","url":"https:\/\/fundesplai.org\/es\/informa-t\/actualitat-es\/intercanvio-internacional-de-jovenes-franceses-y-catalanes\/","name":"Intercanvio internacional de jovenes franceses y catalanes - Fundesplai","isPartOf":{"@id":"https:\/\/fundesplai.org\/es\/#website"},"primaryImageOfPage":{"@id":"https:\/\/fundesplai.org\/es\/informa-t\/actualitat-es\/intercanvio-internacional-de-jovenes-franceses-y-catalanes\/#primaryimage"},"image":{"@id":"https:\/\/fundesplai.org\/es\/informa-t\/actualitat-es\/intercanvio-internacional-de-jovenes-franceses-y-catalanes\/#primaryimage"},"thumbnailUrl":"https:\/\/fundesplai.org\/test-joomla\/wp-content\/uploads\/sites\/26\/2017\/07\/intercanvi-francesos-web.jpg","datePublished":"2017-07-25T14:27:36+00:00","author":{"@id":"https:\/\/fundesplai.org\/es\/#\/schema\/person\/67e7825d8ec54561cc24e36ba6b0f633"},"breadcrumb":{"@id":"https:\/\/fundesplai.org\/es\/informa-t\/actualitat-es\/intercanvio-internacional-de-jovenes-franceses-y-catalanes\/#breadcrumb"},"inLanguage":"es","potentialAction":[{"@type":"ReadAction","target":["https:\/\/fundesplai.org\/es\/informa-t\/actualitat-es\/intercanvio-internacional-de-jovenes-franceses-y-catalanes\/"]}]},{"@type":"ImageObject","inLanguage":"es","@id":"https:\/\/fundesplai.org\/es\/informa-t\/actualitat-es\/intercanvio-internacional-de-jovenes-franceses-y-catalanes\/#primaryimage","url":"https:\/\/fundesplai.org\/test-joomla\/wp-content\/uploads\/sites\/26\/2017\/07\/intercanvi-francesos-web.jpg","contentUrl":"https:\/\/fundesplai.org\/test-joomla\/wp-content\/uploads\/sites\/26\/2017\/07\/intercanvi-francesos-web.jpg"},{"@type":"BreadcrumbList","@id":"https:\/\/fundesplai.org\/es\/informa-t\/actualitat-es\/intercanvio-internacional-de-jovenes-franceses-y-catalanes\/#breadcrumb","itemListElement":[{"@type":"ListItem","position":1,"name":"Inici","item":"https:\/\/fundesplai.org\/es\/inicio\/"},{"@type":"ListItem","position":2,"name":"Inf\u00f3rmate","item":"https:\/\/fundesplai.org\/es\/informate\/"},{"@type":"ListItem","position":3,"name":"Sin categor\u00eda","item":"https:\/\/fundesplai.org\/es\/informa-t\/category\/sin-categoria\/"},{"@type":"ListItem","position":4,"name":"Intercanvio internacional de jovenes franceses y catalanes"}]},{"@type":"WebSite","@id":"https:\/\/fundesplai.org\/es\/#website","url":"https:\/\/fundesplai.org\/es\/","name":"Fundesplai","description":"Eduquem per la conviv\u00e8ncia i la sostenibilitat","potentialAction":[{"@type":"SearchAction","target":{"@type":"EntryPoint","urlTemplate":"https:\/\/fundesplai.org\/es\/?s={search_term_string}"},"query-input":{"@type":"PropertyValueSpecification","valueRequired":true,"valueName":"search_term_string"}}],"inLanguage":"es"},{"@type":"Person","@id":"https:\/\/fundesplai.org\/es\/#\/schema\/person\/67e7825d8ec54561cc24e36ba6b0f633","name":"Ferran","image":{"@type":"ImageObject","inLanguage":"es","@id":"https:\/\/secure.gravatar.com\/avatar\/a3510350976b58aae6eccd1e36f066b660a69ef63f97fde3cba8205db7db816a?s=96&d=mm&r=g","url":"https:\/\/secure.gravatar.com\/avatar\/a3510350976b58aae6eccd1e36f066b660a69ef63f97fde3cba8205db7db816a?s=96&d=mm&r=g","contentUrl":"https:\/\/secure.gravatar.com\/avatar\/a3510350976b58aae6eccd1e36f066b660a69ef63f97fde3cba8205db7db816a?s=96&d=mm&r=g","caption":"Ferran"},"url":"https:\/\/fundesplai.org\/es\/informa-t\/author\/fvidal\/"}]}},"_links":{"self":[{"href":"https:\/\/fundesplai.org\/es\/wp-json\/wp\/v2\/posts\/47738","targetHints":{"allow":["GET"]}}],"collection":[{"href":"https:\/\/fundesplai.org\/es\/wp-json\/wp\/v2\/posts"}],"about":[{"href":"https:\/\/fundesplai.org\/es\/wp-json\/wp\/v2\/types\/post"}],"author":[{"embeddable":true,"href":"https:\/\/fundesplai.org\/es\/wp-json\/wp\/v2\/users\/4"}],"replies":[{"embeddable":true,"href":"https:\/\/fundesplai.org\/es\/wp-json\/wp\/v2\/comments?post=47738"}],"version-history":[{"count":0,"href":"https:\/\/fundesplai.org\/es\/wp-json\/wp\/v2\/posts\/47738\/revisions"}],"wp:attachment":[{"href":"https:\/\/fundesplai.org\/es\/wp-json\/wp\/v2\/media?parent=47738"}],"wp:term":[{"taxonomy":"category","embeddable":true,"href":"https:\/\/fundesplai.org\/es\/wp-json\/wp\/v2\/categories?post=47738"},{"taxonomy":"post_tag","embeddable":true,"href":"https:\/\/fundesplai.org\/es\/wp-json\/wp\/v2\/tags?post=47738"}],"curies":[{"name":"wp","href":"https:\/\/api.w.org\/{rel}","templated":true}]}}