{"id":47737,"date":"2017-07-24T16:34:19","date_gmt":"2017-07-24T14:34:19","guid":{"rendered":"https:\/\/fundesplai.org\/informa-t\/sense-categoria\/fundesplai-a-la-junta-directiva-de-transicion-de-la-mesa\/"},"modified":"2017-07-24T16:34:19","modified_gmt":"2017-07-24T14:34:19","slug":"fundesplai-a-la-junta-directiva-de-transicion-de-la-mesa","status":"publish","type":"post","link":"https:\/\/fundesplai.org\/es\/informa-t\/actualitat-es\/fundesplai-a-la-junta-directiva-de-transicion-de-la-mesa\/","title":{"rendered":"Fundesplai, a la Junta Directiva de transici\u00f3n de la Mesa"},"content":{"rendered":"<p>Fundesplai ha entrado a formar parte de la Junta Directiva de transci\u00f3n de la Mesa de Entidades del Tercer Sector.&nbsp; Esta Junta provisional gestionar\u00e1 la Mesa del Tercer Sector hasta que haya una nueva Junta directiva. Las nuevas elecciones est\u00e1n previstas para el 10 de octubre.<\/p>\n<p><!--more--><\/p>\n<p>Fundesplai ha entrado a formar parte de la Junta Directiva de transci\u00f3n de la Mesa de Entidades del Tercer Sector.&nbsp; Esta Junta provisional gestionar\u00e1 la Mesa del Tercer Sector hasta que haya una nueva Junta directiva. Las nuevas elecciones est\u00e1n previstas para el 10 de octubre. La Junta provisional est\u00e1 formada por:<\/p>\n<ul>\n<li><strong>Enric Morist,<\/strong>&nbsp;presidente (Cruz Roja)<\/li>\n<li><strong>N\u00faria Valls,<\/strong>&nbsp; secretaria (Fundesplai)<\/li>\n<li><strong>Anna Villa,<\/strong>&nbsp;tesorera (Federaci\u00f3n de Entidades con Proyectos y Pisos Asistidos- FEPA)<\/li>\n<li><strong>Francesc Roig,<\/strong>&nbsp;vocal (C\u00e1ritas Catalu\u00f1a)<\/li>\n<li><strong>Ramon Miralles,&nbsp;<\/strong>vocal (Federaci\u00f3n Catalana de Entidades Contra el C\u00e1ncer- FECEC)<\/li>\n<li><strong>Israel Molinero,<\/strong>&nbsp;vocal (Salud Mental Catalu\u00f1a)<\/li>\n<\/ul>\n<p>Esta Junta Directiva de transici\u00f3n est\u00e1 actuando desde que el presidente de la Mesa, Oriol Illa, y las 13 entidades que formaban parte de la Junta electa dimitieran como consecuencia de una crisis interna. Diferentes entidades de la Mesa pidieron la dimisi\u00f3n de Illa porque, argumentaba, no hab\u00eda respetado los mandatos de la Junta.<\/p>\n<p>La Mesa de Entidades design\u00f3 a Oriol Illa, entonces director de la Fundaci\u00f3n Francesc Ferrer i Gu\u00e0rdia,como&nbsp; presidente en julio de 2015 en sustituci\u00f3n de \u00c0ngels Guiteras, de la Asociaci\u00f3n Bienestar y Desarrollo.<\/p>\n<p>Fundesplai ha ocupado diferentes responsabilidades en la Mesa de Entidades del Tercer Sector desde su creaci\u00f3n en el a\u00f1o 2003.<\/p>\n","protected":false},"excerpt":{"rendered":"<p>Fundesplai ha entrado a formar parte de la Junta Directiva de transci\u00f3n de la Mesa de Entidades del Tercer Sector.&nbsp; Esta Junta provisional gestionar\u00e1 la Mesa del Tercer Sector hasta que haya una nueva Junta directiva. Las nuevas elecciones est\u00e1n previstas para el 10 de octubre.<\/p>\n","protected":false},"author":9,"featured_media":0,"comment_status":"closed","ping_status":"closed","sticky":false,"template":"","format":"standard","meta":{"_et_pb_use_builder":"","_et_pb_old_content":"","_et_gb_content_width":"","footnotes":""},"categories":[937],"tags":[],"class_list":["post-47737","post","type-post","status-publish","format-standard","hentry","category-actualitat-es"],"yoast_head":"<!-- This site is optimized with the Yoast SEO plugin v27.4 - https:\/\/yoast.com\/product\/yoast-seo-wordpress\/ -->\n<title>Fundesplai, a la Junta Directiva de transici\u00f3n de la Mesa - Fundesplai<\/title>\n<meta name=\"robots\" content=\"index, follow, max-snippet:-1, max-image-preview:large, max-video-preview:-1\" \/>\n<link rel=\"canonical\" href=\"https:\/\/fundesplai.org\/es\/informa-t\/actualitat-es\/fundesplai-a-la-junta-directiva-de-transicion-de-la-mesa\/\" \/>\n<meta property=\"og:locale\" content=\"es_ES\" \/>\n<meta property=\"og:type\" content=\"article\" \/>\n<meta property=\"og:title\" content=\"Fundesplai, a la Junta Directiva de transici\u00f3n de la Mesa - Fundesplai\" \/>\n<meta property=\"og:description\" content=\"Fundesplai ha entrado a formar parte de la Junta Directiva de transci\u00f3n de la Mesa de Entidades del Tercer Sector.&nbsp; Esta Junta provisional gestionar\u00e1 la Mesa del Tercer Sector hasta que haya una nueva Junta directiva. Las nuevas elecciones est\u00e1n previstas para el 10 de octubre.\" \/>\n<meta property=\"og:url\" content=\"https:\/\/fundesplai.org\/es\/informa-t\/actualitat-es\/fundesplai-a-la-junta-directiva-de-transicion-de-la-mesa\/\" \/>\n<meta property=\"og:site_name\" content=\"Fundesplai\" \/>\n<meta property=\"article:published_time\" content=\"2017-07-24T14:34:19+00:00\" \/>\n<meta name=\"author\" content=\"Alfons Valle\" \/>\n<meta name=\"twitter:card\" content=\"summary_large_image\" \/>\n<meta name=\"twitter:label1\" content=\"Escrito por\" \/>\n\t<meta name=\"twitter:data1\" content=\"Alfons Valle\" \/>\n\t<meta name=\"twitter:label2\" content=\"Tiempo de lectura\" \/>\n\t<meta name=\"twitter:data2\" content=\"1 minuto\" \/>\n<script type=\"application\/ld+json\" class=\"yoast-schema-graph\">{\"@context\":\"https:\\\/\\\/schema.org\",\"@graph\":[{\"@type\":\"Article\",\"@id\":\"https:\\\/\\\/fundesplai.org\\\/es\\\/informa-t\\\/actualitat-es\\\/fundesplai-a-la-junta-directiva-de-transicion-de-la-mesa\\\/#article\",\"isPartOf\":{\"@id\":\"https:\\\/\\\/fundesplai.org\\\/es\\\/informa-t\\\/actualitat-es\\\/fundesplai-a-la-junta-directiva-de-transicion-de-la-mesa\\\/\"},\"author\":{\"name\":\"Alfons Valle\",\"@id\":\"https:\\\/\\\/fundesplai.org\\\/es\\\/#\\\/schema\\\/person\\\/c0e9e7466bb8ac06f5264324a6109733\"},\"headline\":\"Fundesplai, a la Junta Directiva de transici\u00f3n de la Mesa\",\"datePublished\":\"2017-07-24T14:34:19+00:00\",\"mainEntityOfPage\":{\"@id\":\"https:\\\/\\\/fundesplai.org\\\/es\\\/informa-t\\\/actualitat-es\\\/fundesplai-a-la-junta-directiva-de-transicion-de-la-mesa\\\/\"},\"wordCount\":284,\"articleSection\":[\"Actualitat\"],\"inLanguage\":\"es\"},{\"@type\":\"WebPage\",\"@id\":\"https:\\\/\\\/fundesplai.org\\\/es\\\/informa-t\\\/actualitat-es\\\/fundesplai-a-la-junta-directiva-de-transicion-de-la-mesa\\\/\",\"url\":\"https:\\\/\\\/fundesplai.org\\\/es\\\/informa-t\\\/actualitat-es\\\/fundesplai-a-la-junta-directiva-de-transicion-de-la-mesa\\\/\",\"name\":\"Fundesplai, a la Junta Directiva de transici\u00f3n de la Mesa - Fundesplai\",\"isPartOf\":{\"@id\":\"https:\\\/\\\/fundesplai.org\\\/es\\\/#website\"},\"datePublished\":\"2017-07-24T14:34:19+00:00\",\"author\":{\"@id\":\"https:\\\/\\\/fundesplai.org\\\/es\\\/#\\\/schema\\\/person\\\/c0e9e7466bb8ac06f5264324a6109733\"},\"breadcrumb\":{\"@id\":\"https:\\\/\\\/fundesplai.org\\\/es\\\/informa-t\\\/actualitat-es\\\/fundesplai-a-la-junta-directiva-de-transicion-de-la-mesa\\\/#breadcrumb\"},\"inLanguage\":\"es\",\"potentialAction\":[{\"@type\":\"ReadAction\",\"target\":[\"https:\\\/\\\/fundesplai.org\\\/es\\\/informa-t\\\/actualitat-es\\\/fundesplai-a-la-junta-directiva-de-transicion-de-la-mesa\\\/\"]}]},{\"@type\":\"BreadcrumbList\",\"@id\":\"https:\\\/\\\/fundesplai.org\\\/es\\\/informa-t\\\/actualitat-es\\\/fundesplai-a-la-junta-directiva-de-transicion-de-la-mesa\\\/#breadcrumb\",\"itemListElement\":[{\"@type\":\"ListItem\",\"position\":1,\"name\":\"Inici\",\"item\":\"https:\\\/\\\/fundesplai.org\\\/es\\\/inicio\\\/\"},{\"@type\":\"ListItem\",\"position\":2,\"name\":\"Inf\u00f3rmate\",\"item\":\"https:\\\/\\\/fundesplai.org\\\/es\\\/informate\\\/\"},{\"@type\":\"ListItem\",\"position\":3,\"name\":\"Sin categor\u00eda\",\"item\":\"https:\\\/\\\/fundesplai.org\\\/es\\\/informa-t\\\/category\\\/sin-categoria\\\/\"},{\"@type\":\"ListItem\",\"position\":4,\"name\":\"Fundesplai, a la Junta Directiva de transici\u00f3n de la Mesa\"}]},{\"@type\":\"WebSite\",\"@id\":\"https:\\\/\\\/fundesplai.org\\\/es\\\/#website\",\"url\":\"https:\\\/\\\/fundesplai.org\\\/es\\\/\",\"name\":\"Fundesplai\",\"description\":\"Eduquem per la conviv\u00e8ncia i la sostenibilitat\",\"potentialAction\":[{\"@type\":\"SearchAction\",\"target\":{\"@type\":\"EntryPoint\",\"urlTemplate\":\"https:\\\/\\\/fundesplai.org\\\/es\\\/?s={search_term_string}\"},\"query-input\":{\"@type\":\"PropertyValueSpecification\",\"valueRequired\":true,\"valueName\":\"search_term_string\"}}],\"inLanguage\":\"es\"},{\"@type\":\"Person\",\"@id\":\"https:\\\/\\\/fundesplai.org\\\/es\\\/#\\\/schema\\\/person\\\/c0e9e7466bb8ac06f5264324a6109733\",\"name\":\"Alfons Valle\",\"image\":{\"@type\":\"ImageObject\",\"inLanguage\":\"es\",\"@id\":\"https:\\\/\\\/secure.gravatar.com\\\/avatar\\\/71d95a3f99a068ba570ac1314ed6911a59c5ae3f22ffcf23631cd1a861a640bc?s=96&d=mm&r=g\",\"url\":\"https:\\\/\\\/secure.gravatar.com\\\/avatar\\\/71d95a3f99a068ba570ac1314ed6911a59c5ae3f22ffcf23631cd1a861a640bc?s=96&d=mm&r=g\",\"contentUrl\":\"https:\\\/\\\/secure.gravatar.com\\\/avatar\\\/71d95a3f99a068ba570ac1314ed6911a59c5ae3f22ffcf23631cd1a861a640bc?s=96&d=mm&r=g\",\"caption\":\"Alfons Valle\"},\"url\":\"https:\\\/\\\/fundesplai.org\\\/es\\\/informa-t\\\/author\\\/avalle\\\/\"}]}<\/script>\n<!-- \/ Yoast SEO plugin. -->","yoast_head_json":{"title":"Fundesplai, a la Junta Directiva de transici\u00f3n de la Mesa - Fundesplai","robots":{"index":"index","follow":"follow","max-snippet":"max-snippet:-1","max-image-preview":"max-image-preview:large","max-video-preview":"max-video-preview:-1"},"canonical":"https:\/\/fundesplai.org\/es\/informa-t\/actualitat-es\/fundesplai-a-la-junta-directiva-de-transicion-de-la-mesa\/","og_locale":"es_ES","og_type":"article","og_title":"Fundesplai, a la Junta Directiva de transici\u00f3n de la Mesa - Fundesplai","og_description":"Fundesplai ha entrado a formar parte de la Junta Directiva de transci\u00f3n de la Mesa de Entidades del Tercer Sector.&nbsp; Esta Junta provisional gestionar\u00e1 la Mesa del Tercer Sector hasta que haya una nueva Junta directiva. Las nuevas elecciones est\u00e1n previstas para el 10 de octubre.","og_url":"https:\/\/fundesplai.org\/es\/informa-t\/actualitat-es\/fundesplai-a-la-junta-directiva-de-transicion-de-la-mesa\/","og_site_name":"Fundesplai","article_published_time":"2017-07-24T14:34:19+00:00","author":"Alfons Valle","twitter_card":"summary_large_image","twitter_misc":{"Escrito por":"Alfons Valle","Tiempo de lectura":"1 minuto"},"schema":{"@context":"https:\/\/schema.org","@graph":[{"@type":"Article","@id":"https:\/\/fundesplai.org\/es\/informa-t\/actualitat-es\/fundesplai-a-la-junta-directiva-de-transicion-de-la-mesa\/#article","isPartOf":{"@id":"https:\/\/fundesplai.org\/es\/informa-t\/actualitat-es\/fundesplai-a-la-junta-directiva-de-transicion-de-la-mesa\/"},"author":{"name":"Alfons Valle","@id":"https:\/\/fundesplai.org\/es\/#\/schema\/person\/c0e9e7466bb8ac06f5264324a6109733"},"headline":"Fundesplai, a la Junta Directiva de transici\u00f3n de la Mesa","datePublished":"2017-07-24T14:34:19+00:00","mainEntityOfPage":{"@id":"https:\/\/fundesplai.org\/es\/informa-t\/actualitat-es\/fundesplai-a-la-junta-directiva-de-transicion-de-la-mesa\/"},"wordCount":284,"articleSection":["Actualitat"],"inLanguage":"es"},{"@type":"WebPage","@id":"https:\/\/fundesplai.org\/es\/informa-t\/actualitat-es\/fundesplai-a-la-junta-directiva-de-transicion-de-la-mesa\/","url":"https:\/\/fundesplai.org\/es\/informa-t\/actualitat-es\/fundesplai-a-la-junta-directiva-de-transicion-de-la-mesa\/","name":"Fundesplai, a la Junta Directiva de transici\u00f3n de la Mesa - Fundesplai","isPartOf":{"@id":"https:\/\/fundesplai.org\/es\/#website"},"datePublished":"2017-07-24T14:34:19+00:00","author":{"@id":"https:\/\/fundesplai.org\/es\/#\/schema\/person\/c0e9e7466bb8ac06f5264324a6109733"},"breadcrumb":{"@id":"https:\/\/fundesplai.org\/es\/informa-t\/actualitat-es\/fundesplai-a-la-junta-directiva-de-transicion-de-la-mesa\/#breadcrumb"},"inLanguage":"es","potentialAction":[{"@type":"ReadAction","target":["https:\/\/fundesplai.org\/es\/informa-t\/actualitat-es\/fundesplai-a-la-junta-directiva-de-transicion-de-la-mesa\/"]}]},{"@type":"BreadcrumbList","@id":"https:\/\/fundesplai.org\/es\/informa-t\/actualitat-es\/fundesplai-a-la-junta-directiva-de-transicion-de-la-mesa\/#breadcrumb","itemListElement":[{"@type":"ListItem","position":1,"name":"Inici","item":"https:\/\/fundesplai.org\/es\/inicio\/"},{"@type":"ListItem","position":2,"name":"Inf\u00f3rmate","item":"https:\/\/fundesplai.org\/es\/informate\/"},{"@type":"ListItem","position":3,"name":"Sin categor\u00eda","item":"https:\/\/fundesplai.org\/es\/informa-t\/category\/sin-categoria\/"},{"@type":"ListItem","position":4,"name":"Fundesplai, a la Junta Directiva de transici\u00f3n de la Mesa"}]},{"@type":"WebSite","@id":"https:\/\/fundesplai.org\/es\/#website","url":"https:\/\/fundesplai.org\/es\/","name":"Fundesplai","description":"Eduquem per la conviv\u00e8ncia i la sostenibilitat","potentialAction":[{"@type":"SearchAction","target":{"@type":"EntryPoint","urlTemplate":"https:\/\/fundesplai.org\/es\/?s={search_term_string}"},"query-input":{"@type":"PropertyValueSpecification","valueRequired":true,"valueName":"search_term_string"}}],"inLanguage":"es"},{"@type":"Person","@id":"https:\/\/fundesplai.org\/es\/#\/schema\/person\/c0e9e7466bb8ac06f5264324a6109733","name":"Alfons Valle","image":{"@type":"ImageObject","inLanguage":"es","@id":"https:\/\/secure.gravatar.com\/avatar\/71d95a3f99a068ba570ac1314ed6911a59c5ae3f22ffcf23631cd1a861a640bc?s=96&d=mm&r=g","url":"https:\/\/secure.gravatar.com\/avatar\/71d95a3f99a068ba570ac1314ed6911a59c5ae3f22ffcf23631cd1a861a640bc?s=96&d=mm&r=g","contentUrl":"https:\/\/secure.gravatar.com\/avatar\/71d95a3f99a068ba570ac1314ed6911a59c5ae3f22ffcf23631cd1a861a640bc?s=96&d=mm&r=g","caption":"Alfons Valle"},"url":"https:\/\/fundesplai.org\/es\/informa-t\/author\/avalle\/"}]}},"_links":{"self":[{"href":"https:\/\/fundesplai.org\/es\/wp-json\/wp\/v2\/posts\/47737","targetHints":{"allow":["GET"]}}],"collection":[{"href":"https:\/\/fundesplai.org\/es\/wp-json\/wp\/v2\/posts"}],"about":[{"href":"https:\/\/fundesplai.org\/es\/wp-json\/wp\/v2\/types\/post"}],"author":[{"embeddable":true,"href":"https:\/\/fundesplai.org\/es\/wp-json\/wp\/v2\/users\/9"}],"replies":[{"embeddable":true,"href":"https:\/\/fundesplai.org\/es\/wp-json\/wp\/v2\/comments?post=47737"}],"version-history":[{"count":0,"href":"https:\/\/fundesplai.org\/es\/wp-json\/wp\/v2\/posts\/47737\/revisions"}],"wp:attachment":[{"href":"https:\/\/fundesplai.org\/es\/wp-json\/wp\/v2\/media?parent=47737"}],"wp:term":[{"taxonomy":"category","embeddable":true,"href":"https:\/\/fundesplai.org\/es\/wp-json\/wp\/v2\/categories?post=47737"},{"taxonomy":"post_tag","embeddable":true,"href":"https:\/\/fundesplai.org\/es\/wp-json\/wp\/v2\/tags?post=47737"}],"curies":[{"name":"wp","href":"https:\/\/api.w.org\/{rel}","templated":true}]}}