{"id":47736,"date":"2017-07-21T13:17:23","date_gmt":"2017-07-21T11:17:23","guid":{"rendered":"https:\/\/fundesplai.org\/informa-t\/sense-categoria\/fundesplai-renueva-su-patronato-e-impulsa-un-nuevo-marco-estrategico\/"},"modified":"2017-07-21T13:17:23","modified_gmt":"2017-07-21T11:17:23","slug":"fundesplai-renueva-su-patronato-e-impulsa-un-nuevo-marco-estrategico","status":"publish","type":"post","link":"https:\/\/fundesplai.org\/es\/informa-t\/actualitat-es\/fundesplai-renueva-su-patronato-e-impulsa-un-nuevo-marco-estrategico\/","title":{"rendered":"Fundesplai renueva su Patronato e impulsa un nuevo Marco Estrat\u00e9gico"},"content":{"rendered":"<p>El mi\u00e9rcoles 19 de julio hemos celebrado una reuni\u00f3n extraordinaria del Patronato de la Fundaci\u00f3 Catalana del Esplai (Fundesplai) para la renovaci\u00f3n de los miembros de este \u00f3rgano de gobierno que, como en todas las fundaciones, es quien tiene la responsabilidad \u00faltima de las actuaciones de la entidad.<\/p>\n<p><!--more--><\/p>\n<p><img decoding=\"async\" class=\" size-full wp-image-4503\" src=\"https:\/\/fundesplai.org\/test-joomla\/wp-content\/uploads\/sites\/26\/2017\/07\/Nou_patronat_2.jpg\" alt=\"Nuevo patronato 2\" width=\"100%\" height=\"NaN\"><\/p>\n<p>El mi\u00e9rcoles 19 de julio hemos celebrado una reuni\u00f3n extraordinaria del Patronato de la Fundaci\u00f3 Catalana del Esplai (Fundesplai) para la renovaci\u00f3n de los miembros de este \u00f3rgano de gobierno que, como en todas las fundaciones, es quien tiene la responsabilidad \u00faltima de las actuaciones de la entidad.<\/p>\n<p>Fruto de esta renovaci\u00f3n se han nombrado siete nuevos patrones y patrones:&nbsp;<strong>Sheila Beltr\u00e1n<\/strong>(subdirectora del recreo Montmella Cases Can Vidalet y presidenta de la Federaci\u00f3n Catalana del Esplai );&nbsp;<strong>Maria Ferrer<\/strong>&nbsp; (directora del recreo Raconet y vicepresidenta de la Federaci\u00f3n Catalana del Esplai);&nbsp;<strong>Enrique Arnanz<\/strong>&nbsp; (presidente de la Fundaci\u00f3n Esplai);&nbsp;<strong>Carles Grau<\/strong>(Partner Technology and Innovation Konsac Group);&nbsp;<strong>Montserrat Guri<\/strong>&nbsp; (Directora del instituto escuela art\u00edstico Oriol Martorell);&nbsp;<strong>Carme San Miguel<\/strong>&nbsp; (Miembro del patronato de la Fundaci\u00f3n Formaci\u00f3n y Trabajo) y&nbsp;<strong>Jordi Sim\u00f3<\/strong>&nbsp; (Fundador y CEO de Plan Marqueting y Comunicaci\u00f3n).<\/p>\n<p>Continuamos formando parte del Patronato en&nbsp;<strong>Carles Castells,Anna<\/strong>&nbsp; <strong>Romeu,Amparo<\/strong>&nbsp; <strong>Porcel,Salvador<\/strong>&nbsp; <strong>Carrasco,Sheila<\/strong>&nbsp; <strong>Fern\u00e0ndez,Rosa<\/strong>&nbsp; <strong>Romeu,Rosa<\/strong>&nbsp; <strong>Valls<\/strong>&nbsp;y yo mismo, como presidente.<\/p>\n<p>En el transcurso de la reuni\u00f3n de hoy se ha agradecido muy especialmente la dedicaci\u00f3n, implicaci\u00f3n y compromiso de las personas que han dejado de formar parte del Patronato, que est\u00e1n en&nbsp;<strong>Carles Barba<\/strong>,&nbsp;<strong>Miquel Ingl\u00e9s<\/strong>,&nbsp;<strong>Daniel Celma<\/strong>,&nbsp;<strong>Marc Alcaraz<\/strong>, as\u00ed como en&nbsp;<strong>Ramon Garcia<\/strong>i la&nbsp;<strong>Montserrat Picas<\/strong>, que ya la hab\u00edan dejado el pasado mes de diciembre.<\/p>\n<p>La composici\u00f3n final del nuevo patronato aumenta en cuanto a n\u00famero de miembros (pasando de catorce a quince), representaci\u00f3n femenina (nueve mujeres y seis hombres) y disminuye la media de edad.<\/p>\n<p>Aparte de aprobar los planes de actuaci\u00f3n y los presupuestos de la organizaci\u00f3n, este Patronato renovado tendr\u00e1 la misi\u00f3n de impulsar el nuevo Marco Estrat\u00e9gico de Fundesplai.<\/p>\n<p>Sobre la base de la misi\u00f3n, la visi\u00f3n y los valores de Fundesplai, que se mantienen como hasta ahora, este Marco Estrat\u00e9gico deber\u00e1 guiar la acci\u00f3n de la entidad para los pr\u00f3ximos a\u00f1os a partir de las conclusiones de un proceso de reflexi\u00f3n en el que participaremos m\u00e1s de 700 personas y que prevemos concluir en el oto\u00f1o de 2018.<\/p>\n<p>Saludos cordiales,<\/p>\n<p><strong>Josep Gass\u00f3<br \/>Presidente de Fundesplai<\/strong><\/p>\n","protected":false},"excerpt":{"rendered":"<p>El mi\u00e9rcoles 19 de julio hemos celebrado una reuni\u00f3n extraordinaria del Patronato de la Fundaci\u00f3 Catalana del Esplai (Fundesplai) para la renovaci\u00f3n de los miembros de este \u00f3rgano de gobierno que, como en todas las fundaciones, es quien tiene la responsabilidad \u00faltima de las actuaciones de la entidad.<\/p>\n","protected":false},"author":9,"featured_media":0,"comment_status":"closed","ping_status":"closed","sticky":false,"template":"","format":"standard","meta":{"_et_pb_use_builder":"","_et_pb_old_content":"","_et_gb_content_width":"","footnotes":""},"categories":[937],"tags":[],"class_list":["post-47736","post","type-post","status-publish","format-standard","hentry","category-actualitat-es"],"yoast_head":"<!-- This site is optimized with the Yoast SEO plugin v27.4 - https:\/\/yoast.com\/product\/yoast-seo-wordpress\/ -->\n<title>Fundesplai renueva su Patronato e impulsa un nuevo Marco Estrat\u00e9gico - Fundesplai<\/title>\n<meta name=\"robots\" content=\"index, follow, max-snippet:-1, max-image-preview:large, max-video-preview:-1\" \/>\n<link rel=\"canonical\" href=\"https:\/\/fundesplai.org\/es\/informa-t\/actualitat-es\/fundesplai-renueva-su-patronato-e-impulsa-un-nuevo-marco-estrategico\/\" \/>\n<meta property=\"og:locale\" content=\"es_ES\" \/>\n<meta property=\"og:type\" content=\"article\" \/>\n<meta property=\"og:title\" content=\"Fundesplai renueva su Patronato e impulsa un nuevo Marco Estrat\u00e9gico - Fundesplai\" \/>\n<meta property=\"og:description\" content=\"El mi\u00e9rcoles 19 de julio hemos celebrado una reuni\u00f3n extraordinaria del Patronato de la Fundaci\u00f3 Catalana del Esplai (Fundesplai) para la renovaci\u00f3n de los miembros de este \u00f3rgano de gobierno que, como en todas las fundaciones, es quien tiene la responsabilidad \u00faltima de las actuaciones de la entidad.\" \/>\n<meta property=\"og:url\" content=\"https:\/\/fundesplai.org\/es\/informa-t\/actualitat-es\/fundesplai-renueva-su-patronato-e-impulsa-un-nuevo-marco-estrategico\/\" \/>\n<meta property=\"og:site_name\" content=\"Fundesplai\" \/>\n<meta property=\"article:published_time\" content=\"2017-07-21T11:17:23+00:00\" \/>\n<meta property=\"og:image\" content=\"https:\/\/fundesplai.org\/test-joomla\/wp-content\/uploads\/sites\/26\/2017\/07\/Nou_patronat_2.jpg\" \/>\n<meta name=\"author\" content=\"Alfons Valle\" \/>\n<meta name=\"twitter:card\" content=\"summary_large_image\" \/>\n<meta name=\"twitter:label1\" content=\"Escrito por\" \/>\n\t<meta name=\"twitter:data1\" content=\"Alfons Valle\" \/>\n\t<meta name=\"twitter:label2\" content=\"Tiempo de lectura\" \/>\n\t<meta name=\"twitter:data2\" content=\"2 minutos\" \/>\n<script type=\"application\/ld+json\" class=\"yoast-schema-graph\">{\"@context\":\"https:\\\/\\\/schema.org\",\"@graph\":[{\"@type\":\"Article\",\"@id\":\"https:\\\/\\\/fundesplai.org\\\/es\\\/informa-t\\\/actualitat-es\\\/fundesplai-renueva-su-patronato-e-impulsa-un-nuevo-marco-estrategico\\\/#article\",\"isPartOf\":{\"@id\":\"https:\\\/\\\/fundesplai.org\\\/es\\\/informa-t\\\/actualitat-es\\\/fundesplai-renueva-su-patronato-e-impulsa-un-nuevo-marco-estrategico\\\/\"},\"author\":{\"name\":\"Alfons Valle\",\"@id\":\"https:\\\/\\\/fundesplai.org\\\/es\\\/#\\\/schema\\\/person\\\/c0e9e7466bb8ac06f5264324a6109733\"},\"headline\":\"Fundesplai renueva su Patronato e impulsa un nuevo Marco Estrat\u00e9gico\",\"datePublished\":\"2017-07-21T11:17:23+00:00\",\"mainEntityOfPage\":{\"@id\":\"https:\\\/\\\/fundesplai.org\\\/es\\\/informa-t\\\/actualitat-es\\\/fundesplai-renueva-su-patronato-e-impulsa-un-nuevo-marco-estrategico\\\/\"},\"wordCount\":465,\"image\":{\"@id\":\"https:\\\/\\\/fundesplai.org\\\/es\\\/informa-t\\\/actualitat-es\\\/fundesplai-renueva-su-patronato-e-impulsa-un-nuevo-marco-estrategico\\\/#primaryimage\"},\"thumbnailUrl\":\"https:\\\/\\\/fundesplai.org\\\/test-joomla\\\/wp-content\\\/uploads\\\/sites\\\/26\\\/2017\\\/07\\\/Nou_patronat_2.jpg\",\"articleSection\":[\"Actualitat\"],\"inLanguage\":\"es\"},{\"@type\":\"WebPage\",\"@id\":\"https:\\\/\\\/fundesplai.org\\\/es\\\/informa-t\\\/actualitat-es\\\/fundesplai-renueva-su-patronato-e-impulsa-un-nuevo-marco-estrategico\\\/\",\"url\":\"https:\\\/\\\/fundesplai.org\\\/es\\\/informa-t\\\/actualitat-es\\\/fundesplai-renueva-su-patronato-e-impulsa-un-nuevo-marco-estrategico\\\/\",\"name\":\"Fundesplai renueva su Patronato e impulsa un nuevo Marco Estrat\u00e9gico - Fundesplai\",\"isPartOf\":{\"@id\":\"https:\\\/\\\/fundesplai.org\\\/es\\\/#website\"},\"primaryImageOfPage\":{\"@id\":\"https:\\\/\\\/fundesplai.org\\\/es\\\/informa-t\\\/actualitat-es\\\/fundesplai-renueva-su-patronato-e-impulsa-un-nuevo-marco-estrategico\\\/#primaryimage\"},\"image\":{\"@id\":\"https:\\\/\\\/fundesplai.org\\\/es\\\/informa-t\\\/actualitat-es\\\/fundesplai-renueva-su-patronato-e-impulsa-un-nuevo-marco-estrategico\\\/#primaryimage\"},\"thumbnailUrl\":\"https:\\\/\\\/fundesplai.org\\\/test-joomla\\\/wp-content\\\/uploads\\\/sites\\\/26\\\/2017\\\/07\\\/Nou_patronat_2.jpg\",\"datePublished\":\"2017-07-21T11:17:23+00:00\",\"author\":{\"@id\":\"https:\\\/\\\/fundesplai.org\\\/es\\\/#\\\/schema\\\/person\\\/c0e9e7466bb8ac06f5264324a6109733\"},\"breadcrumb\":{\"@id\":\"https:\\\/\\\/fundesplai.org\\\/es\\\/informa-t\\\/actualitat-es\\\/fundesplai-renueva-su-patronato-e-impulsa-un-nuevo-marco-estrategico\\\/#breadcrumb\"},\"inLanguage\":\"es\",\"potentialAction\":[{\"@type\":\"ReadAction\",\"target\":[\"https:\\\/\\\/fundesplai.org\\\/es\\\/informa-t\\\/actualitat-es\\\/fundesplai-renueva-su-patronato-e-impulsa-un-nuevo-marco-estrategico\\\/\"]}]},{\"@type\":\"ImageObject\",\"inLanguage\":\"es\",\"@id\":\"https:\\\/\\\/fundesplai.org\\\/es\\\/informa-t\\\/actualitat-es\\\/fundesplai-renueva-su-patronato-e-impulsa-un-nuevo-marco-estrategico\\\/#primaryimage\",\"url\":\"https:\\\/\\\/fundesplai.org\\\/test-joomla\\\/wp-content\\\/uploads\\\/sites\\\/26\\\/2017\\\/07\\\/Nou_patronat_2.jpg\",\"contentUrl\":\"https:\\\/\\\/fundesplai.org\\\/test-joomla\\\/wp-content\\\/uploads\\\/sites\\\/26\\\/2017\\\/07\\\/Nou_patronat_2.jpg\"},{\"@type\":\"BreadcrumbList\",\"@id\":\"https:\\\/\\\/fundesplai.org\\\/es\\\/informa-t\\\/actualitat-es\\\/fundesplai-renueva-su-patronato-e-impulsa-un-nuevo-marco-estrategico\\\/#breadcrumb\",\"itemListElement\":[{\"@type\":\"ListItem\",\"position\":1,\"name\":\"Inici\",\"item\":\"https:\\\/\\\/fundesplai.org\\\/es\\\/inicio\\\/\"},{\"@type\":\"ListItem\",\"position\":2,\"name\":\"Inf\u00f3rmate\",\"item\":\"https:\\\/\\\/fundesplai.org\\\/es\\\/informate\\\/\"},{\"@type\":\"ListItem\",\"position\":3,\"name\":\"Sin categor\u00eda\",\"item\":\"https:\\\/\\\/fundesplai.org\\\/es\\\/informa-t\\\/category\\\/sin-categoria\\\/\"},{\"@type\":\"ListItem\",\"position\":4,\"name\":\"Fundesplai renueva su Patronato e impulsa un nuevo Marco Estrat\u00e9gico\"}]},{\"@type\":\"WebSite\",\"@id\":\"https:\\\/\\\/fundesplai.org\\\/es\\\/#website\",\"url\":\"https:\\\/\\\/fundesplai.org\\\/es\\\/\",\"name\":\"Fundesplai\",\"description\":\"Eduquem per la conviv\u00e8ncia i la sostenibilitat\",\"potentialAction\":[{\"@type\":\"SearchAction\",\"target\":{\"@type\":\"EntryPoint\",\"urlTemplate\":\"https:\\\/\\\/fundesplai.org\\\/es\\\/?s={search_term_string}\"},\"query-input\":{\"@type\":\"PropertyValueSpecification\",\"valueRequired\":true,\"valueName\":\"search_term_string\"}}],\"inLanguage\":\"es\"},{\"@type\":\"Person\",\"@id\":\"https:\\\/\\\/fundesplai.org\\\/es\\\/#\\\/schema\\\/person\\\/c0e9e7466bb8ac06f5264324a6109733\",\"name\":\"Alfons Valle\",\"image\":{\"@type\":\"ImageObject\",\"inLanguage\":\"es\",\"@id\":\"https:\\\/\\\/secure.gravatar.com\\\/avatar\\\/71d95a3f99a068ba570ac1314ed6911a59c5ae3f22ffcf23631cd1a861a640bc?s=96&d=mm&r=g\",\"url\":\"https:\\\/\\\/secure.gravatar.com\\\/avatar\\\/71d95a3f99a068ba570ac1314ed6911a59c5ae3f22ffcf23631cd1a861a640bc?s=96&d=mm&r=g\",\"contentUrl\":\"https:\\\/\\\/secure.gravatar.com\\\/avatar\\\/71d95a3f99a068ba570ac1314ed6911a59c5ae3f22ffcf23631cd1a861a640bc?s=96&d=mm&r=g\",\"caption\":\"Alfons Valle\"},\"url\":\"https:\\\/\\\/fundesplai.org\\\/es\\\/informa-t\\\/author\\\/avalle\\\/\"}]}<\/script>\n<!-- \/ Yoast SEO plugin. -->","yoast_head_json":{"title":"Fundesplai renueva su Patronato e impulsa un nuevo Marco Estrat\u00e9gico - Fundesplai","robots":{"index":"index","follow":"follow","max-snippet":"max-snippet:-1","max-image-preview":"max-image-preview:large","max-video-preview":"max-video-preview:-1"},"canonical":"https:\/\/fundesplai.org\/es\/informa-t\/actualitat-es\/fundesplai-renueva-su-patronato-e-impulsa-un-nuevo-marco-estrategico\/","og_locale":"es_ES","og_type":"article","og_title":"Fundesplai renueva su Patronato e impulsa un nuevo Marco Estrat\u00e9gico - Fundesplai","og_description":"El mi\u00e9rcoles 19 de julio hemos celebrado una reuni\u00f3n extraordinaria del Patronato de la Fundaci\u00f3 Catalana del Esplai (Fundesplai) para la renovaci\u00f3n de los miembros de este \u00f3rgano de gobierno que, como en todas las fundaciones, es quien tiene la responsabilidad \u00faltima de las actuaciones de la entidad.","og_url":"https:\/\/fundesplai.org\/es\/informa-t\/actualitat-es\/fundesplai-renueva-su-patronato-e-impulsa-un-nuevo-marco-estrategico\/","og_site_name":"Fundesplai","article_published_time":"2017-07-21T11:17:23+00:00","og_image":[{"url":"https:\/\/fundesplai.org\/test-joomla\/wp-content\/uploads\/sites\/26\/2017\/07\/Nou_patronat_2.jpg","type":"","width":"","height":""}],"author":"Alfons Valle","twitter_card":"summary_large_image","twitter_misc":{"Escrito por":"Alfons Valle","Tiempo de lectura":"2 minutos"},"schema":{"@context":"https:\/\/schema.org","@graph":[{"@type":"Article","@id":"https:\/\/fundesplai.org\/es\/informa-t\/actualitat-es\/fundesplai-renueva-su-patronato-e-impulsa-un-nuevo-marco-estrategico\/#article","isPartOf":{"@id":"https:\/\/fundesplai.org\/es\/informa-t\/actualitat-es\/fundesplai-renueva-su-patronato-e-impulsa-un-nuevo-marco-estrategico\/"},"author":{"name":"Alfons Valle","@id":"https:\/\/fundesplai.org\/es\/#\/schema\/person\/c0e9e7466bb8ac06f5264324a6109733"},"headline":"Fundesplai renueva su Patronato e impulsa un nuevo Marco Estrat\u00e9gico","datePublished":"2017-07-21T11:17:23+00:00","mainEntityOfPage":{"@id":"https:\/\/fundesplai.org\/es\/informa-t\/actualitat-es\/fundesplai-renueva-su-patronato-e-impulsa-un-nuevo-marco-estrategico\/"},"wordCount":465,"image":{"@id":"https:\/\/fundesplai.org\/es\/informa-t\/actualitat-es\/fundesplai-renueva-su-patronato-e-impulsa-un-nuevo-marco-estrategico\/#primaryimage"},"thumbnailUrl":"https:\/\/fundesplai.org\/test-joomla\/wp-content\/uploads\/sites\/26\/2017\/07\/Nou_patronat_2.jpg","articleSection":["Actualitat"],"inLanguage":"es"},{"@type":"WebPage","@id":"https:\/\/fundesplai.org\/es\/informa-t\/actualitat-es\/fundesplai-renueva-su-patronato-e-impulsa-un-nuevo-marco-estrategico\/","url":"https:\/\/fundesplai.org\/es\/informa-t\/actualitat-es\/fundesplai-renueva-su-patronato-e-impulsa-un-nuevo-marco-estrategico\/","name":"Fundesplai renueva su Patronato e impulsa un nuevo Marco Estrat\u00e9gico - Fundesplai","isPartOf":{"@id":"https:\/\/fundesplai.org\/es\/#website"},"primaryImageOfPage":{"@id":"https:\/\/fundesplai.org\/es\/informa-t\/actualitat-es\/fundesplai-renueva-su-patronato-e-impulsa-un-nuevo-marco-estrategico\/#primaryimage"},"image":{"@id":"https:\/\/fundesplai.org\/es\/informa-t\/actualitat-es\/fundesplai-renueva-su-patronato-e-impulsa-un-nuevo-marco-estrategico\/#primaryimage"},"thumbnailUrl":"https:\/\/fundesplai.org\/test-joomla\/wp-content\/uploads\/sites\/26\/2017\/07\/Nou_patronat_2.jpg","datePublished":"2017-07-21T11:17:23+00:00","author":{"@id":"https:\/\/fundesplai.org\/es\/#\/schema\/person\/c0e9e7466bb8ac06f5264324a6109733"},"breadcrumb":{"@id":"https:\/\/fundesplai.org\/es\/informa-t\/actualitat-es\/fundesplai-renueva-su-patronato-e-impulsa-un-nuevo-marco-estrategico\/#breadcrumb"},"inLanguage":"es","potentialAction":[{"@type":"ReadAction","target":["https:\/\/fundesplai.org\/es\/informa-t\/actualitat-es\/fundesplai-renueva-su-patronato-e-impulsa-un-nuevo-marco-estrategico\/"]}]},{"@type":"ImageObject","inLanguage":"es","@id":"https:\/\/fundesplai.org\/es\/informa-t\/actualitat-es\/fundesplai-renueva-su-patronato-e-impulsa-un-nuevo-marco-estrategico\/#primaryimage","url":"https:\/\/fundesplai.org\/test-joomla\/wp-content\/uploads\/sites\/26\/2017\/07\/Nou_patronat_2.jpg","contentUrl":"https:\/\/fundesplai.org\/test-joomla\/wp-content\/uploads\/sites\/26\/2017\/07\/Nou_patronat_2.jpg"},{"@type":"BreadcrumbList","@id":"https:\/\/fundesplai.org\/es\/informa-t\/actualitat-es\/fundesplai-renueva-su-patronato-e-impulsa-un-nuevo-marco-estrategico\/#breadcrumb","itemListElement":[{"@type":"ListItem","position":1,"name":"Inici","item":"https:\/\/fundesplai.org\/es\/inicio\/"},{"@type":"ListItem","position":2,"name":"Inf\u00f3rmate","item":"https:\/\/fundesplai.org\/es\/informate\/"},{"@type":"ListItem","position":3,"name":"Sin categor\u00eda","item":"https:\/\/fundesplai.org\/es\/informa-t\/category\/sin-categoria\/"},{"@type":"ListItem","position":4,"name":"Fundesplai renueva su Patronato e impulsa un nuevo Marco Estrat\u00e9gico"}]},{"@type":"WebSite","@id":"https:\/\/fundesplai.org\/es\/#website","url":"https:\/\/fundesplai.org\/es\/","name":"Fundesplai","description":"Eduquem per la conviv\u00e8ncia i la sostenibilitat","potentialAction":[{"@type":"SearchAction","target":{"@type":"EntryPoint","urlTemplate":"https:\/\/fundesplai.org\/es\/?s={search_term_string}"},"query-input":{"@type":"PropertyValueSpecification","valueRequired":true,"valueName":"search_term_string"}}],"inLanguage":"es"},{"@type":"Person","@id":"https:\/\/fundesplai.org\/es\/#\/schema\/person\/c0e9e7466bb8ac06f5264324a6109733","name":"Alfons Valle","image":{"@type":"ImageObject","inLanguage":"es","@id":"https:\/\/secure.gravatar.com\/avatar\/71d95a3f99a068ba570ac1314ed6911a59c5ae3f22ffcf23631cd1a861a640bc?s=96&d=mm&r=g","url":"https:\/\/secure.gravatar.com\/avatar\/71d95a3f99a068ba570ac1314ed6911a59c5ae3f22ffcf23631cd1a861a640bc?s=96&d=mm&r=g","contentUrl":"https:\/\/secure.gravatar.com\/avatar\/71d95a3f99a068ba570ac1314ed6911a59c5ae3f22ffcf23631cd1a861a640bc?s=96&d=mm&r=g","caption":"Alfons Valle"},"url":"https:\/\/fundesplai.org\/es\/informa-t\/author\/avalle\/"}]}},"_links":{"self":[{"href":"https:\/\/fundesplai.org\/es\/wp-json\/wp\/v2\/posts\/47736","targetHints":{"allow":["GET"]}}],"collection":[{"href":"https:\/\/fundesplai.org\/es\/wp-json\/wp\/v2\/posts"}],"about":[{"href":"https:\/\/fundesplai.org\/es\/wp-json\/wp\/v2\/types\/post"}],"author":[{"embeddable":true,"href":"https:\/\/fundesplai.org\/es\/wp-json\/wp\/v2\/users\/9"}],"replies":[{"embeddable":true,"href":"https:\/\/fundesplai.org\/es\/wp-json\/wp\/v2\/comments?post=47736"}],"version-history":[{"count":0,"href":"https:\/\/fundesplai.org\/es\/wp-json\/wp\/v2\/posts\/47736\/revisions"}],"wp:attachment":[{"href":"https:\/\/fundesplai.org\/es\/wp-json\/wp\/v2\/media?parent=47736"}],"wp:term":[{"taxonomy":"category","embeddable":true,"href":"https:\/\/fundesplai.org\/es\/wp-json\/wp\/v2\/categories?post=47736"},{"taxonomy":"post_tag","embeddable":true,"href":"https:\/\/fundesplai.org\/es\/wp-json\/wp\/v2\/tags?post=47736"}],"curies":[{"name":"wp","href":"https:\/\/api.w.org\/{rel}","templated":true}]}}