{"id":47733,"date":"2017-07-05T13:09:24","date_gmt":"2017-07-05T11:09:24","guid":{"rendered":"https:\/\/fundesplai.org\/informa-t\/sense-categoria\/premios-fundacion-esplai-ciudadania-comprometida\/"},"modified":"2017-07-05T13:09:24","modified_gmt":"2017-07-05T11:09:24","slug":"premios-fundacion-esplai-ciudadania-comprometida","status":"publish","type":"post","link":"https:\/\/fundesplai.org\/es\/informa-t\/actualitat-es\/premios-fundacion-esplai-ciudadania-comprometida\/","title":{"rendered":"Premios Fundaci\u00f3n Esplai Ciudadan\u00eda Comprometida"},"content":{"rendered":"<p><a href=\"http:\/\/www.fundacionesplai.org\"><strong>Fundaci\u00f3n Espla<\/strong><\/a>y convoca la &nbsp;<strong>VIII edici\u00f3n de los Premios Fundaci\u00f3n Esplai Ciudadan\u00eda Comprometida.<\/strong>&nbsp;<\/p>\n<p><!--more--><\/p>\n<p><img loading=\"lazy\" decoding=\"async\" class=\" size-full wp-image-4479\" style=\"display: block;margin-left: auto;margin-right: auto\" src=\"https:\/\/fundesplai.org\/test-joomla\/wp-content\/uploads\/sites\/26\/2017\/07\/foto-esculturas-premios-web-672x372.jpg\" alt=\"foto esculturas premios web 672x372\" width=\"672\" height=\"372\"><\/p>\n<p><a href=\"http:\/\/www.fundacionesplai.org\"><strong>Fundaci\u00f3n Espla<\/strong><\/a>y convoca la <strong>VIII edici\u00f3n de los Premios Fundaci\u00f3n Esplai <strong>Ciudadan\u00eda Comprometid<\/strong>a.<\/strong>&nbsp; El objetivo es reconocer a personas que colaboran, desde el voluntariado, de manera significativa en causas sociales.<\/p>\n<p>Se conceden en tres categor\u00edas:<\/p>\n<ul>\n<li>Impulso al Tercer Sector&nbsp;<\/li>\n<li>Acci\u00f3n Socioeducativa<\/li>\n<li>Trabajo por la e-Inclusi\u00f3n<\/li>\n<\/ul>\n<p>Los premios est\u00e1n dirigidos a reconocer la labor de personas que tengan una trayectoria que las haga referentes en uno de estos \u00e1mbitos, siendo personas inspiradoras y motivadoras para otras personas y organizaciones.<\/p>\n<p>Se pueden presentar candidaturas hasta el pr\u00f3ximo d\u00eda 15 de septiembre enviando cumplimentada la ficha y el curr\u00edculo del candidato \/ a.<\/p>\n<p><a href=\"http:\/\/fundacionesplai.org\/wp-content\/uploads\/2017\/06\/Folleto-premios-v6-DEF.pdf\"><span>Bases Premios Fundaci\u00f3n Esplai a la Ciudadan\u00eda Comprometida edici\u00f3n 2017<\/span><\/a><\/p>\n<p><a href=\"http:\/\/fundacionesplai.org\/wp-content\/uploads\/2017\/06\/Fichas-presentacion-candidaturas-premios-2017.docx\">Fichas para presentar candidaturas Premios Ciudadan\u00eda Comprometida 2017<\/a><\/p>\n<p>Env\u00edelo a:<\/p>\n<p>Elvira Aliaga &#8211; <a href=\"mailto:ealiaga@fundacionesplai.org\">ealiaga@fundacionesplai.org<\/a><\/p>\n<p>La entrega de premios se realizar\u00e1 en la Casa del Lector de Madrid, el d\u00eda 19 de noviembre en el marco del Foro17 Fundaci\u00f3n Esplai. (Fundaci\u00f3n Esplai se hace cargo y gestiona los viajes de premiados \/ as y acompa\u00f1ante).<\/p>\n<p><a href=\"https:\/\/photos.google.com\/share\/AF1QipM7PGMdpeeScoJrZIqgwXsQU6NotkUtniruFvwUJLNXFo76biGVBgbXaresKmTQ6w?key=NTNETUJjNFdLQ0ZCdFNjUjZzbUwxOVRsYTZoLXh3\">Te dejamos el enlace a las fotograf\u00edas de la Gala de entrega de los Premios 2016<\/a><\/p>\n<p>Esperamos a vuestros candidatos y candidatas.<\/p>\n<p><a href=\"http:\/\/fundacionesplai.org\/tercer-sector\/premios-ciudadania-comprometida-2\/\">Informaci\u00f3n sobre ediciones anteriores de los premios<\/a><\/p>\n<p><em>Elvira Aliaga, comunicaci\u00f3n y \u00e1rea de participaci\u00f3n y Tercer Sector<\/em><\/p>\n","protected":false},"excerpt":{"rendered":"<p>Fundaci\u00f3n Esplay convoca la &nbsp;VIII edici\u00f3n de los Premios Fundaci\u00f3n Esplai Ciudadan\u00eda Comprometida.&nbsp;<\/p>\n","protected":false},"author":9,"featured_media":0,"comment_status":"closed","ping_status":"closed","sticky":false,"template":"","format":"standard","meta":{"_et_pb_use_builder":"","_et_pb_old_content":"","_et_gb_content_width":"","footnotes":""},"categories":[937],"tags":[],"class_list":["post-47733","post","type-post","status-publish","format-standard","hentry","category-actualitat-es"],"yoast_head":"<!-- This site is optimized with the Yoast SEO plugin v27.4 - https:\/\/yoast.com\/product\/yoast-seo-wordpress\/ -->\n<title>Premios Fundaci\u00f3n Esplai Ciudadan\u00eda Comprometida - Fundesplai<\/title>\n<meta name=\"robots\" content=\"index, follow, max-snippet:-1, max-image-preview:large, max-video-preview:-1\" \/>\n<link rel=\"canonical\" href=\"https:\/\/fundesplai.org\/es\/informa-t\/actualitat-es\/premios-fundacion-esplai-ciudadania-comprometida\/\" \/>\n<meta property=\"og:locale\" content=\"es_ES\" \/>\n<meta property=\"og:type\" content=\"article\" \/>\n<meta property=\"og:title\" content=\"Premios Fundaci\u00f3n Esplai Ciudadan\u00eda Comprometida - Fundesplai\" \/>\n<meta property=\"og:description\" content=\"Fundaci\u00f3n Esplay convoca la &nbsp;VIII edici\u00f3n de los Premios Fundaci\u00f3n Esplai Ciudadan\u00eda Comprometida.&nbsp;\" \/>\n<meta property=\"og:url\" content=\"https:\/\/fundesplai.org\/es\/informa-t\/actualitat-es\/premios-fundacion-esplai-ciudadania-comprometida\/\" \/>\n<meta property=\"og:site_name\" content=\"Fundesplai\" \/>\n<meta property=\"article:published_time\" content=\"2017-07-05T11:09:24+00:00\" \/>\n<meta property=\"og:image\" content=\"https:\/\/fundesplai.org\/test-joomla\/wp-content\/uploads\/sites\/26\/2017\/07\/foto-esculturas-premios-web-672x372.jpg\" \/>\n<meta name=\"author\" content=\"Alfons Valle\" \/>\n<meta name=\"twitter:card\" content=\"summary_large_image\" \/>\n<meta name=\"twitter:label1\" content=\"Escrito por\" \/>\n\t<meta name=\"twitter:data1\" content=\"Alfons Valle\" \/>\n\t<meta name=\"twitter:label2\" content=\"Tiempo de lectura\" \/>\n\t<meta name=\"twitter:data2\" content=\"1 minuto\" \/>\n<script type=\"application\/ld+json\" class=\"yoast-schema-graph\">{\"@context\":\"https:\\\/\\\/schema.org\",\"@graph\":[{\"@type\":\"Article\",\"@id\":\"https:\\\/\\\/fundesplai.org\\\/es\\\/informa-t\\\/actualitat-es\\\/premios-fundacion-esplai-ciudadania-comprometida\\\/#article\",\"isPartOf\":{\"@id\":\"https:\\\/\\\/fundesplai.org\\\/es\\\/informa-t\\\/actualitat-es\\\/premios-fundacion-esplai-ciudadania-comprometida\\\/\"},\"author\":{\"name\":\"Alfons Valle\",\"@id\":\"https:\\\/\\\/fundesplai.org\\\/es\\\/#\\\/schema\\\/person\\\/c0e9e7466bb8ac06f5264324a6109733\"},\"headline\":\"Premios Fundaci\u00f3n Esplai Ciudadan\u00eda Comprometida\",\"datePublished\":\"2017-07-05T11:09:24+00:00\",\"mainEntityOfPage\":{\"@id\":\"https:\\\/\\\/fundesplai.org\\\/es\\\/informa-t\\\/actualitat-es\\\/premios-fundacion-esplai-ciudadania-comprometida\\\/\"},\"wordCount\":252,\"image\":{\"@id\":\"https:\\\/\\\/fundesplai.org\\\/es\\\/informa-t\\\/actualitat-es\\\/premios-fundacion-esplai-ciudadania-comprometida\\\/#primaryimage\"},\"thumbnailUrl\":\"https:\\\/\\\/fundesplai.org\\\/test-joomla\\\/wp-content\\\/uploads\\\/sites\\\/26\\\/2017\\\/07\\\/foto-esculturas-premios-web-672x372.jpg\",\"articleSection\":[\"Actualitat\"],\"inLanguage\":\"es\"},{\"@type\":\"WebPage\",\"@id\":\"https:\\\/\\\/fundesplai.org\\\/es\\\/informa-t\\\/actualitat-es\\\/premios-fundacion-esplai-ciudadania-comprometida\\\/\",\"url\":\"https:\\\/\\\/fundesplai.org\\\/es\\\/informa-t\\\/actualitat-es\\\/premios-fundacion-esplai-ciudadania-comprometida\\\/\",\"name\":\"Premios Fundaci\u00f3n Esplai Ciudadan\u00eda Comprometida - Fundesplai\",\"isPartOf\":{\"@id\":\"https:\\\/\\\/fundesplai.org\\\/es\\\/#website\"},\"primaryImageOfPage\":{\"@id\":\"https:\\\/\\\/fundesplai.org\\\/es\\\/informa-t\\\/actualitat-es\\\/premios-fundacion-esplai-ciudadania-comprometida\\\/#primaryimage\"},\"image\":{\"@id\":\"https:\\\/\\\/fundesplai.org\\\/es\\\/informa-t\\\/actualitat-es\\\/premios-fundacion-esplai-ciudadania-comprometida\\\/#primaryimage\"},\"thumbnailUrl\":\"https:\\\/\\\/fundesplai.org\\\/test-joomla\\\/wp-content\\\/uploads\\\/sites\\\/26\\\/2017\\\/07\\\/foto-esculturas-premios-web-672x372.jpg\",\"datePublished\":\"2017-07-05T11:09:24+00:00\",\"author\":{\"@id\":\"https:\\\/\\\/fundesplai.org\\\/es\\\/#\\\/schema\\\/person\\\/c0e9e7466bb8ac06f5264324a6109733\"},\"breadcrumb\":{\"@id\":\"https:\\\/\\\/fundesplai.org\\\/es\\\/informa-t\\\/actualitat-es\\\/premios-fundacion-esplai-ciudadania-comprometida\\\/#breadcrumb\"},\"inLanguage\":\"es\",\"potentialAction\":[{\"@type\":\"ReadAction\",\"target\":[\"https:\\\/\\\/fundesplai.org\\\/es\\\/informa-t\\\/actualitat-es\\\/premios-fundacion-esplai-ciudadania-comprometida\\\/\"]}]},{\"@type\":\"ImageObject\",\"inLanguage\":\"es\",\"@id\":\"https:\\\/\\\/fundesplai.org\\\/es\\\/informa-t\\\/actualitat-es\\\/premios-fundacion-esplai-ciudadania-comprometida\\\/#primaryimage\",\"url\":\"https:\\\/\\\/fundesplai.org\\\/test-joomla\\\/wp-content\\\/uploads\\\/sites\\\/26\\\/2017\\\/07\\\/foto-esculturas-premios-web-672x372.jpg\",\"contentUrl\":\"https:\\\/\\\/fundesplai.org\\\/test-joomla\\\/wp-content\\\/uploads\\\/sites\\\/26\\\/2017\\\/07\\\/foto-esculturas-premios-web-672x372.jpg\"},{\"@type\":\"BreadcrumbList\",\"@id\":\"https:\\\/\\\/fundesplai.org\\\/es\\\/informa-t\\\/actualitat-es\\\/premios-fundacion-esplai-ciudadania-comprometida\\\/#breadcrumb\",\"itemListElement\":[{\"@type\":\"ListItem\",\"position\":1,\"name\":\"Inici\",\"item\":\"https:\\\/\\\/fundesplai.org\\\/es\\\/inicio\\\/\"},{\"@type\":\"ListItem\",\"position\":2,\"name\":\"Inf\u00f3rmate\",\"item\":\"https:\\\/\\\/fundesplai.org\\\/es\\\/informate\\\/\"},{\"@type\":\"ListItem\",\"position\":3,\"name\":\"Sin categor\u00eda\",\"item\":\"https:\\\/\\\/fundesplai.org\\\/es\\\/informa-t\\\/category\\\/sin-categoria\\\/\"},{\"@type\":\"ListItem\",\"position\":4,\"name\":\"Premios Fundaci\u00f3n Esplai Ciudadan\u00eda Comprometida\"}]},{\"@type\":\"WebSite\",\"@id\":\"https:\\\/\\\/fundesplai.org\\\/es\\\/#website\",\"url\":\"https:\\\/\\\/fundesplai.org\\\/es\\\/\",\"name\":\"Fundesplai\",\"description\":\"Eduquem per la conviv\u00e8ncia i la sostenibilitat\",\"potentialAction\":[{\"@type\":\"SearchAction\",\"target\":{\"@type\":\"EntryPoint\",\"urlTemplate\":\"https:\\\/\\\/fundesplai.org\\\/es\\\/?s={search_term_string}\"},\"query-input\":{\"@type\":\"PropertyValueSpecification\",\"valueRequired\":true,\"valueName\":\"search_term_string\"}}],\"inLanguage\":\"es\"},{\"@type\":\"Person\",\"@id\":\"https:\\\/\\\/fundesplai.org\\\/es\\\/#\\\/schema\\\/person\\\/c0e9e7466bb8ac06f5264324a6109733\",\"name\":\"Alfons Valle\",\"image\":{\"@type\":\"ImageObject\",\"inLanguage\":\"es\",\"@id\":\"https:\\\/\\\/secure.gravatar.com\\\/avatar\\\/71d95a3f99a068ba570ac1314ed6911a59c5ae3f22ffcf23631cd1a861a640bc?s=96&d=mm&r=g\",\"url\":\"https:\\\/\\\/secure.gravatar.com\\\/avatar\\\/71d95a3f99a068ba570ac1314ed6911a59c5ae3f22ffcf23631cd1a861a640bc?s=96&d=mm&r=g\",\"contentUrl\":\"https:\\\/\\\/secure.gravatar.com\\\/avatar\\\/71d95a3f99a068ba570ac1314ed6911a59c5ae3f22ffcf23631cd1a861a640bc?s=96&d=mm&r=g\",\"caption\":\"Alfons Valle\"},\"url\":\"https:\\\/\\\/fundesplai.org\\\/es\\\/informa-t\\\/author\\\/avalle\\\/\"}]}<\/script>\n<!-- \/ Yoast SEO plugin. -->","yoast_head_json":{"title":"Premios Fundaci\u00f3n Esplai Ciudadan\u00eda Comprometida - Fundesplai","robots":{"index":"index","follow":"follow","max-snippet":"max-snippet:-1","max-image-preview":"max-image-preview:large","max-video-preview":"max-video-preview:-1"},"canonical":"https:\/\/fundesplai.org\/es\/informa-t\/actualitat-es\/premios-fundacion-esplai-ciudadania-comprometida\/","og_locale":"es_ES","og_type":"article","og_title":"Premios Fundaci\u00f3n Esplai Ciudadan\u00eda Comprometida - Fundesplai","og_description":"Fundaci\u00f3n Esplay convoca la &nbsp;VIII edici\u00f3n de los Premios Fundaci\u00f3n Esplai Ciudadan\u00eda Comprometida.&nbsp;","og_url":"https:\/\/fundesplai.org\/es\/informa-t\/actualitat-es\/premios-fundacion-esplai-ciudadania-comprometida\/","og_site_name":"Fundesplai","article_published_time":"2017-07-05T11:09:24+00:00","og_image":[{"url":"https:\/\/fundesplai.org\/test-joomla\/wp-content\/uploads\/sites\/26\/2017\/07\/foto-esculturas-premios-web-672x372.jpg","type":"","width":"","height":""}],"author":"Alfons Valle","twitter_card":"summary_large_image","twitter_misc":{"Escrito por":"Alfons Valle","Tiempo de lectura":"1 minuto"},"schema":{"@context":"https:\/\/schema.org","@graph":[{"@type":"Article","@id":"https:\/\/fundesplai.org\/es\/informa-t\/actualitat-es\/premios-fundacion-esplai-ciudadania-comprometida\/#article","isPartOf":{"@id":"https:\/\/fundesplai.org\/es\/informa-t\/actualitat-es\/premios-fundacion-esplai-ciudadania-comprometida\/"},"author":{"name":"Alfons Valle","@id":"https:\/\/fundesplai.org\/es\/#\/schema\/person\/c0e9e7466bb8ac06f5264324a6109733"},"headline":"Premios Fundaci\u00f3n Esplai Ciudadan\u00eda Comprometida","datePublished":"2017-07-05T11:09:24+00:00","mainEntityOfPage":{"@id":"https:\/\/fundesplai.org\/es\/informa-t\/actualitat-es\/premios-fundacion-esplai-ciudadania-comprometida\/"},"wordCount":252,"image":{"@id":"https:\/\/fundesplai.org\/es\/informa-t\/actualitat-es\/premios-fundacion-esplai-ciudadania-comprometida\/#primaryimage"},"thumbnailUrl":"https:\/\/fundesplai.org\/test-joomla\/wp-content\/uploads\/sites\/26\/2017\/07\/foto-esculturas-premios-web-672x372.jpg","articleSection":["Actualitat"],"inLanguage":"es"},{"@type":"WebPage","@id":"https:\/\/fundesplai.org\/es\/informa-t\/actualitat-es\/premios-fundacion-esplai-ciudadania-comprometida\/","url":"https:\/\/fundesplai.org\/es\/informa-t\/actualitat-es\/premios-fundacion-esplai-ciudadania-comprometida\/","name":"Premios Fundaci\u00f3n Esplai Ciudadan\u00eda Comprometida - Fundesplai","isPartOf":{"@id":"https:\/\/fundesplai.org\/es\/#website"},"primaryImageOfPage":{"@id":"https:\/\/fundesplai.org\/es\/informa-t\/actualitat-es\/premios-fundacion-esplai-ciudadania-comprometida\/#primaryimage"},"image":{"@id":"https:\/\/fundesplai.org\/es\/informa-t\/actualitat-es\/premios-fundacion-esplai-ciudadania-comprometida\/#primaryimage"},"thumbnailUrl":"https:\/\/fundesplai.org\/test-joomla\/wp-content\/uploads\/sites\/26\/2017\/07\/foto-esculturas-premios-web-672x372.jpg","datePublished":"2017-07-05T11:09:24+00:00","author":{"@id":"https:\/\/fundesplai.org\/es\/#\/schema\/person\/c0e9e7466bb8ac06f5264324a6109733"},"breadcrumb":{"@id":"https:\/\/fundesplai.org\/es\/informa-t\/actualitat-es\/premios-fundacion-esplai-ciudadania-comprometida\/#breadcrumb"},"inLanguage":"es","potentialAction":[{"@type":"ReadAction","target":["https:\/\/fundesplai.org\/es\/informa-t\/actualitat-es\/premios-fundacion-esplai-ciudadania-comprometida\/"]}]},{"@type":"ImageObject","inLanguage":"es","@id":"https:\/\/fundesplai.org\/es\/informa-t\/actualitat-es\/premios-fundacion-esplai-ciudadania-comprometida\/#primaryimage","url":"https:\/\/fundesplai.org\/test-joomla\/wp-content\/uploads\/sites\/26\/2017\/07\/foto-esculturas-premios-web-672x372.jpg","contentUrl":"https:\/\/fundesplai.org\/test-joomla\/wp-content\/uploads\/sites\/26\/2017\/07\/foto-esculturas-premios-web-672x372.jpg"},{"@type":"BreadcrumbList","@id":"https:\/\/fundesplai.org\/es\/informa-t\/actualitat-es\/premios-fundacion-esplai-ciudadania-comprometida\/#breadcrumb","itemListElement":[{"@type":"ListItem","position":1,"name":"Inici","item":"https:\/\/fundesplai.org\/es\/inicio\/"},{"@type":"ListItem","position":2,"name":"Inf\u00f3rmate","item":"https:\/\/fundesplai.org\/es\/informate\/"},{"@type":"ListItem","position":3,"name":"Sin categor\u00eda","item":"https:\/\/fundesplai.org\/es\/informa-t\/category\/sin-categoria\/"},{"@type":"ListItem","position":4,"name":"Premios Fundaci\u00f3n Esplai Ciudadan\u00eda Comprometida"}]},{"@type":"WebSite","@id":"https:\/\/fundesplai.org\/es\/#website","url":"https:\/\/fundesplai.org\/es\/","name":"Fundesplai","description":"Eduquem per la conviv\u00e8ncia i la sostenibilitat","potentialAction":[{"@type":"SearchAction","target":{"@type":"EntryPoint","urlTemplate":"https:\/\/fundesplai.org\/es\/?s={search_term_string}"},"query-input":{"@type":"PropertyValueSpecification","valueRequired":true,"valueName":"search_term_string"}}],"inLanguage":"es"},{"@type":"Person","@id":"https:\/\/fundesplai.org\/es\/#\/schema\/person\/c0e9e7466bb8ac06f5264324a6109733","name":"Alfons Valle","image":{"@type":"ImageObject","inLanguage":"es","@id":"https:\/\/secure.gravatar.com\/avatar\/71d95a3f99a068ba570ac1314ed6911a59c5ae3f22ffcf23631cd1a861a640bc?s=96&d=mm&r=g","url":"https:\/\/secure.gravatar.com\/avatar\/71d95a3f99a068ba570ac1314ed6911a59c5ae3f22ffcf23631cd1a861a640bc?s=96&d=mm&r=g","contentUrl":"https:\/\/secure.gravatar.com\/avatar\/71d95a3f99a068ba570ac1314ed6911a59c5ae3f22ffcf23631cd1a861a640bc?s=96&d=mm&r=g","caption":"Alfons Valle"},"url":"https:\/\/fundesplai.org\/es\/informa-t\/author\/avalle\/"}]}},"_links":{"self":[{"href":"https:\/\/fundesplai.org\/es\/wp-json\/wp\/v2\/posts\/47733","targetHints":{"allow":["GET"]}}],"collection":[{"href":"https:\/\/fundesplai.org\/es\/wp-json\/wp\/v2\/posts"}],"about":[{"href":"https:\/\/fundesplai.org\/es\/wp-json\/wp\/v2\/types\/post"}],"author":[{"embeddable":true,"href":"https:\/\/fundesplai.org\/es\/wp-json\/wp\/v2\/users\/9"}],"replies":[{"embeddable":true,"href":"https:\/\/fundesplai.org\/es\/wp-json\/wp\/v2\/comments?post=47733"}],"version-history":[{"count":0,"href":"https:\/\/fundesplai.org\/es\/wp-json\/wp\/v2\/posts\/47733\/revisions"}],"wp:attachment":[{"href":"https:\/\/fundesplai.org\/es\/wp-json\/wp\/v2\/media?parent=47733"}],"wp:term":[{"taxonomy":"category","embeddable":true,"href":"https:\/\/fundesplai.org\/es\/wp-json\/wp\/v2\/categories?post=47733"},{"taxonomy":"post_tag","embeddable":true,"href":"https:\/\/fundesplai.org\/es\/wp-json\/wp\/v2\/tags?post=47733"}],"curies":[{"name":"wp","href":"https:\/\/api.w.org\/{rel}","templated":true}]}}