{"id":47728,"date":"2017-05-24T13:53:03","date_gmt":"2017-05-24T11:53:03","guid":{"rendered":"https:\/\/fundesplai.org\/informa-t\/sense-categoria\/clausura-del-curso-de-la-aventura-de-la-vida-en-lleida\/"},"modified":"2017-05-24T13:53:03","modified_gmt":"2017-05-24T11:53:03","slug":"clausura-del-curso-de-la-aventura-de-la-vida-en-lleida","status":"publish","type":"post","link":"https:\/\/fundesplai.org\/es\/informa-t\/actualitat-es\/clausura-del-curso-de-la-aventura-de-la-vida-en-lleida\/","title":{"rendered":"Clausura del curso de La Aventura de la Vida en Lleida"},"content":{"rendered":"<p>Unos quinientos alumnos de primaria de las escuelas de Lleida han participado este mi\u00e9rcoles 24 de mayo en la clausura del curso de La Aventura de la Vida.<\/p>\n<p><!--more--><\/p>\n<p><img decoding=\"async\" class=\" size-full wp-image-4404\" src=\"https:\/\/fundesplai.org\/test-joomla\/wp-content\/uploads\/sites\/26\/2017\/05\/aventura-lleida.jpg\" alt=\"aventura lerida\" width=\"100%\" height=\"NaN\"><\/p>\n<p>Unos quinientos alumnos de primaria de las escuelas de Lleida han participado este mi\u00e9rcoles 24 de mayo en la clausura del curso de la Aventura de la Vida, el programa de promoci\u00f3n de los h\u00e1bitos saludables que impulsan el Ayuntamiento de Lleida y Fundesplai con el apoyo de la cadena de supermercados PlusFresc. El acto ha tenido lugar en el auditorio Enric Granados de Lleida.<\/p>\n<p>&nbsp;En la primera parte, la&nbsp; compa\u00f1\u00eda La Petiestable 12 del Aula Municipal de Teatro ha representado&nbsp; \u00abLandscape\u00bb, un &nbsp;espect\u00e1culo sobre la situaci\u00f3n de las personas refugiadas y que ha querido favorecer una reflexi\u00f3n entre chicas y chicos en torno a este tema. En la segunda parte,&nbsp;la teniente de alcalde y concejala de las Pol\u00edticas a favor de la Creatividad, la Cultura, la Educaci\u00f3n y los Deportes, Montse Parra; Anna Miranda, de la Agencia de Salud P\u00fablica; Isabel Matas, coordinadora de Fundesplai, y Rafael Oncins, el gerente de Plusfresco, han entregado los diplomas a los alumnos participantes. Este curso 2016\/17 han participado 1.564 ni\u00f1os y ni\u00f1as, de 19 centros de la ciudad, en el programa,cuyos&nbsp; representantes han subido al escenario a recoger el diploma.<\/p>\n<p>El programa La Aventura de la Vida es una iniciativa de Fundesplai que promueve los h\u00e1bitos saludables y evitar las conductas de riesgo entre los escolares de primaria. En cada territorio la entidad busca el apoyo de las administraciones p\u00fablicas y empresas para desarrollarlo.<\/p>\n","protected":false},"excerpt":{"rendered":"<p>Unos quinientos alumnos de primaria de las escuelas de Lleida han participado este mi\u00e9rcoles 24 de mayo en la clausura del curso de La Aventura de la Vida.<\/p>\n","protected":false},"author":9,"featured_media":0,"comment_status":"closed","ping_status":"closed","sticky":false,"template":"","format":"standard","meta":{"_et_pb_use_builder":"","_et_pb_old_content":"","_et_gb_content_width":"","footnotes":""},"categories":[937],"tags":[],"class_list":["post-47728","post","type-post","status-publish","format-standard","hentry","category-actualitat-es"],"yoast_head":"<!-- This site is optimized with the Yoast SEO plugin v27.4 - https:\/\/yoast.com\/product\/yoast-seo-wordpress\/ -->\n<title>Clausura del curso de La Aventura de la Vida en Lleida - Fundesplai<\/title>\n<meta name=\"robots\" content=\"index, follow, max-snippet:-1, max-image-preview:large, max-video-preview:-1\" \/>\n<link rel=\"canonical\" href=\"https:\/\/fundesplai.org\/es\/informa-t\/actualitat-es\/clausura-del-curso-de-la-aventura-de-la-vida-en-lleida\/\" \/>\n<meta property=\"og:locale\" content=\"es_ES\" \/>\n<meta property=\"og:type\" content=\"article\" \/>\n<meta property=\"og:title\" content=\"Clausura del curso de La Aventura de la Vida en Lleida - Fundesplai\" \/>\n<meta property=\"og:description\" content=\"Unos quinientos alumnos de primaria de las escuelas de Lleida han participado este mi\u00e9rcoles 24 de mayo en la clausura del curso de La Aventura de la Vida.\" \/>\n<meta property=\"og:url\" content=\"https:\/\/fundesplai.org\/es\/informa-t\/actualitat-es\/clausura-del-curso-de-la-aventura-de-la-vida-en-lleida\/\" \/>\n<meta property=\"og:site_name\" content=\"Fundesplai\" \/>\n<meta property=\"article:published_time\" content=\"2017-05-24T11:53:03+00:00\" \/>\n<meta property=\"og:image\" content=\"https:\/\/fundesplai.org\/test-joomla\/wp-content\/uploads\/sites\/26\/2017\/05\/aventura-lleida.jpg\" \/>\n<meta name=\"author\" content=\"Alfons Valle\" \/>\n<meta name=\"twitter:card\" content=\"summary_large_image\" \/>\n<meta name=\"twitter:label1\" content=\"Escrito por\" \/>\n\t<meta name=\"twitter:data1\" content=\"Alfons Valle\" \/>\n\t<meta name=\"twitter:label2\" content=\"Tiempo de lectura\" \/>\n\t<meta name=\"twitter:data2\" content=\"1 minuto\" \/>\n<script type=\"application\/ld+json\" class=\"yoast-schema-graph\">{\"@context\":\"https:\\\/\\\/schema.org\",\"@graph\":[{\"@type\":\"Article\",\"@id\":\"https:\\\/\\\/fundesplai.org\\\/es\\\/informa-t\\\/actualitat-es\\\/clausura-del-curso-de-la-aventura-de-la-vida-en-lleida\\\/#article\",\"isPartOf\":{\"@id\":\"https:\\\/\\\/fundesplai.org\\\/es\\\/informa-t\\\/actualitat-es\\\/clausura-del-curso-de-la-aventura-de-la-vida-en-lleida\\\/\"},\"author\":{\"name\":\"Alfons Valle\",\"@id\":\"https:\\\/\\\/fundesplai.org\\\/es\\\/#\\\/schema\\\/person\\\/c0e9e7466bb8ac06f5264324a6109733\"},\"headline\":\"Clausura del curso de La Aventura de la Vida en Lleida\",\"datePublished\":\"2017-05-24T11:53:03+00:00\",\"mainEntityOfPage\":{\"@id\":\"https:\\\/\\\/fundesplai.org\\\/es\\\/informa-t\\\/actualitat-es\\\/clausura-del-curso-de-la-aventura-de-la-vida-en-lleida\\\/\"},\"wordCount\":288,\"image\":{\"@id\":\"https:\\\/\\\/fundesplai.org\\\/es\\\/informa-t\\\/actualitat-es\\\/clausura-del-curso-de-la-aventura-de-la-vida-en-lleida\\\/#primaryimage\"},\"thumbnailUrl\":\"https:\\\/\\\/fundesplai.org\\\/test-joomla\\\/wp-content\\\/uploads\\\/sites\\\/26\\\/2017\\\/05\\\/aventura-lleida.jpg\",\"articleSection\":[\"Actualitat\"],\"inLanguage\":\"es\"},{\"@type\":\"WebPage\",\"@id\":\"https:\\\/\\\/fundesplai.org\\\/es\\\/informa-t\\\/actualitat-es\\\/clausura-del-curso-de-la-aventura-de-la-vida-en-lleida\\\/\",\"url\":\"https:\\\/\\\/fundesplai.org\\\/es\\\/informa-t\\\/actualitat-es\\\/clausura-del-curso-de-la-aventura-de-la-vida-en-lleida\\\/\",\"name\":\"Clausura del curso de La Aventura de la Vida en Lleida - Fundesplai\",\"isPartOf\":{\"@id\":\"https:\\\/\\\/fundesplai.org\\\/es\\\/#website\"},\"primaryImageOfPage\":{\"@id\":\"https:\\\/\\\/fundesplai.org\\\/es\\\/informa-t\\\/actualitat-es\\\/clausura-del-curso-de-la-aventura-de-la-vida-en-lleida\\\/#primaryimage\"},\"image\":{\"@id\":\"https:\\\/\\\/fundesplai.org\\\/es\\\/informa-t\\\/actualitat-es\\\/clausura-del-curso-de-la-aventura-de-la-vida-en-lleida\\\/#primaryimage\"},\"thumbnailUrl\":\"https:\\\/\\\/fundesplai.org\\\/test-joomla\\\/wp-content\\\/uploads\\\/sites\\\/26\\\/2017\\\/05\\\/aventura-lleida.jpg\",\"datePublished\":\"2017-05-24T11:53:03+00:00\",\"author\":{\"@id\":\"https:\\\/\\\/fundesplai.org\\\/es\\\/#\\\/schema\\\/person\\\/c0e9e7466bb8ac06f5264324a6109733\"},\"breadcrumb\":{\"@id\":\"https:\\\/\\\/fundesplai.org\\\/es\\\/informa-t\\\/actualitat-es\\\/clausura-del-curso-de-la-aventura-de-la-vida-en-lleida\\\/#breadcrumb\"},\"inLanguage\":\"es\",\"potentialAction\":[{\"@type\":\"ReadAction\",\"target\":[\"https:\\\/\\\/fundesplai.org\\\/es\\\/informa-t\\\/actualitat-es\\\/clausura-del-curso-de-la-aventura-de-la-vida-en-lleida\\\/\"]}]},{\"@type\":\"ImageObject\",\"inLanguage\":\"es\",\"@id\":\"https:\\\/\\\/fundesplai.org\\\/es\\\/informa-t\\\/actualitat-es\\\/clausura-del-curso-de-la-aventura-de-la-vida-en-lleida\\\/#primaryimage\",\"url\":\"https:\\\/\\\/fundesplai.org\\\/test-joomla\\\/wp-content\\\/uploads\\\/sites\\\/26\\\/2017\\\/05\\\/aventura-lleida.jpg\",\"contentUrl\":\"https:\\\/\\\/fundesplai.org\\\/test-joomla\\\/wp-content\\\/uploads\\\/sites\\\/26\\\/2017\\\/05\\\/aventura-lleida.jpg\"},{\"@type\":\"BreadcrumbList\",\"@id\":\"https:\\\/\\\/fundesplai.org\\\/es\\\/informa-t\\\/actualitat-es\\\/clausura-del-curso-de-la-aventura-de-la-vida-en-lleida\\\/#breadcrumb\",\"itemListElement\":[{\"@type\":\"ListItem\",\"position\":1,\"name\":\"Inici\",\"item\":\"https:\\\/\\\/fundesplai.org\\\/es\\\/inicio\\\/\"},{\"@type\":\"ListItem\",\"position\":2,\"name\":\"Inf\u00f3rmate\",\"item\":\"https:\\\/\\\/fundesplai.org\\\/es\\\/informate\\\/\"},{\"@type\":\"ListItem\",\"position\":3,\"name\":\"Sin categor\u00eda\",\"item\":\"https:\\\/\\\/fundesplai.org\\\/es\\\/informa-t\\\/category\\\/sin-categoria\\\/\"},{\"@type\":\"ListItem\",\"position\":4,\"name\":\"Clausura del curso de La Aventura de la Vida en Lleida\"}]},{\"@type\":\"WebSite\",\"@id\":\"https:\\\/\\\/fundesplai.org\\\/es\\\/#website\",\"url\":\"https:\\\/\\\/fundesplai.org\\\/es\\\/\",\"name\":\"Fundesplai\",\"description\":\"Eduquem per la conviv\u00e8ncia i la sostenibilitat\",\"potentialAction\":[{\"@type\":\"SearchAction\",\"target\":{\"@type\":\"EntryPoint\",\"urlTemplate\":\"https:\\\/\\\/fundesplai.org\\\/es\\\/?s={search_term_string}\"},\"query-input\":{\"@type\":\"PropertyValueSpecification\",\"valueRequired\":true,\"valueName\":\"search_term_string\"}}],\"inLanguage\":\"es\"},{\"@type\":\"Person\",\"@id\":\"https:\\\/\\\/fundesplai.org\\\/es\\\/#\\\/schema\\\/person\\\/c0e9e7466bb8ac06f5264324a6109733\",\"name\":\"Alfons Valle\",\"image\":{\"@type\":\"ImageObject\",\"inLanguage\":\"es\",\"@id\":\"https:\\\/\\\/secure.gravatar.com\\\/avatar\\\/71d95a3f99a068ba570ac1314ed6911a59c5ae3f22ffcf23631cd1a861a640bc?s=96&d=mm&r=g\",\"url\":\"https:\\\/\\\/secure.gravatar.com\\\/avatar\\\/71d95a3f99a068ba570ac1314ed6911a59c5ae3f22ffcf23631cd1a861a640bc?s=96&d=mm&r=g\",\"contentUrl\":\"https:\\\/\\\/secure.gravatar.com\\\/avatar\\\/71d95a3f99a068ba570ac1314ed6911a59c5ae3f22ffcf23631cd1a861a640bc?s=96&d=mm&r=g\",\"caption\":\"Alfons Valle\"},\"url\":\"https:\\\/\\\/fundesplai.org\\\/es\\\/informa-t\\\/author\\\/avalle\\\/\"}]}<\/script>\n<!-- \/ Yoast SEO plugin. -->","yoast_head_json":{"title":"Clausura del curso de La Aventura de la Vida en Lleida - Fundesplai","robots":{"index":"index","follow":"follow","max-snippet":"max-snippet:-1","max-image-preview":"max-image-preview:large","max-video-preview":"max-video-preview:-1"},"canonical":"https:\/\/fundesplai.org\/es\/informa-t\/actualitat-es\/clausura-del-curso-de-la-aventura-de-la-vida-en-lleida\/","og_locale":"es_ES","og_type":"article","og_title":"Clausura del curso de La Aventura de la Vida en Lleida - Fundesplai","og_description":"Unos quinientos alumnos de primaria de las escuelas de Lleida han participado este mi\u00e9rcoles 24 de mayo en la clausura del curso de La Aventura de la Vida.","og_url":"https:\/\/fundesplai.org\/es\/informa-t\/actualitat-es\/clausura-del-curso-de-la-aventura-de-la-vida-en-lleida\/","og_site_name":"Fundesplai","article_published_time":"2017-05-24T11:53:03+00:00","og_image":[{"url":"https:\/\/fundesplai.org\/test-joomla\/wp-content\/uploads\/sites\/26\/2017\/05\/aventura-lleida.jpg","type":"","width":"","height":""}],"author":"Alfons Valle","twitter_card":"summary_large_image","twitter_misc":{"Escrito por":"Alfons Valle","Tiempo de lectura":"1 minuto"},"schema":{"@context":"https:\/\/schema.org","@graph":[{"@type":"Article","@id":"https:\/\/fundesplai.org\/es\/informa-t\/actualitat-es\/clausura-del-curso-de-la-aventura-de-la-vida-en-lleida\/#article","isPartOf":{"@id":"https:\/\/fundesplai.org\/es\/informa-t\/actualitat-es\/clausura-del-curso-de-la-aventura-de-la-vida-en-lleida\/"},"author":{"name":"Alfons Valle","@id":"https:\/\/fundesplai.org\/es\/#\/schema\/person\/c0e9e7466bb8ac06f5264324a6109733"},"headline":"Clausura del curso de La Aventura de la Vida en Lleida","datePublished":"2017-05-24T11:53:03+00:00","mainEntityOfPage":{"@id":"https:\/\/fundesplai.org\/es\/informa-t\/actualitat-es\/clausura-del-curso-de-la-aventura-de-la-vida-en-lleida\/"},"wordCount":288,"image":{"@id":"https:\/\/fundesplai.org\/es\/informa-t\/actualitat-es\/clausura-del-curso-de-la-aventura-de-la-vida-en-lleida\/#primaryimage"},"thumbnailUrl":"https:\/\/fundesplai.org\/test-joomla\/wp-content\/uploads\/sites\/26\/2017\/05\/aventura-lleida.jpg","articleSection":["Actualitat"],"inLanguage":"es"},{"@type":"WebPage","@id":"https:\/\/fundesplai.org\/es\/informa-t\/actualitat-es\/clausura-del-curso-de-la-aventura-de-la-vida-en-lleida\/","url":"https:\/\/fundesplai.org\/es\/informa-t\/actualitat-es\/clausura-del-curso-de-la-aventura-de-la-vida-en-lleida\/","name":"Clausura del curso de La Aventura de la Vida en Lleida - Fundesplai","isPartOf":{"@id":"https:\/\/fundesplai.org\/es\/#website"},"primaryImageOfPage":{"@id":"https:\/\/fundesplai.org\/es\/informa-t\/actualitat-es\/clausura-del-curso-de-la-aventura-de-la-vida-en-lleida\/#primaryimage"},"image":{"@id":"https:\/\/fundesplai.org\/es\/informa-t\/actualitat-es\/clausura-del-curso-de-la-aventura-de-la-vida-en-lleida\/#primaryimage"},"thumbnailUrl":"https:\/\/fundesplai.org\/test-joomla\/wp-content\/uploads\/sites\/26\/2017\/05\/aventura-lleida.jpg","datePublished":"2017-05-24T11:53:03+00:00","author":{"@id":"https:\/\/fundesplai.org\/es\/#\/schema\/person\/c0e9e7466bb8ac06f5264324a6109733"},"breadcrumb":{"@id":"https:\/\/fundesplai.org\/es\/informa-t\/actualitat-es\/clausura-del-curso-de-la-aventura-de-la-vida-en-lleida\/#breadcrumb"},"inLanguage":"es","potentialAction":[{"@type":"ReadAction","target":["https:\/\/fundesplai.org\/es\/informa-t\/actualitat-es\/clausura-del-curso-de-la-aventura-de-la-vida-en-lleida\/"]}]},{"@type":"ImageObject","inLanguage":"es","@id":"https:\/\/fundesplai.org\/es\/informa-t\/actualitat-es\/clausura-del-curso-de-la-aventura-de-la-vida-en-lleida\/#primaryimage","url":"https:\/\/fundesplai.org\/test-joomla\/wp-content\/uploads\/sites\/26\/2017\/05\/aventura-lleida.jpg","contentUrl":"https:\/\/fundesplai.org\/test-joomla\/wp-content\/uploads\/sites\/26\/2017\/05\/aventura-lleida.jpg"},{"@type":"BreadcrumbList","@id":"https:\/\/fundesplai.org\/es\/informa-t\/actualitat-es\/clausura-del-curso-de-la-aventura-de-la-vida-en-lleida\/#breadcrumb","itemListElement":[{"@type":"ListItem","position":1,"name":"Inici","item":"https:\/\/fundesplai.org\/es\/inicio\/"},{"@type":"ListItem","position":2,"name":"Inf\u00f3rmate","item":"https:\/\/fundesplai.org\/es\/informate\/"},{"@type":"ListItem","position":3,"name":"Sin categor\u00eda","item":"https:\/\/fundesplai.org\/es\/informa-t\/category\/sin-categoria\/"},{"@type":"ListItem","position":4,"name":"Clausura del curso de La Aventura de la Vida en Lleida"}]},{"@type":"WebSite","@id":"https:\/\/fundesplai.org\/es\/#website","url":"https:\/\/fundesplai.org\/es\/","name":"Fundesplai","description":"Eduquem per la conviv\u00e8ncia i la sostenibilitat","potentialAction":[{"@type":"SearchAction","target":{"@type":"EntryPoint","urlTemplate":"https:\/\/fundesplai.org\/es\/?s={search_term_string}"},"query-input":{"@type":"PropertyValueSpecification","valueRequired":true,"valueName":"search_term_string"}}],"inLanguage":"es"},{"@type":"Person","@id":"https:\/\/fundesplai.org\/es\/#\/schema\/person\/c0e9e7466bb8ac06f5264324a6109733","name":"Alfons Valle","image":{"@type":"ImageObject","inLanguage":"es","@id":"https:\/\/secure.gravatar.com\/avatar\/71d95a3f99a068ba570ac1314ed6911a59c5ae3f22ffcf23631cd1a861a640bc?s=96&d=mm&r=g","url":"https:\/\/secure.gravatar.com\/avatar\/71d95a3f99a068ba570ac1314ed6911a59c5ae3f22ffcf23631cd1a861a640bc?s=96&d=mm&r=g","contentUrl":"https:\/\/secure.gravatar.com\/avatar\/71d95a3f99a068ba570ac1314ed6911a59c5ae3f22ffcf23631cd1a861a640bc?s=96&d=mm&r=g","caption":"Alfons Valle"},"url":"https:\/\/fundesplai.org\/es\/informa-t\/author\/avalle\/"}]}},"_links":{"self":[{"href":"https:\/\/fundesplai.org\/es\/wp-json\/wp\/v2\/posts\/47728","targetHints":{"allow":["GET"]}}],"collection":[{"href":"https:\/\/fundesplai.org\/es\/wp-json\/wp\/v2\/posts"}],"about":[{"href":"https:\/\/fundesplai.org\/es\/wp-json\/wp\/v2\/types\/post"}],"author":[{"embeddable":true,"href":"https:\/\/fundesplai.org\/es\/wp-json\/wp\/v2\/users\/9"}],"replies":[{"embeddable":true,"href":"https:\/\/fundesplai.org\/es\/wp-json\/wp\/v2\/comments?post=47728"}],"version-history":[{"count":0,"href":"https:\/\/fundesplai.org\/es\/wp-json\/wp\/v2\/posts\/47728\/revisions"}],"wp:attachment":[{"href":"https:\/\/fundesplai.org\/es\/wp-json\/wp\/v2\/media?parent=47728"}],"wp:term":[{"taxonomy":"category","embeddable":true,"href":"https:\/\/fundesplai.org\/es\/wp-json\/wp\/v2\/categories?post=47728"},{"taxonomy":"post_tag","embeddable":true,"href":"https:\/\/fundesplai.org\/es\/wp-json\/wp\/v2\/tags?post=47728"}],"curies":[{"name":"wp","href":"https:\/\/api.w.org\/{rel}","templated":true}]}}