{"id":47725,"date":"2017-05-03T16:38:27","date_gmt":"2017-05-03T14:38:27","guid":{"rendered":"https:\/\/fundesplai.org\/informa-t\/sense-categoria\/foro-iberoamericano\/"},"modified":"2017-05-03T16:38:27","modified_gmt":"2017-05-03T14:38:27","slug":"foro-iberoamericano","status":"publish","type":"post","link":"https:\/\/fundesplai.org\/es\/informa-t\/actualitat-es\/foro-iberoamericano\/","title":{"rendered":"Foro Iberoamericano"},"content":{"rendered":"<p>Este mi\u00e9rcoles 3 de mayo se ha celebrado en CosmoCaixa Barcelona la primera a jornada de trabajo del VIII Foro Iberoamericano \u00abHaciendo Pol\u00edtica Juntos\u00bb<\/p>\n<p><!--more--><\/p>\n<p class=\"intro\">Celebrada la primera jornada del VIII Foro Iberoamericano \u00abHaciendo Pol\u00edtica Juntos\u00bb, en Barcelona y Madrid<\/p>\n<table style=\"width: 100%;height: 56px\">\n<tbody>\n<tr>\n<td colspan=\"2\"><img decoding=\"async\" class=\" size-full wp-image-4351\" src=\"https:\/\/fundesplai.org\/test-joomla\/wp-content\/uploads\/sites\/26\/2017\/05\/COSMOCAIXA1-004-scaled.jpg\" alt=\"COSMOCAIXA1 004\" width=\"100%\" height=\"NaN\"><\/td>\n<\/tr>\n<tr>\n<td><img decoding=\"async\" class=\" size-full wp-image-4352\" src=\"https:\/\/fundesplai.org\/test-joomla\/wp-content\/uploads\/sites\/26\/2017\/05\/COSMOCAIXA1-010.jpg\" alt=\"COSMOCAIXA1 010\" width=\"100%\" height=\"NaN\"><\/td>\n<td><img decoding=\"async\" class=\" size-full wp-image-4363\" src=\"https:\/\/fundesplai.org\/test-joomla\/wp-content\/uploads\/sites\/26\/2017\/05\/COSMOCAIXA1-034.jpg\" alt=\"COSMOCAIXA1 034\" width=\"100%\" height=\"NaN\"><\/td>\n<\/tr>\n<tr>\n<td><img decoding=\"async\" class=\" size-full wp-image-4367\" src=\"https:\/\/fundesplai.org\/test-joomla\/wp-content\/uploads\/sites\/26\/2017\/05\/COSMOCAIXA1-040.jpg\" alt=\"COSMOCAIXA1 040\" width=\"100%\" height=\"NaN\"><\/td>\n<td><img decoding=\"async\" class=\" size-full wp-image-4368\" src=\"https:\/\/fundesplai.org\/test-joomla\/wp-content\/uploads\/sites\/26\/2017\/05\/COSMOCAIXA2-03-scaled.jpg\" alt=\"COSMOCAIXA2 03\" width=\"100%\" height=\"NaN\"><\/td>\n<\/tr>\n<\/tbody>\n<\/table>\n<p>Este mi\u00e9rcoles 3 de mayo se ha celebrado en CosmoCaixa Barcelona la primera a jornada de trabajo del VIII Foro Iberoamericano \u00abHaciendo Pol\u00edtica Juntos\u00bb: las juventudes hoy y en sus retos de futuro. Se trata de un evento coorganizado por Fundesplai \/ Fundaci\u00f3n Esplai -como entidad socia de la Liga Iberoamericana de Organizaciones de la Sociedad Civil contra la Inclusi\u00f3n y la pobreza-, y la Secretaria General Iberoamericana (SEGIB).<\/p>\n<p>Esta VIII edici\u00f3n del Foro cuenta con la participaci\u00f3n de m\u00e1s de 500 personas entre j\u00f3venes y representantes de 18 pa\u00edses iberoamericanos<\/p>\n<p>El Foro, que se inici\u00f3 el martes 2 de mayo con recepciones institucionales a los participantes internacionales en el Ayuntamiento de El Prat, en el Parlamento de Catalu\u00f1a y la Generalidad de Catalu\u00f1a, ha continuado hoy con las conferencias y debates principales. Las jornadas continuar\u00e1n ma\u00f1ana jueves en Barcelona y el viernes 5 en la Casa de Am\u00e9rica de Madrid. Acabar\u00e1 el domingo, en el marco de la Fiesta Esplai, en El Prat de Llobregat.<\/p>\n<p><strong>Situaci\u00f3n de la juventud en Iberoam\u00e9rica<\/strong><\/p>\n<p>En las primeras conferencias, mesas y foros se ha abordado la situaci\u00f3n de la juventud en Iberoam\u00e9rica. Esta regi\u00f3n nunca hab\u00eda contado con tantas personas en edades entre los 15 y los 29 a\u00f1os de edad. Actualmente son m\u00e1s de 150 millones, cifra representa una cuarta parte de la poblaci\u00f3n y constituyen una fuerza pol\u00edtica y productiva vital para el desarrollo.<\/p>\n<p> Sin embargo, los altos niveles de desempleo y la precariedad laboral est\u00e1n impidiendo que cumplan este papel vital para la sociedad. Una quinta parte de los j\u00f3venes que viven en Iberoam\u00e9rica trabaja en trabajos informales (31 millones), lo que hace que las tasas de desempleo sean mucho m\u00e1s altas para los j\u00f3venes que para los adultos. En Espa\u00f1a, el 43% de la poblaci\u00f3n activa juvenil est\u00e1 en paro o son trabajadores que viven en la pobreza. Los j\u00f3venes se ven abocados a vivir en el <em>precariado<\/em>, con sueldos m\u00ednimos, falta de contratos legales y de perspectivas de futuro.<\/p>\n<p>Ante esta situaci\u00f3n, los participantes en el Foro han hecho un llamamiento a reaccionar. Seg\u00fan la Presidenta de La Liga, <strong>Alejandra Solla<\/strong>, <em>\u00abes necesario que administraciones, empresas y tercer sector act\u00faen a favor de la juventud, porque el presente y el futuro s\u00f3lo lo construiremos con la fuerza de los j\u00f3venes\u00bb.<\/em><em>&nbsp;<\/em><\/p>\n<p><strong>Primeras conclusiones<\/strong><\/p>\n<p>El Foro ha acogido conferencias, mesas redondas y foros virtuales y se ha estructurado siguiendo tres ejes de trabajo: educaci\u00f3n, participaci\u00f3n y trabajo.<\/p>\n<p>A modo de primeras conclusiones, <strong>N\u00faria Valls<\/strong>, vicepresidenta de la Liga y Directora General de Fundaci\u00f3n Esplai ha declarado que <em>\u00abhay que garantizar una <strong>educaci\u00f3n<\/strong> para todos, con calidad y equidad, que no s\u00f3lo ponga el \u00e9nfasis en los contenidos sino tambi\u00e9n en las competencias transversales y fomentar procesos como el de la mentor\u00eda, de transici\u00f3n entre la formaci\u00f3n y el trabajo; hay que promover espacios de <strong>participaci\u00f3n<\/strong> juvenil y tambi\u00e9n las relaciones intergeneracionales y luchar contra la precarizaci\u00f3n del <strong>trabajo<\/strong>\u201d. <\/em>En este sentido ha concretado que <em>\u00abla sociedad no&nbsp; puede aceptar como normal la precarizaci\u00f3n del trabajo de los j\u00f3venes, cuando cada vez se ensancha m\u00e1s la brecha entre las rentas m\u00e1s altas y las m\u00e1s bajas\u00bb.<\/em><\/p>\n<p>En la jornada de hoy tambi\u00e9n han participado <strong>Josep Gass\u00f3<\/strong>, presidente de Fundesplai, <strong>Marc Sim\u00f3n<\/strong>, Director Corporativo del \u00c1rea Social de la Fundaci\u00f3n \u00abla Caixa\u00bb y <strong>Miquel \u00c0ngel Essomba<\/strong>, del Ayuntamiento de Barcelona y <strong>Neus Munt\u00e9<\/strong>, Consejera de la Presidencia de la Generalitat de Catalu\u00f1a.<\/p>\n<p> <strong>Tania Mart\u00ednez<\/strong>, Premio Nacional de la Juventud 2016 en M\u00e9xico y primera becaria ind\u00edgena del Programa Fullbright, <strong>Ricardo Tadeu<\/strong>, Juez del Tribunal Regional de Trabajo de Curitiba y primer magistrado invidente de Brasil, han aportado sus testimonios personales de superaci\u00f3n y activismo social al encuentro.<\/p>\n<p>El pr\u00f3ximo viernes, en Madrid, las jornadas contar\u00e1n con la participaci\u00f3n, entre otros, de <strong>Enrique Arnanz<\/strong>, presidente de la Fundaci\u00f3n Esplai, <strong>Manuela Carmena<\/strong>, Alcaldesa de Madrid y <strong>Rebeca Grynspan<\/strong>, Secretaria General Iberoamericana (SEGIB).<\/p>\n","protected":false},"excerpt":{"rendered":"<p>Este mi\u00e9rcoles 3 de mayo se ha celebrado en CosmoCaixa Barcelona la primera a jornada de trabajo del VIII Foro Iberoamericano \u00abHaciendo Pol\u00edtica Juntos\u00bb<\/p>\n","protected":false},"author":9,"featured_media":0,"comment_status":"closed","ping_status":"closed","sticky":false,"template":"","format":"standard","meta":{"_et_pb_use_builder":"","_et_pb_old_content":"","_et_gb_content_width":"","footnotes":""},"categories":[937],"tags":[],"class_list":["post-47725","post","type-post","status-publish","format-standard","hentry","category-actualitat-es"],"yoast_head":"<!-- This site is optimized with the Yoast SEO plugin v27.4 - https:\/\/yoast.com\/product\/yoast-seo-wordpress\/ -->\n<title>Foro Iberoamericano - Fundesplai<\/title>\n<meta name=\"robots\" content=\"index, follow, max-snippet:-1, max-image-preview:large, max-video-preview:-1\" \/>\n<link rel=\"canonical\" href=\"https:\/\/fundesplai.org\/es\/informa-t\/actualitat-es\/foro-iberoamericano\/\" \/>\n<meta property=\"og:locale\" content=\"es_ES\" \/>\n<meta property=\"og:type\" content=\"article\" \/>\n<meta property=\"og:title\" content=\"Foro Iberoamericano - Fundesplai\" \/>\n<meta property=\"og:description\" content=\"Este mi\u00e9rcoles 3 de mayo se ha celebrado en CosmoCaixa Barcelona la primera a jornada de trabajo del VIII Foro Iberoamericano \u00abHaciendo Pol\u00edtica Juntos\u00bb\" \/>\n<meta property=\"og:url\" content=\"https:\/\/fundesplai.org\/es\/informa-t\/actualitat-es\/foro-iberoamericano\/\" \/>\n<meta property=\"og:site_name\" content=\"Fundesplai\" \/>\n<meta property=\"article:published_time\" content=\"2017-05-03T14:38:27+00:00\" \/>\n<meta property=\"og:image\" content=\"https:\/\/fundesplai.org\/test-joomla\/wp-content\/uploads\/sites\/26\/2017\/05\/COSMOCAIXA1-004-scaled.jpg\" \/>\n<meta name=\"author\" content=\"Alfons Valle\" \/>\n<meta name=\"twitter:card\" content=\"summary_large_image\" \/>\n<meta name=\"twitter:label1\" content=\"Escrito por\" \/>\n\t<meta name=\"twitter:data1\" content=\"Alfons Valle\" \/>\n\t<meta name=\"twitter:label2\" content=\"Tiempo de lectura\" \/>\n\t<meta name=\"twitter:data2\" content=\"4 minutos\" \/>\n<script type=\"application\/ld+json\" class=\"yoast-schema-graph\">{\"@context\":\"https:\\\/\\\/schema.org\",\"@graph\":[{\"@type\":\"Article\",\"@id\":\"https:\\\/\\\/fundesplai.org\\\/es\\\/informa-t\\\/actualitat-es\\\/foro-iberoamericano\\\/#article\",\"isPartOf\":{\"@id\":\"https:\\\/\\\/fundesplai.org\\\/es\\\/informa-t\\\/actualitat-es\\\/foro-iberoamericano\\\/\"},\"author\":{\"name\":\"Alfons Valle\",\"@id\":\"https:\\\/\\\/fundesplai.org\\\/es\\\/#\\\/schema\\\/person\\\/c0e9e7466bb8ac06f5264324a6109733\"},\"headline\":\"Foro Iberoamericano\",\"datePublished\":\"2017-05-03T14:38:27+00:00\",\"mainEntityOfPage\":{\"@id\":\"https:\\\/\\\/fundesplai.org\\\/es\\\/informa-t\\\/actualitat-es\\\/foro-iberoamericano\\\/\"},\"wordCount\":749,\"image\":{\"@id\":\"https:\\\/\\\/fundesplai.org\\\/es\\\/informa-t\\\/actualitat-es\\\/foro-iberoamericano\\\/#primaryimage\"},\"thumbnailUrl\":\"https:\\\/\\\/fundesplai.org\\\/test-joomla\\\/wp-content\\\/uploads\\\/sites\\\/26\\\/2017\\\/05\\\/COSMOCAIXA1-004-scaled.jpg\",\"articleSection\":[\"Actualitat\"],\"inLanguage\":\"es\"},{\"@type\":\"WebPage\",\"@id\":\"https:\\\/\\\/fundesplai.org\\\/es\\\/informa-t\\\/actualitat-es\\\/foro-iberoamericano\\\/\",\"url\":\"https:\\\/\\\/fundesplai.org\\\/es\\\/informa-t\\\/actualitat-es\\\/foro-iberoamericano\\\/\",\"name\":\"Foro Iberoamericano - Fundesplai\",\"isPartOf\":{\"@id\":\"https:\\\/\\\/fundesplai.org\\\/es\\\/#website\"},\"primaryImageOfPage\":{\"@id\":\"https:\\\/\\\/fundesplai.org\\\/es\\\/informa-t\\\/actualitat-es\\\/foro-iberoamericano\\\/#primaryimage\"},\"image\":{\"@id\":\"https:\\\/\\\/fundesplai.org\\\/es\\\/informa-t\\\/actualitat-es\\\/foro-iberoamericano\\\/#primaryimage\"},\"thumbnailUrl\":\"https:\\\/\\\/fundesplai.org\\\/test-joomla\\\/wp-content\\\/uploads\\\/sites\\\/26\\\/2017\\\/05\\\/COSMOCAIXA1-004-scaled.jpg\",\"datePublished\":\"2017-05-03T14:38:27+00:00\",\"author\":{\"@id\":\"https:\\\/\\\/fundesplai.org\\\/es\\\/#\\\/schema\\\/person\\\/c0e9e7466bb8ac06f5264324a6109733\"},\"breadcrumb\":{\"@id\":\"https:\\\/\\\/fundesplai.org\\\/es\\\/informa-t\\\/actualitat-es\\\/foro-iberoamericano\\\/#breadcrumb\"},\"inLanguage\":\"es\",\"potentialAction\":[{\"@type\":\"ReadAction\",\"target\":[\"https:\\\/\\\/fundesplai.org\\\/es\\\/informa-t\\\/actualitat-es\\\/foro-iberoamericano\\\/\"]}]},{\"@type\":\"ImageObject\",\"inLanguage\":\"es\",\"@id\":\"https:\\\/\\\/fundesplai.org\\\/es\\\/informa-t\\\/actualitat-es\\\/foro-iberoamericano\\\/#primaryimage\",\"url\":\"https:\\\/\\\/fundesplai.org\\\/test-joomla\\\/wp-content\\\/uploads\\\/sites\\\/26\\\/2017\\\/05\\\/COSMOCAIXA1-004-scaled.jpg\",\"contentUrl\":\"https:\\\/\\\/fundesplai.org\\\/test-joomla\\\/wp-content\\\/uploads\\\/sites\\\/26\\\/2017\\\/05\\\/COSMOCAIXA1-004-scaled.jpg\"},{\"@type\":\"BreadcrumbList\",\"@id\":\"https:\\\/\\\/fundesplai.org\\\/es\\\/informa-t\\\/actualitat-es\\\/foro-iberoamericano\\\/#breadcrumb\",\"itemListElement\":[{\"@type\":\"ListItem\",\"position\":1,\"name\":\"Inici\",\"item\":\"https:\\\/\\\/fundesplai.org\\\/es\\\/inicio\\\/\"},{\"@type\":\"ListItem\",\"position\":2,\"name\":\"Inf\u00f3rmate\",\"item\":\"https:\\\/\\\/fundesplai.org\\\/es\\\/informate\\\/\"},{\"@type\":\"ListItem\",\"position\":3,\"name\":\"Sin categor\u00eda\",\"item\":\"https:\\\/\\\/fundesplai.org\\\/es\\\/informa-t\\\/category\\\/sin-categoria\\\/\"},{\"@type\":\"ListItem\",\"position\":4,\"name\":\"Foro Iberoamericano\"}]},{\"@type\":\"WebSite\",\"@id\":\"https:\\\/\\\/fundesplai.org\\\/es\\\/#website\",\"url\":\"https:\\\/\\\/fundesplai.org\\\/es\\\/\",\"name\":\"Fundesplai\",\"description\":\"Eduquem per la conviv\u00e8ncia i la sostenibilitat\",\"potentialAction\":[{\"@type\":\"SearchAction\",\"target\":{\"@type\":\"EntryPoint\",\"urlTemplate\":\"https:\\\/\\\/fundesplai.org\\\/es\\\/?s={search_term_string}\"},\"query-input\":{\"@type\":\"PropertyValueSpecification\",\"valueRequired\":true,\"valueName\":\"search_term_string\"}}],\"inLanguage\":\"es\"},{\"@type\":\"Person\",\"@id\":\"https:\\\/\\\/fundesplai.org\\\/es\\\/#\\\/schema\\\/person\\\/c0e9e7466bb8ac06f5264324a6109733\",\"name\":\"Alfons Valle\",\"image\":{\"@type\":\"ImageObject\",\"inLanguage\":\"es\",\"@id\":\"https:\\\/\\\/secure.gravatar.com\\\/avatar\\\/71d95a3f99a068ba570ac1314ed6911a59c5ae3f22ffcf23631cd1a861a640bc?s=96&d=mm&r=g\",\"url\":\"https:\\\/\\\/secure.gravatar.com\\\/avatar\\\/71d95a3f99a068ba570ac1314ed6911a59c5ae3f22ffcf23631cd1a861a640bc?s=96&d=mm&r=g\",\"contentUrl\":\"https:\\\/\\\/secure.gravatar.com\\\/avatar\\\/71d95a3f99a068ba570ac1314ed6911a59c5ae3f22ffcf23631cd1a861a640bc?s=96&d=mm&r=g\",\"caption\":\"Alfons Valle\"},\"url\":\"https:\\\/\\\/fundesplai.org\\\/es\\\/informa-t\\\/author\\\/avalle\\\/\"}]}<\/script>\n<!-- \/ Yoast SEO plugin. -->","yoast_head_json":{"title":"Foro Iberoamericano - Fundesplai","robots":{"index":"index","follow":"follow","max-snippet":"max-snippet:-1","max-image-preview":"max-image-preview:large","max-video-preview":"max-video-preview:-1"},"canonical":"https:\/\/fundesplai.org\/es\/informa-t\/actualitat-es\/foro-iberoamericano\/","og_locale":"es_ES","og_type":"article","og_title":"Foro Iberoamericano - Fundesplai","og_description":"Este mi\u00e9rcoles 3 de mayo se ha celebrado en CosmoCaixa Barcelona la primera a jornada de trabajo del VIII Foro Iberoamericano \u00abHaciendo Pol\u00edtica Juntos\u00bb","og_url":"https:\/\/fundesplai.org\/es\/informa-t\/actualitat-es\/foro-iberoamericano\/","og_site_name":"Fundesplai","article_published_time":"2017-05-03T14:38:27+00:00","og_image":[{"url":"https:\/\/fundesplai.org\/test-joomla\/wp-content\/uploads\/sites\/26\/2017\/05\/COSMOCAIXA1-004-scaled.jpg","type":"","width":"","height":""}],"author":"Alfons Valle","twitter_card":"summary_large_image","twitter_misc":{"Escrito por":"Alfons Valle","Tiempo de lectura":"4 minutos"},"schema":{"@context":"https:\/\/schema.org","@graph":[{"@type":"Article","@id":"https:\/\/fundesplai.org\/es\/informa-t\/actualitat-es\/foro-iberoamericano\/#article","isPartOf":{"@id":"https:\/\/fundesplai.org\/es\/informa-t\/actualitat-es\/foro-iberoamericano\/"},"author":{"name":"Alfons Valle","@id":"https:\/\/fundesplai.org\/es\/#\/schema\/person\/c0e9e7466bb8ac06f5264324a6109733"},"headline":"Foro Iberoamericano","datePublished":"2017-05-03T14:38:27+00:00","mainEntityOfPage":{"@id":"https:\/\/fundesplai.org\/es\/informa-t\/actualitat-es\/foro-iberoamericano\/"},"wordCount":749,"image":{"@id":"https:\/\/fundesplai.org\/es\/informa-t\/actualitat-es\/foro-iberoamericano\/#primaryimage"},"thumbnailUrl":"https:\/\/fundesplai.org\/test-joomla\/wp-content\/uploads\/sites\/26\/2017\/05\/COSMOCAIXA1-004-scaled.jpg","articleSection":["Actualitat"],"inLanguage":"es"},{"@type":"WebPage","@id":"https:\/\/fundesplai.org\/es\/informa-t\/actualitat-es\/foro-iberoamericano\/","url":"https:\/\/fundesplai.org\/es\/informa-t\/actualitat-es\/foro-iberoamericano\/","name":"Foro Iberoamericano - Fundesplai","isPartOf":{"@id":"https:\/\/fundesplai.org\/es\/#website"},"primaryImageOfPage":{"@id":"https:\/\/fundesplai.org\/es\/informa-t\/actualitat-es\/foro-iberoamericano\/#primaryimage"},"image":{"@id":"https:\/\/fundesplai.org\/es\/informa-t\/actualitat-es\/foro-iberoamericano\/#primaryimage"},"thumbnailUrl":"https:\/\/fundesplai.org\/test-joomla\/wp-content\/uploads\/sites\/26\/2017\/05\/COSMOCAIXA1-004-scaled.jpg","datePublished":"2017-05-03T14:38:27+00:00","author":{"@id":"https:\/\/fundesplai.org\/es\/#\/schema\/person\/c0e9e7466bb8ac06f5264324a6109733"},"breadcrumb":{"@id":"https:\/\/fundesplai.org\/es\/informa-t\/actualitat-es\/foro-iberoamericano\/#breadcrumb"},"inLanguage":"es","potentialAction":[{"@type":"ReadAction","target":["https:\/\/fundesplai.org\/es\/informa-t\/actualitat-es\/foro-iberoamericano\/"]}]},{"@type":"ImageObject","inLanguage":"es","@id":"https:\/\/fundesplai.org\/es\/informa-t\/actualitat-es\/foro-iberoamericano\/#primaryimage","url":"https:\/\/fundesplai.org\/test-joomla\/wp-content\/uploads\/sites\/26\/2017\/05\/COSMOCAIXA1-004-scaled.jpg","contentUrl":"https:\/\/fundesplai.org\/test-joomla\/wp-content\/uploads\/sites\/26\/2017\/05\/COSMOCAIXA1-004-scaled.jpg"},{"@type":"BreadcrumbList","@id":"https:\/\/fundesplai.org\/es\/informa-t\/actualitat-es\/foro-iberoamericano\/#breadcrumb","itemListElement":[{"@type":"ListItem","position":1,"name":"Inici","item":"https:\/\/fundesplai.org\/es\/inicio\/"},{"@type":"ListItem","position":2,"name":"Inf\u00f3rmate","item":"https:\/\/fundesplai.org\/es\/informate\/"},{"@type":"ListItem","position":3,"name":"Sin categor\u00eda","item":"https:\/\/fundesplai.org\/es\/informa-t\/category\/sin-categoria\/"},{"@type":"ListItem","position":4,"name":"Foro Iberoamericano"}]},{"@type":"WebSite","@id":"https:\/\/fundesplai.org\/es\/#website","url":"https:\/\/fundesplai.org\/es\/","name":"Fundesplai","description":"Eduquem per la conviv\u00e8ncia i la sostenibilitat","potentialAction":[{"@type":"SearchAction","target":{"@type":"EntryPoint","urlTemplate":"https:\/\/fundesplai.org\/es\/?s={search_term_string}"},"query-input":{"@type":"PropertyValueSpecification","valueRequired":true,"valueName":"search_term_string"}}],"inLanguage":"es"},{"@type":"Person","@id":"https:\/\/fundesplai.org\/es\/#\/schema\/person\/c0e9e7466bb8ac06f5264324a6109733","name":"Alfons Valle","image":{"@type":"ImageObject","inLanguage":"es","@id":"https:\/\/secure.gravatar.com\/avatar\/71d95a3f99a068ba570ac1314ed6911a59c5ae3f22ffcf23631cd1a861a640bc?s=96&d=mm&r=g","url":"https:\/\/secure.gravatar.com\/avatar\/71d95a3f99a068ba570ac1314ed6911a59c5ae3f22ffcf23631cd1a861a640bc?s=96&d=mm&r=g","contentUrl":"https:\/\/secure.gravatar.com\/avatar\/71d95a3f99a068ba570ac1314ed6911a59c5ae3f22ffcf23631cd1a861a640bc?s=96&d=mm&r=g","caption":"Alfons Valle"},"url":"https:\/\/fundesplai.org\/es\/informa-t\/author\/avalle\/"}]}},"_links":{"self":[{"href":"https:\/\/fundesplai.org\/es\/wp-json\/wp\/v2\/posts\/47725","targetHints":{"allow":["GET"]}}],"collection":[{"href":"https:\/\/fundesplai.org\/es\/wp-json\/wp\/v2\/posts"}],"about":[{"href":"https:\/\/fundesplai.org\/es\/wp-json\/wp\/v2\/types\/post"}],"author":[{"embeddable":true,"href":"https:\/\/fundesplai.org\/es\/wp-json\/wp\/v2\/users\/9"}],"replies":[{"embeddable":true,"href":"https:\/\/fundesplai.org\/es\/wp-json\/wp\/v2\/comments?post=47725"}],"version-history":[{"count":0,"href":"https:\/\/fundesplai.org\/es\/wp-json\/wp\/v2\/posts\/47725\/revisions"}],"wp:attachment":[{"href":"https:\/\/fundesplai.org\/es\/wp-json\/wp\/v2\/media?parent=47725"}],"wp:term":[{"taxonomy":"category","embeddable":true,"href":"https:\/\/fundesplai.org\/es\/wp-json\/wp\/v2\/categories?post=47725"},{"taxonomy":"post_tag","embeddable":true,"href":"https:\/\/fundesplai.org\/es\/wp-json\/wp\/v2\/tags?post=47725"}],"curies":[{"name":"wp","href":"https:\/\/api.w.org\/{rel}","templated":true}]}}