{"id":47723,"date":"2017-04-26T12:45:46","date_gmt":"2017-04-26T10:45:46","guid":{"rendered":"https:\/\/fundesplai.org\/informa-t\/sense-categoria\/nuevos-cortometrajes-de-los-jovenes-de-los-esplais\/"},"modified":"2017-04-26T12:45:46","modified_gmt":"2017-04-26T10:45:46","slug":"nuevos-cortometrajes-de-los-jovenes-de-los-esplais","status":"publish","type":"post","link":"https:\/\/fundesplai.org\/es\/informa-t\/actualitat-es\/nuevos-cortometrajes-de-los-jovenes-de-los-esplais\/","title":{"rendered":"Nuevos cortometrajes de los j\u00f3venes de los esplais"},"content":{"rendered":"<p>Ya est\u00e1n on line dos nuevos cortometrajes con vocaci\u00f3n social pensados, dirigidos y editados por j\u00f3venes de los esplais. En esta ocasi\u00f3n son <a href=\"http:\/\/jovesutopics.blogspot.com.es\/\">\u00abRompe la cadena\u00bb<\/a> y <a href=\"https:\/\/vimeo.com\/211191499\">\u00ab\u00c1lex\u00bb<\/a>.<\/p>\n<p><!--more--><\/p>\n<p>Ya est\u00e1n on line dos nuevos cortometrajes con vocaci\u00f3n social pensados, dirigidos y editados por j\u00f3venes de los esplais. En esta ocasi\u00f3n son&nbsp;<a href=\"http:\/\/jovesutopics.blogspot.com.es\/\">\u00abRompe la cadena\u00bb<\/a>&nbsp;y <a href=\"https:\/\/vimeo.com\/211191499\">\u00ab\u00c1lex\u00bb<\/a>.<\/p>\n<p><img decoding=\"async\" class=\" size-full wp-image-4337\" src=\"https:\/\/fundesplai.org\/test-joomla\/wp-content\/uploads\/sites\/26\/2017\/04\/curt-pubilla.jpg\" alt=\"corto pubilla\" width=\"100%\" height=\"NaN\"><\/p>\n<p><span style=\"background-color: transparent\">El primero lo han elaborado j\u00f3venes del Centre Esplai Montmella Cases &#8211; Can Vidalet (Hospitalet &#8211; Esplugues de Llobregat) y se present\u00f3 el pasado 21 de abril en el Centro Cultural La Creueta y es una reflexi\u00f3n sobre la viralizaci\u00f3n de los v\u00eddeos en las redes sociales.<\/span><\/p>\n<p>El segundo lo han hecho j\u00f3venes del Esplai El Nus (Sant Joan Desp\u00ed) y aborda el tema de la identidad de g\u00e9nero. Este cortometraje se present\u00f3 el viernes 28 de abril en el Teatro Merc\u00e8 Ribagor\u00e7ana de Sant Joan Desp\u00ed.<\/p>\n<p>Estas creaciones suponen la continuaci\u00f3n del proyecto de aprendizaje y servicio de audiovisuales que impulsa la Federaci\u00f3 Catalana del Esplai y donde se busca que j\u00f3venes de los recreos reflejen a trav\u00e9s de este medio sobre temas sociales y que culmin\u00f3 con la primera edici\u00f3n del <a href=\"ca\/recursos\/noticies\/1453-festival-edufilms\">Festival Edufilms<\/a> de cine para la transformaci\u00f3n social.<\/p>\n<p><strong>V\u00eddeo \u00abRompe la cadena\u00bb<\/strong><\/p>\n<p><a href=\"https:\/\/vimeo.com\/212824169\"><img decoding=\"async\" class=\" size-full wp-image-4339\" src=\"https:\/\/fundesplai.org\/test-joomla\/wp-content\/uploads\/sites\/26\/2017\/04\/video-joves.jpg\" alt=\"video j\u00f3venes\" width=\"100%\" height=\"NaN\"><\/a><\/p>\n<p><a href=\"https:\/\/vimeo.com\/211191499\">&nbsp;<strong>V\u00eddeo \u00ab\u00c1lex\u00bb<\/strong><\/a><\/p>\n<p><a href=\"https:\/\/vimeo.com\/211191499\"><img decoding=\"async\" class=\" size-full wp-image-4341\" src=\"https:\/\/fundesplai.org\/test-joomla\/wp-content\/uploads\/sites\/26\/2017\/04\/Alex.jpg\" alt=\"Alex\" width=\"100%\" height=\"NaN\"><\/a><\/p>\n","protected":false},"excerpt":{"rendered":"<p>Ya est\u00e1n on line dos nuevos cortometrajes con vocaci\u00f3n social pensados, dirigidos y editados por j\u00f3venes de los esplais. En esta ocasi\u00f3n son \u00abRompe la cadena\u00bb y \u00ab\u00c1lex\u00bb.<\/p>\n","protected":false},"author":4,"featured_media":0,"comment_status":"closed","ping_status":"closed","sticky":false,"template":"","format":"standard","meta":{"_et_pb_use_builder":"","_et_pb_old_content":"","_et_gb_content_width":"","footnotes":""},"categories":[937],"tags":[],"class_list":["post-47723","post","type-post","status-publish","format-standard","hentry","category-actualitat-es"],"yoast_head":"<!-- This site is optimized with the Yoast SEO plugin v27.4 - https:\/\/yoast.com\/product\/yoast-seo-wordpress\/ -->\n<title>Nuevos cortometrajes de los j\u00f3venes de los esplais - Fundesplai<\/title>\n<meta name=\"robots\" content=\"index, follow, max-snippet:-1, max-image-preview:large, max-video-preview:-1\" \/>\n<link rel=\"canonical\" href=\"https:\/\/fundesplai.org\/es\/informa-t\/actualitat-es\/nuevos-cortometrajes-de-los-jovenes-de-los-esplais\/\" \/>\n<meta property=\"og:locale\" content=\"es_ES\" \/>\n<meta property=\"og:type\" content=\"article\" \/>\n<meta property=\"og:title\" content=\"Nuevos cortometrajes de los j\u00f3venes de los esplais - Fundesplai\" \/>\n<meta property=\"og:description\" content=\"Ya est\u00e1n on line dos nuevos cortometrajes con vocaci\u00f3n social pensados, dirigidos y editados por j\u00f3venes de los esplais. En esta ocasi\u00f3n son \u00abRompe la cadena\u00bb y \u00ab\u00c1lex\u00bb.\" \/>\n<meta property=\"og:url\" content=\"https:\/\/fundesplai.org\/es\/informa-t\/actualitat-es\/nuevos-cortometrajes-de-los-jovenes-de-los-esplais\/\" \/>\n<meta property=\"og:site_name\" content=\"Fundesplai\" \/>\n<meta property=\"article:published_time\" content=\"2017-04-26T10:45:46+00:00\" \/>\n<meta property=\"og:image\" content=\"https:\/\/fundesplai.org\/test-joomla\/wp-content\/uploads\/sites\/26\/2017\/04\/curt-pubilla.jpg\" \/>\n<meta name=\"author\" content=\"Ferran\" \/>\n<meta name=\"twitter:card\" content=\"summary_large_image\" \/>\n<meta name=\"twitter:label1\" content=\"Escrito por\" \/>\n\t<meta name=\"twitter:data1\" content=\"Ferran\" \/>\n\t<meta name=\"twitter:label2\" content=\"Tiempo de lectura\" \/>\n\t<meta name=\"twitter:data2\" content=\"1 minuto\" \/>\n<script type=\"application\/ld+json\" class=\"yoast-schema-graph\">{\"@context\":\"https:\\\/\\\/schema.org\",\"@graph\":[{\"@type\":\"Article\",\"@id\":\"https:\\\/\\\/fundesplai.org\\\/es\\\/informa-t\\\/actualitat-es\\\/nuevos-cortometrajes-de-los-jovenes-de-los-esplais\\\/#article\",\"isPartOf\":{\"@id\":\"https:\\\/\\\/fundesplai.org\\\/es\\\/informa-t\\\/actualitat-es\\\/nuevos-cortometrajes-de-los-jovenes-de-los-esplais\\\/\"},\"author\":{\"name\":\"Ferran\",\"@id\":\"https:\\\/\\\/fundesplai.org\\\/es\\\/#\\\/schema\\\/person\\\/67e7825d8ec54561cc24e36ba6b0f633\"},\"headline\":\"Nuevos cortometrajes de los j\u00f3venes de los esplais\",\"datePublished\":\"2017-04-26T10:45:46+00:00\",\"mainEntityOfPage\":{\"@id\":\"https:\\\/\\\/fundesplai.org\\\/es\\\/informa-t\\\/actualitat-es\\\/nuevos-cortometrajes-de-los-jovenes-de-los-esplais\\\/\"},\"wordCount\":235,\"image\":{\"@id\":\"https:\\\/\\\/fundesplai.org\\\/es\\\/informa-t\\\/actualitat-es\\\/nuevos-cortometrajes-de-los-jovenes-de-los-esplais\\\/#primaryimage\"},\"thumbnailUrl\":\"https:\\\/\\\/fundesplai.org\\\/test-joomla\\\/wp-content\\\/uploads\\\/sites\\\/26\\\/2017\\\/04\\\/curt-pubilla.jpg\",\"articleSection\":[\"Actualitat\"],\"inLanguage\":\"es\"},{\"@type\":\"WebPage\",\"@id\":\"https:\\\/\\\/fundesplai.org\\\/es\\\/informa-t\\\/actualitat-es\\\/nuevos-cortometrajes-de-los-jovenes-de-los-esplais\\\/\",\"url\":\"https:\\\/\\\/fundesplai.org\\\/es\\\/informa-t\\\/actualitat-es\\\/nuevos-cortometrajes-de-los-jovenes-de-los-esplais\\\/\",\"name\":\"Nuevos cortometrajes de los j\u00f3venes de los esplais - Fundesplai\",\"isPartOf\":{\"@id\":\"https:\\\/\\\/fundesplai.org\\\/es\\\/#website\"},\"primaryImageOfPage\":{\"@id\":\"https:\\\/\\\/fundesplai.org\\\/es\\\/informa-t\\\/actualitat-es\\\/nuevos-cortometrajes-de-los-jovenes-de-los-esplais\\\/#primaryimage\"},\"image\":{\"@id\":\"https:\\\/\\\/fundesplai.org\\\/es\\\/informa-t\\\/actualitat-es\\\/nuevos-cortometrajes-de-los-jovenes-de-los-esplais\\\/#primaryimage\"},\"thumbnailUrl\":\"https:\\\/\\\/fundesplai.org\\\/test-joomla\\\/wp-content\\\/uploads\\\/sites\\\/26\\\/2017\\\/04\\\/curt-pubilla.jpg\",\"datePublished\":\"2017-04-26T10:45:46+00:00\",\"author\":{\"@id\":\"https:\\\/\\\/fundesplai.org\\\/es\\\/#\\\/schema\\\/person\\\/67e7825d8ec54561cc24e36ba6b0f633\"},\"breadcrumb\":{\"@id\":\"https:\\\/\\\/fundesplai.org\\\/es\\\/informa-t\\\/actualitat-es\\\/nuevos-cortometrajes-de-los-jovenes-de-los-esplais\\\/#breadcrumb\"},\"inLanguage\":\"es\",\"potentialAction\":[{\"@type\":\"ReadAction\",\"target\":[\"https:\\\/\\\/fundesplai.org\\\/es\\\/informa-t\\\/actualitat-es\\\/nuevos-cortometrajes-de-los-jovenes-de-los-esplais\\\/\"]}]},{\"@type\":\"ImageObject\",\"inLanguage\":\"es\",\"@id\":\"https:\\\/\\\/fundesplai.org\\\/es\\\/informa-t\\\/actualitat-es\\\/nuevos-cortometrajes-de-los-jovenes-de-los-esplais\\\/#primaryimage\",\"url\":\"https:\\\/\\\/fundesplai.org\\\/test-joomla\\\/wp-content\\\/uploads\\\/sites\\\/26\\\/2017\\\/04\\\/curt-pubilla.jpg\",\"contentUrl\":\"https:\\\/\\\/fundesplai.org\\\/test-joomla\\\/wp-content\\\/uploads\\\/sites\\\/26\\\/2017\\\/04\\\/curt-pubilla.jpg\"},{\"@type\":\"BreadcrumbList\",\"@id\":\"https:\\\/\\\/fundesplai.org\\\/es\\\/informa-t\\\/actualitat-es\\\/nuevos-cortometrajes-de-los-jovenes-de-los-esplais\\\/#breadcrumb\",\"itemListElement\":[{\"@type\":\"ListItem\",\"position\":1,\"name\":\"Inici\",\"item\":\"https:\\\/\\\/fundesplai.org\\\/es\\\/inicio\\\/\"},{\"@type\":\"ListItem\",\"position\":2,\"name\":\"Inf\u00f3rmate\",\"item\":\"https:\\\/\\\/fundesplai.org\\\/es\\\/informate\\\/\"},{\"@type\":\"ListItem\",\"position\":3,\"name\":\"Sin categor\u00eda\",\"item\":\"https:\\\/\\\/fundesplai.org\\\/es\\\/informa-t\\\/category\\\/sin-categoria\\\/\"},{\"@type\":\"ListItem\",\"position\":4,\"name\":\"Nuevos cortometrajes de los j\u00f3venes de los esplais\"}]},{\"@type\":\"WebSite\",\"@id\":\"https:\\\/\\\/fundesplai.org\\\/es\\\/#website\",\"url\":\"https:\\\/\\\/fundesplai.org\\\/es\\\/\",\"name\":\"Fundesplai\",\"description\":\"Eduquem per la conviv\u00e8ncia i la sostenibilitat\",\"potentialAction\":[{\"@type\":\"SearchAction\",\"target\":{\"@type\":\"EntryPoint\",\"urlTemplate\":\"https:\\\/\\\/fundesplai.org\\\/es\\\/?s={search_term_string}\"},\"query-input\":{\"@type\":\"PropertyValueSpecification\",\"valueRequired\":true,\"valueName\":\"search_term_string\"}}],\"inLanguage\":\"es\"},{\"@type\":\"Person\",\"@id\":\"https:\\\/\\\/fundesplai.org\\\/es\\\/#\\\/schema\\\/person\\\/67e7825d8ec54561cc24e36ba6b0f633\",\"name\":\"Ferran\",\"image\":{\"@type\":\"ImageObject\",\"inLanguage\":\"es\",\"@id\":\"https:\\\/\\\/secure.gravatar.com\\\/avatar\\\/a3510350976b58aae6eccd1e36f066b660a69ef63f97fde3cba8205db7db816a?s=96&d=mm&r=g\",\"url\":\"https:\\\/\\\/secure.gravatar.com\\\/avatar\\\/a3510350976b58aae6eccd1e36f066b660a69ef63f97fde3cba8205db7db816a?s=96&d=mm&r=g\",\"contentUrl\":\"https:\\\/\\\/secure.gravatar.com\\\/avatar\\\/a3510350976b58aae6eccd1e36f066b660a69ef63f97fde3cba8205db7db816a?s=96&d=mm&r=g\",\"caption\":\"Ferran\"},\"url\":\"https:\\\/\\\/fundesplai.org\\\/es\\\/informa-t\\\/author\\\/fvidal\\\/\"}]}<\/script>\n<!-- \/ Yoast SEO plugin. -->","yoast_head_json":{"title":"Nuevos cortometrajes de los j\u00f3venes de los esplais - Fundesplai","robots":{"index":"index","follow":"follow","max-snippet":"max-snippet:-1","max-image-preview":"max-image-preview:large","max-video-preview":"max-video-preview:-1"},"canonical":"https:\/\/fundesplai.org\/es\/informa-t\/actualitat-es\/nuevos-cortometrajes-de-los-jovenes-de-los-esplais\/","og_locale":"es_ES","og_type":"article","og_title":"Nuevos cortometrajes de los j\u00f3venes de los esplais - Fundesplai","og_description":"Ya est\u00e1n on line dos nuevos cortometrajes con vocaci\u00f3n social pensados, dirigidos y editados por j\u00f3venes de los esplais. En esta ocasi\u00f3n son \u00abRompe la cadena\u00bb y \u00ab\u00c1lex\u00bb.","og_url":"https:\/\/fundesplai.org\/es\/informa-t\/actualitat-es\/nuevos-cortometrajes-de-los-jovenes-de-los-esplais\/","og_site_name":"Fundesplai","article_published_time":"2017-04-26T10:45:46+00:00","og_image":[{"url":"https:\/\/fundesplai.org\/test-joomla\/wp-content\/uploads\/sites\/26\/2017\/04\/curt-pubilla.jpg","type":"","width":"","height":""}],"author":"Ferran","twitter_card":"summary_large_image","twitter_misc":{"Escrito por":"Ferran","Tiempo de lectura":"1 minuto"},"schema":{"@context":"https:\/\/schema.org","@graph":[{"@type":"Article","@id":"https:\/\/fundesplai.org\/es\/informa-t\/actualitat-es\/nuevos-cortometrajes-de-los-jovenes-de-los-esplais\/#article","isPartOf":{"@id":"https:\/\/fundesplai.org\/es\/informa-t\/actualitat-es\/nuevos-cortometrajes-de-los-jovenes-de-los-esplais\/"},"author":{"name":"Ferran","@id":"https:\/\/fundesplai.org\/es\/#\/schema\/person\/67e7825d8ec54561cc24e36ba6b0f633"},"headline":"Nuevos cortometrajes de los j\u00f3venes de los esplais","datePublished":"2017-04-26T10:45:46+00:00","mainEntityOfPage":{"@id":"https:\/\/fundesplai.org\/es\/informa-t\/actualitat-es\/nuevos-cortometrajes-de-los-jovenes-de-los-esplais\/"},"wordCount":235,"image":{"@id":"https:\/\/fundesplai.org\/es\/informa-t\/actualitat-es\/nuevos-cortometrajes-de-los-jovenes-de-los-esplais\/#primaryimage"},"thumbnailUrl":"https:\/\/fundesplai.org\/test-joomla\/wp-content\/uploads\/sites\/26\/2017\/04\/curt-pubilla.jpg","articleSection":["Actualitat"],"inLanguage":"es"},{"@type":"WebPage","@id":"https:\/\/fundesplai.org\/es\/informa-t\/actualitat-es\/nuevos-cortometrajes-de-los-jovenes-de-los-esplais\/","url":"https:\/\/fundesplai.org\/es\/informa-t\/actualitat-es\/nuevos-cortometrajes-de-los-jovenes-de-los-esplais\/","name":"Nuevos cortometrajes de los j\u00f3venes de los esplais - Fundesplai","isPartOf":{"@id":"https:\/\/fundesplai.org\/es\/#website"},"primaryImageOfPage":{"@id":"https:\/\/fundesplai.org\/es\/informa-t\/actualitat-es\/nuevos-cortometrajes-de-los-jovenes-de-los-esplais\/#primaryimage"},"image":{"@id":"https:\/\/fundesplai.org\/es\/informa-t\/actualitat-es\/nuevos-cortometrajes-de-los-jovenes-de-los-esplais\/#primaryimage"},"thumbnailUrl":"https:\/\/fundesplai.org\/test-joomla\/wp-content\/uploads\/sites\/26\/2017\/04\/curt-pubilla.jpg","datePublished":"2017-04-26T10:45:46+00:00","author":{"@id":"https:\/\/fundesplai.org\/es\/#\/schema\/person\/67e7825d8ec54561cc24e36ba6b0f633"},"breadcrumb":{"@id":"https:\/\/fundesplai.org\/es\/informa-t\/actualitat-es\/nuevos-cortometrajes-de-los-jovenes-de-los-esplais\/#breadcrumb"},"inLanguage":"es","potentialAction":[{"@type":"ReadAction","target":["https:\/\/fundesplai.org\/es\/informa-t\/actualitat-es\/nuevos-cortometrajes-de-los-jovenes-de-los-esplais\/"]}]},{"@type":"ImageObject","inLanguage":"es","@id":"https:\/\/fundesplai.org\/es\/informa-t\/actualitat-es\/nuevos-cortometrajes-de-los-jovenes-de-los-esplais\/#primaryimage","url":"https:\/\/fundesplai.org\/test-joomla\/wp-content\/uploads\/sites\/26\/2017\/04\/curt-pubilla.jpg","contentUrl":"https:\/\/fundesplai.org\/test-joomla\/wp-content\/uploads\/sites\/26\/2017\/04\/curt-pubilla.jpg"},{"@type":"BreadcrumbList","@id":"https:\/\/fundesplai.org\/es\/informa-t\/actualitat-es\/nuevos-cortometrajes-de-los-jovenes-de-los-esplais\/#breadcrumb","itemListElement":[{"@type":"ListItem","position":1,"name":"Inici","item":"https:\/\/fundesplai.org\/es\/inicio\/"},{"@type":"ListItem","position":2,"name":"Inf\u00f3rmate","item":"https:\/\/fundesplai.org\/es\/informate\/"},{"@type":"ListItem","position":3,"name":"Sin categor\u00eda","item":"https:\/\/fundesplai.org\/es\/informa-t\/category\/sin-categoria\/"},{"@type":"ListItem","position":4,"name":"Nuevos cortometrajes de los j\u00f3venes de los esplais"}]},{"@type":"WebSite","@id":"https:\/\/fundesplai.org\/es\/#website","url":"https:\/\/fundesplai.org\/es\/","name":"Fundesplai","description":"Eduquem per la conviv\u00e8ncia i la sostenibilitat","potentialAction":[{"@type":"SearchAction","target":{"@type":"EntryPoint","urlTemplate":"https:\/\/fundesplai.org\/es\/?s={search_term_string}"},"query-input":{"@type":"PropertyValueSpecification","valueRequired":true,"valueName":"search_term_string"}}],"inLanguage":"es"},{"@type":"Person","@id":"https:\/\/fundesplai.org\/es\/#\/schema\/person\/67e7825d8ec54561cc24e36ba6b0f633","name":"Ferran","image":{"@type":"ImageObject","inLanguage":"es","@id":"https:\/\/secure.gravatar.com\/avatar\/a3510350976b58aae6eccd1e36f066b660a69ef63f97fde3cba8205db7db816a?s=96&d=mm&r=g","url":"https:\/\/secure.gravatar.com\/avatar\/a3510350976b58aae6eccd1e36f066b660a69ef63f97fde3cba8205db7db816a?s=96&d=mm&r=g","contentUrl":"https:\/\/secure.gravatar.com\/avatar\/a3510350976b58aae6eccd1e36f066b660a69ef63f97fde3cba8205db7db816a?s=96&d=mm&r=g","caption":"Ferran"},"url":"https:\/\/fundesplai.org\/es\/informa-t\/author\/fvidal\/"}]}},"_links":{"self":[{"href":"https:\/\/fundesplai.org\/es\/wp-json\/wp\/v2\/posts\/47723","targetHints":{"allow":["GET"]}}],"collection":[{"href":"https:\/\/fundesplai.org\/es\/wp-json\/wp\/v2\/posts"}],"about":[{"href":"https:\/\/fundesplai.org\/es\/wp-json\/wp\/v2\/types\/post"}],"author":[{"embeddable":true,"href":"https:\/\/fundesplai.org\/es\/wp-json\/wp\/v2\/users\/4"}],"replies":[{"embeddable":true,"href":"https:\/\/fundesplai.org\/es\/wp-json\/wp\/v2\/comments?post=47723"}],"version-history":[{"count":0,"href":"https:\/\/fundesplai.org\/es\/wp-json\/wp\/v2\/posts\/47723\/revisions"}],"wp:attachment":[{"href":"https:\/\/fundesplai.org\/es\/wp-json\/wp\/v2\/media?parent=47723"}],"wp:term":[{"taxonomy":"category","embeddable":true,"href":"https:\/\/fundesplai.org\/es\/wp-json\/wp\/v2\/categories?post=47723"},{"taxonomy":"post_tag","embeddable":true,"href":"https:\/\/fundesplai.org\/es\/wp-json\/wp\/v2\/tags?post=47723"}],"curies":[{"name":"wp","href":"https:\/\/api.w.org\/{rel}","templated":true}]}}