{"id":47722,"date":"2017-04-25T10:39:10","date_gmt":"2017-04-25T08:39:10","guid":{"rendered":"https:\/\/fundesplai.org\/informa-t\/sense-categoria\/publicado-el-informe-2016-17-de-fundesplai\/"},"modified":"2017-04-25T10:39:10","modified_gmt":"2017-04-25T08:39:10","slug":"publicado-el-informe-2016-17-de-fundesplai","status":"publish","type":"post","link":"https:\/\/fundesplai.org\/es\/informa-t\/actualitat-es\/publicado-el-informe-2016-17-de-fundesplai\/","title":{"rendered":"Publicado el informe 2016-17 de Fundesplai"},"content":{"rendered":"<p>Fundesplai acaba de publicar su \u00abInforme anual 2016-17\u00bb que recoge las principales acciones que ha desarrollado la entidad durante este periodo. Esta publicaci\u00f3n destaca especialmente los cambios organizativos de la entidad y explica la nueva direcci\u00f3n colegiada, los 10 a\u00f1os de la construcci\u00f3n del equipamiento CENTRO ESPLAI&#8230;<\/p>\n<p><!--more--><\/p>\n<p><a href=\"https:\/\/fundesplai.org\/test-joomla\/wp-content\/uploads\/sites\/26\/2017\/04\/MEMORIA2016FINAL_web.pdf\"><img loading=\"lazy\" decoding=\"async\" class=\" alignleft size-full wp-image-4332\" style=\"margin: 5px;float: left\" src=\"https:\/\/fundesplai.org\/test-joomla\/wp-content\/uploads\/sites\/26\/2017\/04\/portada-MEMORIA2016FINAL_web.jpg\" alt=\"portada MEMORIA2016FINAL web\" width=\"400\" height=\"540\"><\/a>Fundesplai acaba de publicar su \u00abInforme anual 2016-17\u00bb que recoge las principales acciones que ha desarrollado la entidad durante este periodo. Esta publicaci\u00f3n destaca especialmente los cambios organizativos de la entidad y explica la nueva direcci\u00f3n colegiada, los 10 a\u00f1os de la construcci\u00f3n del equipamiento CENTRO ESPLAI, sede de Fundesplai, en el barrio de Sant Cosme del Prat de Llobregat y las diferentes iniciativas sociales, educativas y ambientales.<\/p>\n<p>En el \u00e1mbito educativo, social y medioambiental cabe resaltar la 2\u00aa edici\u00f3n de la campa\u00f1a \u00abTomamos partido por la infancia\u00bb que ha permitido ofrecer un 6,2% m\u00e1s de ayudas sociales respecto a 2015, el incremento de un 14% en los alumnos de programas escolares o los programas dirigidos para j\u00f3venes.<\/p>\n<p>En cuanto a las acciones desarrolladas en favor del Tercer Sector, hay que hacer menci\u00f3n del refuerzo del trabajo en red con las ONG iberoamericanas o la integraci\u00f3n de Apoyo y Centro de Estudios en Fundesplai. Finalmente, la dimensi\u00f3n econ\u00f3mica y de gesti\u00f3n pone de relieve el compromiso del equipo con la calidad y la equidad y un balance econ\u00f3mico positivo.<\/p>\n<p><a href=\"https:\/\/fundesplai.org\/test-joomla\/wp-content\/uploads\/sites\/26\/2017\/04\/MEMORIA2016FINAL_web.pdf\"><strong>Lea el \u00abInforme anual 2016-17\u00bb de Fundesplai<\/strong><\/a><\/p>\n","protected":false},"excerpt":{"rendered":"<p>Fundesplai acaba de publicar su \u00abInforme anual 2016-17\u00bb que recoge las principales acciones que ha desarrollado la entidad durante este periodo. Esta publicaci\u00f3n destaca especialmente los cambios organizativos de la entidad y explica la nueva direcci\u00f3n colegiada, los 10 a\u00f1os de la construcci\u00f3n del equipamiento CENTRO ESPLAI&#8230;<\/p>\n","protected":false},"author":9,"featured_media":0,"comment_status":"closed","ping_status":"closed","sticky":false,"template":"","format":"standard","meta":{"_et_pb_use_builder":"","_et_pb_old_content":"","_et_gb_content_width":"","footnotes":""},"categories":[937],"tags":[],"class_list":["post-47722","post","type-post","status-publish","format-standard","hentry","category-actualitat-es"],"yoast_head":"<!-- This site is optimized with the Yoast SEO plugin v27.4 - https:\/\/yoast.com\/product\/yoast-seo-wordpress\/ -->\n<title>Publicado el informe 2016-17 de Fundesplai - Fundesplai<\/title>\n<meta name=\"robots\" content=\"index, follow, max-snippet:-1, max-image-preview:large, max-video-preview:-1\" \/>\n<link rel=\"canonical\" href=\"https:\/\/fundesplai.org\/es\/informa-t\/actualitat-es\/publicado-el-informe-2016-17-de-fundesplai\/\" \/>\n<meta property=\"og:locale\" content=\"es_ES\" \/>\n<meta property=\"og:type\" content=\"article\" \/>\n<meta property=\"og:title\" content=\"Publicado el informe 2016-17 de Fundesplai - Fundesplai\" \/>\n<meta property=\"og:description\" content=\"Fundesplai acaba de publicar su \u00abInforme anual 2016-17\u00bb que recoge las principales acciones que ha desarrollado la entidad durante este periodo. Esta publicaci\u00f3n destaca especialmente los cambios organizativos de la entidad y explica la nueva direcci\u00f3n colegiada, los 10 a\u00f1os de la construcci\u00f3n del equipamiento CENTRO ESPLAI&#8230;\" \/>\n<meta property=\"og:url\" content=\"https:\/\/fundesplai.org\/es\/informa-t\/actualitat-es\/publicado-el-informe-2016-17-de-fundesplai\/\" \/>\n<meta property=\"og:site_name\" content=\"Fundesplai\" \/>\n<meta property=\"article:published_time\" content=\"2017-04-25T08:39:10+00:00\" \/>\n<meta property=\"og:image\" content=\"https:\/\/fundesplai.org\/test-joomla\/wp-content\/uploads\/sites\/26\/2017\/04\/portada-MEMORIA2016FINAL_web.jpg\" \/>\n<meta name=\"author\" content=\"Alfons Valle\" \/>\n<meta name=\"twitter:card\" content=\"summary_large_image\" \/>\n<meta name=\"twitter:label1\" content=\"Escrito por\" \/>\n\t<meta name=\"twitter:data1\" content=\"Alfons Valle\" \/>\n\t<meta name=\"twitter:label2\" content=\"Tiempo de lectura\" \/>\n\t<meta name=\"twitter:data2\" content=\"1 minuto\" \/>\n<script type=\"application\/ld+json\" class=\"yoast-schema-graph\">{\"@context\":\"https:\\\/\\\/schema.org\",\"@graph\":[{\"@type\":\"Article\",\"@id\":\"https:\\\/\\\/fundesplai.org\\\/es\\\/informa-t\\\/actualitat-es\\\/publicado-el-informe-2016-17-de-fundesplai\\\/#article\",\"isPartOf\":{\"@id\":\"https:\\\/\\\/fundesplai.org\\\/es\\\/informa-t\\\/actualitat-es\\\/publicado-el-informe-2016-17-de-fundesplai\\\/\"},\"author\":{\"name\":\"Alfons Valle\",\"@id\":\"https:\\\/\\\/fundesplai.org\\\/es\\\/#\\\/schema\\\/person\\\/c0e9e7466bb8ac06f5264324a6109733\"},\"headline\":\"Publicado el informe 2016-17 de Fundesplai\",\"datePublished\":\"2017-04-25T08:39:10+00:00\",\"mainEntityOfPage\":{\"@id\":\"https:\\\/\\\/fundesplai.org\\\/es\\\/informa-t\\\/actualitat-es\\\/publicado-el-informe-2016-17-de-fundesplai\\\/\"},\"wordCount\":251,\"image\":{\"@id\":\"https:\\\/\\\/fundesplai.org\\\/es\\\/informa-t\\\/actualitat-es\\\/publicado-el-informe-2016-17-de-fundesplai\\\/#primaryimage\"},\"thumbnailUrl\":\"https:\\\/\\\/fundesplai.org\\\/test-joomla\\\/wp-content\\\/uploads\\\/sites\\\/26\\\/2017\\\/04\\\/portada-MEMORIA2016FINAL_web.jpg\",\"articleSection\":[\"Actualitat\"],\"inLanguage\":\"es\"},{\"@type\":\"WebPage\",\"@id\":\"https:\\\/\\\/fundesplai.org\\\/es\\\/informa-t\\\/actualitat-es\\\/publicado-el-informe-2016-17-de-fundesplai\\\/\",\"url\":\"https:\\\/\\\/fundesplai.org\\\/es\\\/informa-t\\\/actualitat-es\\\/publicado-el-informe-2016-17-de-fundesplai\\\/\",\"name\":\"Publicado el informe 2016-17 de Fundesplai - Fundesplai\",\"isPartOf\":{\"@id\":\"https:\\\/\\\/fundesplai.org\\\/es\\\/#website\"},\"primaryImageOfPage\":{\"@id\":\"https:\\\/\\\/fundesplai.org\\\/es\\\/informa-t\\\/actualitat-es\\\/publicado-el-informe-2016-17-de-fundesplai\\\/#primaryimage\"},\"image\":{\"@id\":\"https:\\\/\\\/fundesplai.org\\\/es\\\/informa-t\\\/actualitat-es\\\/publicado-el-informe-2016-17-de-fundesplai\\\/#primaryimage\"},\"thumbnailUrl\":\"https:\\\/\\\/fundesplai.org\\\/test-joomla\\\/wp-content\\\/uploads\\\/sites\\\/26\\\/2017\\\/04\\\/portada-MEMORIA2016FINAL_web.jpg\",\"datePublished\":\"2017-04-25T08:39:10+00:00\",\"author\":{\"@id\":\"https:\\\/\\\/fundesplai.org\\\/es\\\/#\\\/schema\\\/person\\\/c0e9e7466bb8ac06f5264324a6109733\"},\"breadcrumb\":{\"@id\":\"https:\\\/\\\/fundesplai.org\\\/es\\\/informa-t\\\/actualitat-es\\\/publicado-el-informe-2016-17-de-fundesplai\\\/#breadcrumb\"},\"inLanguage\":\"es\",\"potentialAction\":[{\"@type\":\"ReadAction\",\"target\":[\"https:\\\/\\\/fundesplai.org\\\/es\\\/informa-t\\\/actualitat-es\\\/publicado-el-informe-2016-17-de-fundesplai\\\/\"]}]},{\"@type\":\"ImageObject\",\"inLanguage\":\"es\",\"@id\":\"https:\\\/\\\/fundesplai.org\\\/es\\\/informa-t\\\/actualitat-es\\\/publicado-el-informe-2016-17-de-fundesplai\\\/#primaryimage\",\"url\":\"https:\\\/\\\/fundesplai.org\\\/test-joomla\\\/wp-content\\\/uploads\\\/sites\\\/26\\\/2017\\\/04\\\/portada-MEMORIA2016FINAL_web.jpg\",\"contentUrl\":\"https:\\\/\\\/fundesplai.org\\\/test-joomla\\\/wp-content\\\/uploads\\\/sites\\\/26\\\/2017\\\/04\\\/portada-MEMORIA2016FINAL_web.jpg\"},{\"@type\":\"BreadcrumbList\",\"@id\":\"https:\\\/\\\/fundesplai.org\\\/es\\\/informa-t\\\/actualitat-es\\\/publicado-el-informe-2016-17-de-fundesplai\\\/#breadcrumb\",\"itemListElement\":[{\"@type\":\"ListItem\",\"position\":1,\"name\":\"Inici\",\"item\":\"https:\\\/\\\/fundesplai.org\\\/es\\\/inicio\\\/\"},{\"@type\":\"ListItem\",\"position\":2,\"name\":\"Inf\u00f3rmate\",\"item\":\"https:\\\/\\\/fundesplai.org\\\/es\\\/informate\\\/\"},{\"@type\":\"ListItem\",\"position\":3,\"name\":\"Sin categor\u00eda\",\"item\":\"https:\\\/\\\/fundesplai.org\\\/es\\\/informa-t\\\/category\\\/sin-categoria\\\/\"},{\"@type\":\"ListItem\",\"position\":4,\"name\":\"Publicado el informe 2016-17 de Fundesplai\"}]},{\"@type\":\"WebSite\",\"@id\":\"https:\\\/\\\/fundesplai.org\\\/es\\\/#website\",\"url\":\"https:\\\/\\\/fundesplai.org\\\/es\\\/\",\"name\":\"Fundesplai\",\"description\":\"Eduquem per la conviv\u00e8ncia i la sostenibilitat\",\"potentialAction\":[{\"@type\":\"SearchAction\",\"target\":{\"@type\":\"EntryPoint\",\"urlTemplate\":\"https:\\\/\\\/fundesplai.org\\\/es\\\/?s={search_term_string}\"},\"query-input\":{\"@type\":\"PropertyValueSpecification\",\"valueRequired\":true,\"valueName\":\"search_term_string\"}}],\"inLanguage\":\"es\"},{\"@type\":\"Person\",\"@id\":\"https:\\\/\\\/fundesplai.org\\\/es\\\/#\\\/schema\\\/person\\\/c0e9e7466bb8ac06f5264324a6109733\",\"name\":\"Alfons Valle\",\"image\":{\"@type\":\"ImageObject\",\"inLanguage\":\"es\",\"@id\":\"https:\\\/\\\/secure.gravatar.com\\\/avatar\\\/71d95a3f99a068ba570ac1314ed6911a59c5ae3f22ffcf23631cd1a861a640bc?s=96&d=mm&r=g\",\"url\":\"https:\\\/\\\/secure.gravatar.com\\\/avatar\\\/71d95a3f99a068ba570ac1314ed6911a59c5ae3f22ffcf23631cd1a861a640bc?s=96&d=mm&r=g\",\"contentUrl\":\"https:\\\/\\\/secure.gravatar.com\\\/avatar\\\/71d95a3f99a068ba570ac1314ed6911a59c5ae3f22ffcf23631cd1a861a640bc?s=96&d=mm&r=g\",\"caption\":\"Alfons Valle\"},\"url\":\"https:\\\/\\\/fundesplai.org\\\/es\\\/informa-t\\\/author\\\/avalle\\\/\"}]}<\/script>\n<!-- \/ Yoast SEO plugin. -->","yoast_head_json":{"title":"Publicado el informe 2016-17 de Fundesplai - Fundesplai","robots":{"index":"index","follow":"follow","max-snippet":"max-snippet:-1","max-image-preview":"max-image-preview:large","max-video-preview":"max-video-preview:-1"},"canonical":"https:\/\/fundesplai.org\/es\/informa-t\/actualitat-es\/publicado-el-informe-2016-17-de-fundesplai\/","og_locale":"es_ES","og_type":"article","og_title":"Publicado el informe 2016-17 de Fundesplai - Fundesplai","og_description":"Fundesplai acaba de publicar su \u00abInforme anual 2016-17\u00bb que recoge las principales acciones que ha desarrollado la entidad durante este periodo. Esta publicaci\u00f3n destaca especialmente los cambios organizativos de la entidad y explica la nueva direcci\u00f3n colegiada, los 10 a\u00f1os de la construcci\u00f3n del equipamiento CENTRO ESPLAI&#8230;","og_url":"https:\/\/fundesplai.org\/es\/informa-t\/actualitat-es\/publicado-el-informe-2016-17-de-fundesplai\/","og_site_name":"Fundesplai","article_published_time":"2017-04-25T08:39:10+00:00","og_image":[{"url":"https:\/\/fundesplai.org\/test-joomla\/wp-content\/uploads\/sites\/26\/2017\/04\/portada-MEMORIA2016FINAL_web.jpg","type":"","width":"","height":""}],"author":"Alfons Valle","twitter_card":"summary_large_image","twitter_misc":{"Escrito por":"Alfons Valle","Tiempo de lectura":"1 minuto"},"schema":{"@context":"https:\/\/schema.org","@graph":[{"@type":"Article","@id":"https:\/\/fundesplai.org\/es\/informa-t\/actualitat-es\/publicado-el-informe-2016-17-de-fundesplai\/#article","isPartOf":{"@id":"https:\/\/fundesplai.org\/es\/informa-t\/actualitat-es\/publicado-el-informe-2016-17-de-fundesplai\/"},"author":{"name":"Alfons Valle","@id":"https:\/\/fundesplai.org\/es\/#\/schema\/person\/c0e9e7466bb8ac06f5264324a6109733"},"headline":"Publicado el informe 2016-17 de Fundesplai","datePublished":"2017-04-25T08:39:10+00:00","mainEntityOfPage":{"@id":"https:\/\/fundesplai.org\/es\/informa-t\/actualitat-es\/publicado-el-informe-2016-17-de-fundesplai\/"},"wordCount":251,"image":{"@id":"https:\/\/fundesplai.org\/es\/informa-t\/actualitat-es\/publicado-el-informe-2016-17-de-fundesplai\/#primaryimage"},"thumbnailUrl":"https:\/\/fundesplai.org\/test-joomla\/wp-content\/uploads\/sites\/26\/2017\/04\/portada-MEMORIA2016FINAL_web.jpg","articleSection":["Actualitat"],"inLanguage":"es"},{"@type":"WebPage","@id":"https:\/\/fundesplai.org\/es\/informa-t\/actualitat-es\/publicado-el-informe-2016-17-de-fundesplai\/","url":"https:\/\/fundesplai.org\/es\/informa-t\/actualitat-es\/publicado-el-informe-2016-17-de-fundesplai\/","name":"Publicado el informe 2016-17 de Fundesplai - Fundesplai","isPartOf":{"@id":"https:\/\/fundesplai.org\/es\/#website"},"primaryImageOfPage":{"@id":"https:\/\/fundesplai.org\/es\/informa-t\/actualitat-es\/publicado-el-informe-2016-17-de-fundesplai\/#primaryimage"},"image":{"@id":"https:\/\/fundesplai.org\/es\/informa-t\/actualitat-es\/publicado-el-informe-2016-17-de-fundesplai\/#primaryimage"},"thumbnailUrl":"https:\/\/fundesplai.org\/test-joomla\/wp-content\/uploads\/sites\/26\/2017\/04\/portada-MEMORIA2016FINAL_web.jpg","datePublished":"2017-04-25T08:39:10+00:00","author":{"@id":"https:\/\/fundesplai.org\/es\/#\/schema\/person\/c0e9e7466bb8ac06f5264324a6109733"},"breadcrumb":{"@id":"https:\/\/fundesplai.org\/es\/informa-t\/actualitat-es\/publicado-el-informe-2016-17-de-fundesplai\/#breadcrumb"},"inLanguage":"es","potentialAction":[{"@type":"ReadAction","target":["https:\/\/fundesplai.org\/es\/informa-t\/actualitat-es\/publicado-el-informe-2016-17-de-fundesplai\/"]}]},{"@type":"ImageObject","inLanguage":"es","@id":"https:\/\/fundesplai.org\/es\/informa-t\/actualitat-es\/publicado-el-informe-2016-17-de-fundesplai\/#primaryimage","url":"https:\/\/fundesplai.org\/test-joomla\/wp-content\/uploads\/sites\/26\/2017\/04\/portada-MEMORIA2016FINAL_web.jpg","contentUrl":"https:\/\/fundesplai.org\/test-joomla\/wp-content\/uploads\/sites\/26\/2017\/04\/portada-MEMORIA2016FINAL_web.jpg"},{"@type":"BreadcrumbList","@id":"https:\/\/fundesplai.org\/es\/informa-t\/actualitat-es\/publicado-el-informe-2016-17-de-fundesplai\/#breadcrumb","itemListElement":[{"@type":"ListItem","position":1,"name":"Inici","item":"https:\/\/fundesplai.org\/es\/inicio\/"},{"@type":"ListItem","position":2,"name":"Inf\u00f3rmate","item":"https:\/\/fundesplai.org\/es\/informate\/"},{"@type":"ListItem","position":3,"name":"Sin categor\u00eda","item":"https:\/\/fundesplai.org\/es\/informa-t\/category\/sin-categoria\/"},{"@type":"ListItem","position":4,"name":"Publicado el informe 2016-17 de Fundesplai"}]},{"@type":"WebSite","@id":"https:\/\/fundesplai.org\/es\/#website","url":"https:\/\/fundesplai.org\/es\/","name":"Fundesplai","description":"Eduquem per la conviv\u00e8ncia i la sostenibilitat","potentialAction":[{"@type":"SearchAction","target":{"@type":"EntryPoint","urlTemplate":"https:\/\/fundesplai.org\/es\/?s={search_term_string}"},"query-input":{"@type":"PropertyValueSpecification","valueRequired":true,"valueName":"search_term_string"}}],"inLanguage":"es"},{"@type":"Person","@id":"https:\/\/fundesplai.org\/es\/#\/schema\/person\/c0e9e7466bb8ac06f5264324a6109733","name":"Alfons Valle","image":{"@type":"ImageObject","inLanguage":"es","@id":"https:\/\/secure.gravatar.com\/avatar\/71d95a3f99a068ba570ac1314ed6911a59c5ae3f22ffcf23631cd1a861a640bc?s=96&d=mm&r=g","url":"https:\/\/secure.gravatar.com\/avatar\/71d95a3f99a068ba570ac1314ed6911a59c5ae3f22ffcf23631cd1a861a640bc?s=96&d=mm&r=g","contentUrl":"https:\/\/secure.gravatar.com\/avatar\/71d95a3f99a068ba570ac1314ed6911a59c5ae3f22ffcf23631cd1a861a640bc?s=96&d=mm&r=g","caption":"Alfons Valle"},"url":"https:\/\/fundesplai.org\/es\/informa-t\/author\/avalle\/"}]}},"_links":{"self":[{"href":"https:\/\/fundesplai.org\/es\/wp-json\/wp\/v2\/posts\/47722","targetHints":{"allow":["GET"]}}],"collection":[{"href":"https:\/\/fundesplai.org\/es\/wp-json\/wp\/v2\/posts"}],"about":[{"href":"https:\/\/fundesplai.org\/es\/wp-json\/wp\/v2\/types\/post"}],"author":[{"embeddable":true,"href":"https:\/\/fundesplai.org\/es\/wp-json\/wp\/v2\/users\/9"}],"replies":[{"embeddable":true,"href":"https:\/\/fundesplai.org\/es\/wp-json\/wp\/v2\/comments?post=47722"}],"version-history":[{"count":0,"href":"https:\/\/fundesplai.org\/es\/wp-json\/wp\/v2\/posts\/47722\/revisions"}],"wp:attachment":[{"href":"https:\/\/fundesplai.org\/es\/wp-json\/wp\/v2\/media?parent=47722"}],"wp:term":[{"taxonomy":"category","embeddable":true,"href":"https:\/\/fundesplai.org\/es\/wp-json\/wp\/v2\/categories?post=47722"},{"taxonomy":"post_tag","embeddable":true,"href":"https:\/\/fundesplai.org\/es\/wp-json\/wp\/v2\/tags?post=47722"}],"curies":[{"name":"wp","href":"https:\/\/api.w.org\/{rel}","templated":true}]}}