{"id":47721,"date":"2017-04-18T11:41:46","date_gmt":"2017-04-18T09:41:46","guid":{"rendered":"https:\/\/fundesplai.org\/informa-t\/sense-categoria\/voluntarios-as-por-el-servicio-de-comidas-en-compania\/"},"modified":"2017-04-18T11:41:46","modified_gmt":"2017-04-18T09:41:46","slug":"voluntarios-as-por-el-servicio-de-comidas-en-compania","status":"publish","type":"post","link":"https:\/\/fundesplai.org\/es\/informa-t\/actualitat-es\/voluntarios-as-por-el-servicio-de-comidas-en-compania\/","title":{"rendered":"Voluntarios\/as por el Servicio de Comidas en Compa\u00f1\u00eda"},"content":{"rendered":"<p>Necesitamos voluntarios\/as por el Servicio Comidas en Compa\u00f1\u00eda para acompa\u00f1ar 1h al d\u00eda a personas mayores en situaci\u00f3n de fragilidad.<\/p>\n<p><!--more--><\/p>\n<p class=\"intro\">DEMANDA DE VOLUNTARIOS\/aS para <strong>actividades de dinamizaci\u00f3n<\/strong> en el Servicio Comidas en Compa\u00f1\u00eda.<\/p>\n<table style=\"height: 37px;width: 350px\" cellspacing=\"10\" align=\"left\">\n<tbody>\n<tr>\n<td colspan=\"2\"><img decoding=\"async\" class=\" size-full wp-image-4321\" src=\"https:\/\/fundesplai.org\/test-joomla\/wp-content\/uploads\/sites\/26\/2017\/04\/apats1.jpg\" alt=\"apats1\" width=\"100%\" height=\"NaN\"><\/td>\n<\/tr>\n<tr>\n<td><img decoding=\"async\" class=\" size-full wp-image-4325\" src=\"https:\/\/fundesplai.org\/test-joomla\/wp-content\/uploads\/sites\/26\/2017\/04\/apats2.jpg\" alt=\"apats2\" width=\"100%\" height=\"NaN\"><\/td>\n<td><img decoding=\"async\" class=\" size-full wp-image-4328\" src=\"https:\/\/fundesplai.org\/test-joomla\/wp-content\/uploads\/sites\/26\/2017\/04\/apats3.jpg\" alt=\"apats3\" width=\"100%\" height=\"NaN\"><\/td>\n<\/tr>\n<\/tbody>\n<\/table>\n<p><span style=\"background-color: transparent\">En Barcelona existe el Servicio Comidas en Compa\u00f1\u00eda que es un servicio diurno del Ayuntamiento de Barcelona de asistencia a las actividades de la vida diaria de personas mayores en situaci\u00f3n de fragilidad, orientado a potenciar un envejecimiento activo y saludable, y que quiere cubrir dos necesidades b\u00e1sicas:<\/span><\/p>\n<ul>\n<li>Facilitar una alimentaci\u00f3n adecuada.<\/li>\n<li>Facilitar un espacio relacional de v\u00ednculos de amistad y de conexi\u00f3n con la comunidad.<\/li>\n<\/ul>\n<p>Fundesplai gestiona el espacio de dinamizaci\u00f3n de 26 de estos servicios realizando actividades con profesionales especializados en dinamizaci\u00f3n. El espacio de dinamizaci\u00f3n funciona de lunes a viernes despu\u00e9s del apate, durante 1 hora, excepto los d\u00edas festivos y todo el mes de agosto.<\/p>\n<p>Pero con el fin de aportar variedad y especialidad a estas actividades se piden <strong>voluntarios\/as <\/strong>para los siguientes lugares donde se hacen estas comidas:<\/p>\n<ul>\n<li>CGG Tarradellas, Ciutat Vella, Barri Raval.<\/li>\n<li>CGG Pati Llimona, Ciutat Vella, Barri G\u00f2tic<\/li>\n<li>CGG Trueta, Ciutat Vella, Barri Raval<\/li>\n<li>CGG Fort Pienc, Eixample, Barri Fort Pienc<\/li>\n<li>CGG Comer\u00e7, Ciutat Vella, Barri St. Pere, Santa Caterina y La Ribera<\/li>\n<li>CGG Joan Casanellas, Sant Mart\u00f3, Barri Pobleou<\/li>\n<li>CGG Carrilet Alta, Sant Mart\u00ed, Barri La Guingueta y La Pau<\/li>\n<li>CGG Sant Antoni Eixample, Barrio Sant Antoni.<\/li>\n<\/ul>\n<p>El tipo de charla y\/o actividad que podr\u00eda hacer la persona voluntaria<strong> duramt 1 hora despu\u00e9s de las comidas, <\/strong>(entre 15:00 y 16:00 h) &nbsp;ser\u00eda de los siguientes temas:<\/p>\n<ul>\n<li>Salud y vejez, envejecimiento activo, prevenci\u00f3n ligada a la salud.<\/li>\n<li>Memoria hist\u00f3rica (de los barrios de barcelona) o talleres de reminiscencia.<\/li>\n<li>Memoria, estimulaci\u00f3n cognitiva.<\/li>\n<li>Recursos existentes en los barrios para la tercera edad.<\/li>\n<li>Mejora de la autoestima.&nbsp;<\/li>\n<li>Risoterapia.&nbsp;<\/li>\n<li>Inteligencia emocional.<\/li>\n<li>Control de la ansiedad y el estr\u00e9s.<\/li>\n<li>Habilidades personales: comunicaci\u00f3n, resoluci\u00f3n de conflictos, mejora de la autonom\u00eda, autoestima&#8230;<\/li>\n<li>Manualidades.<\/li>\n<li>Buen uso de los medicamentos.<\/li>\n<li>Otros&#8230;..<\/li>\n<\/ul>\n<p><strong>M\u00e1s informaci\u00f3n<\/strong><\/p>\n<p>Amparo Porcel Mund\u00f3 &#8211;&nbsp;Plan de Voluntariado<\/p>\n<p>Tel. 690.620.130 &#8211;&nbsp;<a href=\"mailto:aporcel@fundesplai.com?subject=Servei%20%C3%80pat%20en%20Companyia\">aporcel@fundesplai.com<\/a><\/p>\n","protected":false},"excerpt":{"rendered":"<p>Necesitamos voluntarios\/as por el Servicio Comidas en Compa\u00f1\u00eda para acompa\u00f1ar 1h al d\u00eda a personas mayores en situaci\u00f3n de fragilidad.<\/p>\n","protected":false},"author":4,"featured_media":0,"comment_status":"closed","ping_status":"closed","sticky":false,"template":"","format":"standard","meta":{"_et_pb_use_builder":"","_et_pb_old_content":"","_et_gb_content_width":"","footnotes":""},"categories":[937],"tags":[],"class_list":["post-47721","post","type-post","status-publish","format-standard","hentry","category-actualitat-es"],"yoast_head":"<!-- This site is optimized with the Yoast SEO plugin v27.4 - https:\/\/yoast.com\/product\/yoast-seo-wordpress\/ -->\n<title>Voluntarios\/as por el Servicio de Comidas en Compa\u00f1\u00eda - Fundesplai<\/title>\n<meta name=\"robots\" content=\"index, follow, max-snippet:-1, max-image-preview:large, max-video-preview:-1\" \/>\n<link rel=\"canonical\" href=\"https:\/\/fundesplai.org\/es\/informa-t\/actualitat-es\/voluntarios-as-por-el-servicio-de-comidas-en-compania\/\" \/>\n<meta property=\"og:locale\" content=\"es_ES\" \/>\n<meta property=\"og:type\" content=\"article\" \/>\n<meta property=\"og:title\" content=\"Voluntarios\/as por el Servicio de Comidas en Compa\u00f1\u00eda - Fundesplai\" \/>\n<meta property=\"og:description\" content=\"Necesitamos voluntarios\/as por el Servicio Comidas en Compa\u00f1\u00eda para acompa\u00f1ar 1h al d\u00eda a personas mayores en situaci\u00f3n de fragilidad.\" \/>\n<meta property=\"og:url\" content=\"https:\/\/fundesplai.org\/es\/informa-t\/actualitat-es\/voluntarios-as-por-el-servicio-de-comidas-en-compania\/\" \/>\n<meta property=\"og:site_name\" content=\"Fundesplai\" \/>\n<meta property=\"article:published_time\" content=\"2017-04-18T09:41:46+00:00\" \/>\n<meta property=\"og:image\" content=\"https:\/\/fundesplai.org\/test-joomla\/wp-content\/uploads\/sites\/26\/2017\/04\/apats1.jpg\" \/>\n<meta name=\"author\" content=\"Ferran\" \/>\n<meta name=\"twitter:card\" content=\"summary_large_image\" \/>\n<meta name=\"twitter:label1\" content=\"Escrito por\" \/>\n\t<meta name=\"twitter:data1\" content=\"Ferran\" \/>\n\t<meta name=\"twitter:label2\" content=\"Tiempo de lectura\" \/>\n\t<meta name=\"twitter:data2\" content=\"2 minutos\" \/>\n<script type=\"application\/ld+json\" class=\"yoast-schema-graph\">{\"@context\":\"https:\\\/\\\/schema.org\",\"@graph\":[{\"@type\":\"Article\",\"@id\":\"https:\\\/\\\/fundesplai.org\\\/es\\\/informa-t\\\/actualitat-es\\\/voluntarios-as-por-el-servicio-de-comidas-en-compania\\\/#article\",\"isPartOf\":{\"@id\":\"https:\\\/\\\/fundesplai.org\\\/es\\\/informa-t\\\/actualitat-es\\\/voluntarios-as-por-el-servicio-de-comidas-en-compania\\\/\"},\"author\":{\"name\":\"Ferran\",\"@id\":\"https:\\\/\\\/fundesplai.org\\\/es\\\/#\\\/schema\\\/person\\\/67e7825d8ec54561cc24e36ba6b0f633\"},\"headline\":\"Voluntarios\\\/as por el Servicio de Comidas en Compa\u00f1\u00eda\",\"datePublished\":\"2017-04-18T09:41:46+00:00\",\"mainEntityOfPage\":{\"@id\":\"https:\\\/\\\/fundesplai.org\\\/es\\\/informa-t\\\/actualitat-es\\\/voluntarios-as-por-el-servicio-de-comidas-en-compania\\\/\"},\"wordCount\":381,\"image\":{\"@id\":\"https:\\\/\\\/fundesplai.org\\\/es\\\/informa-t\\\/actualitat-es\\\/voluntarios-as-por-el-servicio-de-comidas-en-compania\\\/#primaryimage\"},\"thumbnailUrl\":\"https:\\\/\\\/fundesplai.org\\\/test-joomla\\\/wp-content\\\/uploads\\\/sites\\\/26\\\/2017\\\/04\\\/apats1.jpg\",\"articleSection\":[\"Actualitat\"],\"inLanguage\":\"es\"},{\"@type\":\"WebPage\",\"@id\":\"https:\\\/\\\/fundesplai.org\\\/es\\\/informa-t\\\/actualitat-es\\\/voluntarios-as-por-el-servicio-de-comidas-en-compania\\\/\",\"url\":\"https:\\\/\\\/fundesplai.org\\\/es\\\/informa-t\\\/actualitat-es\\\/voluntarios-as-por-el-servicio-de-comidas-en-compania\\\/\",\"name\":\"Voluntarios\\\/as por el Servicio de Comidas en Compa\u00f1\u00eda - Fundesplai\",\"isPartOf\":{\"@id\":\"https:\\\/\\\/fundesplai.org\\\/es\\\/#website\"},\"primaryImageOfPage\":{\"@id\":\"https:\\\/\\\/fundesplai.org\\\/es\\\/informa-t\\\/actualitat-es\\\/voluntarios-as-por-el-servicio-de-comidas-en-compania\\\/#primaryimage\"},\"image\":{\"@id\":\"https:\\\/\\\/fundesplai.org\\\/es\\\/informa-t\\\/actualitat-es\\\/voluntarios-as-por-el-servicio-de-comidas-en-compania\\\/#primaryimage\"},\"thumbnailUrl\":\"https:\\\/\\\/fundesplai.org\\\/test-joomla\\\/wp-content\\\/uploads\\\/sites\\\/26\\\/2017\\\/04\\\/apats1.jpg\",\"datePublished\":\"2017-04-18T09:41:46+00:00\",\"author\":{\"@id\":\"https:\\\/\\\/fundesplai.org\\\/es\\\/#\\\/schema\\\/person\\\/67e7825d8ec54561cc24e36ba6b0f633\"},\"breadcrumb\":{\"@id\":\"https:\\\/\\\/fundesplai.org\\\/es\\\/informa-t\\\/actualitat-es\\\/voluntarios-as-por-el-servicio-de-comidas-en-compania\\\/#breadcrumb\"},\"inLanguage\":\"es\",\"potentialAction\":[{\"@type\":\"ReadAction\",\"target\":[\"https:\\\/\\\/fundesplai.org\\\/es\\\/informa-t\\\/actualitat-es\\\/voluntarios-as-por-el-servicio-de-comidas-en-compania\\\/\"]}]},{\"@type\":\"ImageObject\",\"inLanguage\":\"es\",\"@id\":\"https:\\\/\\\/fundesplai.org\\\/es\\\/informa-t\\\/actualitat-es\\\/voluntarios-as-por-el-servicio-de-comidas-en-compania\\\/#primaryimage\",\"url\":\"https:\\\/\\\/fundesplai.org\\\/test-joomla\\\/wp-content\\\/uploads\\\/sites\\\/26\\\/2017\\\/04\\\/apats1.jpg\",\"contentUrl\":\"https:\\\/\\\/fundesplai.org\\\/test-joomla\\\/wp-content\\\/uploads\\\/sites\\\/26\\\/2017\\\/04\\\/apats1.jpg\"},{\"@type\":\"BreadcrumbList\",\"@id\":\"https:\\\/\\\/fundesplai.org\\\/es\\\/informa-t\\\/actualitat-es\\\/voluntarios-as-por-el-servicio-de-comidas-en-compania\\\/#breadcrumb\",\"itemListElement\":[{\"@type\":\"ListItem\",\"position\":1,\"name\":\"Inici\",\"item\":\"https:\\\/\\\/fundesplai.org\\\/es\\\/inicio\\\/\"},{\"@type\":\"ListItem\",\"position\":2,\"name\":\"Inf\u00f3rmate\",\"item\":\"https:\\\/\\\/fundesplai.org\\\/es\\\/informate\\\/\"},{\"@type\":\"ListItem\",\"position\":3,\"name\":\"Sin categor\u00eda\",\"item\":\"https:\\\/\\\/fundesplai.org\\\/es\\\/informa-t\\\/category\\\/sin-categoria\\\/\"},{\"@type\":\"ListItem\",\"position\":4,\"name\":\"Voluntarios\\\/as por el Servicio de Comidas en Compa\u00f1\u00eda\"}]},{\"@type\":\"WebSite\",\"@id\":\"https:\\\/\\\/fundesplai.org\\\/es\\\/#website\",\"url\":\"https:\\\/\\\/fundesplai.org\\\/es\\\/\",\"name\":\"Fundesplai\",\"description\":\"Eduquem per la conviv\u00e8ncia i la sostenibilitat\",\"potentialAction\":[{\"@type\":\"SearchAction\",\"target\":{\"@type\":\"EntryPoint\",\"urlTemplate\":\"https:\\\/\\\/fundesplai.org\\\/es\\\/?s={search_term_string}\"},\"query-input\":{\"@type\":\"PropertyValueSpecification\",\"valueRequired\":true,\"valueName\":\"search_term_string\"}}],\"inLanguage\":\"es\"},{\"@type\":\"Person\",\"@id\":\"https:\\\/\\\/fundesplai.org\\\/es\\\/#\\\/schema\\\/person\\\/67e7825d8ec54561cc24e36ba6b0f633\",\"name\":\"Ferran\",\"image\":{\"@type\":\"ImageObject\",\"inLanguage\":\"es\",\"@id\":\"https:\\\/\\\/secure.gravatar.com\\\/avatar\\\/a3510350976b58aae6eccd1e36f066b660a69ef63f97fde3cba8205db7db816a?s=96&d=mm&r=g\",\"url\":\"https:\\\/\\\/secure.gravatar.com\\\/avatar\\\/a3510350976b58aae6eccd1e36f066b660a69ef63f97fde3cba8205db7db816a?s=96&d=mm&r=g\",\"contentUrl\":\"https:\\\/\\\/secure.gravatar.com\\\/avatar\\\/a3510350976b58aae6eccd1e36f066b660a69ef63f97fde3cba8205db7db816a?s=96&d=mm&r=g\",\"caption\":\"Ferran\"},\"url\":\"https:\\\/\\\/fundesplai.org\\\/es\\\/informa-t\\\/author\\\/fvidal\\\/\"}]}<\/script>\n<!-- \/ Yoast SEO plugin. -->","yoast_head_json":{"title":"Voluntarios\/as por el Servicio de Comidas en Compa\u00f1\u00eda - Fundesplai","robots":{"index":"index","follow":"follow","max-snippet":"max-snippet:-1","max-image-preview":"max-image-preview:large","max-video-preview":"max-video-preview:-1"},"canonical":"https:\/\/fundesplai.org\/es\/informa-t\/actualitat-es\/voluntarios-as-por-el-servicio-de-comidas-en-compania\/","og_locale":"es_ES","og_type":"article","og_title":"Voluntarios\/as por el Servicio de Comidas en Compa\u00f1\u00eda - Fundesplai","og_description":"Necesitamos voluntarios\/as por el Servicio Comidas en Compa\u00f1\u00eda para acompa\u00f1ar 1h al d\u00eda a personas mayores en situaci\u00f3n de fragilidad.","og_url":"https:\/\/fundesplai.org\/es\/informa-t\/actualitat-es\/voluntarios-as-por-el-servicio-de-comidas-en-compania\/","og_site_name":"Fundesplai","article_published_time":"2017-04-18T09:41:46+00:00","og_image":[{"url":"https:\/\/fundesplai.org\/test-joomla\/wp-content\/uploads\/sites\/26\/2017\/04\/apats1.jpg","type":"","width":"","height":""}],"author":"Ferran","twitter_card":"summary_large_image","twitter_misc":{"Escrito por":"Ferran","Tiempo de lectura":"2 minutos"},"schema":{"@context":"https:\/\/schema.org","@graph":[{"@type":"Article","@id":"https:\/\/fundesplai.org\/es\/informa-t\/actualitat-es\/voluntarios-as-por-el-servicio-de-comidas-en-compania\/#article","isPartOf":{"@id":"https:\/\/fundesplai.org\/es\/informa-t\/actualitat-es\/voluntarios-as-por-el-servicio-de-comidas-en-compania\/"},"author":{"name":"Ferran","@id":"https:\/\/fundesplai.org\/es\/#\/schema\/person\/67e7825d8ec54561cc24e36ba6b0f633"},"headline":"Voluntarios\/as por el Servicio de Comidas en Compa\u00f1\u00eda","datePublished":"2017-04-18T09:41:46+00:00","mainEntityOfPage":{"@id":"https:\/\/fundesplai.org\/es\/informa-t\/actualitat-es\/voluntarios-as-por-el-servicio-de-comidas-en-compania\/"},"wordCount":381,"image":{"@id":"https:\/\/fundesplai.org\/es\/informa-t\/actualitat-es\/voluntarios-as-por-el-servicio-de-comidas-en-compania\/#primaryimage"},"thumbnailUrl":"https:\/\/fundesplai.org\/test-joomla\/wp-content\/uploads\/sites\/26\/2017\/04\/apats1.jpg","articleSection":["Actualitat"],"inLanguage":"es"},{"@type":"WebPage","@id":"https:\/\/fundesplai.org\/es\/informa-t\/actualitat-es\/voluntarios-as-por-el-servicio-de-comidas-en-compania\/","url":"https:\/\/fundesplai.org\/es\/informa-t\/actualitat-es\/voluntarios-as-por-el-servicio-de-comidas-en-compania\/","name":"Voluntarios\/as por el Servicio de Comidas en Compa\u00f1\u00eda - Fundesplai","isPartOf":{"@id":"https:\/\/fundesplai.org\/es\/#website"},"primaryImageOfPage":{"@id":"https:\/\/fundesplai.org\/es\/informa-t\/actualitat-es\/voluntarios-as-por-el-servicio-de-comidas-en-compania\/#primaryimage"},"image":{"@id":"https:\/\/fundesplai.org\/es\/informa-t\/actualitat-es\/voluntarios-as-por-el-servicio-de-comidas-en-compania\/#primaryimage"},"thumbnailUrl":"https:\/\/fundesplai.org\/test-joomla\/wp-content\/uploads\/sites\/26\/2017\/04\/apats1.jpg","datePublished":"2017-04-18T09:41:46+00:00","author":{"@id":"https:\/\/fundesplai.org\/es\/#\/schema\/person\/67e7825d8ec54561cc24e36ba6b0f633"},"breadcrumb":{"@id":"https:\/\/fundesplai.org\/es\/informa-t\/actualitat-es\/voluntarios-as-por-el-servicio-de-comidas-en-compania\/#breadcrumb"},"inLanguage":"es","potentialAction":[{"@type":"ReadAction","target":["https:\/\/fundesplai.org\/es\/informa-t\/actualitat-es\/voluntarios-as-por-el-servicio-de-comidas-en-compania\/"]}]},{"@type":"ImageObject","inLanguage":"es","@id":"https:\/\/fundesplai.org\/es\/informa-t\/actualitat-es\/voluntarios-as-por-el-servicio-de-comidas-en-compania\/#primaryimage","url":"https:\/\/fundesplai.org\/test-joomla\/wp-content\/uploads\/sites\/26\/2017\/04\/apats1.jpg","contentUrl":"https:\/\/fundesplai.org\/test-joomla\/wp-content\/uploads\/sites\/26\/2017\/04\/apats1.jpg"},{"@type":"BreadcrumbList","@id":"https:\/\/fundesplai.org\/es\/informa-t\/actualitat-es\/voluntarios-as-por-el-servicio-de-comidas-en-compania\/#breadcrumb","itemListElement":[{"@type":"ListItem","position":1,"name":"Inici","item":"https:\/\/fundesplai.org\/es\/inicio\/"},{"@type":"ListItem","position":2,"name":"Inf\u00f3rmate","item":"https:\/\/fundesplai.org\/es\/informate\/"},{"@type":"ListItem","position":3,"name":"Sin categor\u00eda","item":"https:\/\/fundesplai.org\/es\/informa-t\/category\/sin-categoria\/"},{"@type":"ListItem","position":4,"name":"Voluntarios\/as por el Servicio de Comidas en Compa\u00f1\u00eda"}]},{"@type":"WebSite","@id":"https:\/\/fundesplai.org\/es\/#website","url":"https:\/\/fundesplai.org\/es\/","name":"Fundesplai","description":"Eduquem per la conviv\u00e8ncia i la sostenibilitat","potentialAction":[{"@type":"SearchAction","target":{"@type":"EntryPoint","urlTemplate":"https:\/\/fundesplai.org\/es\/?s={search_term_string}"},"query-input":{"@type":"PropertyValueSpecification","valueRequired":true,"valueName":"search_term_string"}}],"inLanguage":"es"},{"@type":"Person","@id":"https:\/\/fundesplai.org\/es\/#\/schema\/person\/67e7825d8ec54561cc24e36ba6b0f633","name":"Ferran","image":{"@type":"ImageObject","inLanguage":"es","@id":"https:\/\/secure.gravatar.com\/avatar\/a3510350976b58aae6eccd1e36f066b660a69ef63f97fde3cba8205db7db816a?s=96&d=mm&r=g","url":"https:\/\/secure.gravatar.com\/avatar\/a3510350976b58aae6eccd1e36f066b660a69ef63f97fde3cba8205db7db816a?s=96&d=mm&r=g","contentUrl":"https:\/\/secure.gravatar.com\/avatar\/a3510350976b58aae6eccd1e36f066b660a69ef63f97fde3cba8205db7db816a?s=96&d=mm&r=g","caption":"Ferran"},"url":"https:\/\/fundesplai.org\/es\/informa-t\/author\/fvidal\/"}]}},"_links":{"self":[{"href":"https:\/\/fundesplai.org\/es\/wp-json\/wp\/v2\/posts\/47721","targetHints":{"allow":["GET"]}}],"collection":[{"href":"https:\/\/fundesplai.org\/es\/wp-json\/wp\/v2\/posts"}],"about":[{"href":"https:\/\/fundesplai.org\/es\/wp-json\/wp\/v2\/types\/post"}],"author":[{"embeddable":true,"href":"https:\/\/fundesplai.org\/es\/wp-json\/wp\/v2\/users\/4"}],"replies":[{"embeddable":true,"href":"https:\/\/fundesplai.org\/es\/wp-json\/wp\/v2\/comments?post=47721"}],"version-history":[{"count":0,"href":"https:\/\/fundesplai.org\/es\/wp-json\/wp\/v2\/posts\/47721\/revisions"}],"wp:attachment":[{"href":"https:\/\/fundesplai.org\/es\/wp-json\/wp\/v2\/media?parent=47721"}],"wp:term":[{"taxonomy":"category","embeddable":true,"href":"https:\/\/fundesplai.org\/es\/wp-json\/wp\/v2\/categories?post=47721"},{"taxonomy":"post_tag","embeddable":true,"href":"https:\/\/fundesplai.org\/es\/wp-json\/wp\/v2\/tags?post=47721"}],"curies":[{"name":"wp","href":"https:\/\/api.w.org\/{rel}","templated":true}]}}