{"id":47720,"date":"2017-04-11T16:24:47","date_gmt":"2017-04-11T14:24:47","guid":{"rendered":"https:\/\/fundesplai.org\/informa-t\/sense-categoria\/el-consejo-asesor-de-fundacion-esplai-debate-sobre-los-retos-del-tercer-sector-y-la-ciudadania\/"},"modified":"2023-10-02T12:36:25","modified_gmt":"2023-10-02T10:36:25","slug":"el-consejo-asesor-de-fundacion-esplai-debate-sobre-los-retos-del-tercer-sector-y-la-ciudadania","status":"publish","type":"post","link":"https:\/\/fundesplai.org\/es\/informa-t\/actualitat-es\/el-consejo-asesor-de-fundacion-esplai-debate-sobre-los-retos-del-tercer-sector-y-la-ciudadania\/","title":{"rendered":"El Consejo Asesor de Fundaci\u00f3n Esplai debate sobre los retos del Tercer Sector y la ciudadan\u00eda"},"content":{"rendered":"<p>El jueves 6 de abril tuvo lugar en la Casa del Lector de Madrid el plenario anual del Consejo Asesor de Fundaci\u00f3n. El acto reuni\u00f3 a cerca de 50 personas de diferentes \u00e1mbitos (educativo, social, de administraciones p\u00fablicas, etc.) que forman parte de este \u00f3rgano de la entidad.<\/p>\n<p><!--more--><\/p>\n<p class=\"intro\">El jueves 6 de abril tuvo lugar en la Casa del Lector de Madrid el plenario anual del Consejo Asesor de Fundaci\u00f3n. El acto reuni\u00f3 a cerca de 50 personas de diferentes \u00e1mbitos (educativo, social, de administraciones p\u00fablicas, etc.) que forman parte de este \u00f3rgano de la entidad.<\/p>\n<table style=\"height: 55px;width: 100%\">\n<tbody>\n<tr>\n<td colspan=\"2\"><img decoding=\"async\" class=\" size-full wp-image-4313\" src=\"https:\/\/fundesplai.org\/test-joomla\/wp-content\/uploads\/sites\/26\/2017\/04\/consejo_asesor_2017-web1.jpg\" alt=\"consejo asesor 2017 web1\" width=\"100%\" height=\"NaN\"><\/td>\n<\/tr>\n<tr>\n<td><img decoding=\"async\" class=\" size-full wp-image-4314\" src=\"https:\/\/fundesplai.org\/test-joomla\/wp-content\/uploads\/sites\/26\/2017\/04\/consejo_asesor_2017-web3.jpg\" alt=\"consejo asesor 2017 web3\" width=\"100%\" height=\"NaN\"><\/td>\n<td><img decoding=\"async\" class=\" size-full wp-image-4316\" src=\"https:\/\/fundesplai.org\/test-joomla\/wp-content\/uploads\/sites\/26\/2017\/04\/consejo_asesor_2017-web2.jpg\" alt=\"consejo asesor 2017 web2\" width=\"100%\" height=\"NaN\"><\/td>\n<\/tr>\n<tr>\n<td><img decoding=\"async\" class=\" size-full wp-image-4317\" src=\"https:\/\/fundesplai.org\/test-joomla\/wp-content\/uploads\/sites\/26\/2017\/04\/consejo_asesor_2017-73.jpg\" alt=\"consejo asesor 2017 73\" width=\"100%\" height=\"NaN\"><\/td>\n<td><img decoding=\"async\" class=\" size-full wp-image-4318\" src=\"https:\/\/fundesplai.org\/test-joomla\/wp-content\/uploads\/sites\/26\/2017\/04\/consejo_asesor_2017-web6.jpg\" alt=\"consejo asesor 2017 web6\" width=\"100%\" height=\"NaN\"><\/td>\n<\/tr>\n<\/tbody>\n<\/table>\n<p>La jornada comenz\u00f3 con las intervenciones de Enrique Arnanz y N\u00faria Valls, presidente y directora general de Fundaci\u00f3n Esplai, que presentaron las principales l\u00edneas de actuaci\u00f3n y retos de futuro de la entidad, as\u00ed como una aportaci\u00f3n sobre el papel que debe jugar el Tercer Sector en los pr\u00f3ximos a\u00f1os.<\/p>\n<p><strong>Documentos para el debate<\/strong><\/p>\n<p>En el acto se presentaron dos documentos: el v\u00f3lum n\u00famero 7 de la colecci\u00f3n Documentos para el debate, que lleva por t\u00edtulo \u00abPor una nueva ciudadan\u00eda. Incidencia pol\u00edtica y Tercer Sector. Confluencias por el cambio educativo\u00bb y el informe <a href=\"http:\/\/fundacionesplai.org\/debates\/wp-content\/uploads\/sites\/3\/2017\/01\/Informe_final_Inclusio%CC%81n-en-la-era-de-la-postdemocracia.pdf\">\u00abInclusi\u00f3n en la era de la postdemocracia\u00bb<\/a>.<\/p>\n<p>El primer libro, promovido por el Consejo Asesor de Fundaci\u00f3n Esplai y coordinado por Enrique Arnanz, Carles Barba y Juan S\u00e1nchez, aborda, por un lado, qu\u00e9 funci\u00f3n pol\u00edtica debe desarrollar el Tercer Sector en un contexto social cambiante y, por otro, diferentes propuestas para la transformaci\u00f3n educativa con el fin de favorecer a una mejor ciudadan\u00eda.<\/p>\n<p>Respecto al segundo documento, elaborado por Ismael Pe\u00f1a-L\u00f3pez, In\u00e9s Bebea y Gabriel Gonz\u00e1lez, es una reflexi\u00f3n sobre el papel que debe jugar la tecnolog\u00eda en la inclusi\u00f3n social y c\u00f3mo empoderar a la ciudadan\u00eda por un uso abierto, intensivo y comunitario de las TIC.<\/p>\n<p><strong>Trabajo por grupos y clausura<\/strong><\/p>\n<p>En la jornada se organizaron diferentes mesas de trabajo por grupos que analizaron los principales temas que orientar\u00e1n la actuaci\u00f3n de la entidad en los pr\u00f3ximos meses y que generaron un interesante debate de propuestas, con el que termin\u00f3 el acto.<\/p>\n<p><a href=\"https:\/\/goo.gl\/photos\/FdtRfJyQsjuY4Rnr7\"><strong>Vea todas las fotos<\/strong><\/a><\/p>\n<p><strong>Vea el v\u00eddeo \u00abTejer la Vida\u00bb<\/strong><\/p>\n<p><strong><strong><strong><strong><strong><strong><strong><strong><strong>{youtube}AsCWbec6EYA?list=PL6PUk4-hThhEpw67Bj6Z8kiSuCrZN_aDK?showinfo=0&amp;gnis=0|560|315|amerindios=0|asi\u00e1ticos=0|isle\u00f1os=0|asi\u00e1ticos=0|isle\u00f1os=0|asi\u00e1ticos=0|isle\u00f1os=0|asi\u00e1ticos=0|isle\u00f1os=0|asi\u00e1ticos=0|isle\u00f1os=0|asi\u00e1ticos={\/youtube}<\/strong><\/strong><\/strong><\/strong><\/strong><\/strong><\/strong><\/strong><\/strong><\/p>\n<p>&nbsp;<\/p>\n","protected":false},"excerpt":{"rendered":"<p>El jueves 6 de abril tuvo lugar en la Casa del Lector de Madrid el plenario anual del Consejo Asesor de Fundaci\u00f3n. El acto reuni\u00f3 a cerca de 50 personas de diferentes \u00e1mbitos (educativo, social, de administraciones p\u00fablicas, etc.) que forman parte de este \u00f3rgano de la entidad.<\/p>\n","protected":false},"author":9,"featured_media":0,"comment_status":"closed","ping_status":"closed","sticky":false,"template":"","format":"standard","meta":{"_et_pb_use_builder":"","_et_pb_old_content":"","_et_gb_content_width":"","footnotes":""},"categories":[937],"tags":[],"class_list":["post-47720","post","type-post","status-publish","format-standard","hentry","category-actualitat-es"],"yoast_head":"<!-- This site is optimized with the Yoast SEO plugin v27.4 - https:\/\/yoast.com\/product\/yoast-seo-wordpress\/ -->\n<title>El Consejo Asesor de Fundaci\u00f3n Esplai debate sobre los retos del Tercer Sector y la ciudadan\u00eda - Fundesplai<\/title>\n<meta name=\"robots\" content=\"index, follow, max-snippet:-1, max-image-preview:large, max-video-preview:-1\" \/>\n<link rel=\"canonical\" href=\"https:\/\/fundesplai.org\/es\/informa-t\/actualitat-es\/el-consejo-asesor-de-fundacion-esplai-debate-sobre-los-retos-del-tercer-sector-y-la-ciudadania\/\" \/>\n<meta property=\"og:locale\" content=\"es_ES\" \/>\n<meta property=\"og:type\" content=\"article\" \/>\n<meta property=\"og:title\" content=\"El Consejo Asesor de Fundaci\u00f3n Esplai debate sobre los retos del Tercer Sector y la ciudadan\u00eda - Fundesplai\" \/>\n<meta property=\"og:description\" content=\"El jueves 6 de abril tuvo lugar en la Casa del Lector de Madrid el plenario anual del Consejo Asesor de Fundaci\u00f3n. El acto reuni\u00f3 a cerca de 50 personas de diferentes \u00e1mbitos (educativo, social, de administraciones p\u00fablicas, etc.) que forman parte de este \u00f3rgano de la entidad.\" \/>\n<meta property=\"og:url\" content=\"https:\/\/fundesplai.org\/es\/informa-t\/actualitat-es\/el-consejo-asesor-de-fundacion-esplai-debate-sobre-los-retos-del-tercer-sector-y-la-ciudadania\/\" \/>\n<meta property=\"og:site_name\" content=\"Fundesplai\" \/>\n<meta property=\"article:published_time\" content=\"2017-04-11T14:24:47+00:00\" \/>\n<meta property=\"article:modified_time\" content=\"2023-10-02T10:36:25+00:00\" \/>\n<meta property=\"og:image\" content=\"https:\/\/fundesplai.org\/test-joomla\/wp-content\/uploads\/sites\/26\/2017\/04\/consejo_asesor_2017-web1.jpg\" \/>\n<meta name=\"author\" content=\"Alfons Valle\" \/>\n<meta name=\"twitter:card\" content=\"summary_large_image\" \/>\n<meta name=\"twitter:label1\" content=\"Escrito por\" \/>\n\t<meta name=\"twitter:data1\" content=\"Alfons Valle\" \/>\n\t<meta name=\"twitter:label2\" content=\"Tiempo de lectura\" \/>\n\t<meta name=\"twitter:data2\" content=\"2 minutos\" \/>\n<script type=\"application\/ld+json\" class=\"yoast-schema-graph\">{\"@context\":\"https:\\\/\\\/schema.org\",\"@graph\":[{\"@type\":\"Article\",\"@id\":\"https:\\\/\\\/fundesplai.org\\\/es\\\/informa-t\\\/actualitat-es\\\/el-consejo-asesor-de-fundacion-esplai-debate-sobre-los-retos-del-tercer-sector-y-la-ciudadania\\\/#article\",\"isPartOf\":{\"@id\":\"https:\\\/\\\/fundesplai.org\\\/es\\\/informa-t\\\/actualitat-es\\\/el-consejo-asesor-de-fundacion-esplai-debate-sobre-los-retos-del-tercer-sector-y-la-ciudadania\\\/\"},\"author\":{\"name\":\"Alfons Valle\",\"@id\":\"https:\\\/\\\/fundesplai.org\\\/es\\\/#\\\/schema\\\/person\\\/c0e9e7466bb8ac06f5264324a6109733\"},\"headline\":\"El Consejo Asesor de Fundaci\u00f3n Esplai debate sobre los retos del Tercer Sector y la ciudadan\u00eda\",\"datePublished\":\"2017-04-11T14:24:47+00:00\",\"dateModified\":\"2023-10-02T10:36:25+00:00\",\"mainEntityOfPage\":{\"@id\":\"https:\\\/\\\/fundesplai.org\\\/es\\\/informa-t\\\/actualitat-es\\\/el-consejo-asesor-de-fundacion-esplai-debate-sobre-los-retos-del-tercer-sector-y-la-ciudadania\\\/\"},\"wordCount\":441,\"image\":{\"@id\":\"https:\\\/\\\/fundesplai.org\\\/es\\\/informa-t\\\/actualitat-es\\\/el-consejo-asesor-de-fundacion-esplai-debate-sobre-los-retos-del-tercer-sector-y-la-ciudadania\\\/#primaryimage\"},\"thumbnailUrl\":\"https:\\\/\\\/fundesplai.org\\\/test-joomla\\\/wp-content\\\/uploads\\\/sites\\\/26\\\/2017\\\/04\\\/consejo_asesor_2017-web1.jpg\",\"articleSection\":[\"Actualitat\"],\"inLanguage\":\"es\"},{\"@type\":\"WebPage\",\"@id\":\"https:\\\/\\\/fundesplai.org\\\/es\\\/informa-t\\\/actualitat-es\\\/el-consejo-asesor-de-fundacion-esplai-debate-sobre-los-retos-del-tercer-sector-y-la-ciudadania\\\/\",\"url\":\"https:\\\/\\\/fundesplai.org\\\/es\\\/informa-t\\\/actualitat-es\\\/el-consejo-asesor-de-fundacion-esplai-debate-sobre-los-retos-del-tercer-sector-y-la-ciudadania\\\/\",\"name\":\"El Consejo Asesor de Fundaci\u00f3n Esplai debate sobre los retos del Tercer Sector y la ciudadan\u00eda - Fundesplai\",\"isPartOf\":{\"@id\":\"https:\\\/\\\/fundesplai.org\\\/es\\\/#website\"},\"primaryImageOfPage\":{\"@id\":\"https:\\\/\\\/fundesplai.org\\\/es\\\/informa-t\\\/actualitat-es\\\/el-consejo-asesor-de-fundacion-esplai-debate-sobre-los-retos-del-tercer-sector-y-la-ciudadania\\\/#primaryimage\"},\"image\":{\"@id\":\"https:\\\/\\\/fundesplai.org\\\/es\\\/informa-t\\\/actualitat-es\\\/el-consejo-asesor-de-fundacion-esplai-debate-sobre-los-retos-del-tercer-sector-y-la-ciudadania\\\/#primaryimage\"},\"thumbnailUrl\":\"https:\\\/\\\/fundesplai.org\\\/test-joomla\\\/wp-content\\\/uploads\\\/sites\\\/26\\\/2017\\\/04\\\/consejo_asesor_2017-web1.jpg\",\"datePublished\":\"2017-04-11T14:24:47+00:00\",\"dateModified\":\"2023-10-02T10:36:25+00:00\",\"author\":{\"@id\":\"https:\\\/\\\/fundesplai.org\\\/es\\\/#\\\/schema\\\/person\\\/c0e9e7466bb8ac06f5264324a6109733\"},\"breadcrumb\":{\"@id\":\"https:\\\/\\\/fundesplai.org\\\/es\\\/informa-t\\\/actualitat-es\\\/el-consejo-asesor-de-fundacion-esplai-debate-sobre-los-retos-del-tercer-sector-y-la-ciudadania\\\/#breadcrumb\"},\"inLanguage\":\"es\",\"potentialAction\":[{\"@type\":\"ReadAction\",\"target\":[\"https:\\\/\\\/fundesplai.org\\\/es\\\/informa-t\\\/actualitat-es\\\/el-consejo-asesor-de-fundacion-esplai-debate-sobre-los-retos-del-tercer-sector-y-la-ciudadania\\\/\"]}]},{\"@type\":\"ImageObject\",\"inLanguage\":\"es\",\"@id\":\"https:\\\/\\\/fundesplai.org\\\/es\\\/informa-t\\\/actualitat-es\\\/el-consejo-asesor-de-fundacion-esplai-debate-sobre-los-retos-del-tercer-sector-y-la-ciudadania\\\/#primaryimage\",\"url\":\"https:\\\/\\\/fundesplai.org\\\/test-joomla\\\/wp-content\\\/uploads\\\/sites\\\/26\\\/2017\\\/04\\\/consejo_asesor_2017-web1.jpg\",\"contentUrl\":\"https:\\\/\\\/fundesplai.org\\\/test-joomla\\\/wp-content\\\/uploads\\\/sites\\\/26\\\/2017\\\/04\\\/consejo_asesor_2017-web1.jpg\"},{\"@type\":\"BreadcrumbList\",\"@id\":\"https:\\\/\\\/fundesplai.org\\\/es\\\/informa-t\\\/actualitat-es\\\/el-consejo-asesor-de-fundacion-esplai-debate-sobre-los-retos-del-tercer-sector-y-la-ciudadania\\\/#breadcrumb\",\"itemListElement\":[{\"@type\":\"ListItem\",\"position\":1,\"name\":\"Inici\",\"item\":\"https:\\\/\\\/fundesplai.org\\\/es\\\/inicio\\\/\"},{\"@type\":\"ListItem\",\"position\":2,\"name\":\"Inf\u00f3rmate\",\"item\":\"https:\\\/\\\/fundesplai.org\\\/es\\\/informate\\\/\"},{\"@type\":\"ListItem\",\"position\":3,\"name\":\"Actualitat\",\"item\":\"https:\\\/\\\/fundesplai.org\\\/es\\\/informa-t\\\/category\\\/actualitat-es\\\/\"},{\"@type\":\"ListItem\",\"position\":4,\"name\":\"El Consejo Asesor de Fundaci\u00f3n Esplai debate sobre los retos del Tercer Sector y la ciudadan\u00eda\"}]},{\"@type\":\"WebSite\",\"@id\":\"https:\\\/\\\/fundesplai.org\\\/es\\\/#website\",\"url\":\"https:\\\/\\\/fundesplai.org\\\/es\\\/\",\"name\":\"Fundesplai\",\"description\":\"Eduquem per la conviv\u00e8ncia i la sostenibilitat\",\"potentialAction\":[{\"@type\":\"SearchAction\",\"target\":{\"@type\":\"EntryPoint\",\"urlTemplate\":\"https:\\\/\\\/fundesplai.org\\\/es\\\/?s={search_term_string}\"},\"query-input\":{\"@type\":\"PropertyValueSpecification\",\"valueRequired\":true,\"valueName\":\"search_term_string\"}}],\"inLanguage\":\"es\"},{\"@type\":\"Person\",\"@id\":\"https:\\\/\\\/fundesplai.org\\\/es\\\/#\\\/schema\\\/person\\\/c0e9e7466bb8ac06f5264324a6109733\",\"name\":\"Alfons Valle\",\"image\":{\"@type\":\"ImageObject\",\"inLanguage\":\"es\",\"@id\":\"https:\\\/\\\/secure.gravatar.com\\\/avatar\\\/71d95a3f99a068ba570ac1314ed6911a59c5ae3f22ffcf23631cd1a861a640bc?s=96&d=mm&r=g\",\"url\":\"https:\\\/\\\/secure.gravatar.com\\\/avatar\\\/71d95a3f99a068ba570ac1314ed6911a59c5ae3f22ffcf23631cd1a861a640bc?s=96&d=mm&r=g\",\"contentUrl\":\"https:\\\/\\\/secure.gravatar.com\\\/avatar\\\/71d95a3f99a068ba570ac1314ed6911a59c5ae3f22ffcf23631cd1a861a640bc?s=96&d=mm&r=g\",\"caption\":\"Alfons Valle\"},\"url\":\"https:\\\/\\\/fundesplai.org\\\/es\\\/informa-t\\\/author\\\/avalle\\\/\"}]}<\/script>\n<!-- \/ Yoast SEO plugin. -->","yoast_head_json":{"title":"El Consejo Asesor de Fundaci\u00f3n Esplai debate sobre los retos del Tercer Sector y la ciudadan\u00eda - Fundesplai","robots":{"index":"index","follow":"follow","max-snippet":"max-snippet:-1","max-image-preview":"max-image-preview:large","max-video-preview":"max-video-preview:-1"},"canonical":"https:\/\/fundesplai.org\/es\/informa-t\/actualitat-es\/el-consejo-asesor-de-fundacion-esplai-debate-sobre-los-retos-del-tercer-sector-y-la-ciudadania\/","og_locale":"es_ES","og_type":"article","og_title":"El Consejo Asesor de Fundaci\u00f3n Esplai debate sobre los retos del Tercer Sector y la ciudadan\u00eda - Fundesplai","og_description":"El jueves 6 de abril tuvo lugar en la Casa del Lector de Madrid el plenario anual del Consejo Asesor de Fundaci\u00f3n. El acto reuni\u00f3 a cerca de 50 personas de diferentes \u00e1mbitos (educativo, social, de administraciones p\u00fablicas, etc.) que forman parte de este \u00f3rgano de la entidad.","og_url":"https:\/\/fundesplai.org\/es\/informa-t\/actualitat-es\/el-consejo-asesor-de-fundacion-esplai-debate-sobre-los-retos-del-tercer-sector-y-la-ciudadania\/","og_site_name":"Fundesplai","article_published_time":"2017-04-11T14:24:47+00:00","article_modified_time":"2023-10-02T10:36:25+00:00","og_image":[{"url":"https:\/\/fundesplai.org\/test-joomla\/wp-content\/uploads\/sites\/26\/2017\/04\/consejo_asesor_2017-web1.jpg","type":"","width":"","height":""}],"author":"Alfons Valle","twitter_card":"summary_large_image","twitter_misc":{"Escrito por":"Alfons Valle","Tiempo de lectura":"2 minutos"},"schema":{"@context":"https:\/\/schema.org","@graph":[{"@type":"Article","@id":"https:\/\/fundesplai.org\/es\/informa-t\/actualitat-es\/el-consejo-asesor-de-fundacion-esplai-debate-sobre-los-retos-del-tercer-sector-y-la-ciudadania\/#article","isPartOf":{"@id":"https:\/\/fundesplai.org\/es\/informa-t\/actualitat-es\/el-consejo-asesor-de-fundacion-esplai-debate-sobre-los-retos-del-tercer-sector-y-la-ciudadania\/"},"author":{"name":"Alfons Valle","@id":"https:\/\/fundesplai.org\/es\/#\/schema\/person\/c0e9e7466bb8ac06f5264324a6109733"},"headline":"El Consejo Asesor de Fundaci\u00f3n Esplai debate sobre los retos del Tercer Sector y la ciudadan\u00eda","datePublished":"2017-04-11T14:24:47+00:00","dateModified":"2023-10-02T10:36:25+00:00","mainEntityOfPage":{"@id":"https:\/\/fundesplai.org\/es\/informa-t\/actualitat-es\/el-consejo-asesor-de-fundacion-esplai-debate-sobre-los-retos-del-tercer-sector-y-la-ciudadania\/"},"wordCount":441,"image":{"@id":"https:\/\/fundesplai.org\/es\/informa-t\/actualitat-es\/el-consejo-asesor-de-fundacion-esplai-debate-sobre-los-retos-del-tercer-sector-y-la-ciudadania\/#primaryimage"},"thumbnailUrl":"https:\/\/fundesplai.org\/test-joomla\/wp-content\/uploads\/sites\/26\/2017\/04\/consejo_asesor_2017-web1.jpg","articleSection":["Actualitat"],"inLanguage":"es"},{"@type":"WebPage","@id":"https:\/\/fundesplai.org\/es\/informa-t\/actualitat-es\/el-consejo-asesor-de-fundacion-esplai-debate-sobre-los-retos-del-tercer-sector-y-la-ciudadania\/","url":"https:\/\/fundesplai.org\/es\/informa-t\/actualitat-es\/el-consejo-asesor-de-fundacion-esplai-debate-sobre-los-retos-del-tercer-sector-y-la-ciudadania\/","name":"El Consejo Asesor de Fundaci\u00f3n Esplai debate sobre los retos del Tercer Sector y la ciudadan\u00eda - Fundesplai","isPartOf":{"@id":"https:\/\/fundesplai.org\/es\/#website"},"primaryImageOfPage":{"@id":"https:\/\/fundesplai.org\/es\/informa-t\/actualitat-es\/el-consejo-asesor-de-fundacion-esplai-debate-sobre-los-retos-del-tercer-sector-y-la-ciudadania\/#primaryimage"},"image":{"@id":"https:\/\/fundesplai.org\/es\/informa-t\/actualitat-es\/el-consejo-asesor-de-fundacion-esplai-debate-sobre-los-retos-del-tercer-sector-y-la-ciudadania\/#primaryimage"},"thumbnailUrl":"https:\/\/fundesplai.org\/test-joomla\/wp-content\/uploads\/sites\/26\/2017\/04\/consejo_asesor_2017-web1.jpg","datePublished":"2017-04-11T14:24:47+00:00","dateModified":"2023-10-02T10:36:25+00:00","author":{"@id":"https:\/\/fundesplai.org\/es\/#\/schema\/person\/c0e9e7466bb8ac06f5264324a6109733"},"breadcrumb":{"@id":"https:\/\/fundesplai.org\/es\/informa-t\/actualitat-es\/el-consejo-asesor-de-fundacion-esplai-debate-sobre-los-retos-del-tercer-sector-y-la-ciudadania\/#breadcrumb"},"inLanguage":"es","potentialAction":[{"@type":"ReadAction","target":["https:\/\/fundesplai.org\/es\/informa-t\/actualitat-es\/el-consejo-asesor-de-fundacion-esplai-debate-sobre-los-retos-del-tercer-sector-y-la-ciudadania\/"]}]},{"@type":"ImageObject","inLanguage":"es","@id":"https:\/\/fundesplai.org\/es\/informa-t\/actualitat-es\/el-consejo-asesor-de-fundacion-esplai-debate-sobre-los-retos-del-tercer-sector-y-la-ciudadania\/#primaryimage","url":"https:\/\/fundesplai.org\/test-joomla\/wp-content\/uploads\/sites\/26\/2017\/04\/consejo_asesor_2017-web1.jpg","contentUrl":"https:\/\/fundesplai.org\/test-joomla\/wp-content\/uploads\/sites\/26\/2017\/04\/consejo_asesor_2017-web1.jpg"},{"@type":"BreadcrumbList","@id":"https:\/\/fundesplai.org\/es\/informa-t\/actualitat-es\/el-consejo-asesor-de-fundacion-esplai-debate-sobre-los-retos-del-tercer-sector-y-la-ciudadania\/#breadcrumb","itemListElement":[{"@type":"ListItem","position":1,"name":"Inici","item":"https:\/\/fundesplai.org\/es\/inicio\/"},{"@type":"ListItem","position":2,"name":"Inf\u00f3rmate","item":"https:\/\/fundesplai.org\/es\/informate\/"},{"@type":"ListItem","position":3,"name":"Actualitat","item":"https:\/\/fundesplai.org\/es\/informa-t\/category\/actualitat-es\/"},{"@type":"ListItem","position":4,"name":"El Consejo Asesor de Fundaci\u00f3n Esplai debate sobre los retos del Tercer Sector y la ciudadan\u00eda"}]},{"@type":"WebSite","@id":"https:\/\/fundesplai.org\/es\/#website","url":"https:\/\/fundesplai.org\/es\/","name":"Fundesplai","description":"Eduquem per la conviv\u00e8ncia i la sostenibilitat","potentialAction":[{"@type":"SearchAction","target":{"@type":"EntryPoint","urlTemplate":"https:\/\/fundesplai.org\/es\/?s={search_term_string}"},"query-input":{"@type":"PropertyValueSpecification","valueRequired":true,"valueName":"search_term_string"}}],"inLanguage":"es"},{"@type":"Person","@id":"https:\/\/fundesplai.org\/es\/#\/schema\/person\/c0e9e7466bb8ac06f5264324a6109733","name":"Alfons Valle","image":{"@type":"ImageObject","inLanguage":"es","@id":"https:\/\/secure.gravatar.com\/avatar\/71d95a3f99a068ba570ac1314ed6911a59c5ae3f22ffcf23631cd1a861a640bc?s=96&d=mm&r=g","url":"https:\/\/secure.gravatar.com\/avatar\/71d95a3f99a068ba570ac1314ed6911a59c5ae3f22ffcf23631cd1a861a640bc?s=96&d=mm&r=g","contentUrl":"https:\/\/secure.gravatar.com\/avatar\/71d95a3f99a068ba570ac1314ed6911a59c5ae3f22ffcf23631cd1a861a640bc?s=96&d=mm&r=g","caption":"Alfons Valle"},"url":"https:\/\/fundesplai.org\/es\/informa-t\/author\/avalle\/"}]}},"_links":{"self":[{"href":"https:\/\/fundesplai.org\/es\/wp-json\/wp\/v2\/posts\/47720","targetHints":{"allow":["GET"]}}],"collection":[{"href":"https:\/\/fundesplai.org\/es\/wp-json\/wp\/v2\/posts"}],"about":[{"href":"https:\/\/fundesplai.org\/es\/wp-json\/wp\/v2\/types\/post"}],"author":[{"embeddable":true,"href":"https:\/\/fundesplai.org\/es\/wp-json\/wp\/v2\/users\/9"}],"replies":[{"embeddable":true,"href":"https:\/\/fundesplai.org\/es\/wp-json\/wp\/v2\/comments?post=47720"}],"version-history":[{"count":1,"href":"https:\/\/fundesplai.org\/es\/wp-json\/wp\/v2\/posts\/47720\/revisions"}],"predecessor-version":[{"id":56146,"href":"https:\/\/fundesplai.org\/es\/wp-json\/wp\/v2\/posts\/47720\/revisions\/56146"}],"wp:attachment":[{"href":"https:\/\/fundesplai.org\/es\/wp-json\/wp\/v2\/media?parent=47720"}],"wp:term":[{"taxonomy":"category","embeddable":true,"href":"https:\/\/fundesplai.org\/es\/wp-json\/wp\/v2\/categories?post=47720"},{"taxonomy":"post_tag","embeddable":true,"href":"https:\/\/fundesplai.org\/es\/wp-json\/wp\/v2\/tags?post=47720"}],"curies":[{"name":"wp","href":"https:\/\/api.w.org\/{rel}","templated":true}]}}