{"id":47717,"date":"2017-04-11T12:06:56","date_gmt":"2017-04-11T10:06:56","guid":{"rendered":"https:\/\/fundesplai.org\/informa-t\/sense-categoria\/los-y-las-joven-valor-comienzan-las-estancias-formativas-en-empresas\/"},"modified":"2017-04-11T12:06:56","modified_gmt":"2017-04-11T10:06:56","slug":"los-y-las-joven-valor-comienzan-las-estancias-formativas-en-empresas","status":"publish","type":"post","link":"https:\/\/fundesplai.org\/es\/informa-t\/actualitat-es\/los-y-las-joven-valor-comienzan-las-estancias-formativas-en-empresas\/","title":{"rendered":"Los y las \u00abJoven Valor\u00bb comienzan las estancias formativas en empresas"},"content":{"rendered":"<p>Algunos de los chicos y chicas participantes en el programa \u00abJoven Valor\u00bb que impulsa Fundesplai&#8230;&nbsp;<\/p>\n<p><!--more--><\/p>\n<table style=\"height: 37px;width: 300px\" align=\"left\">\n<tbody>\n<tr>\n<td><img loading=\"lazy\" decoding=\"async\" class=\" size-full wp-image-4292\" src=\"https:\/\/fundesplai.org\/test-joomla\/wp-content\/uploads\/sites\/26\/2017\/04\/tmb.jpg\" alt=\"tmb\" width=\"300\" height=\"200\"><\/td>\n<\/tr>\n<tr>\n<td>Firma del convenio con TMB<\/td>\n<\/tr>\n<tr>\n<td><img loading=\"lazy\" decoding=\"async\" class=\" size-full wp-image-4294\" src=\"https:\/\/fundesplai.org\/test-joomla\/wp-content\/uploads\/sites\/26\/2017\/04\/aigues.jpg\" alt=\"aguas\" width=\"300\" height=\"169\"><\/td>\n<\/tr>\n<tr>\n<td>Firma del convenio con Aguas de El Prat<\/td>\n<\/tr>\n<\/tbody>\n<\/table>\n<p>Algunos de los chicos y chicas participantes en el programa \u00abJoven Valor\u00bb que impulsa Fundesplai ya han comenzado sus estancias formativas en las empresas gracias a los acuerdos de colaboraci\u00f3n con Aguas de El Prat, Transports Metropolitants de Barcelona y el Hotel Tryp.<strong>&nbsp;Joven Valor&nbsp;<\/strong>busca ofrecer a j\u00f3venes en riesgo de vulnerabilidad social una oportunidad formativa y laboral.<\/p>\n<p>Los y las j\u00f3venes que ya han comenzado o lo har\u00e1n pr\u00f3ximamente &nbsp;estar\u00e1n durante un a\u00f1o en las empresas bajo la supervisi\u00f3n de un tutor que les acompa\u00f1ar\u00e1 y ense\u00f1ar\u00e1 tanto a realizar estas tareas como a adquirir h\u00e1bitos de trabajo y de relaci\u00f3n con los compa\u00f1eros. Aprender\u00e1n a trabajar trabajando.<\/p>\n<p><strong>C\u00f3mo funciona<\/strong><\/p>\n<p>En Jove Valor se ofrece a los chicos y chicas un contrato remunerado de un a\u00f1o, en el que se combina un proceso de trabajo formativo con unas estancias en una empresa acogedora, donde aprenden a desarrollarse bajo una cultura organizativa, unas rutinas laborales y un ambiente de trabajo real. Y todo, con un acompa\u00f1amiento personalizado.&nbsp; En Joven Valor los chicos y las chicas aprenden a trabajar trabajando.<\/p>\n<p>En esta fase inicial Jove Valor se desarrolla en El Prat de Llobregat y pr\u00f3ximamente en Cornell\u00e0 de Llobregat. Es un proyecto compartido con los ayuntamientos de las citadas localidades, empresas locales, la C\u00e1mara de Comercio, los sindicatos UGT y CCOO, la Fundaci\u00f3n \u00abla Caixa\u00bb y el Servicio de Empleo de Catalu\u00f1a.<\/p>\n<p><strong>Evaluaci\u00f3n del programa<\/strong>:<\/p>\n<p>Una vez finalizada la primera edici\u00f3n de Jove Valor, la Universidad de Barcelona evalu\u00f3 el programa y elaborar un informe (diciembre 2018) que se puede consultar <a href=\"https:\/\/fundesplai.org\/test-joomla\/wp-content\/uploads\/sites\/26\/2017\/04\/INFORME_joven_valor.pdf\">aqu\u00ed<\/a>.<\/p>\n<p><strong>Contacto:&nbsp;<a href=\"mailto:jovevalor@fundesplai.org\">jovevalor@fundesplai.org<\/a><\/strong><\/p>\n","protected":false},"excerpt":{"rendered":"<p>Algunos de los chicos y chicas participantes en el programa \u00abJoven Valor\u00bb que impulsa Fundesplai&#8230;&nbsp;<\/p>\n","protected":false},"author":9,"featured_media":0,"comment_status":"closed","ping_status":"closed","sticky":false,"template":"","format":"standard","meta":{"_et_pb_use_builder":"","_et_pb_old_content":"","_et_gb_content_width":"","footnotes":""},"categories":[937],"tags":[],"class_list":["post-47717","post","type-post","status-publish","format-standard","hentry","category-actualitat-es"],"yoast_head":"<!-- This site is optimized with the Yoast SEO plugin v27.4 - https:\/\/yoast.com\/product\/yoast-seo-wordpress\/ -->\n<title>Los y las &quot;Joven Valor&quot; comienzan las estancias formativas en empresas - Fundesplai<\/title>\n<meta name=\"robots\" content=\"index, follow, max-snippet:-1, max-image-preview:large, max-video-preview:-1\" \/>\n<link rel=\"canonical\" href=\"https:\/\/fundesplai.org\/es\/informa-t\/actualitat-es\/los-y-las-joven-valor-comienzan-las-estancias-formativas-en-empresas\/\" \/>\n<meta property=\"og:locale\" content=\"es_ES\" \/>\n<meta property=\"og:type\" content=\"article\" \/>\n<meta property=\"og:title\" content=\"Los y las &quot;Joven Valor&quot; comienzan las estancias formativas en empresas - Fundesplai\" \/>\n<meta property=\"og:description\" content=\"Algunos de los chicos y chicas participantes en el programa \u00abJoven Valor\u00bb que impulsa Fundesplai&#8230;&nbsp;\" \/>\n<meta property=\"og:url\" content=\"https:\/\/fundesplai.org\/es\/informa-t\/actualitat-es\/los-y-las-joven-valor-comienzan-las-estancias-formativas-en-empresas\/\" \/>\n<meta property=\"og:site_name\" content=\"Fundesplai\" \/>\n<meta property=\"article:published_time\" content=\"2017-04-11T10:06:56+00:00\" \/>\n<meta property=\"og:image\" content=\"https:\/\/fundesplai.org\/test-joomla\/wp-content\/uploads\/sites\/26\/2017\/04\/tmb.jpg\" \/>\n<meta name=\"author\" content=\"Alfons Valle\" \/>\n<meta name=\"twitter:card\" content=\"summary_large_image\" \/>\n<meta name=\"twitter:label1\" content=\"Escrito por\" \/>\n\t<meta name=\"twitter:data1\" content=\"Alfons Valle\" \/>\n\t<meta name=\"twitter:label2\" content=\"Tiempo de lectura\" \/>\n\t<meta name=\"twitter:data2\" content=\"2 minutos\" \/>\n<script type=\"application\/ld+json\" class=\"yoast-schema-graph\">{\"@context\":\"https:\\\/\\\/schema.org\",\"@graph\":[{\"@type\":\"Article\",\"@id\":\"https:\\\/\\\/fundesplai.org\\\/es\\\/informa-t\\\/actualitat-es\\\/los-y-las-joven-valor-comienzan-las-estancias-formativas-en-empresas\\\/#article\",\"isPartOf\":{\"@id\":\"https:\\\/\\\/fundesplai.org\\\/es\\\/informa-t\\\/actualitat-es\\\/los-y-las-joven-valor-comienzan-las-estancias-formativas-en-empresas\\\/\"},\"author\":{\"name\":\"Alfons Valle\",\"@id\":\"https:\\\/\\\/fundesplai.org\\\/es\\\/#\\\/schema\\\/person\\\/c0e9e7466bb8ac06f5264324a6109733\"},\"headline\":\"Los y las \u00abJoven Valor\u00bb comienzan las estancias formativas en empresas\",\"datePublished\":\"2017-04-11T10:06:56+00:00\",\"mainEntityOfPage\":{\"@id\":\"https:\\\/\\\/fundesplai.org\\\/es\\\/informa-t\\\/actualitat-es\\\/los-y-las-joven-valor-comienzan-las-estancias-formativas-en-empresas\\\/\"},\"wordCount\":333,\"image\":{\"@id\":\"https:\\\/\\\/fundesplai.org\\\/es\\\/informa-t\\\/actualitat-es\\\/los-y-las-joven-valor-comienzan-las-estancias-formativas-en-empresas\\\/#primaryimage\"},\"thumbnailUrl\":\"https:\\\/\\\/fundesplai.org\\\/test-joomla\\\/wp-content\\\/uploads\\\/sites\\\/26\\\/2017\\\/04\\\/tmb.jpg\",\"articleSection\":[\"Actualitat\"],\"inLanguage\":\"es\"},{\"@type\":\"WebPage\",\"@id\":\"https:\\\/\\\/fundesplai.org\\\/es\\\/informa-t\\\/actualitat-es\\\/los-y-las-joven-valor-comienzan-las-estancias-formativas-en-empresas\\\/\",\"url\":\"https:\\\/\\\/fundesplai.org\\\/es\\\/informa-t\\\/actualitat-es\\\/los-y-las-joven-valor-comienzan-las-estancias-formativas-en-empresas\\\/\",\"name\":\"Los y las \\\"Joven Valor\\\" comienzan las estancias formativas en empresas - Fundesplai\",\"isPartOf\":{\"@id\":\"https:\\\/\\\/fundesplai.org\\\/es\\\/#website\"},\"primaryImageOfPage\":{\"@id\":\"https:\\\/\\\/fundesplai.org\\\/es\\\/informa-t\\\/actualitat-es\\\/los-y-las-joven-valor-comienzan-las-estancias-formativas-en-empresas\\\/#primaryimage\"},\"image\":{\"@id\":\"https:\\\/\\\/fundesplai.org\\\/es\\\/informa-t\\\/actualitat-es\\\/los-y-las-joven-valor-comienzan-las-estancias-formativas-en-empresas\\\/#primaryimage\"},\"thumbnailUrl\":\"https:\\\/\\\/fundesplai.org\\\/test-joomla\\\/wp-content\\\/uploads\\\/sites\\\/26\\\/2017\\\/04\\\/tmb.jpg\",\"datePublished\":\"2017-04-11T10:06:56+00:00\",\"author\":{\"@id\":\"https:\\\/\\\/fundesplai.org\\\/es\\\/#\\\/schema\\\/person\\\/c0e9e7466bb8ac06f5264324a6109733\"},\"breadcrumb\":{\"@id\":\"https:\\\/\\\/fundesplai.org\\\/es\\\/informa-t\\\/actualitat-es\\\/los-y-las-joven-valor-comienzan-las-estancias-formativas-en-empresas\\\/#breadcrumb\"},\"inLanguage\":\"es\",\"potentialAction\":[{\"@type\":\"ReadAction\",\"target\":[\"https:\\\/\\\/fundesplai.org\\\/es\\\/informa-t\\\/actualitat-es\\\/los-y-las-joven-valor-comienzan-las-estancias-formativas-en-empresas\\\/\"]}]},{\"@type\":\"ImageObject\",\"inLanguage\":\"es\",\"@id\":\"https:\\\/\\\/fundesplai.org\\\/es\\\/informa-t\\\/actualitat-es\\\/los-y-las-joven-valor-comienzan-las-estancias-formativas-en-empresas\\\/#primaryimage\",\"url\":\"https:\\\/\\\/fundesplai.org\\\/test-joomla\\\/wp-content\\\/uploads\\\/sites\\\/26\\\/2017\\\/04\\\/tmb.jpg\",\"contentUrl\":\"https:\\\/\\\/fundesplai.org\\\/test-joomla\\\/wp-content\\\/uploads\\\/sites\\\/26\\\/2017\\\/04\\\/tmb.jpg\"},{\"@type\":\"BreadcrumbList\",\"@id\":\"https:\\\/\\\/fundesplai.org\\\/es\\\/informa-t\\\/actualitat-es\\\/los-y-las-joven-valor-comienzan-las-estancias-formativas-en-empresas\\\/#breadcrumb\",\"itemListElement\":[{\"@type\":\"ListItem\",\"position\":1,\"name\":\"Inici\",\"item\":\"https:\\\/\\\/fundesplai.org\\\/es\\\/inicio\\\/\"},{\"@type\":\"ListItem\",\"position\":2,\"name\":\"Inf\u00f3rmate\",\"item\":\"https:\\\/\\\/fundesplai.org\\\/es\\\/informate\\\/\"},{\"@type\":\"ListItem\",\"position\":3,\"name\":\"Sin categor\u00eda\",\"item\":\"https:\\\/\\\/fundesplai.org\\\/es\\\/informa-t\\\/category\\\/sin-categoria\\\/\"},{\"@type\":\"ListItem\",\"position\":4,\"name\":\"Los y las &#8220;Joven Valor&#8221; comienzan las estancias formativas en empresas\"}]},{\"@type\":\"WebSite\",\"@id\":\"https:\\\/\\\/fundesplai.org\\\/es\\\/#website\",\"url\":\"https:\\\/\\\/fundesplai.org\\\/es\\\/\",\"name\":\"Fundesplai\",\"description\":\"Eduquem per la conviv\u00e8ncia i la sostenibilitat\",\"potentialAction\":[{\"@type\":\"SearchAction\",\"target\":{\"@type\":\"EntryPoint\",\"urlTemplate\":\"https:\\\/\\\/fundesplai.org\\\/es\\\/?s={search_term_string}\"},\"query-input\":{\"@type\":\"PropertyValueSpecification\",\"valueRequired\":true,\"valueName\":\"search_term_string\"}}],\"inLanguage\":\"es\"},{\"@type\":\"Person\",\"@id\":\"https:\\\/\\\/fundesplai.org\\\/es\\\/#\\\/schema\\\/person\\\/c0e9e7466bb8ac06f5264324a6109733\",\"name\":\"Alfons Valle\",\"image\":{\"@type\":\"ImageObject\",\"inLanguage\":\"es\",\"@id\":\"https:\\\/\\\/secure.gravatar.com\\\/avatar\\\/71d95a3f99a068ba570ac1314ed6911a59c5ae3f22ffcf23631cd1a861a640bc?s=96&d=mm&r=g\",\"url\":\"https:\\\/\\\/secure.gravatar.com\\\/avatar\\\/71d95a3f99a068ba570ac1314ed6911a59c5ae3f22ffcf23631cd1a861a640bc?s=96&d=mm&r=g\",\"contentUrl\":\"https:\\\/\\\/secure.gravatar.com\\\/avatar\\\/71d95a3f99a068ba570ac1314ed6911a59c5ae3f22ffcf23631cd1a861a640bc?s=96&d=mm&r=g\",\"caption\":\"Alfons Valle\"},\"url\":\"https:\\\/\\\/fundesplai.org\\\/es\\\/informa-t\\\/author\\\/avalle\\\/\"}]}<\/script>\n<!-- \/ Yoast SEO plugin. -->","yoast_head_json":{"title":"Los y las \"Joven Valor\" comienzan las estancias formativas en empresas - Fundesplai","robots":{"index":"index","follow":"follow","max-snippet":"max-snippet:-1","max-image-preview":"max-image-preview:large","max-video-preview":"max-video-preview:-1"},"canonical":"https:\/\/fundesplai.org\/es\/informa-t\/actualitat-es\/los-y-las-joven-valor-comienzan-las-estancias-formativas-en-empresas\/","og_locale":"es_ES","og_type":"article","og_title":"Los y las \"Joven Valor\" comienzan las estancias formativas en empresas - Fundesplai","og_description":"Algunos de los chicos y chicas participantes en el programa \u00abJoven Valor\u00bb que impulsa Fundesplai&#8230;&nbsp;","og_url":"https:\/\/fundesplai.org\/es\/informa-t\/actualitat-es\/los-y-las-joven-valor-comienzan-las-estancias-formativas-en-empresas\/","og_site_name":"Fundesplai","article_published_time":"2017-04-11T10:06:56+00:00","og_image":[{"url":"https:\/\/fundesplai.org\/test-joomla\/wp-content\/uploads\/sites\/26\/2017\/04\/tmb.jpg","type":"","width":"","height":""}],"author":"Alfons Valle","twitter_card":"summary_large_image","twitter_misc":{"Escrito por":"Alfons Valle","Tiempo de lectura":"2 minutos"},"schema":{"@context":"https:\/\/schema.org","@graph":[{"@type":"Article","@id":"https:\/\/fundesplai.org\/es\/informa-t\/actualitat-es\/los-y-las-joven-valor-comienzan-las-estancias-formativas-en-empresas\/#article","isPartOf":{"@id":"https:\/\/fundesplai.org\/es\/informa-t\/actualitat-es\/los-y-las-joven-valor-comienzan-las-estancias-formativas-en-empresas\/"},"author":{"name":"Alfons Valle","@id":"https:\/\/fundesplai.org\/es\/#\/schema\/person\/c0e9e7466bb8ac06f5264324a6109733"},"headline":"Los y las \u00abJoven Valor\u00bb comienzan las estancias formativas en empresas","datePublished":"2017-04-11T10:06:56+00:00","mainEntityOfPage":{"@id":"https:\/\/fundesplai.org\/es\/informa-t\/actualitat-es\/los-y-las-joven-valor-comienzan-las-estancias-formativas-en-empresas\/"},"wordCount":333,"image":{"@id":"https:\/\/fundesplai.org\/es\/informa-t\/actualitat-es\/los-y-las-joven-valor-comienzan-las-estancias-formativas-en-empresas\/#primaryimage"},"thumbnailUrl":"https:\/\/fundesplai.org\/test-joomla\/wp-content\/uploads\/sites\/26\/2017\/04\/tmb.jpg","articleSection":["Actualitat"],"inLanguage":"es"},{"@type":"WebPage","@id":"https:\/\/fundesplai.org\/es\/informa-t\/actualitat-es\/los-y-las-joven-valor-comienzan-las-estancias-formativas-en-empresas\/","url":"https:\/\/fundesplai.org\/es\/informa-t\/actualitat-es\/los-y-las-joven-valor-comienzan-las-estancias-formativas-en-empresas\/","name":"Los y las \"Joven Valor\" comienzan las estancias formativas en empresas - Fundesplai","isPartOf":{"@id":"https:\/\/fundesplai.org\/es\/#website"},"primaryImageOfPage":{"@id":"https:\/\/fundesplai.org\/es\/informa-t\/actualitat-es\/los-y-las-joven-valor-comienzan-las-estancias-formativas-en-empresas\/#primaryimage"},"image":{"@id":"https:\/\/fundesplai.org\/es\/informa-t\/actualitat-es\/los-y-las-joven-valor-comienzan-las-estancias-formativas-en-empresas\/#primaryimage"},"thumbnailUrl":"https:\/\/fundesplai.org\/test-joomla\/wp-content\/uploads\/sites\/26\/2017\/04\/tmb.jpg","datePublished":"2017-04-11T10:06:56+00:00","author":{"@id":"https:\/\/fundesplai.org\/es\/#\/schema\/person\/c0e9e7466bb8ac06f5264324a6109733"},"breadcrumb":{"@id":"https:\/\/fundesplai.org\/es\/informa-t\/actualitat-es\/los-y-las-joven-valor-comienzan-las-estancias-formativas-en-empresas\/#breadcrumb"},"inLanguage":"es","potentialAction":[{"@type":"ReadAction","target":["https:\/\/fundesplai.org\/es\/informa-t\/actualitat-es\/los-y-las-joven-valor-comienzan-las-estancias-formativas-en-empresas\/"]}]},{"@type":"ImageObject","inLanguage":"es","@id":"https:\/\/fundesplai.org\/es\/informa-t\/actualitat-es\/los-y-las-joven-valor-comienzan-las-estancias-formativas-en-empresas\/#primaryimage","url":"https:\/\/fundesplai.org\/test-joomla\/wp-content\/uploads\/sites\/26\/2017\/04\/tmb.jpg","contentUrl":"https:\/\/fundesplai.org\/test-joomla\/wp-content\/uploads\/sites\/26\/2017\/04\/tmb.jpg"},{"@type":"BreadcrumbList","@id":"https:\/\/fundesplai.org\/es\/informa-t\/actualitat-es\/los-y-las-joven-valor-comienzan-las-estancias-formativas-en-empresas\/#breadcrumb","itemListElement":[{"@type":"ListItem","position":1,"name":"Inici","item":"https:\/\/fundesplai.org\/es\/inicio\/"},{"@type":"ListItem","position":2,"name":"Inf\u00f3rmate","item":"https:\/\/fundesplai.org\/es\/informate\/"},{"@type":"ListItem","position":3,"name":"Sin categor\u00eda","item":"https:\/\/fundesplai.org\/es\/informa-t\/category\/sin-categoria\/"},{"@type":"ListItem","position":4,"name":"Los y las &#8220;Joven Valor&#8221; comienzan las estancias formativas en empresas"}]},{"@type":"WebSite","@id":"https:\/\/fundesplai.org\/es\/#website","url":"https:\/\/fundesplai.org\/es\/","name":"Fundesplai","description":"Eduquem per la conviv\u00e8ncia i la sostenibilitat","potentialAction":[{"@type":"SearchAction","target":{"@type":"EntryPoint","urlTemplate":"https:\/\/fundesplai.org\/es\/?s={search_term_string}"},"query-input":{"@type":"PropertyValueSpecification","valueRequired":true,"valueName":"search_term_string"}}],"inLanguage":"es"},{"@type":"Person","@id":"https:\/\/fundesplai.org\/es\/#\/schema\/person\/c0e9e7466bb8ac06f5264324a6109733","name":"Alfons Valle","image":{"@type":"ImageObject","inLanguage":"es","@id":"https:\/\/secure.gravatar.com\/avatar\/71d95a3f99a068ba570ac1314ed6911a59c5ae3f22ffcf23631cd1a861a640bc?s=96&d=mm&r=g","url":"https:\/\/secure.gravatar.com\/avatar\/71d95a3f99a068ba570ac1314ed6911a59c5ae3f22ffcf23631cd1a861a640bc?s=96&d=mm&r=g","contentUrl":"https:\/\/secure.gravatar.com\/avatar\/71d95a3f99a068ba570ac1314ed6911a59c5ae3f22ffcf23631cd1a861a640bc?s=96&d=mm&r=g","caption":"Alfons Valle"},"url":"https:\/\/fundesplai.org\/es\/informa-t\/author\/avalle\/"}]}},"_links":{"self":[{"href":"https:\/\/fundesplai.org\/es\/wp-json\/wp\/v2\/posts\/47717","targetHints":{"allow":["GET"]}}],"collection":[{"href":"https:\/\/fundesplai.org\/es\/wp-json\/wp\/v2\/posts"}],"about":[{"href":"https:\/\/fundesplai.org\/es\/wp-json\/wp\/v2\/types\/post"}],"author":[{"embeddable":true,"href":"https:\/\/fundesplai.org\/es\/wp-json\/wp\/v2\/users\/9"}],"replies":[{"embeddable":true,"href":"https:\/\/fundesplai.org\/es\/wp-json\/wp\/v2\/comments?post=47717"}],"version-history":[{"count":0,"href":"https:\/\/fundesplai.org\/es\/wp-json\/wp\/v2\/posts\/47717\/revisions"}],"wp:attachment":[{"href":"https:\/\/fundesplai.org\/es\/wp-json\/wp\/v2\/media?parent=47717"}],"wp:term":[{"taxonomy":"category","embeddable":true,"href":"https:\/\/fundesplai.org\/es\/wp-json\/wp\/v2\/categories?post=47717"},{"taxonomy":"post_tag","embeddable":true,"href":"https:\/\/fundesplai.org\/es\/wp-json\/wp\/v2\/tags?post=47717"}],"curies":[{"name":"wp","href":"https:\/\/api.w.org\/{rel}","templated":true}]}}