{"id":47716,"date":"2017-04-11T11:33:11","date_gmt":"2017-04-11T09:33:11","guid":{"rendered":"https:\/\/fundesplai.org\/informa-t\/sense-categoria\/fundesplai-participa-en-el-consejo-asesor-para-la-reforma-horaria\/"},"modified":"2017-04-11T11:33:11","modified_gmt":"2017-04-11T09:33:11","slug":"fundesplai-participa-en-el-consejo-asesor-para-la-reforma-horaria","status":"publish","type":"post","link":"https:\/\/fundesplai.org\/es\/informa-t\/actualitat-es\/fundesplai-participa-en-el-consejo-asesor-para-la-reforma-horaria\/","title":{"rendered":"Fundesplai participa en el Consejo Asesor para la Reforma Horaria"},"content":{"rendered":"<p>El viernes 31 de marzo, Carles Barba, vicepresidente de Fundesplai, particip\u00f3 en el acto donde el Consejo Asesor para la Reforma Horaria present\u00f3 las propuestas generadas en los \u00faltimos meses y que se hizo en el Palau de la Generalitat.<\/p>\n<p><!--more--><\/p>\n<p><img loading=\"lazy\" decoding=\"async\" class=\" alignleft size-full wp-image-4286\" style=\"margin: 5px;float: left\" src=\"https:\/\/fundesplai.org\/test-joomla\/wp-content\/uploads\/sites\/26\/2017\/04\/C8OuWexVwAAGiE5.jpg\" alt=\"C8OuWexVwAAGiE5\" width=\"350\" height=\"197\">El viernes 31 de marzo, Carles Barba, vicepresidente de Fundesplai, particip\u00f3 en el acto donde el Consejo Asesor para la Reforma Horaria present\u00f3 las propuestas generadas en los \u00faltimos meses y que se hizo en el Palau de la Generalitat.<\/p>\n<p>En la jornada se ha presentado el informe final del Proceso Participativo para la Reforma Horaria, las conclusiones de las mesas cuadrangulares, el documento de&nbsp;<a href=\"http:\/\/media.wix.com\/ugd\/801581_328cd6155dc8476299deed69b652a318.docx?dn=Bases_pacte_Reforma_Hor%C3%A0ria_definitiu.docx\" target=\"_blank\" rel=\"noopener\">bases para el impulso del Pacto Nacional para la Reforma Horaria<\/a>&nbsp;y las r<a href=\"http:\/\/media.wix.com\/ugd\/801581_76c1d533ea7b4e44a442a4f528d6a1a1.docx?dn=Recomanacions_del_Consell_Assessor_per_a_la_Reforma_Hor%C3%A0ria.docx\" target=\"_blank\" rel=\"noopener\">ecomanaciones del Consejo Asesor para la Reforma Horaria (CARH) para el impulso del Pacto Nacional<\/a>.&nbsp;<\/p>\n<p>El acto cont\u00f3 con la participaci\u00f3n de la Neus Munt\u00e9, consejera de la Presidencia de la Generalitat,y&nbsp;&nbsp; Jordi Foz, secretario de Transparencia y Gobierno Abierto del Gobierno de la Generalidad de Catalu\u00f1a. Durante la jornada se dieron a conocer algunas de las propuestas de cada uno de los \u00e1mbitos de las mesas cuadrangulares (tejido productivo; administraci\u00f3n; educaci\u00f3n; comercio y consumo; cultura y ocio, audiovisual, asociacionismo, deporte e industria cultural; a la salud y en el \u00e1mbito de la movilidad)<\/p>\n","protected":false},"excerpt":{"rendered":"<p>El viernes 31 de marzo, Carles Barba, vicepresidente de Fundesplai, particip\u00f3 en el acto donde el Consejo Asesor para la Reforma Horaria present\u00f3 las propuestas generadas en los \u00faltimos meses y que se hizo en el Palau de la Generalitat.<\/p>\n","protected":false},"author":4,"featured_media":0,"comment_status":"closed","ping_status":"closed","sticky":false,"template":"","format":"standard","meta":{"_et_pb_use_builder":"","_et_pb_old_content":"","_et_gb_content_width":"","footnotes":""},"categories":[937],"tags":[],"class_list":["post-47716","post","type-post","status-publish","format-standard","hentry","category-actualitat-es"],"yoast_head":"<!-- This site is optimized with the Yoast SEO plugin v27.4 - https:\/\/yoast.com\/product\/yoast-seo-wordpress\/ -->\n<title>Fundesplai participa en el Consejo Asesor para la Reforma Horaria - Fundesplai<\/title>\n<meta name=\"robots\" content=\"index, follow, max-snippet:-1, max-image-preview:large, max-video-preview:-1\" \/>\n<link rel=\"canonical\" href=\"https:\/\/fundesplai.org\/es\/informa-t\/actualitat-es\/fundesplai-participa-en-el-consejo-asesor-para-la-reforma-horaria\/\" \/>\n<meta property=\"og:locale\" content=\"es_ES\" \/>\n<meta property=\"og:type\" content=\"article\" \/>\n<meta property=\"og:title\" content=\"Fundesplai participa en el Consejo Asesor para la Reforma Horaria - Fundesplai\" \/>\n<meta property=\"og:description\" content=\"El viernes 31 de marzo, Carles Barba, vicepresidente de Fundesplai, particip\u00f3 en el acto donde el Consejo Asesor para la Reforma Horaria present\u00f3 las propuestas generadas en los \u00faltimos meses y que se hizo en el Palau de la Generalitat.\" \/>\n<meta property=\"og:url\" content=\"https:\/\/fundesplai.org\/es\/informa-t\/actualitat-es\/fundesplai-participa-en-el-consejo-asesor-para-la-reforma-horaria\/\" \/>\n<meta property=\"og:site_name\" content=\"Fundesplai\" \/>\n<meta property=\"article:published_time\" content=\"2017-04-11T09:33:11+00:00\" \/>\n<meta property=\"og:image\" content=\"https:\/\/fundesplai.org\/test-joomla\/wp-content\/uploads\/sites\/26\/2017\/04\/C8OuWexVwAAGiE5.jpg\" \/>\n<meta name=\"author\" content=\"Ferran\" \/>\n<meta name=\"twitter:card\" content=\"summary_large_image\" \/>\n<meta name=\"twitter:label1\" content=\"Escrito por\" \/>\n\t<meta name=\"twitter:data1\" content=\"Ferran\" \/>\n\t<meta name=\"twitter:label2\" content=\"Tiempo de lectura\" \/>\n\t<meta name=\"twitter:data2\" content=\"1 minuto\" \/>\n<script type=\"application\/ld+json\" class=\"yoast-schema-graph\">{\"@context\":\"https:\\\/\\\/schema.org\",\"@graph\":[{\"@type\":\"Article\",\"@id\":\"https:\\\/\\\/fundesplai.org\\\/es\\\/informa-t\\\/actualitat-es\\\/fundesplai-participa-en-el-consejo-asesor-para-la-reforma-horaria\\\/#article\",\"isPartOf\":{\"@id\":\"https:\\\/\\\/fundesplai.org\\\/es\\\/informa-t\\\/actualitat-es\\\/fundesplai-participa-en-el-consejo-asesor-para-la-reforma-horaria\\\/\"},\"author\":{\"name\":\"Ferran\",\"@id\":\"https:\\\/\\\/fundesplai.org\\\/es\\\/#\\\/schema\\\/person\\\/67e7825d8ec54561cc24e36ba6b0f633\"},\"headline\":\"Fundesplai participa en el Consejo Asesor para la Reforma Horaria\",\"datePublished\":\"2017-04-11T09:33:11+00:00\",\"mainEntityOfPage\":{\"@id\":\"https:\\\/\\\/fundesplai.org\\\/es\\\/informa-t\\\/actualitat-es\\\/fundesplai-participa-en-el-consejo-asesor-para-la-reforma-horaria\\\/\"},\"wordCount\":230,\"image\":{\"@id\":\"https:\\\/\\\/fundesplai.org\\\/es\\\/informa-t\\\/actualitat-es\\\/fundesplai-participa-en-el-consejo-asesor-para-la-reforma-horaria\\\/#primaryimage\"},\"thumbnailUrl\":\"https:\\\/\\\/fundesplai.org\\\/test-joomla\\\/wp-content\\\/uploads\\\/sites\\\/26\\\/2017\\\/04\\\/C8OuWexVwAAGiE5.jpg\",\"articleSection\":[\"Actualitat\"],\"inLanguage\":\"es\"},{\"@type\":\"WebPage\",\"@id\":\"https:\\\/\\\/fundesplai.org\\\/es\\\/informa-t\\\/actualitat-es\\\/fundesplai-participa-en-el-consejo-asesor-para-la-reforma-horaria\\\/\",\"url\":\"https:\\\/\\\/fundesplai.org\\\/es\\\/informa-t\\\/actualitat-es\\\/fundesplai-participa-en-el-consejo-asesor-para-la-reforma-horaria\\\/\",\"name\":\"Fundesplai participa en el Consejo Asesor para la Reforma Horaria - Fundesplai\",\"isPartOf\":{\"@id\":\"https:\\\/\\\/fundesplai.org\\\/es\\\/#website\"},\"primaryImageOfPage\":{\"@id\":\"https:\\\/\\\/fundesplai.org\\\/es\\\/informa-t\\\/actualitat-es\\\/fundesplai-participa-en-el-consejo-asesor-para-la-reforma-horaria\\\/#primaryimage\"},\"image\":{\"@id\":\"https:\\\/\\\/fundesplai.org\\\/es\\\/informa-t\\\/actualitat-es\\\/fundesplai-participa-en-el-consejo-asesor-para-la-reforma-horaria\\\/#primaryimage\"},\"thumbnailUrl\":\"https:\\\/\\\/fundesplai.org\\\/test-joomla\\\/wp-content\\\/uploads\\\/sites\\\/26\\\/2017\\\/04\\\/C8OuWexVwAAGiE5.jpg\",\"datePublished\":\"2017-04-11T09:33:11+00:00\",\"author\":{\"@id\":\"https:\\\/\\\/fundesplai.org\\\/es\\\/#\\\/schema\\\/person\\\/67e7825d8ec54561cc24e36ba6b0f633\"},\"breadcrumb\":{\"@id\":\"https:\\\/\\\/fundesplai.org\\\/es\\\/informa-t\\\/actualitat-es\\\/fundesplai-participa-en-el-consejo-asesor-para-la-reforma-horaria\\\/#breadcrumb\"},\"inLanguage\":\"es\",\"potentialAction\":[{\"@type\":\"ReadAction\",\"target\":[\"https:\\\/\\\/fundesplai.org\\\/es\\\/informa-t\\\/actualitat-es\\\/fundesplai-participa-en-el-consejo-asesor-para-la-reforma-horaria\\\/\"]}]},{\"@type\":\"ImageObject\",\"inLanguage\":\"es\",\"@id\":\"https:\\\/\\\/fundesplai.org\\\/es\\\/informa-t\\\/actualitat-es\\\/fundesplai-participa-en-el-consejo-asesor-para-la-reforma-horaria\\\/#primaryimage\",\"url\":\"https:\\\/\\\/fundesplai.org\\\/test-joomla\\\/wp-content\\\/uploads\\\/sites\\\/26\\\/2017\\\/04\\\/C8OuWexVwAAGiE5.jpg\",\"contentUrl\":\"https:\\\/\\\/fundesplai.org\\\/test-joomla\\\/wp-content\\\/uploads\\\/sites\\\/26\\\/2017\\\/04\\\/C8OuWexVwAAGiE5.jpg\"},{\"@type\":\"BreadcrumbList\",\"@id\":\"https:\\\/\\\/fundesplai.org\\\/es\\\/informa-t\\\/actualitat-es\\\/fundesplai-participa-en-el-consejo-asesor-para-la-reforma-horaria\\\/#breadcrumb\",\"itemListElement\":[{\"@type\":\"ListItem\",\"position\":1,\"name\":\"Inici\",\"item\":\"https:\\\/\\\/fundesplai.org\\\/es\\\/inicio\\\/\"},{\"@type\":\"ListItem\",\"position\":2,\"name\":\"Inf\u00f3rmate\",\"item\":\"https:\\\/\\\/fundesplai.org\\\/es\\\/informate\\\/\"},{\"@type\":\"ListItem\",\"position\":3,\"name\":\"Sin categor\u00eda\",\"item\":\"https:\\\/\\\/fundesplai.org\\\/es\\\/informa-t\\\/category\\\/sin-categoria\\\/\"},{\"@type\":\"ListItem\",\"position\":4,\"name\":\"Fundesplai participa en el Consejo Asesor para la Reforma Horaria\"}]},{\"@type\":\"WebSite\",\"@id\":\"https:\\\/\\\/fundesplai.org\\\/es\\\/#website\",\"url\":\"https:\\\/\\\/fundesplai.org\\\/es\\\/\",\"name\":\"Fundesplai\",\"description\":\"Eduquem per la conviv\u00e8ncia i la sostenibilitat\",\"potentialAction\":[{\"@type\":\"SearchAction\",\"target\":{\"@type\":\"EntryPoint\",\"urlTemplate\":\"https:\\\/\\\/fundesplai.org\\\/es\\\/?s={search_term_string}\"},\"query-input\":{\"@type\":\"PropertyValueSpecification\",\"valueRequired\":true,\"valueName\":\"search_term_string\"}}],\"inLanguage\":\"es\"},{\"@type\":\"Person\",\"@id\":\"https:\\\/\\\/fundesplai.org\\\/es\\\/#\\\/schema\\\/person\\\/67e7825d8ec54561cc24e36ba6b0f633\",\"name\":\"Ferran\",\"image\":{\"@type\":\"ImageObject\",\"inLanguage\":\"es\",\"@id\":\"https:\\\/\\\/secure.gravatar.com\\\/avatar\\\/a3510350976b58aae6eccd1e36f066b660a69ef63f97fde3cba8205db7db816a?s=96&d=mm&r=g\",\"url\":\"https:\\\/\\\/secure.gravatar.com\\\/avatar\\\/a3510350976b58aae6eccd1e36f066b660a69ef63f97fde3cba8205db7db816a?s=96&d=mm&r=g\",\"contentUrl\":\"https:\\\/\\\/secure.gravatar.com\\\/avatar\\\/a3510350976b58aae6eccd1e36f066b660a69ef63f97fde3cba8205db7db816a?s=96&d=mm&r=g\",\"caption\":\"Ferran\"},\"url\":\"https:\\\/\\\/fundesplai.org\\\/es\\\/informa-t\\\/author\\\/fvidal\\\/\"}]}<\/script>\n<!-- \/ Yoast SEO plugin. -->","yoast_head_json":{"title":"Fundesplai participa en el Consejo Asesor para la Reforma Horaria - Fundesplai","robots":{"index":"index","follow":"follow","max-snippet":"max-snippet:-1","max-image-preview":"max-image-preview:large","max-video-preview":"max-video-preview:-1"},"canonical":"https:\/\/fundesplai.org\/es\/informa-t\/actualitat-es\/fundesplai-participa-en-el-consejo-asesor-para-la-reforma-horaria\/","og_locale":"es_ES","og_type":"article","og_title":"Fundesplai participa en el Consejo Asesor para la Reforma Horaria - Fundesplai","og_description":"El viernes 31 de marzo, Carles Barba, vicepresidente de Fundesplai, particip\u00f3 en el acto donde el Consejo Asesor para la Reforma Horaria present\u00f3 las propuestas generadas en los \u00faltimos meses y que se hizo en el Palau de la Generalitat.","og_url":"https:\/\/fundesplai.org\/es\/informa-t\/actualitat-es\/fundesplai-participa-en-el-consejo-asesor-para-la-reforma-horaria\/","og_site_name":"Fundesplai","article_published_time":"2017-04-11T09:33:11+00:00","og_image":[{"url":"https:\/\/fundesplai.org\/test-joomla\/wp-content\/uploads\/sites\/26\/2017\/04\/C8OuWexVwAAGiE5.jpg","type":"","width":"","height":""}],"author":"Ferran","twitter_card":"summary_large_image","twitter_misc":{"Escrito por":"Ferran","Tiempo de lectura":"1 minuto"},"schema":{"@context":"https:\/\/schema.org","@graph":[{"@type":"Article","@id":"https:\/\/fundesplai.org\/es\/informa-t\/actualitat-es\/fundesplai-participa-en-el-consejo-asesor-para-la-reforma-horaria\/#article","isPartOf":{"@id":"https:\/\/fundesplai.org\/es\/informa-t\/actualitat-es\/fundesplai-participa-en-el-consejo-asesor-para-la-reforma-horaria\/"},"author":{"name":"Ferran","@id":"https:\/\/fundesplai.org\/es\/#\/schema\/person\/67e7825d8ec54561cc24e36ba6b0f633"},"headline":"Fundesplai participa en el Consejo Asesor para la Reforma Horaria","datePublished":"2017-04-11T09:33:11+00:00","mainEntityOfPage":{"@id":"https:\/\/fundesplai.org\/es\/informa-t\/actualitat-es\/fundesplai-participa-en-el-consejo-asesor-para-la-reforma-horaria\/"},"wordCount":230,"image":{"@id":"https:\/\/fundesplai.org\/es\/informa-t\/actualitat-es\/fundesplai-participa-en-el-consejo-asesor-para-la-reforma-horaria\/#primaryimage"},"thumbnailUrl":"https:\/\/fundesplai.org\/test-joomla\/wp-content\/uploads\/sites\/26\/2017\/04\/C8OuWexVwAAGiE5.jpg","articleSection":["Actualitat"],"inLanguage":"es"},{"@type":"WebPage","@id":"https:\/\/fundesplai.org\/es\/informa-t\/actualitat-es\/fundesplai-participa-en-el-consejo-asesor-para-la-reforma-horaria\/","url":"https:\/\/fundesplai.org\/es\/informa-t\/actualitat-es\/fundesplai-participa-en-el-consejo-asesor-para-la-reforma-horaria\/","name":"Fundesplai participa en el Consejo Asesor para la Reforma Horaria - Fundesplai","isPartOf":{"@id":"https:\/\/fundesplai.org\/es\/#website"},"primaryImageOfPage":{"@id":"https:\/\/fundesplai.org\/es\/informa-t\/actualitat-es\/fundesplai-participa-en-el-consejo-asesor-para-la-reforma-horaria\/#primaryimage"},"image":{"@id":"https:\/\/fundesplai.org\/es\/informa-t\/actualitat-es\/fundesplai-participa-en-el-consejo-asesor-para-la-reforma-horaria\/#primaryimage"},"thumbnailUrl":"https:\/\/fundesplai.org\/test-joomla\/wp-content\/uploads\/sites\/26\/2017\/04\/C8OuWexVwAAGiE5.jpg","datePublished":"2017-04-11T09:33:11+00:00","author":{"@id":"https:\/\/fundesplai.org\/es\/#\/schema\/person\/67e7825d8ec54561cc24e36ba6b0f633"},"breadcrumb":{"@id":"https:\/\/fundesplai.org\/es\/informa-t\/actualitat-es\/fundesplai-participa-en-el-consejo-asesor-para-la-reforma-horaria\/#breadcrumb"},"inLanguage":"es","potentialAction":[{"@type":"ReadAction","target":["https:\/\/fundesplai.org\/es\/informa-t\/actualitat-es\/fundesplai-participa-en-el-consejo-asesor-para-la-reforma-horaria\/"]}]},{"@type":"ImageObject","inLanguage":"es","@id":"https:\/\/fundesplai.org\/es\/informa-t\/actualitat-es\/fundesplai-participa-en-el-consejo-asesor-para-la-reforma-horaria\/#primaryimage","url":"https:\/\/fundesplai.org\/test-joomla\/wp-content\/uploads\/sites\/26\/2017\/04\/C8OuWexVwAAGiE5.jpg","contentUrl":"https:\/\/fundesplai.org\/test-joomla\/wp-content\/uploads\/sites\/26\/2017\/04\/C8OuWexVwAAGiE5.jpg"},{"@type":"BreadcrumbList","@id":"https:\/\/fundesplai.org\/es\/informa-t\/actualitat-es\/fundesplai-participa-en-el-consejo-asesor-para-la-reforma-horaria\/#breadcrumb","itemListElement":[{"@type":"ListItem","position":1,"name":"Inici","item":"https:\/\/fundesplai.org\/es\/inicio\/"},{"@type":"ListItem","position":2,"name":"Inf\u00f3rmate","item":"https:\/\/fundesplai.org\/es\/informate\/"},{"@type":"ListItem","position":3,"name":"Sin categor\u00eda","item":"https:\/\/fundesplai.org\/es\/informa-t\/category\/sin-categoria\/"},{"@type":"ListItem","position":4,"name":"Fundesplai participa en el Consejo Asesor para la Reforma Horaria"}]},{"@type":"WebSite","@id":"https:\/\/fundesplai.org\/es\/#website","url":"https:\/\/fundesplai.org\/es\/","name":"Fundesplai","description":"Eduquem per la conviv\u00e8ncia i la sostenibilitat","potentialAction":[{"@type":"SearchAction","target":{"@type":"EntryPoint","urlTemplate":"https:\/\/fundesplai.org\/es\/?s={search_term_string}"},"query-input":{"@type":"PropertyValueSpecification","valueRequired":true,"valueName":"search_term_string"}}],"inLanguage":"es"},{"@type":"Person","@id":"https:\/\/fundesplai.org\/es\/#\/schema\/person\/67e7825d8ec54561cc24e36ba6b0f633","name":"Ferran","image":{"@type":"ImageObject","inLanguage":"es","@id":"https:\/\/secure.gravatar.com\/avatar\/a3510350976b58aae6eccd1e36f066b660a69ef63f97fde3cba8205db7db816a?s=96&d=mm&r=g","url":"https:\/\/secure.gravatar.com\/avatar\/a3510350976b58aae6eccd1e36f066b660a69ef63f97fde3cba8205db7db816a?s=96&d=mm&r=g","contentUrl":"https:\/\/secure.gravatar.com\/avatar\/a3510350976b58aae6eccd1e36f066b660a69ef63f97fde3cba8205db7db816a?s=96&d=mm&r=g","caption":"Ferran"},"url":"https:\/\/fundesplai.org\/es\/informa-t\/author\/fvidal\/"}]}},"_links":{"self":[{"href":"https:\/\/fundesplai.org\/es\/wp-json\/wp\/v2\/posts\/47716","targetHints":{"allow":["GET"]}}],"collection":[{"href":"https:\/\/fundesplai.org\/es\/wp-json\/wp\/v2\/posts"}],"about":[{"href":"https:\/\/fundesplai.org\/es\/wp-json\/wp\/v2\/types\/post"}],"author":[{"embeddable":true,"href":"https:\/\/fundesplai.org\/es\/wp-json\/wp\/v2\/users\/4"}],"replies":[{"embeddable":true,"href":"https:\/\/fundesplai.org\/es\/wp-json\/wp\/v2\/comments?post=47716"}],"version-history":[{"count":0,"href":"https:\/\/fundesplai.org\/es\/wp-json\/wp\/v2\/posts\/47716\/revisions"}],"wp:attachment":[{"href":"https:\/\/fundesplai.org\/es\/wp-json\/wp\/v2\/media?parent=47716"}],"wp:term":[{"taxonomy":"category","embeddable":true,"href":"https:\/\/fundesplai.org\/es\/wp-json\/wp\/v2\/categories?post=47716"},{"taxonomy":"post_tag","embeddable":true,"href":"https:\/\/fundesplai.org\/es\/wp-json\/wp\/v2\/tags?post=47716"}],"curies":[{"name":"wp","href":"https:\/\/api.w.org\/{rel}","templated":true}]}}