{"id":47713,"date":"2017-03-30T10:59:32","date_gmt":"2017-03-30T08:59:32","guid":{"rendered":"https:\/\/fundesplai.org\/informa-t\/sense-categoria\/conecta-jove-prat-una-iniciativa-aps-que-construye-comunidad\/"},"modified":"2017-03-30T10:59:32","modified_gmt":"2017-03-30T08:59:32","slug":"conecta-jove-prat-una-iniciativa-aps-que-construye-comunidad","status":"publish","type":"post","link":"https:\/\/fundesplai.org\/es\/informa-t\/actualitat-es\/conecta-jove-prat-una-iniciativa-aps-que-construye-comunidad\/","title":{"rendered":"Conecta Jove Prat: una iniciativa APS que construye comunidad"},"content":{"rendered":"<p>M\u00e1s de 120 personas participaron el mi\u00e9rcoles 29 de marzo en la clausura de la 4\u00aa edici\u00f3n del Conecta Joven en El Prat, una&nbsp; inciativa de aprendizaje servicio impulsada por Fundesplai con el apoyo del Ayuntamiento de El Prat, y con la colaboraci\u00f3n de Microsoft y Ricoh. &nbsp;<\/p>\n<p><!--more--><\/p>\n<p><span class=\"intro\">M\u00e1s de 120 personas participaron el mi\u00e9rcoles 29 de marzo en la clausura de la 4\u00aa edici\u00f3n del Conecta Joven en El Prat, una&nbsp; inciativa de aprendizaje servicio impulsada por Fundesplai con el apoyo del Ayuntamiento de El Prat, y con la colaboraci\u00f3n de Microsoft y Ricoh.<\/span><\/p>\n<table style=\"width: 100%\">\n<tbody>\n<tr>\n<td colspan=\"2\"><img decoding=\"async\" class=\" size-full wp-image-4275\" src=\"https:\/\/fundesplai.org\/test-joomla\/wp-content\/uploads\/sites\/26\/2017\/03\/connectajove-prat-grup.jpg\" alt=\"conectajove prat grupo\" width=\"100%\" height=\"NaN\"><\/td>\n<\/tr>\n<tr>\n<td><img decoding=\"async\" class=\" size-full wp-image-4276\" src=\"https:\/\/fundesplai.org\/test-joomla\/wp-content\/uploads\/sites\/26\/2017\/03\/connectajove-prat.jpg\" alt=\"conectajove prat\" width=\"100%\" height=\"NaN\"><\/td>\n<td><img decoding=\"async\" class=\" size-full wp-image-4277\" src=\"https:\/\/fundesplai.org\/test-joomla\/wp-content\/uploads\/sites\/26\/2017\/03\/connectajove-prat2.jpg\" alt=\"conectajove prat2\" width=\"100%\" height=\"NaN\"><\/td>\n<\/tr>\n<tr>\n<td><img decoding=\"async\" class=\" size-full wp-image-4278\" src=\"https:\/\/fundesplai.org\/test-joomla\/wp-content\/uploads\/sites\/26\/2017\/03\/connectajove-prat3.jpg\" alt=\"conectajove prat3\" width=\"100%\" height=\"NaN\"><\/td>\n<td><img decoding=\"async\" class=\" size-full wp-image-4279\" src=\"https:\/\/fundesplai.org\/test-joomla\/wp-content\/uploads\/sites\/26\/2017\/03\/connectajove-prat4.jpg\" alt=\"conectajove prat4\" width=\"100%\" height=\"NaN\"><\/td>\n<\/tr>\n<\/tbody>\n<\/table>\n<p><span style=\"background-color: transparent\">El acto de clausura compt\u00f3 con la participaci\u00f3n de&nbsp;Pilar Eslava,&nbsp; teniente de alcalde de Igualdad y Derechos sociales y concejala de Educaci\u00f3n,&nbsp;Ana Martin Cuello, concejala de Igualdad, Juventud y Solidaridad del Ayuntamiento de El Prat, de N\u00faria Valls y Carles Xifra, Directora General de Comunicaci\u00f3n y Relaciones y Director de Acciones y Programas Educativos, Sociales y del Tercer Sector de Fundesplai, respectivamente,&nbsp;as\u00ed como t\u00e9cnicos del consistorio y de los centros de recursos pedag\u00f3gicos y de servicios educativos de El Baix Llobregat.&nbsp;<\/span><\/p>\n<p>En su intervenci\u00f3n, Pilar Eslava destac\u00f3 que el Conecta Joven ayuda a construir comunidad en la localidad y fortalece los v\u00ednculos entre las diferentes personas que participan.<\/p>\n<p><strong>J\u00f3venes que hacen de profesores voluntarios<\/strong><\/p>\n<p>En el Conecta Jove, j\u00f3venes de los institutos de la localidad se forman en habilidades comunicativas y sociales para realizar despu\u00e9s de profesores voluntarios de personas adultas con riesgo de sufrir la brecha digital.&nbsp;En total han participado 49 j\u00f3venes del INS Escuela de El Prat. el INS Ribera Baixa y el INS Estany de la Ricarda y 115 personas adultas, que han sido las receptoras de la formaci\u00f3n.<\/p>\n<p>Entre las novedades de este curso cabe destacar que 11 j\u00f3venes han realizado sesiones formativas sobre dise\u00f1o e impresi\u00f3n en 3D gracias a la colaboraci\u00f3n con el departamento de responsabilidad social corporativa de la empresa Ricoh. Despu\u00e9s estos j\u00f3venes han formado a un total de 25 profesores de los diferentes centros educativos del municipio de El Prat.&nbsp;<\/p>\n<p>&nbsp;<\/p>\n","protected":false},"excerpt":{"rendered":"<p>M\u00e1s de 120 personas participaron el mi\u00e9rcoles 29 de marzo en la clausura de la 4\u00aa edici\u00f3n del Conecta Joven en El Prat, una&nbsp; inciativa de aprendizaje servicio impulsada por Fundesplai con el apoyo del Ayuntamiento de El Prat, y con la colaboraci\u00f3n de Microsoft y Ricoh. &nbsp;<\/p>\n","protected":false},"author":4,"featured_media":0,"comment_status":"closed","ping_status":"closed","sticky":false,"template":"","format":"standard","meta":{"_et_pb_use_builder":"","_et_pb_old_content":"","_et_gb_content_width":"","footnotes":""},"categories":[937],"tags":[],"class_list":["post-47713","post","type-post","status-publish","format-standard","hentry","category-actualitat-es"],"yoast_head":"<!-- This site is optimized with the Yoast SEO plugin v27.4 - https:\/\/yoast.com\/product\/yoast-seo-wordpress\/ -->\n<title>Conecta Jove Prat: una iniciativa APS que construye comunidad - Fundesplai<\/title>\n<meta name=\"robots\" content=\"index, follow, max-snippet:-1, max-image-preview:large, max-video-preview:-1\" \/>\n<link rel=\"canonical\" href=\"https:\/\/fundesplai.org\/es\/informa-t\/actualitat-es\/conecta-jove-prat-una-iniciativa-aps-que-construye-comunidad\/\" \/>\n<meta property=\"og:locale\" content=\"es_ES\" \/>\n<meta property=\"og:type\" content=\"article\" \/>\n<meta property=\"og:title\" content=\"Conecta Jove Prat: una iniciativa APS que construye comunidad - Fundesplai\" \/>\n<meta property=\"og:description\" content=\"M\u00e1s de 120 personas participaron el mi\u00e9rcoles 29 de marzo en la clausura de la 4\u00aa edici\u00f3n del Conecta Joven en El Prat, una&nbsp; inciativa de aprendizaje servicio impulsada por Fundesplai con el apoyo del Ayuntamiento de El Prat, y con la colaboraci\u00f3n de Microsoft y Ricoh. &nbsp;\" \/>\n<meta property=\"og:url\" content=\"https:\/\/fundesplai.org\/es\/informa-t\/actualitat-es\/conecta-jove-prat-una-iniciativa-aps-que-construye-comunidad\/\" \/>\n<meta property=\"og:site_name\" content=\"Fundesplai\" \/>\n<meta property=\"article:published_time\" content=\"2017-03-30T08:59:32+00:00\" \/>\n<meta property=\"og:image\" content=\"https:\/\/fundesplai.org\/test-joomla\/wp-content\/uploads\/sites\/26\/2017\/03\/connectajove-prat-grup.jpg\" \/>\n<meta name=\"author\" content=\"Ferran\" \/>\n<meta name=\"twitter:card\" content=\"summary_large_image\" \/>\n<meta name=\"twitter:label1\" content=\"Escrito por\" \/>\n\t<meta name=\"twitter:data1\" content=\"Ferran\" \/>\n\t<meta name=\"twitter:label2\" content=\"Tiempo de lectura\" \/>\n\t<meta name=\"twitter:data2\" content=\"2 minutos\" \/>\n<script type=\"application\/ld+json\" class=\"yoast-schema-graph\">{\"@context\":\"https:\\\/\\\/schema.org\",\"@graph\":[{\"@type\":\"Article\",\"@id\":\"https:\\\/\\\/fundesplai.org\\\/es\\\/informa-t\\\/actualitat-es\\\/conecta-jove-prat-una-iniciativa-aps-que-construye-comunidad\\\/#article\",\"isPartOf\":{\"@id\":\"https:\\\/\\\/fundesplai.org\\\/es\\\/informa-t\\\/actualitat-es\\\/conecta-jove-prat-una-iniciativa-aps-que-construye-comunidad\\\/\"},\"author\":{\"name\":\"Ferran\",\"@id\":\"https:\\\/\\\/fundesplai.org\\\/es\\\/#\\\/schema\\\/person\\\/67e7825d8ec54561cc24e36ba6b0f633\"},\"headline\":\"Conecta Jove Prat: una iniciativa APS que construye comunidad\",\"datePublished\":\"2017-03-30T08:59:32+00:00\",\"mainEntityOfPage\":{\"@id\":\"https:\\\/\\\/fundesplai.org\\\/es\\\/informa-t\\\/actualitat-es\\\/conecta-jove-prat-una-iniciativa-aps-que-construye-comunidad\\\/\"},\"wordCount\":374,\"image\":{\"@id\":\"https:\\\/\\\/fundesplai.org\\\/es\\\/informa-t\\\/actualitat-es\\\/conecta-jove-prat-una-iniciativa-aps-que-construye-comunidad\\\/#primaryimage\"},\"thumbnailUrl\":\"https:\\\/\\\/fundesplai.org\\\/test-joomla\\\/wp-content\\\/uploads\\\/sites\\\/26\\\/2017\\\/03\\\/connectajove-prat-grup.jpg\",\"articleSection\":[\"Actualitat\"],\"inLanguage\":\"es\"},{\"@type\":\"WebPage\",\"@id\":\"https:\\\/\\\/fundesplai.org\\\/es\\\/informa-t\\\/actualitat-es\\\/conecta-jove-prat-una-iniciativa-aps-que-construye-comunidad\\\/\",\"url\":\"https:\\\/\\\/fundesplai.org\\\/es\\\/informa-t\\\/actualitat-es\\\/conecta-jove-prat-una-iniciativa-aps-que-construye-comunidad\\\/\",\"name\":\"Conecta Jove Prat: una iniciativa APS que construye comunidad - Fundesplai\",\"isPartOf\":{\"@id\":\"https:\\\/\\\/fundesplai.org\\\/es\\\/#website\"},\"primaryImageOfPage\":{\"@id\":\"https:\\\/\\\/fundesplai.org\\\/es\\\/informa-t\\\/actualitat-es\\\/conecta-jove-prat-una-iniciativa-aps-que-construye-comunidad\\\/#primaryimage\"},\"image\":{\"@id\":\"https:\\\/\\\/fundesplai.org\\\/es\\\/informa-t\\\/actualitat-es\\\/conecta-jove-prat-una-iniciativa-aps-que-construye-comunidad\\\/#primaryimage\"},\"thumbnailUrl\":\"https:\\\/\\\/fundesplai.org\\\/test-joomla\\\/wp-content\\\/uploads\\\/sites\\\/26\\\/2017\\\/03\\\/connectajove-prat-grup.jpg\",\"datePublished\":\"2017-03-30T08:59:32+00:00\",\"author\":{\"@id\":\"https:\\\/\\\/fundesplai.org\\\/es\\\/#\\\/schema\\\/person\\\/67e7825d8ec54561cc24e36ba6b0f633\"},\"breadcrumb\":{\"@id\":\"https:\\\/\\\/fundesplai.org\\\/es\\\/informa-t\\\/actualitat-es\\\/conecta-jove-prat-una-iniciativa-aps-que-construye-comunidad\\\/#breadcrumb\"},\"inLanguage\":\"es\",\"potentialAction\":[{\"@type\":\"ReadAction\",\"target\":[\"https:\\\/\\\/fundesplai.org\\\/es\\\/informa-t\\\/actualitat-es\\\/conecta-jove-prat-una-iniciativa-aps-que-construye-comunidad\\\/\"]}]},{\"@type\":\"ImageObject\",\"inLanguage\":\"es\",\"@id\":\"https:\\\/\\\/fundesplai.org\\\/es\\\/informa-t\\\/actualitat-es\\\/conecta-jove-prat-una-iniciativa-aps-que-construye-comunidad\\\/#primaryimage\",\"url\":\"https:\\\/\\\/fundesplai.org\\\/test-joomla\\\/wp-content\\\/uploads\\\/sites\\\/26\\\/2017\\\/03\\\/connectajove-prat-grup.jpg\",\"contentUrl\":\"https:\\\/\\\/fundesplai.org\\\/test-joomla\\\/wp-content\\\/uploads\\\/sites\\\/26\\\/2017\\\/03\\\/connectajove-prat-grup.jpg\"},{\"@type\":\"BreadcrumbList\",\"@id\":\"https:\\\/\\\/fundesplai.org\\\/es\\\/informa-t\\\/actualitat-es\\\/conecta-jove-prat-una-iniciativa-aps-que-construye-comunidad\\\/#breadcrumb\",\"itemListElement\":[{\"@type\":\"ListItem\",\"position\":1,\"name\":\"Inici\",\"item\":\"https:\\\/\\\/fundesplai.org\\\/es\\\/inicio\\\/\"},{\"@type\":\"ListItem\",\"position\":2,\"name\":\"Inf\u00f3rmate\",\"item\":\"https:\\\/\\\/fundesplai.org\\\/es\\\/informate\\\/\"},{\"@type\":\"ListItem\",\"position\":3,\"name\":\"Sin categor\u00eda\",\"item\":\"https:\\\/\\\/fundesplai.org\\\/es\\\/informa-t\\\/category\\\/sin-categoria\\\/\"},{\"@type\":\"ListItem\",\"position\":4,\"name\":\"Conecta Jove Prat: una iniciativa APS que construye comunidad\"}]},{\"@type\":\"WebSite\",\"@id\":\"https:\\\/\\\/fundesplai.org\\\/es\\\/#website\",\"url\":\"https:\\\/\\\/fundesplai.org\\\/es\\\/\",\"name\":\"Fundesplai\",\"description\":\"Eduquem per la conviv\u00e8ncia i la sostenibilitat\",\"potentialAction\":[{\"@type\":\"SearchAction\",\"target\":{\"@type\":\"EntryPoint\",\"urlTemplate\":\"https:\\\/\\\/fundesplai.org\\\/es\\\/?s={search_term_string}\"},\"query-input\":{\"@type\":\"PropertyValueSpecification\",\"valueRequired\":true,\"valueName\":\"search_term_string\"}}],\"inLanguage\":\"es\"},{\"@type\":\"Person\",\"@id\":\"https:\\\/\\\/fundesplai.org\\\/es\\\/#\\\/schema\\\/person\\\/67e7825d8ec54561cc24e36ba6b0f633\",\"name\":\"Ferran\",\"image\":{\"@type\":\"ImageObject\",\"inLanguage\":\"es\",\"@id\":\"https:\\\/\\\/secure.gravatar.com\\\/avatar\\\/a3510350976b58aae6eccd1e36f066b660a69ef63f97fde3cba8205db7db816a?s=96&d=mm&r=g\",\"url\":\"https:\\\/\\\/secure.gravatar.com\\\/avatar\\\/a3510350976b58aae6eccd1e36f066b660a69ef63f97fde3cba8205db7db816a?s=96&d=mm&r=g\",\"contentUrl\":\"https:\\\/\\\/secure.gravatar.com\\\/avatar\\\/a3510350976b58aae6eccd1e36f066b660a69ef63f97fde3cba8205db7db816a?s=96&d=mm&r=g\",\"caption\":\"Ferran\"},\"url\":\"https:\\\/\\\/fundesplai.org\\\/es\\\/informa-t\\\/author\\\/fvidal\\\/\"}]}<\/script>\n<!-- \/ Yoast SEO plugin. -->","yoast_head_json":{"title":"Conecta Jove Prat: una iniciativa APS que construye comunidad - Fundesplai","robots":{"index":"index","follow":"follow","max-snippet":"max-snippet:-1","max-image-preview":"max-image-preview:large","max-video-preview":"max-video-preview:-1"},"canonical":"https:\/\/fundesplai.org\/es\/informa-t\/actualitat-es\/conecta-jove-prat-una-iniciativa-aps-que-construye-comunidad\/","og_locale":"es_ES","og_type":"article","og_title":"Conecta Jove Prat: una iniciativa APS que construye comunidad - Fundesplai","og_description":"M\u00e1s de 120 personas participaron el mi\u00e9rcoles 29 de marzo en la clausura de la 4\u00aa edici\u00f3n del Conecta Joven en El Prat, una&nbsp; inciativa de aprendizaje servicio impulsada por Fundesplai con el apoyo del Ayuntamiento de El Prat, y con la colaboraci\u00f3n de Microsoft y Ricoh. &nbsp;","og_url":"https:\/\/fundesplai.org\/es\/informa-t\/actualitat-es\/conecta-jove-prat-una-iniciativa-aps-que-construye-comunidad\/","og_site_name":"Fundesplai","article_published_time":"2017-03-30T08:59:32+00:00","og_image":[{"url":"https:\/\/fundesplai.org\/test-joomla\/wp-content\/uploads\/sites\/26\/2017\/03\/connectajove-prat-grup.jpg","type":"","width":"","height":""}],"author":"Ferran","twitter_card":"summary_large_image","twitter_misc":{"Escrito por":"Ferran","Tiempo de lectura":"2 minutos"},"schema":{"@context":"https:\/\/schema.org","@graph":[{"@type":"Article","@id":"https:\/\/fundesplai.org\/es\/informa-t\/actualitat-es\/conecta-jove-prat-una-iniciativa-aps-que-construye-comunidad\/#article","isPartOf":{"@id":"https:\/\/fundesplai.org\/es\/informa-t\/actualitat-es\/conecta-jove-prat-una-iniciativa-aps-que-construye-comunidad\/"},"author":{"name":"Ferran","@id":"https:\/\/fundesplai.org\/es\/#\/schema\/person\/67e7825d8ec54561cc24e36ba6b0f633"},"headline":"Conecta Jove Prat: una iniciativa APS que construye comunidad","datePublished":"2017-03-30T08:59:32+00:00","mainEntityOfPage":{"@id":"https:\/\/fundesplai.org\/es\/informa-t\/actualitat-es\/conecta-jove-prat-una-iniciativa-aps-que-construye-comunidad\/"},"wordCount":374,"image":{"@id":"https:\/\/fundesplai.org\/es\/informa-t\/actualitat-es\/conecta-jove-prat-una-iniciativa-aps-que-construye-comunidad\/#primaryimage"},"thumbnailUrl":"https:\/\/fundesplai.org\/test-joomla\/wp-content\/uploads\/sites\/26\/2017\/03\/connectajove-prat-grup.jpg","articleSection":["Actualitat"],"inLanguage":"es"},{"@type":"WebPage","@id":"https:\/\/fundesplai.org\/es\/informa-t\/actualitat-es\/conecta-jove-prat-una-iniciativa-aps-que-construye-comunidad\/","url":"https:\/\/fundesplai.org\/es\/informa-t\/actualitat-es\/conecta-jove-prat-una-iniciativa-aps-que-construye-comunidad\/","name":"Conecta Jove Prat: una iniciativa APS que construye comunidad - Fundesplai","isPartOf":{"@id":"https:\/\/fundesplai.org\/es\/#website"},"primaryImageOfPage":{"@id":"https:\/\/fundesplai.org\/es\/informa-t\/actualitat-es\/conecta-jove-prat-una-iniciativa-aps-que-construye-comunidad\/#primaryimage"},"image":{"@id":"https:\/\/fundesplai.org\/es\/informa-t\/actualitat-es\/conecta-jove-prat-una-iniciativa-aps-que-construye-comunidad\/#primaryimage"},"thumbnailUrl":"https:\/\/fundesplai.org\/test-joomla\/wp-content\/uploads\/sites\/26\/2017\/03\/connectajove-prat-grup.jpg","datePublished":"2017-03-30T08:59:32+00:00","author":{"@id":"https:\/\/fundesplai.org\/es\/#\/schema\/person\/67e7825d8ec54561cc24e36ba6b0f633"},"breadcrumb":{"@id":"https:\/\/fundesplai.org\/es\/informa-t\/actualitat-es\/conecta-jove-prat-una-iniciativa-aps-que-construye-comunidad\/#breadcrumb"},"inLanguage":"es","potentialAction":[{"@type":"ReadAction","target":["https:\/\/fundesplai.org\/es\/informa-t\/actualitat-es\/conecta-jove-prat-una-iniciativa-aps-que-construye-comunidad\/"]}]},{"@type":"ImageObject","inLanguage":"es","@id":"https:\/\/fundesplai.org\/es\/informa-t\/actualitat-es\/conecta-jove-prat-una-iniciativa-aps-que-construye-comunidad\/#primaryimage","url":"https:\/\/fundesplai.org\/test-joomla\/wp-content\/uploads\/sites\/26\/2017\/03\/connectajove-prat-grup.jpg","contentUrl":"https:\/\/fundesplai.org\/test-joomla\/wp-content\/uploads\/sites\/26\/2017\/03\/connectajove-prat-grup.jpg"},{"@type":"BreadcrumbList","@id":"https:\/\/fundesplai.org\/es\/informa-t\/actualitat-es\/conecta-jove-prat-una-iniciativa-aps-que-construye-comunidad\/#breadcrumb","itemListElement":[{"@type":"ListItem","position":1,"name":"Inici","item":"https:\/\/fundesplai.org\/es\/inicio\/"},{"@type":"ListItem","position":2,"name":"Inf\u00f3rmate","item":"https:\/\/fundesplai.org\/es\/informate\/"},{"@type":"ListItem","position":3,"name":"Sin categor\u00eda","item":"https:\/\/fundesplai.org\/es\/informa-t\/category\/sin-categoria\/"},{"@type":"ListItem","position":4,"name":"Conecta Jove Prat: una iniciativa APS que construye comunidad"}]},{"@type":"WebSite","@id":"https:\/\/fundesplai.org\/es\/#website","url":"https:\/\/fundesplai.org\/es\/","name":"Fundesplai","description":"Eduquem per la conviv\u00e8ncia i la sostenibilitat","potentialAction":[{"@type":"SearchAction","target":{"@type":"EntryPoint","urlTemplate":"https:\/\/fundesplai.org\/es\/?s={search_term_string}"},"query-input":{"@type":"PropertyValueSpecification","valueRequired":true,"valueName":"search_term_string"}}],"inLanguage":"es"},{"@type":"Person","@id":"https:\/\/fundesplai.org\/es\/#\/schema\/person\/67e7825d8ec54561cc24e36ba6b0f633","name":"Ferran","image":{"@type":"ImageObject","inLanguage":"es","@id":"https:\/\/secure.gravatar.com\/avatar\/a3510350976b58aae6eccd1e36f066b660a69ef63f97fde3cba8205db7db816a?s=96&d=mm&r=g","url":"https:\/\/secure.gravatar.com\/avatar\/a3510350976b58aae6eccd1e36f066b660a69ef63f97fde3cba8205db7db816a?s=96&d=mm&r=g","contentUrl":"https:\/\/secure.gravatar.com\/avatar\/a3510350976b58aae6eccd1e36f066b660a69ef63f97fde3cba8205db7db816a?s=96&d=mm&r=g","caption":"Ferran"},"url":"https:\/\/fundesplai.org\/es\/informa-t\/author\/fvidal\/"}]}},"_links":{"self":[{"href":"https:\/\/fundesplai.org\/es\/wp-json\/wp\/v2\/posts\/47713","targetHints":{"allow":["GET"]}}],"collection":[{"href":"https:\/\/fundesplai.org\/es\/wp-json\/wp\/v2\/posts"}],"about":[{"href":"https:\/\/fundesplai.org\/es\/wp-json\/wp\/v2\/types\/post"}],"author":[{"embeddable":true,"href":"https:\/\/fundesplai.org\/es\/wp-json\/wp\/v2\/users\/4"}],"replies":[{"embeddable":true,"href":"https:\/\/fundesplai.org\/es\/wp-json\/wp\/v2\/comments?post=47713"}],"version-history":[{"count":0,"href":"https:\/\/fundesplai.org\/es\/wp-json\/wp\/v2\/posts\/47713\/revisions"}],"wp:attachment":[{"href":"https:\/\/fundesplai.org\/es\/wp-json\/wp\/v2\/media?parent=47713"}],"wp:term":[{"taxonomy":"category","embeddable":true,"href":"https:\/\/fundesplai.org\/es\/wp-json\/wp\/v2\/categories?post=47713"},{"taxonomy":"post_tag","embeddable":true,"href":"https:\/\/fundesplai.org\/es\/wp-json\/wp\/v2\/tags?post=47713"}],"curies":[{"name":"wp","href":"https:\/\/api.w.org\/{rel}","templated":true}]}}