{"id":47712,"date":"2017-03-24T13:35:15","date_gmt":"2017-03-24T12:35:15","guid":{"rendered":"https:\/\/fundesplai.org\/informa-t\/sense-categoria\/clausura-de-la-4a-edicion-2017-del-conecta-joven-en-el-prat\/"},"modified":"2017-03-24T13:35:15","modified_gmt":"2017-03-24T12:35:15","slug":"clausura-de-la-4a-edicion-2017-del-conecta-joven-en-el-prat","status":"publish","type":"post","link":"https:\/\/fundesplai.org\/es\/informa-t\/actualitat-es\/clausura-de-la-4a-edicion-2017-del-conecta-joven-en-el-prat\/","title":{"rendered":"Clausura de la 4\u00aa edici\u00f3n 2017 del Conecta Joven en El Prat"},"content":{"rendered":"<p>El pr\u00f3ximo mi\u00e9rcoles 29 de marzo, CENTRO ESPLAI, la sede de Fundesplai, acoger\u00e1 el acto de clausura de la 4\u00aa edici\u00f3n de este a\u00f1o del programa de aprendizaje servicio Conecta Jove que se ha desarrollado en El Prat de Llobregat.<\/p>\n<p><!--more--><\/p>\n<p><img loading=\"lazy\" decoding=\"async\" class=\" size-full wp-image-4224\" src=\"https:\/\/fundesplai.org\/test-joomla\/wp-content\/uploads\/sites\/26\/2017\/03\/CONECTA-JOVEN-PRAT.jpg\" alt=\"CONECTA JOVEN PRAT\" width=\"650\" height=\"356\"><\/p>\n<p>El pr\u00f3ximo mi\u00e9rcoles 29 de marzo, CENTRO ESPLAI, la sede de Fundesplai, acoger\u00e1 el acto de clausura de la 4\u00aa edici\u00f3n de este a\u00f1o del programa de aprendizaje servicio Conecta Jove que se ha desarrollado en El Prat de Llobregat.<\/p>\n<p>Esta iniciativa que lidera Fundesplai con el apoyo del Ayuntamiento de El Prat de Llobregat ha formado en una primera fase a j\u00f3venes de los institutos de la localidad en habilidades sociales y comunicativas que despu\u00e9s han hecho de profesores\/as voluntarias de personas mayores en el uso de la inform\u00e1tica, Internet y los m\u00f3viles.<\/p>\n<p>En total han participado 49 j\u00f3venes del INS Escuela de El Prat. el INS Ribera Baixa y el INS Estany de la Ricarda y 115 personas adultas, que han sido las receptoras de la formaci\u00f3n.<\/p>\n<p>Como novedad de este curso cabe destacar que 11 j\u00f3venes han realizado sesiones formativas sobre dise\u00f1o e impresi\u00f3n en 3D gracias a la colaboraci\u00f3n con el departamento de responsabilidad social corporativa de la empresa Ricoh. Despu\u00e9s estos j\u00f3venes han formado a un total de 25 profesores de los diferentes centros educativos del municipio de El Prat.&nbsp;<\/p>\n<p>El acto de clausura contar\u00e1 con la participaci\u00f3n de&nbsp;Pilar Eslava,&nbsp; teniente de alcalde de Igualdad y Derechos sociales y concejala de Educaci\u00f3n,&nbsp;Ana Martin Cuello, concejala de Igualdad, Juventud y Solidaridad del Ayuntamiento de El Prat, de N\u00faria Valls y Carles Xifra, Directora General de Comunicaci\u00f3n y Relaciones y Director de Acciones y Programas Educativos, Sociales y del Tercer Sector de Fundesplai, respectivamente,&nbsp;as\u00ed como t\u00e9cnicos del consistorio y de los centros de recursos pedag\u00f3gicos y de servicios educativos de El Baix Llobregat.<\/p>\n<p class=\"wysija_list_item align-left\">\u2022&nbsp;<strong>D\u00eda:<\/strong>&nbsp;mi\u00e9rcoles 29 de marzo<\/p>\n<p class=\"wysija_list_item align-left\">\u2022&nbsp;<strong>Horario:<\/strong>&nbsp;de 9.30h a 11h<\/p>\n<p class=\"wysija_list_item align-left\">\u2022&nbsp;<strong>Lugar: <\/strong>&nbsp;Auditorio de CENTRO ESPLAI<\/p>\n<p class=\"wysija_list_item align-left\">\u2022&nbsp;<strong>Direcci\u00f3n: <\/strong>&nbsp;calle Riu Anoia 42-54, 08820, El Prat de Llobregat.<\/p>\n<p><strong>Programa:<\/strong><\/p>\n<p class=\"wysija_list_item align-left\">\u2022&nbsp;09.30h &#8211; Bienvenida y acreditaciones<\/p>\n<p class=\"wysija_list_item align-left\">\u2022&nbsp;10.00h &#8211; Presentaci\u00f3n del acto<\/p>\n<p class=\"wysija_list_item align-left\">\u2022&nbsp;10.15h &#8211; V\u00eddeo \u00abConecta Joven al Prado\u00bb<\/p>\n<p class=\"wysija_list_item align-left\">\u2022&nbsp;10.20h &#8211; La voz de los participantes<\/p>\n<p class=\"wysija_list_item align-left\">\u2022&nbsp;10.35h &#8211; Entrega de los diplomas<\/p>\n<p class=\"wysija_list_item align-left\">\u2022&nbsp;11.00h &#8211; Clausura<\/p>\n","protected":false},"excerpt":{"rendered":"<p>El pr\u00f3ximo mi\u00e9rcoles 29 de marzo, CENTRO ESPLAI, la sede de Fundesplai, acoger\u00e1 el acto de clausura de la 4\u00aa edici\u00f3n de este a\u00f1o del programa de aprendizaje servicio Conecta Jove que se ha desarrollado en El Prat de Llobregat.<\/p>\n","protected":false},"author":9,"featured_media":0,"comment_status":"closed","ping_status":"closed","sticky":false,"template":"","format":"standard","meta":{"_et_pb_use_builder":"","_et_pb_old_content":"","_et_gb_content_width":"","footnotes":""},"categories":[937],"tags":[],"class_list":["post-47712","post","type-post","status-publish","format-standard","hentry","category-actualitat-es"],"yoast_head":"<!-- This site is optimized with the Yoast SEO plugin v27.4 - https:\/\/yoast.com\/product\/yoast-seo-wordpress\/ -->\n<title>Clausura de la 4\u00aa edici\u00f3n 2017 del Conecta Joven en El Prat - Fundesplai<\/title>\n<meta name=\"robots\" content=\"index, follow, max-snippet:-1, max-image-preview:large, max-video-preview:-1\" \/>\n<link rel=\"canonical\" href=\"https:\/\/fundesplai.org\/es\/informa-t\/actualitat-es\/clausura-de-la-4a-edicion-2017-del-conecta-joven-en-el-prat\/\" \/>\n<meta property=\"og:locale\" content=\"es_ES\" \/>\n<meta property=\"og:type\" content=\"article\" \/>\n<meta property=\"og:title\" content=\"Clausura de la 4\u00aa edici\u00f3n 2017 del Conecta Joven en El Prat - Fundesplai\" \/>\n<meta property=\"og:description\" content=\"El pr\u00f3ximo mi\u00e9rcoles 29 de marzo, CENTRO ESPLAI, la sede de Fundesplai, acoger\u00e1 el acto de clausura de la 4\u00aa edici\u00f3n de este a\u00f1o del programa de aprendizaje servicio Conecta Jove que se ha desarrollado en El Prat de Llobregat.\" \/>\n<meta property=\"og:url\" content=\"https:\/\/fundesplai.org\/es\/informa-t\/actualitat-es\/clausura-de-la-4a-edicion-2017-del-conecta-joven-en-el-prat\/\" \/>\n<meta property=\"og:site_name\" content=\"Fundesplai\" \/>\n<meta property=\"article:published_time\" content=\"2017-03-24T12:35:15+00:00\" \/>\n<meta property=\"og:image\" content=\"https:\/\/fundesplai.org\/test-joomla\/wp-content\/uploads\/sites\/26\/2017\/03\/CONECTA-JOVEN-PRAT.jpg\" \/>\n<meta name=\"author\" content=\"Alfons Valle\" \/>\n<meta name=\"twitter:card\" content=\"summary_large_image\" \/>\n<meta name=\"twitter:label1\" content=\"Escrito por\" \/>\n\t<meta name=\"twitter:data1\" content=\"Alfons Valle\" \/>\n\t<meta name=\"twitter:label2\" content=\"Tiempo de lectura\" \/>\n\t<meta name=\"twitter:data2\" content=\"2 minutos\" \/>\n<script type=\"application\/ld+json\" class=\"yoast-schema-graph\">{\"@context\":\"https:\\\/\\\/schema.org\",\"@graph\":[{\"@type\":\"Article\",\"@id\":\"https:\\\/\\\/fundesplai.org\\\/es\\\/informa-t\\\/actualitat-es\\\/clausura-de-la-4a-edicion-2017-del-conecta-joven-en-el-prat\\\/#article\",\"isPartOf\":{\"@id\":\"https:\\\/\\\/fundesplai.org\\\/es\\\/informa-t\\\/actualitat-es\\\/clausura-de-la-4a-edicion-2017-del-conecta-joven-en-el-prat\\\/\"},\"author\":{\"name\":\"Alfons Valle\",\"@id\":\"https:\\\/\\\/fundesplai.org\\\/es\\\/#\\\/schema\\\/person\\\/c0e9e7466bb8ac06f5264324a6109733\"},\"headline\":\"Clausura de la 4\u00aa edici\u00f3n 2017 del Conecta Joven en El Prat\",\"datePublished\":\"2017-03-24T12:35:15+00:00\",\"mainEntityOfPage\":{\"@id\":\"https:\\\/\\\/fundesplai.org\\\/es\\\/informa-t\\\/actualitat-es\\\/clausura-de-la-4a-edicion-2017-del-conecta-joven-en-el-prat\\\/\"},\"wordCount\":420,\"image\":{\"@id\":\"https:\\\/\\\/fundesplai.org\\\/es\\\/informa-t\\\/actualitat-es\\\/clausura-de-la-4a-edicion-2017-del-conecta-joven-en-el-prat\\\/#primaryimage\"},\"thumbnailUrl\":\"https:\\\/\\\/fundesplai.org\\\/test-joomla\\\/wp-content\\\/uploads\\\/sites\\\/26\\\/2017\\\/03\\\/CONECTA-JOVEN-PRAT.jpg\",\"articleSection\":[\"Actualitat\"],\"inLanguage\":\"es\"},{\"@type\":\"WebPage\",\"@id\":\"https:\\\/\\\/fundesplai.org\\\/es\\\/informa-t\\\/actualitat-es\\\/clausura-de-la-4a-edicion-2017-del-conecta-joven-en-el-prat\\\/\",\"url\":\"https:\\\/\\\/fundesplai.org\\\/es\\\/informa-t\\\/actualitat-es\\\/clausura-de-la-4a-edicion-2017-del-conecta-joven-en-el-prat\\\/\",\"name\":\"Clausura de la 4\u00aa edici\u00f3n 2017 del Conecta Joven en El Prat - Fundesplai\",\"isPartOf\":{\"@id\":\"https:\\\/\\\/fundesplai.org\\\/es\\\/#website\"},\"primaryImageOfPage\":{\"@id\":\"https:\\\/\\\/fundesplai.org\\\/es\\\/informa-t\\\/actualitat-es\\\/clausura-de-la-4a-edicion-2017-del-conecta-joven-en-el-prat\\\/#primaryimage\"},\"image\":{\"@id\":\"https:\\\/\\\/fundesplai.org\\\/es\\\/informa-t\\\/actualitat-es\\\/clausura-de-la-4a-edicion-2017-del-conecta-joven-en-el-prat\\\/#primaryimage\"},\"thumbnailUrl\":\"https:\\\/\\\/fundesplai.org\\\/test-joomla\\\/wp-content\\\/uploads\\\/sites\\\/26\\\/2017\\\/03\\\/CONECTA-JOVEN-PRAT.jpg\",\"datePublished\":\"2017-03-24T12:35:15+00:00\",\"author\":{\"@id\":\"https:\\\/\\\/fundesplai.org\\\/es\\\/#\\\/schema\\\/person\\\/c0e9e7466bb8ac06f5264324a6109733\"},\"breadcrumb\":{\"@id\":\"https:\\\/\\\/fundesplai.org\\\/es\\\/informa-t\\\/actualitat-es\\\/clausura-de-la-4a-edicion-2017-del-conecta-joven-en-el-prat\\\/#breadcrumb\"},\"inLanguage\":\"es\",\"potentialAction\":[{\"@type\":\"ReadAction\",\"target\":[\"https:\\\/\\\/fundesplai.org\\\/es\\\/informa-t\\\/actualitat-es\\\/clausura-de-la-4a-edicion-2017-del-conecta-joven-en-el-prat\\\/\"]}]},{\"@type\":\"ImageObject\",\"inLanguage\":\"es\",\"@id\":\"https:\\\/\\\/fundesplai.org\\\/es\\\/informa-t\\\/actualitat-es\\\/clausura-de-la-4a-edicion-2017-del-conecta-joven-en-el-prat\\\/#primaryimage\",\"url\":\"https:\\\/\\\/fundesplai.org\\\/test-joomla\\\/wp-content\\\/uploads\\\/sites\\\/26\\\/2017\\\/03\\\/CONECTA-JOVEN-PRAT.jpg\",\"contentUrl\":\"https:\\\/\\\/fundesplai.org\\\/test-joomla\\\/wp-content\\\/uploads\\\/sites\\\/26\\\/2017\\\/03\\\/CONECTA-JOVEN-PRAT.jpg\"},{\"@type\":\"BreadcrumbList\",\"@id\":\"https:\\\/\\\/fundesplai.org\\\/es\\\/informa-t\\\/actualitat-es\\\/clausura-de-la-4a-edicion-2017-del-conecta-joven-en-el-prat\\\/#breadcrumb\",\"itemListElement\":[{\"@type\":\"ListItem\",\"position\":1,\"name\":\"Inici\",\"item\":\"https:\\\/\\\/fundesplai.org\\\/es\\\/inicio\\\/\"},{\"@type\":\"ListItem\",\"position\":2,\"name\":\"Inf\u00f3rmate\",\"item\":\"https:\\\/\\\/fundesplai.org\\\/es\\\/informate\\\/\"},{\"@type\":\"ListItem\",\"position\":3,\"name\":\"Sin categor\u00eda\",\"item\":\"https:\\\/\\\/fundesplai.org\\\/es\\\/informa-t\\\/category\\\/sin-categoria\\\/\"},{\"@type\":\"ListItem\",\"position\":4,\"name\":\"Clausura de la 4\u00aa edici\u00f3n 2017 del Conecta Joven en El Prat\"}]},{\"@type\":\"WebSite\",\"@id\":\"https:\\\/\\\/fundesplai.org\\\/es\\\/#website\",\"url\":\"https:\\\/\\\/fundesplai.org\\\/es\\\/\",\"name\":\"Fundesplai\",\"description\":\"Eduquem per la conviv\u00e8ncia i la sostenibilitat\",\"potentialAction\":[{\"@type\":\"SearchAction\",\"target\":{\"@type\":\"EntryPoint\",\"urlTemplate\":\"https:\\\/\\\/fundesplai.org\\\/es\\\/?s={search_term_string}\"},\"query-input\":{\"@type\":\"PropertyValueSpecification\",\"valueRequired\":true,\"valueName\":\"search_term_string\"}}],\"inLanguage\":\"es\"},{\"@type\":\"Person\",\"@id\":\"https:\\\/\\\/fundesplai.org\\\/es\\\/#\\\/schema\\\/person\\\/c0e9e7466bb8ac06f5264324a6109733\",\"name\":\"Alfons Valle\",\"image\":{\"@type\":\"ImageObject\",\"inLanguage\":\"es\",\"@id\":\"https:\\\/\\\/secure.gravatar.com\\\/avatar\\\/71d95a3f99a068ba570ac1314ed6911a59c5ae3f22ffcf23631cd1a861a640bc?s=96&d=mm&r=g\",\"url\":\"https:\\\/\\\/secure.gravatar.com\\\/avatar\\\/71d95a3f99a068ba570ac1314ed6911a59c5ae3f22ffcf23631cd1a861a640bc?s=96&d=mm&r=g\",\"contentUrl\":\"https:\\\/\\\/secure.gravatar.com\\\/avatar\\\/71d95a3f99a068ba570ac1314ed6911a59c5ae3f22ffcf23631cd1a861a640bc?s=96&d=mm&r=g\",\"caption\":\"Alfons Valle\"},\"url\":\"https:\\\/\\\/fundesplai.org\\\/es\\\/informa-t\\\/author\\\/avalle\\\/\"}]}<\/script>\n<!-- \/ Yoast SEO plugin. -->","yoast_head_json":{"title":"Clausura de la 4\u00aa edici\u00f3n 2017 del Conecta Joven en El Prat - Fundesplai","robots":{"index":"index","follow":"follow","max-snippet":"max-snippet:-1","max-image-preview":"max-image-preview:large","max-video-preview":"max-video-preview:-1"},"canonical":"https:\/\/fundesplai.org\/es\/informa-t\/actualitat-es\/clausura-de-la-4a-edicion-2017-del-conecta-joven-en-el-prat\/","og_locale":"es_ES","og_type":"article","og_title":"Clausura de la 4\u00aa edici\u00f3n 2017 del Conecta Joven en El Prat - Fundesplai","og_description":"El pr\u00f3ximo mi\u00e9rcoles 29 de marzo, CENTRO ESPLAI, la sede de Fundesplai, acoger\u00e1 el acto de clausura de la 4\u00aa edici\u00f3n de este a\u00f1o del programa de aprendizaje servicio Conecta Jove que se ha desarrollado en El Prat de Llobregat.","og_url":"https:\/\/fundesplai.org\/es\/informa-t\/actualitat-es\/clausura-de-la-4a-edicion-2017-del-conecta-joven-en-el-prat\/","og_site_name":"Fundesplai","article_published_time":"2017-03-24T12:35:15+00:00","og_image":[{"url":"https:\/\/fundesplai.org\/test-joomla\/wp-content\/uploads\/sites\/26\/2017\/03\/CONECTA-JOVEN-PRAT.jpg","type":"","width":"","height":""}],"author":"Alfons Valle","twitter_card":"summary_large_image","twitter_misc":{"Escrito por":"Alfons Valle","Tiempo de lectura":"2 minutos"},"schema":{"@context":"https:\/\/schema.org","@graph":[{"@type":"Article","@id":"https:\/\/fundesplai.org\/es\/informa-t\/actualitat-es\/clausura-de-la-4a-edicion-2017-del-conecta-joven-en-el-prat\/#article","isPartOf":{"@id":"https:\/\/fundesplai.org\/es\/informa-t\/actualitat-es\/clausura-de-la-4a-edicion-2017-del-conecta-joven-en-el-prat\/"},"author":{"name":"Alfons Valle","@id":"https:\/\/fundesplai.org\/es\/#\/schema\/person\/c0e9e7466bb8ac06f5264324a6109733"},"headline":"Clausura de la 4\u00aa edici\u00f3n 2017 del Conecta Joven en El Prat","datePublished":"2017-03-24T12:35:15+00:00","mainEntityOfPage":{"@id":"https:\/\/fundesplai.org\/es\/informa-t\/actualitat-es\/clausura-de-la-4a-edicion-2017-del-conecta-joven-en-el-prat\/"},"wordCount":420,"image":{"@id":"https:\/\/fundesplai.org\/es\/informa-t\/actualitat-es\/clausura-de-la-4a-edicion-2017-del-conecta-joven-en-el-prat\/#primaryimage"},"thumbnailUrl":"https:\/\/fundesplai.org\/test-joomla\/wp-content\/uploads\/sites\/26\/2017\/03\/CONECTA-JOVEN-PRAT.jpg","articleSection":["Actualitat"],"inLanguage":"es"},{"@type":"WebPage","@id":"https:\/\/fundesplai.org\/es\/informa-t\/actualitat-es\/clausura-de-la-4a-edicion-2017-del-conecta-joven-en-el-prat\/","url":"https:\/\/fundesplai.org\/es\/informa-t\/actualitat-es\/clausura-de-la-4a-edicion-2017-del-conecta-joven-en-el-prat\/","name":"Clausura de la 4\u00aa edici\u00f3n 2017 del Conecta Joven en El Prat - Fundesplai","isPartOf":{"@id":"https:\/\/fundesplai.org\/es\/#website"},"primaryImageOfPage":{"@id":"https:\/\/fundesplai.org\/es\/informa-t\/actualitat-es\/clausura-de-la-4a-edicion-2017-del-conecta-joven-en-el-prat\/#primaryimage"},"image":{"@id":"https:\/\/fundesplai.org\/es\/informa-t\/actualitat-es\/clausura-de-la-4a-edicion-2017-del-conecta-joven-en-el-prat\/#primaryimage"},"thumbnailUrl":"https:\/\/fundesplai.org\/test-joomla\/wp-content\/uploads\/sites\/26\/2017\/03\/CONECTA-JOVEN-PRAT.jpg","datePublished":"2017-03-24T12:35:15+00:00","author":{"@id":"https:\/\/fundesplai.org\/es\/#\/schema\/person\/c0e9e7466bb8ac06f5264324a6109733"},"breadcrumb":{"@id":"https:\/\/fundesplai.org\/es\/informa-t\/actualitat-es\/clausura-de-la-4a-edicion-2017-del-conecta-joven-en-el-prat\/#breadcrumb"},"inLanguage":"es","potentialAction":[{"@type":"ReadAction","target":["https:\/\/fundesplai.org\/es\/informa-t\/actualitat-es\/clausura-de-la-4a-edicion-2017-del-conecta-joven-en-el-prat\/"]}]},{"@type":"ImageObject","inLanguage":"es","@id":"https:\/\/fundesplai.org\/es\/informa-t\/actualitat-es\/clausura-de-la-4a-edicion-2017-del-conecta-joven-en-el-prat\/#primaryimage","url":"https:\/\/fundesplai.org\/test-joomla\/wp-content\/uploads\/sites\/26\/2017\/03\/CONECTA-JOVEN-PRAT.jpg","contentUrl":"https:\/\/fundesplai.org\/test-joomla\/wp-content\/uploads\/sites\/26\/2017\/03\/CONECTA-JOVEN-PRAT.jpg"},{"@type":"BreadcrumbList","@id":"https:\/\/fundesplai.org\/es\/informa-t\/actualitat-es\/clausura-de-la-4a-edicion-2017-del-conecta-joven-en-el-prat\/#breadcrumb","itemListElement":[{"@type":"ListItem","position":1,"name":"Inici","item":"https:\/\/fundesplai.org\/es\/inicio\/"},{"@type":"ListItem","position":2,"name":"Inf\u00f3rmate","item":"https:\/\/fundesplai.org\/es\/informate\/"},{"@type":"ListItem","position":3,"name":"Sin categor\u00eda","item":"https:\/\/fundesplai.org\/es\/informa-t\/category\/sin-categoria\/"},{"@type":"ListItem","position":4,"name":"Clausura de la 4\u00aa edici\u00f3n 2017 del Conecta Joven en El Prat"}]},{"@type":"WebSite","@id":"https:\/\/fundesplai.org\/es\/#website","url":"https:\/\/fundesplai.org\/es\/","name":"Fundesplai","description":"Eduquem per la conviv\u00e8ncia i la sostenibilitat","potentialAction":[{"@type":"SearchAction","target":{"@type":"EntryPoint","urlTemplate":"https:\/\/fundesplai.org\/es\/?s={search_term_string}"},"query-input":{"@type":"PropertyValueSpecification","valueRequired":true,"valueName":"search_term_string"}}],"inLanguage":"es"},{"@type":"Person","@id":"https:\/\/fundesplai.org\/es\/#\/schema\/person\/c0e9e7466bb8ac06f5264324a6109733","name":"Alfons Valle","image":{"@type":"ImageObject","inLanguage":"es","@id":"https:\/\/secure.gravatar.com\/avatar\/71d95a3f99a068ba570ac1314ed6911a59c5ae3f22ffcf23631cd1a861a640bc?s=96&d=mm&r=g","url":"https:\/\/secure.gravatar.com\/avatar\/71d95a3f99a068ba570ac1314ed6911a59c5ae3f22ffcf23631cd1a861a640bc?s=96&d=mm&r=g","contentUrl":"https:\/\/secure.gravatar.com\/avatar\/71d95a3f99a068ba570ac1314ed6911a59c5ae3f22ffcf23631cd1a861a640bc?s=96&d=mm&r=g","caption":"Alfons Valle"},"url":"https:\/\/fundesplai.org\/es\/informa-t\/author\/avalle\/"}]}},"_links":{"self":[{"href":"https:\/\/fundesplai.org\/es\/wp-json\/wp\/v2\/posts\/47712","targetHints":{"allow":["GET"]}}],"collection":[{"href":"https:\/\/fundesplai.org\/es\/wp-json\/wp\/v2\/posts"}],"about":[{"href":"https:\/\/fundesplai.org\/es\/wp-json\/wp\/v2\/types\/post"}],"author":[{"embeddable":true,"href":"https:\/\/fundesplai.org\/es\/wp-json\/wp\/v2\/users\/9"}],"replies":[{"embeddable":true,"href":"https:\/\/fundesplai.org\/es\/wp-json\/wp\/v2\/comments?post=47712"}],"version-history":[{"count":0,"href":"https:\/\/fundesplai.org\/es\/wp-json\/wp\/v2\/posts\/47712\/revisions"}],"wp:attachment":[{"href":"https:\/\/fundesplai.org\/es\/wp-json\/wp\/v2\/media?parent=47712"}],"wp:term":[{"taxonomy":"category","embeddable":true,"href":"https:\/\/fundesplai.org\/es\/wp-json\/wp\/v2\/categories?post=47712"},{"taxonomy":"post_tag","embeddable":true,"href":"https:\/\/fundesplai.org\/es\/wp-json\/wp\/v2\/tags?post=47712"}],"curies":[{"name":"wp","href":"https:\/\/api.w.org\/{rel}","templated":true}]}}