{"id":47704,"date":"2017-03-21T17:39:16","date_gmt":"2017-03-21T16:39:16","guid":{"rendered":"https:\/\/fundesplai.org\/informa-t\/sense-categoria\/figueres-acoge-las-jornadas-de-la-fmrp-sobre-transformacion-educativa\/"},"modified":"2017-03-21T17:39:16","modified_gmt":"2017-03-21T16:39:16","slug":"figueres-acoge-las-jornadas-de-la-fmrp-sobre-transformacion-educativa","status":"publish","type":"post","link":"https:\/\/fundesplai.org\/es\/informa-t\/actualitat-es\/figueres-acoge-las-jornadas-de-la-fmrp-sobre-transformacion-educativa\/","title":{"rendered":"Figueres acoge las Jornadas de la FMRP sobre Transformaci\u00f3n Educativa"},"content":{"rendered":"<p>Los pasados 10 y 11 de marzo de 2017, Figueres fue el escenario que reuni\u00f3 una amplia representaci\u00f3n de los movimientos de renovaci\u00f3n pedagog\u00eda de toda Catalu\u00f1a, entre ellos Fundesplai.<\/p>\n<p><!--more--><\/p>\n<table style=\"height: 55px;width: 23px\" cellspacing=\"5\" align=\"left\">\n<tbody>\n<tr>\n<td><img loading=\"lazy\" decoding=\"async\" class=\" size-full wp-image-4184\" src=\"https:\/\/fundesplai.org\/test-joomla\/wp-content\/uploads\/sites\/26\/2017\/03\/Figueres2-web.jpg\" alt=\"Figueres2 web\" width=\"250\" height=\"141\"><\/td>\n<\/tr>\n<tr>\n<td><img loading=\"lazy\" decoding=\"async\" class=\" size-full wp-image-4187\" src=\"https:\/\/fundesplai.org\/test-joomla\/wp-content\/uploads\/sites\/26\/2017\/03\/Figueres-web.jpg\" alt=\"Higuera web\" width=\"250\" height=\"141\"><\/td>\n<\/tr>\n<tr>\n<td><img loading=\"lazy\" decoding=\"async\" class=\" size-full wp-image-4188\" src=\"https:\/\/fundesplai.org\/test-joomla\/wp-content\/uploads\/sites\/26\/2017\/03\/Figueres3-web.jpg\" alt=\"Figueres3 web\" width=\"250\" height=\"375\"><\/td>\n<\/tr>\n<\/tbody>\n<\/table>\n<p>Los pasados 10 y 11 de marzo de 2017, Figueres fue el escenario que reuni\u00f3 una amplia representaci\u00f3n de los movimientos de renovaci\u00f3n pedagog\u00eda de toda Catalu\u00f1a, entre ellos Fundesplai.<\/p>\n<p>Se da la circunstancia, tal y como recordaron Pilar Geli, la presidenta de la FMFP y la alcaldesa de Figueres, Marta Felip, que tambi\u00e9n L&#8217;Alt Empord\u00e0 y Roses en particular, acogieron hace 34 a\u00f1os la primera jornada de renovaci\u00f3n pedag\u00f3gica de Catalu\u00f1a.<\/p>\n<p>La jornada de este a\u00f1o se ha centrado en debatir sobre el papel de los movimientos de renovaci\u00f3n en el contexto del debate educativo que se est\u00e1 produciendo en el pa\u00eds. Los movimientos han querido poner el acento con la necesidad del car\u00e1cter transformador de los procesos de innovaci\u00f3n que se est\u00e1n impulsando en Catalu\u00f1a, en la importancia de garantizar la equidad y la igualdad de oportunidades y en general en la necesidad de reforzar la educaci\u00f3n p\u00fablica y los recursos que deben hacerlo posible.<\/p>\n<p>Carles Barba y Maria Ant\u00f2nia Barcel\u00f3, de L&#8217;Alt Empord\u00e0 de Fundesplai han participado en la Jornada.<\/p>\n","protected":false},"excerpt":{"rendered":"<p>Los pasados 10 y 11 de marzo de 2017, Figueres fue el escenario que reuni\u00f3 una amplia representaci\u00f3n de los movimientos de renovaci\u00f3n pedagog\u00eda de toda Catalu\u00f1a, entre ellos Fundesplai.<\/p>\n","protected":false},"author":9,"featured_media":0,"comment_status":"closed","ping_status":"closed","sticky":false,"template":"","format":"standard","meta":{"_et_pb_use_builder":"","_et_pb_old_content":"","_et_gb_content_width":"","footnotes":""},"categories":[937],"tags":[],"class_list":["post-47704","post","type-post","status-publish","format-standard","hentry","category-actualitat-es"],"yoast_head":"<!-- This site is optimized with the Yoast SEO plugin v27.4 - https:\/\/yoast.com\/product\/yoast-seo-wordpress\/ -->\n<title>Figueres acoge las Jornadas de la FMRP sobre Transformaci\u00f3n Educativa - Fundesplai<\/title>\n<meta name=\"robots\" content=\"index, follow, max-snippet:-1, max-image-preview:large, max-video-preview:-1\" \/>\n<link rel=\"canonical\" href=\"https:\/\/fundesplai.org\/es\/informa-t\/actualitat-es\/figueres-acoge-las-jornadas-de-la-fmrp-sobre-transformacion-educativa\/\" \/>\n<meta property=\"og:locale\" content=\"es_ES\" \/>\n<meta property=\"og:type\" content=\"article\" \/>\n<meta property=\"og:title\" content=\"Figueres acoge las Jornadas de la FMRP sobre Transformaci\u00f3n Educativa - Fundesplai\" \/>\n<meta property=\"og:description\" content=\"Los pasados 10 y 11 de marzo de 2017, Figueres fue el escenario que reuni\u00f3 una amplia representaci\u00f3n de los movimientos de renovaci\u00f3n pedagog\u00eda de toda Catalu\u00f1a, entre ellos Fundesplai.\" \/>\n<meta property=\"og:url\" content=\"https:\/\/fundesplai.org\/es\/informa-t\/actualitat-es\/figueres-acoge-las-jornadas-de-la-fmrp-sobre-transformacion-educativa\/\" \/>\n<meta property=\"og:site_name\" content=\"Fundesplai\" \/>\n<meta property=\"article:published_time\" content=\"2017-03-21T16:39:16+00:00\" \/>\n<meta property=\"og:image\" content=\"https:\/\/fundesplai.org\/test-joomla\/wp-content\/uploads\/sites\/26\/2017\/03\/Figueres2-web.jpg\" \/>\n<meta name=\"author\" content=\"Alfons Valle\" \/>\n<meta name=\"twitter:card\" content=\"summary_large_image\" \/>\n<meta name=\"twitter:label1\" content=\"Escrito por\" \/>\n\t<meta name=\"twitter:data1\" content=\"Alfons Valle\" \/>\n\t<meta name=\"twitter:label2\" content=\"Tiempo de lectura\" \/>\n\t<meta name=\"twitter:data2\" content=\"1 minuto\" \/>\n<script type=\"application\/ld+json\" class=\"yoast-schema-graph\">{\"@context\":\"https:\\\/\\\/schema.org\",\"@graph\":[{\"@type\":\"Article\",\"@id\":\"https:\\\/\\\/fundesplai.org\\\/es\\\/informa-t\\\/actualitat-es\\\/figueres-acoge-las-jornadas-de-la-fmrp-sobre-transformacion-educativa\\\/#article\",\"isPartOf\":{\"@id\":\"https:\\\/\\\/fundesplai.org\\\/es\\\/informa-t\\\/actualitat-es\\\/figueres-acoge-las-jornadas-de-la-fmrp-sobre-transformacion-educativa\\\/\"},\"author\":{\"name\":\"Alfons Valle\",\"@id\":\"https:\\\/\\\/fundesplai.org\\\/es\\\/#\\\/schema\\\/person\\\/c0e9e7466bb8ac06f5264324a6109733\"},\"headline\":\"Figueres acoge las Jornadas de la FMRP sobre Transformaci\u00f3n Educativa\",\"datePublished\":\"2017-03-21T16:39:16+00:00\",\"mainEntityOfPage\":{\"@id\":\"https:\\\/\\\/fundesplai.org\\\/es\\\/informa-t\\\/actualitat-es\\\/figueres-acoge-las-jornadas-de-la-fmrp-sobre-transformacion-educativa\\\/\"},\"wordCount\":232,\"image\":{\"@id\":\"https:\\\/\\\/fundesplai.org\\\/es\\\/informa-t\\\/actualitat-es\\\/figueres-acoge-las-jornadas-de-la-fmrp-sobre-transformacion-educativa\\\/#primaryimage\"},\"thumbnailUrl\":\"https:\\\/\\\/fundesplai.org\\\/test-joomla\\\/wp-content\\\/uploads\\\/sites\\\/26\\\/2017\\\/03\\\/Figueres2-web.jpg\",\"articleSection\":[\"Actualitat\"],\"inLanguage\":\"es\"},{\"@type\":\"WebPage\",\"@id\":\"https:\\\/\\\/fundesplai.org\\\/es\\\/informa-t\\\/actualitat-es\\\/figueres-acoge-las-jornadas-de-la-fmrp-sobre-transformacion-educativa\\\/\",\"url\":\"https:\\\/\\\/fundesplai.org\\\/es\\\/informa-t\\\/actualitat-es\\\/figueres-acoge-las-jornadas-de-la-fmrp-sobre-transformacion-educativa\\\/\",\"name\":\"Figueres acoge las Jornadas de la FMRP sobre Transformaci\u00f3n Educativa - Fundesplai\",\"isPartOf\":{\"@id\":\"https:\\\/\\\/fundesplai.org\\\/es\\\/#website\"},\"primaryImageOfPage\":{\"@id\":\"https:\\\/\\\/fundesplai.org\\\/es\\\/informa-t\\\/actualitat-es\\\/figueres-acoge-las-jornadas-de-la-fmrp-sobre-transformacion-educativa\\\/#primaryimage\"},\"image\":{\"@id\":\"https:\\\/\\\/fundesplai.org\\\/es\\\/informa-t\\\/actualitat-es\\\/figueres-acoge-las-jornadas-de-la-fmrp-sobre-transformacion-educativa\\\/#primaryimage\"},\"thumbnailUrl\":\"https:\\\/\\\/fundesplai.org\\\/test-joomla\\\/wp-content\\\/uploads\\\/sites\\\/26\\\/2017\\\/03\\\/Figueres2-web.jpg\",\"datePublished\":\"2017-03-21T16:39:16+00:00\",\"author\":{\"@id\":\"https:\\\/\\\/fundesplai.org\\\/es\\\/#\\\/schema\\\/person\\\/c0e9e7466bb8ac06f5264324a6109733\"},\"breadcrumb\":{\"@id\":\"https:\\\/\\\/fundesplai.org\\\/es\\\/informa-t\\\/actualitat-es\\\/figueres-acoge-las-jornadas-de-la-fmrp-sobre-transformacion-educativa\\\/#breadcrumb\"},\"inLanguage\":\"es\",\"potentialAction\":[{\"@type\":\"ReadAction\",\"target\":[\"https:\\\/\\\/fundesplai.org\\\/es\\\/informa-t\\\/actualitat-es\\\/figueres-acoge-las-jornadas-de-la-fmrp-sobre-transformacion-educativa\\\/\"]}]},{\"@type\":\"ImageObject\",\"inLanguage\":\"es\",\"@id\":\"https:\\\/\\\/fundesplai.org\\\/es\\\/informa-t\\\/actualitat-es\\\/figueres-acoge-las-jornadas-de-la-fmrp-sobre-transformacion-educativa\\\/#primaryimage\",\"url\":\"https:\\\/\\\/fundesplai.org\\\/test-joomla\\\/wp-content\\\/uploads\\\/sites\\\/26\\\/2017\\\/03\\\/Figueres2-web.jpg\",\"contentUrl\":\"https:\\\/\\\/fundesplai.org\\\/test-joomla\\\/wp-content\\\/uploads\\\/sites\\\/26\\\/2017\\\/03\\\/Figueres2-web.jpg\"},{\"@type\":\"BreadcrumbList\",\"@id\":\"https:\\\/\\\/fundesplai.org\\\/es\\\/informa-t\\\/actualitat-es\\\/figueres-acoge-las-jornadas-de-la-fmrp-sobre-transformacion-educativa\\\/#breadcrumb\",\"itemListElement\":[{\"@type\":\"ListItem\",\"position\":1,\"name\":\"Inici\",\"item\":\"https:\\\/\\\/fundesplai.org\\\/es\\\/inicio\\\/\"},{\"@type\":\"ListItem\",\"position\":2,\"name\":\"Inf\u00f3rmate\",\"item\":\"https:\\\/\\\/fundesplai.org\\\/es\\\/informate\\\/\"},{\"@type\":\"ListItem\",\"position\":3,\"name\":\"Sin categor\u00eda\",\"item\":\"https:\\\/\\\/fundesplai.org\\\/es\\\/informa-t\\\/category\\\/sin-categoria\\\/\"},{\"@type\":\"ListItem\",\"position\":4,\"name\":\"Figueres acoge las Jornadas de la FMRP sobre Transformaci\u00f3n Educativa\"}]},{\"@type\":\"WebSite\",\"@id\":\"https:\\\/\\\/fundesplai.org\\\/es\\\/#website\",\"url\":\"https:\\\/\\\/fundesplai.org\\\/es\\\/\",\"name\":\"Fundesplai\",\"description\":\"Eduquem per la conviv\u00e8ncia i la sostenibilitat\",\"potentialAction\":[{\"@type\":\"SearchAction\",\"target\":{\"@type\":\"EntryPoint\",\"urlTemplate\":\"https:\\\/\\\/fundesplai.org\\\/es\\\/?s={search_term_string}\"},\"query-input\":{\"@type\":\"PropertyValueSpecification\",\"valueRequired\":true,\"valueName\":\"search_term_string\"}}],\"inLanguage\":\"es\"},{\"@type\":\"Person\",\"@id\":\"https:\\\/\\\/fundesplai.org\\\/es\\\/#\\\/schema\\\/person\\\/c0e9e7466bb8ac06f5264324a6109733\",\"name\":\"Alfons Valle\",\"image\":{\"@type\":\"ImageObject\",\"inLanguage\":\"es\",\"@id\":\"https:\\\/\\\/secure.gravatar.com\\\/avatar\\\/71d95a3f99a068ba570ac1314ed6911a59c5ae3f22ffcf23631cd1a861a640bc?s=96&d=mm&r=g\",\"url\":\"https:\\\/\\\/secure.gravatar.com\\\/avatar\\\/71d95a3f99a068ba570ac1314ed6911a59c5ae3f22ffcf23631cd1a861a640bc?s=96&d=mm&r=g\",\"contentUrl\":\"https:\\\/\\\/secure.gravatar.com\\\/avatar\\\/71d95a3f99a068ba570ac1314ed6911a59c5ae3f22ffcf23631cd1a861a640bc?s=96&d=mm&r=g\",\"caption\":\"Alfons Valle\"},\"url\":\"https:\\\/\\\/fundesplai.org\\\/es\\\/informa-t\\\/author\\\/avalle\\\/\"}]}<\/script>\n<!-- \/ Yoast SEO plugin. -->","yoast_head_json":{"title":"Figueres acoge las Jornadas de la FMRP sobre Transformaci\u00f3n Educativa - Fundesplai","robots":{"index":"index","follow":"follow","max-snippet":"max-snippet:-1","max-image-preview":"max-image-preview:large","max-video-preview":"max-video-preview:-1"},"canonical":"https:\/\/fundesplai.org\/es\/informa-t\/actualitat-es\/figueres-acoge-las-jornadas-de-la-fmrp-sobre-transformacion-educativa\/","og_locale":"es_ES","og_type":"article","og_title":"Figueres acoge las Jornadas de la FMRP sobre Transformaci\u00f3n Educativa - Fundesplai","og_description":"Los pasados 10 y 11 de marzo de 2017, Figueres fue el escenario que reuni\u00f3 una amplia representaci\u00f3n de los movimientos de renovaci\u00f3n pedagog\u00eda de toda Catalu\u00f1a, entre ellos Fundesplai.","og_url":"https:\/\/fundesplai.org\/es\/informa-t\/actualitat-es\/figueres-acoge-las-jornadas-de-la-fmrp-sobre-transformacion-educativa\/","og_site_name":"Fundesplai","article_published_time":"2017-03-21T16:39:16+00:00","og_image":[{"url":"https:\/\/fundesplai.org\/test-joomla\/wp-content\/uploads\/sites\/26\/2017\/03\/Figueres2-web.jpg","type":"","width":"","height":""}],"author":"Alfons Valle","twitter_card":"summary_large_image","twitter_misc":{"Escrito por":"Alfons Valle","Tiempo de lectura":"1 minuto"},"schema":{"@context":"https:\/\/schema.org","@graph":[{"@type":"Article","@id":"https:\/\/fundesplai.org\/es\/informa-t\/actualitat-es\/figueres-acoge-las-jornadas-de-la-fmrp-sobre-transformacion-educativa\/#article","isPartOf":{"@id":"https:\/\/fundesplai.org\/es\/informa-t\/actualitat-es\/figueres-acoge-las-jornadas-de-la-fmrp-sobre-transformacion-educativa\/"},"author":{"name":"Alfons Valle","@id":"https:\/\/fundesplai.org\/es\/#\/schema\/person\/c0e9e7466bb8ac06f5264324a6109733"},"headline":"Figueres acoge las Jornadas de la FMRP sobre Transformaci\u00f3n Educativa","datePublished":"2017-03-21T16:39:16+00:00","mainEntityOfPage":{"@id":"https:\/\/fundesplai.org\/es\/informa-t\/actualitat-es\/figueres-acoge-las-jornadas-de-la-fmrp-sobre-transformacion-educativa\/"},"wordCount":232,"image":{"@id":"https:\/\/fundesplai.org\/es\/informa-t\/actualitat-es\/figueres-acoge-las-jornadas-de-la-fmrp-sobre-transformacion-educativa\/#primaryimage"},"thumbnailUrl":"https:\/\/fundesplai.org\/test-joomla\/wp-content\/uploads\/sites\/26\/2017\/03\/Figueres2-web.jpg","articleSection":["Actualitat"],"inLanguage":"es"},{"@type":"WebPage","@id":"https:\/\/fundesplai.org\/es\/informa-t\/actualitat-es\/figueres-acoge-las-jornadas-de-la-fmrp-sobre-transformacion-educativa\/","url":"https:\/\/fundesplai.org\/es\/informa-t\/actualitat-es\/figueres-acoge-las-jornadas-de-la-fmrp-sobre-transformacion-educativa\/","name":"Figueres acoge las Jornadas de la FMRP sobre Transformaci\u00f3n Educativa - Fundesplai","isPartOf":{"@id":"https:\/\/fundesplai.org\/es\/#website"},"primaryImageOfPage":{"@id":"https:\/\/fundesplai.org\/es\/informa-t\/actualitat-es\/figueres-acoge-las-jornadas-de-la-fmrp-sobre-transformacion-educativa\/#primaryimage"},"image":{"@id":"https:\/\/fundesplai.org\/es\/informa-t\/actualitat-es\/figueres-acoge-las-jornadas-de-la-fmrp-sobre-transformacion-educativa\/#primaryimage"},"thumbnailUrl":"https:\/\/fundesplai.org\/test-joomla\/wp-content\/uploads\/sites\/26\/2017\/03\/Figueres2-web.jpg","datePublished":"2017-03-21T16:39:16+00:00","author":{"@id":"https:\/\/fundesplai.org\/es\/#\/schema\/person\/c0e9e7466bb8ac06f5264324a6109733"},"breadcrumb":{"@id":"https:\/\/fundesplai.org\/es\/informa-t\/actualitat-es\/figueres-acoge-las-jornadas-de-la-fmrp-sobre-transformacion-educativa\/#breadcrumb"},"inLanguage":"es","potentialAction":[{"@type":"ReadAction","target":["https:\/\/fundesplai.org\/es\/informa-t\/actualitat-es\/figueres-acoge-las-jornadas-de-la-fmrp-sobre-transformacion-educativa\/"]}]},{"@type":"ImageObject","inLanguage":"es","@id":"https:\/\/fundesplai.org\/es\/informa-t\/actualitat-es\/figueres-acoge-las-jornadas-de-la-fmrp-sobre-transformacion-educativa\/#primaryimage","url":"https:\/\/fundesplai.org\/test-joomla\/wp-content\/uploads\/sites\/26\/2017\/03\/Figueres2-web.jpg","contentUrl":"https:\/\/fundesplai.org\/test-joomla\/wp-content\/uploads\/sites\/26\/2017\/03\/Figueres2-web.jpg"},{"@type":"BreadcrumbList","@id":"https:\/\/fundesplai.org\/es\/informa-t\/actualitat-es\/figueres-acoge-las-jornadas-de-la-fmrp-sobre-transformacion-educativa\/#breadcrumb","itemListElement":[{"@type":"ListItem","position":1,"name":"Inici","item":"https:\/\/fundesplai.org\/es\/inicio\/"},{"@type":"ListItem","position":2,"name":"Inf\u00f3rmate","item":"https:\/\/fundesplai.org\/es\/informate\/"},{"@type":"ListItem","position":3,"name":"Sin categor\u00eda","item":"https:\/\/fundesplai.org\/es\/informa-t\/category\/sin-categoria\/"},{"@type":"ListItem","position":4,"name":"Figueres acoge las Jornadas de la FMRP sobre Transformaci\u00f3n Educativa"}]},{"@type":"WebSite","@id":"https:\/\/fundesplai.org\/es\/#website","url":"https:\/\/fundesplai.org\/es\/","name":"Fundesplai","description":"Eduquem per la conviv\u00e8ncia i la sostenibilitat","potentialAction":[{"@type":"SearchAction","target":{"@type":"EntryPoint","urlTemplate":"https:\/\/fundesplai.org\/es\/?s={search_term_string}"},"query-input":{"@type":"PropertyValueSpecification","valueRequired":true,"valueName":"search_term_string"}}],"inLanguage":"es"},{"@type":"Person","@id":"https:\/\/fundesplai.org\/es\/#\/schema\/person\/c0e9e7466bb8ac06f5264324a6109733","name":"Alfons Valle","image":{"@type":"ImageObject","inLanguage":"es","@id":"https:\/\/secure.gravatar.com\/avatar\/71d95a3f99a068ba570ac1314ed6911a59c5ae3f22ffcf23631cd1a861a640bc?s=96&d=mm&r=g","url":"https:\/\/secure.gravatar.com\/avatar\/71d95a3f99a068ba570ac1314ed6911a59c5ae3f22ffcf23631cd1a861a640bc?s=96&d=mm&r=g","contentUrl":"https:\/\/secure.gravatar.com\/avatar\/71d95a3f99a068ba570ac1314ed6911a59c5ae3f22ffcf23631cd1a861a640bc?s=96&d=mm&r=g","caption":"Alfons Valle"},"url":"https:\/\/fundesplai.org\/es\/informa-t\/author\/avalle\/"}]}},"_links":{"self":[{"href":"https:\/\/fundesplai.org\/es\/wp-json\/wp\/v2\/posts\/47704","targetHints":{"allow":["GET"]}}],"collection":[{"href":"https:\/\/fundesplai.org\/es\/wp-json\/wp\/v2\/posts"}],"about":[{"href":"https:\/\/fundesplai.org\/es\/wp-json\/wp\/v2\/types\/post"}],"author":[{"embeddable":true,"href":"https:\/\/fundesplai.org\/es\/wp-json\/wp\/v2\/users\/9"}],"replies":[{"embeddable":true,"href":"https:\/\/fundesplai.org\/es\/wp-json\/wp\/v2\/comments?post=47704"}],"version-history":[{"count":0,"href":"https:\/\/fundesplai.org\/es\/wp-json\/wp\/v2\/posts\/47704\/revisions"}],"wp:attachment":[{"href":"https:\/\/fundesplai.org\/es\/wp-json\/wp\/v2\/media?parent=47704"}],"wp:term":[{"taxonomy":"category","embeddable":true,"href":"https:\/\/fundesplai.org\/es\/wp-json\/wp\/v2\/categories?post=47704"},{"taxonomy":"post_tag","embeddable":true,"href":"https:\/\/fundesplai.org\/es\/wp-json\/wp\/v2\/tags?post=47704"}],"curies":[{"name":"wp","href":"https:\/\/api.w.org\/{rel}","templated":true}]}}