{"id":47700,"date":"2017-03-16T17:36:07","date_gmt":"2017-03-16T16:36:07","guid":{"rendered":"https:\/\/fundesplai.org\/informa-t\/sense-categoria\/entrevista-con-la-chef-ada-oliveras\/"},"modified":"2017-03-16T17:36:07","modified_gmt":"2017-03-16T16:36:07","slug":"entrevista-con-la-chef-ada-oliveras","status":"publish","type":"post","link":"https:\/\/fundesplai.org\/es\/informa-t\/actualitat-es\/entrevista-con-la-chef-ada-oliveras\/","title":{"rendered":"Entrevista con la chef Ada Oliveras"},"content":{"rendered":"<p>Entrevista con la chef <a href=\"https:\/\/escoles.fundesplai.org\/blog\/per-educar-en-lalimentacio-necessitem-una-cadira-de-tres-potes-el-temps-la-constancia-i-lalegria\/\"><strong>Ada Oliveras<\/strong><\/a> del Restaurante Semproniana de Barcelona sobre educaci\u00f3n, alimentaci\u00f3n, salud&#8230; y muchos temas m\u00e1s!<\/p>\n<p><!--more--><\/p>\n<h3>\u00abPara educar en la alimentaci\u00f3n necesitamos una silla de tres patas: el tiempo, la constancia y la alegr\u00eda\u00bb<\/h3>\n<p><strong>Ada Oliveras<\/strong>&nbsp;es la gran chef que dirige el&nbsp;restaurante&nbsp;<a href=\"https:\/\/semproniana.net\/ca\/\">Semproniana<\/a>&nbsp;Barcelona. Imparte talleres&nbsp;de cocina para ni\u00f1os, adolescentes y adultos. Hace tiempo que se dedica tambi\u00e9n a promover los h\u00e1bitos alimentarios saludables y el reaprovechamiento alimentario. En 2016 recibi\u00f3 la Creu de Sant Jordi&nbsp;en reconocimiento de&nbsp;su trayectoria en el mundo&nbsp;de la restauraci\u00f3n.<\/p>\n<p><a href=\"https:\/\/escoles.fundesplai.org\/blog\/per-educar-en-lalimentacio-necessitem-una-cadira-de-tres-potes-el-temps-la-constancia-i-lalegria\/\">Lea la entrevista completa<\/a> y vea el v\u00eddeo.<\/p>\n<p><strong><strong><strong><strong><strong><strong><strong><strong><strong>{youtube}<a href=\"https:\/\/youtu.be\/yF1ZpHt9pxE\">yF1ZpHt9pxE<\/a>?showinfo=0&amp;controles=0|560|315|amerindios=0|asi\u00e1ticos=0|isle\u00f1os=0|asi\u00e1ticos=0|isle\u00f1os=0|asi\u00e1ticos=0|isle\u00f1os=0|asi\u00e1ticos=0|isle\u00f1os=0|a{\/youtube}<\/strong><\/strong><\/strong><\/strong><\/strong><\/strong><\/strong><\/strong><\/strong><\/p>\n<p><a href=\"https:\/\/youtu.be\/yF1ZpHt9pxE\"><\/a><\/p>\n","protected":false},"excerpt":{"rendered":"<p>Entrevista con la chef Ada Oliveras del Restaurante Semproniana de Barcelona sobre educaci\u00f3n, alimentaci\u00f3n, salud&#8230; y muchos temas m\u00e1s!<\/p>\n","protected":false},"author":9,"featured_media":0,"comment_status":"closed","ping_status":"closed","sticky":false,"template":"","format":"standard","meta":{"_et_pb_use_builder":"","_et_pb_old_content":"","_et_gb_content_width":"","footnotes":""},"categories":[937],"tags":[],"class_list":["post-47700","post","type-post","status-publish","format-standard","hentry","category-actualitat-es"],"yoast_head":"<!-- This site is optimized with the Yoast SEO plugin v27.4 - https:\/\/yoast.com\/product\/yoast-seo-wordpress\/ -->\n<title>Entrevista con la chef Ada Oliveras - Fundesplai<\/title>\n<meta name=\"robots\" content=\"index, follow, max-snippet:-1, max-image-preview:large, max-video-preview:-1\" \/>\n<link rel=\"canonical\" href=\"https:\/\/fundesplai.org\/es\/informa-t\/actualitat-es\/entrevista-con-la-chef-ada-oliveras\/\" \/>\n<meta property=\"og:locale\" content=\"es_ES\" \/>\n<meta property=\"og:type\" content=\"article\" \/>\n<meta property=\"og:title\" content=\"Entrevista con la chef Ada Oliveras - Fundesplai\" \/>\n<meta property=\"og:description\" content=\"Entrevista con la chef Ada Oliveras del Restaurante Semproniana de Barcelona sobre educaci\u00f3n, alimentaci\u00f3n, salud&#8230; y muchos temas m\u00e1s!\" \/>\n<meta property=\"og:url\" content=\"https:\/\/fundesplai.org\/es\/informa-t\/actualitat-es\/entrevista-con-la-chef-ada-oliveras\/\" \/>\n<meta property=\"og:site_name\" content=\"Fundesplai\" \/>\n<meta property=\"article:published_time\" content=\"2017-03-16T16:36:07+00:00\" \/>\n<meta name=\"author\" content=\"Alfons Valle\" \/>\n<meta name=\"twitter:card\" content=\"summary_large_image\" \/>\n<meta name=\"twitter:label1\" content=\"Escrito por\" \/>\n\t<meta name=\"twitter:data1\" content=\"Alfons Valle\" \/>\n\t<meta name=\"twitter:label2\" content=\"Tiempo de lectura\" \/>\n\t<meta name=\"twitter:data2\" content=\"1 minuto\" \/>\n<script type=\"application\/ld+json\" class=\"yoast-schema-graph\">{\"@context\":\"https:\\\/\\\/schema.org\",\"@graph\":[{\"@type\":\"Article\",\"@id\":\"https:\\\/\\\/fundesplai.org\\\/es\\\/informa-t\\\/actualitat-es\\\/entrevista-con-la-chef-ada-oliveras\\\/#article\",\"isPartOf\":{\"@id\":\"https:\\\/\\\/fundesplai.org\\\/es\\\/informa-t\\\/actualitat-es\\\/entrevista-con-la-chef-ada-oliveras\\\/\"},\"author\":{\"name\":\"Alfons Valle\",\"@id\":\"https:\\\/\\\/fundesplai.org\\\/es\\\/#\\\/schema\\\/person\\\/c0e9e7466bb8ac06f5264324a6109733\"},\"headline\":\"Entrevista con la chef Ada Oliveras\",\"datePublished\":\"2017-03-16T16:36:07+00:00\",\"mainEntityOfPage\":{\"@id\":\"https:\\\/\\\/fundesplai.org\\\/es\\\/informa-t\\\/actualitat-es\\\/entrevista-con-la-chef-ada-oliveras\\\/\"},\"wordCount\":150,\"articleSection\":[\"Actualitat\"],\"inLanguage\":\"es\"},{\"@type\":\"WebPage\",\"@id\":\"https:\\\/\\\/fundesplai.org\\\/es\\\/informa-t\\\/actualitat-es\\\/entrevista-con-la-chef-ada-oliveras\\\/\",\"url\":\"https:\\\/\\\/fundesplai.org\\\/es\\\/informa-t\\\/actualitat-es\\\/entrevista-con-la-chef-ada-oliveras\\\/\",\"name\":\"Entrevista con la chef Ada Oliveras - Fundesplai\",\"isPartOf\":{\"@id\":\"https:\\\/\\\/fundesplai.org\\\/es\\\/#website\"},\"datePublished\":\"2017-03-16T16:36:07+00:00\",\"author\":{\"@id\":\"https:\\\/\\\/fundesplai.org\\\/es\\\/#\\\/schema\\\/person\\\/c0e9e7466bb8ac06f5264324a6109733\"},\"breadcrumb\":{\"@id\":\"https:\\\/\\\/fundesplai.org\\\/es\\\/informa-t\\\/actualitat-es\\\/entrevista-con-la-chef-ada-oliveras\\\/#breadcrumb\"},\"inLanguage\":\"es\",\"potentialAction\":[{\"@type\":\"ReadAction\",\"target\":[\"https:\\\/\\\/fundesplai.org\\\/es\\\/informa-t\\\/actualitat-es\\\/entrevista-con-la-chef-ada-oliveras\\\/\"]}]},{\"@type\":\"BreadcrumbList\",\"@id\":\"https:\\\/\\\/fundesplai.org\\\/es\\\/informa-t\\\/actualitat-es\\\/entrevista-con-la-chef-ada-oliveras\\\/#breadcrumb\",\"itemListElement\":[{\"@type\":\"ListItem\",\"position\":1,\"name\":\"Inici\",\"item\":\"https:\\\/\\\/fundesplai.org\\\/es\\\/inicio\\\/\"},{\"@type\":\"ListItem\",\"position\":2,\"name\":\"Inf\u00f3rmate\",\"item\":\"https:\\\/\\\/fundesplai.org\\\/es\\\/informate\\\/\"},{\"@type\":\"ListItem\",\"position\":3,\"name\":\"Sin categor\u00eda\",\"item\":\"https:\\\/\\\/fundesplai.org\\\/es\\\/informa-t\\\/category\\\/sin-categoria\\\/\"},{\"@type\":\"ListItem\",\"position\":4,\"name\":\"Entrevista con la chef Ada Oliveras\"}]},{\"@type\":\"WebSite\",\"@id\":\"https:\\\/\\\/fundesplai.org\\\/es\\\/#website\",\"url\":\"https:\\\/\\\/fundesplai.org\\\/es\\\/\",\"name\":\"Fundesplai\",\"description\":\"Eduquem per la conviv\u00e8ncia i la sostenibilitat\",\"potentialAction\":[{\"@type\":\"SearchAction\",\"target\":{\"@type\":\"EntryPoint\",\"urlTemplate\":\"https:\\\/\\\/fundesplai.org\\\/es\\\/?s={search_term_string}\"},\"query-input\":{\"@type\":\"PropertyValueSpecification\",\"valueRequired\":true,\"valueName\":\"search_term_string\"}}],\"inLanguage\":\"es\"},{\"@type\":\"Person\",\"@id\":\"https:\\\/\\\/fundesplai.org\\\/es\\\/#\\\/schema\\\/person\\\/c0e9e7466bb8ac06f5264324a6109733\",\"name\":\"Alfons Valle\",\"image\":{\"@type\":\"ImageObject\",\"inLanguage\":\"es\",\"@id\":\"https:\\\/\\\/secure.gravatar.com\\\/avatar\\\/71d95a3f99a068ba570ac1314ed6911a59c5ae3f22ffcf23631cd1a861a640bc?s=96&d=mm&r=g\",\"url\":\"https:\\\/\\\/secure.gravatar.com\\\/avatar\\\/71d95a3f99a068ba570ac1314ed6911a59c5ae3f22ffcf23631cd1a861a640bc?s=96&d=mm&r=g\",\"contentUrl\":\"https:\\\/\\\/secure.gravatar.com\\\/avatar\\\/71d95a3f99a068ba570ac1314ed6911a59c5ae3f22ffcf23631cd1a861a640bc?s=96&d=mm&r=g\",\"caption\":\"Alfons Valle\"},\"url\":\"https:\\\/\\\/fundesplai.org\\\/es\\\/informa-t\\\/author\\\/avalle\\\/\"}]}<\/script>\n<!-- \/ Yoast SEO plugin. -->","yoast_head_json":{"title":"Entrevista con la chef Ada Oliveras - Fundesplai","robots":{"index":"index","follow":"follow","max-snippet":"max-snippet:-1","max-image-preview":"max-image-preview:large","max-video-preview":"max-video-preview:-1"},"canonical":"https:\/\/fundesplai.org\/es\/informa-t\/actualitat-es\/entrevista-con-la-chef-ada-oliveras\/","og_locale":"es_ES","og_type":"article","og_title":"Entrevista con la chef Ada Oliveras - Fundesplai","og_description":"Entrevista con la chef Ada Oliveras del Restaurante Semproniana de Barcelona sobre educaci\u00f3n, alimentaci\u00f3n, salud&#8230; y muchos temas m\u00e1s!","og_url":"https:\/\/fundesplai.org\/es\/informa-t\/actualitat-es\/entrevista-con-la-chef-ada-oliveras\/","og_site_name":"Fundesplai","article_published_time":"2017-03-16T16:36:07+00:00","author":"Alfons Valle","twitter_card":"summary_large_image","twitter_misc":{"Escrito por":"Alfons Valle","Tiempo de lectura":"1 minuto"},"schema":{"@context":"https:\/\/schema.org","@graph":[{"@type":"Article","@id":"https:\/\/fundesplai.org\/es\/informa-t\/actualitat-es\/entrevista-con-la-chef-ada-oliveras\/#article","isPartOf":{"@id":"https:\/\/fundesplai.org\/es\/informa-t\/actualitat-es\/entrevista-con-la-chef-ada-oliveras\/"},"author":{"name":"Alfons Valle","@id":"https:\/\/fundesplai.org\/es\/#\/schema\/person\/c0e9e7466bb8ac06f5264324a6109733"},"headline":"Entrevista con la chef Ada Oliveras","datePublished":"2017-03-16T16:36:07+00:00","mainEntityOfPage":{"@id":"https:\/\/fundesplai.org\/es\/informa-t\/actualitat-es\/entrevista-con-la-chef-ada-oliveras\/"},"wordCount":150,"articleSection":["Actualitat"],"inLanguage":"es"},{"@type":"WebPage","@id":"https:\/\/fundesplai.org\/es\/informa-t\/actualitat-es\/entrevista-con-la-chef-ada-oliveras\/","url":"https:\/\/fundesplai.org\/es\/informa-t\/actualitat-es\/entrevista-con-la-chef-ada-oliveras\/","name":"Entrevista con la chef Ada Oliveras - Fundesplai","isPartOf":{"@id":"https:\/\/fundesplai.org\/es\/#website"},"datePublished":"2017-03-16T16:36:07+00:00","author":{"@id":"https:\/\/fundesplai.org\/es\/#\/schema\/person\/c0e9e7466bb8ac06f5264324a6109733"},"breadcrumb":{"@id":"https:\/\/fundesplai.org\/es\/informa-t\/actualitat-es\/entrevista-con-la-chef-ada-oliveras\/#breadcrumb"},"inLanguage":"es","potentialAction":[{"@type":"ReadAction","target":["https:\/\/fundesplai.org\/es\/informa-t\/actualitat-es\/entrevista-con-la-chef-ada-oliveras\/"]}]},{"@type":"BreadcrumbList","@id":"https:\/\/fundesplai.org\/es\/informa-t\/actualitat-es\/entrevista-con-la-chef-ada-oliveras\/#breadcrumb","itemListElement":[{"@type":"ListItem","position":1,"name":"Inici","item":"https:\/\/fundesplai.org\/es\/inicio\/"},{"@type":"ListItem","position":2,"name":"Inf\u00f3rmate","item":"https:\/\/fundesplai.org\/es\/informate\/"},{"@type":"ListItem","position":3,"name":"Sin categor\u00eda","item":"https:\/\/fundesplai.org\/es\/informa-t\/category\/sin-categoria\/"},{"@type":"ListItem","position":4,"name":"Entrevista con la chef Ada Oliveras"}]},{"@type":"WebSite","@id":"https:\/\/fundesplai.org\/es\/#website","url":"https:\/\/fundesplai.org\/es\/","name":"Fundesplai","description":"Eduquem per la conviv\u00e8ncia i la sostenibilitat","potentialAction":[{"@type":"SearchAction","target":{"@type":"EntryPoint","urlTemplate":"https:\/\/fundesplai.org\/es\/?s={search_term_string}"},"query-input":{"@type":"PropertyValueSpecification","valueRequired":true,"valueName":"search_term_string"}}],"inLanguage":"es"},{"@type":"Person","@id":"https:\/\/fundesplai.org\/es\/#\/schema\/person\/c0e9e7466bb8ac06f5264324a6109733","name":"Alfons Valle","image":{"@type":"ImageObject","inLanguage":"es","@id":"https:\/\/secure.gravatar.com\/avatar\/71d95a3f99a068ba570ac1314ed6911a59c5ae3f22ffcf23631cd1a861a640bc?s=96&d=mm&r=g","url":"https:\/\/secure.gravatar.com\/avatar\/71d95a3f99a068ba570ac1314ed6911a59c5ae3f22ffcf23631cd1a861a640bc?s=96&d=mm&r=g","contentUrl":"https:\/\/secure.gravatar.com\/avatar\/71d95a3f99a068ba570ac1314ed6911a59c5ae3f22ffcf23631cd1a861a640bc?s=96&d=mm&r=g","caption":"Alfons Valle"},"url":"https:\/\/fundesplai.org\/es\/informa-t\/author\/avalle\/"}]}},"_links":{"self":[{"href":"https:\/\/fundesplai.org\/es\/wp-json\/wp\/v2\/posts\/47700","targetHints":{"allow":["GET"]}}],"collection":[{"href":"https:\/\/fundesplai.org\/es\/wp-json\/wp\/v2\/posts"}],"about":[{"href":"https:\/\/fundesplai.org\/es\/wp-json\/wp\/v2\/types\/post"}],"author":[{"embeddable":true,"href":"https:\/\/fundesplai.org\/es\/wp-json\/wp\/v2\/users\/9"}],"replies":[{"embeddable":true,"href":"https:\/\/fundesplai.org\/es\/wp-json\/wp\/v2\/comments?post=47700"}],"version-history":[{"count":0,"href":"https:\/\/fundesplai.org\/es\/wp-json\/wp\/v2\/posts\/47700\/revisions"}],"wp:attachment":[{"href":"https:\/\/fundesplai.org\/es\/wp-json\/wp\/v2\/media?parent=47700"}],"wp:term":[{"taxonomy":"category","embeddable":true,"href":"https:\/\/fundesplai.org\/es\/wp-json\/wp\/v2\/categories?post=47700"},{"taxonomy":"post_tag","embeddable":true,"href":"https:\/\/fundesplai.org\/es\/wp-json\/wp\/v2\/tags?post=47700"}],"curies":[{"name":"wp","href":"https:\/\/api.w.org\/{rel}","templated":true}]}}