{"id":47698,"date":"2017-03-10T11:33:15","date_gmt":"2017-03-10T10:33:15","guid":{"rendered":"https:\/\/fundesplai.org\/informa-t\/sense-categoria\/11-de-marzo-los-esplais-participan-en-cimsxlainfancia\/"},"modified":"2017-03-10T11:33:15","modified_gmt":"2017-03-10T10:33:15","slug":"11-de-marzo-los-esplais-participan-en-cimsxlainfancia","status":"publish","type":"post","link":"https:\/\/fundesplai.org\/es\/informa-t\/actualitat-es\/11-de-marzo-los-esplais-participan-en-cimsxlainfancia\/","title":{"rendered":"11 de marzo los esplais participan en #cimsxlainfancia"},"content":{"rendered":"<p>Por segundo a\u00f1o consecutivo, y en el marco de la propuesta educativa <a href=\"http:\/\/projectes.fundesplai.org\/camins\/\"><strong>#Camins<\/strong><\/a>, los recreos de la <a href=\"http:\/\/esplai.fundesplai.org\">Federaci\u00f3n Catalana del Esplai <\/a>volvemos a salir de excursi\u00f3n bajo el reto colectivo <a href=\"https:\/\/gimcana.fundesplai.org\/\">#cimsxlainfancia<\/a>, con el objetivo de coronar las monta\u00f1as m\u00e1s emblem\u00e1ticas de nuestros pueblos y comarcas de manera simult\u00e1nea!<\/p>\n<p><!--more--><\/p>\n<p class=\"intro\">Por segundo a\u00f1o consecutivo, y en el marco de la propuesta educativa <a href=\"http:\/\/projectes.fundesplai.org\/camins\/\">#Camins<\/a>, los recreos de la Federaci\u00f3n Catalana del Esplai volvemos a salir de excursi\u00f3n bajo el reto colectivo <a href=\"https:\/\/gimcana.fundesplai.org\/\">#cimsxlainf\u00e0ncia<\/a>, con el objetivo de coronar las monta\u00f1as m\u00e1s emblem\u00e1ticas de nuestros pueblos y comarcas de manera simult\u00e1nea!<\/p>\n<table style=\"width: 100%\">\n<tbody>\n<tr>\n<td colspan=\"2\"><img decoding=\"async\" class=\" size-full wp-image-4132\" src=\"https:\/\/fundesplai.org\/test-joomla\/wp-content\/uploads\/sites\/26\/2017\/03\/cims3.jpg\" alt=\"cumbres3\" width=\"100%\" height=\"NaN\"><\/td>\n<\/tr>\n<tr>\n<td><img decoding=\"async\" class=\" size-full wp-image-4139\" src=\"https:\/\/fundesplai.org\/test-joomla\/wp-content\/uploads\/sites\/26\/2017\/03\/cims.jpg\" alt=\"cumbres\" width=\"100%\" height=\"NaN\"><\/td>\n<td><img decoding=\"async\" class=\" size-full wp-image-4141\" src=\"https:\/\/fundesplai.org\/test-joomla\/wp-content\/uploads\/sites\/26\/2017\/03\/cims2.jpg\" alt=\"cumbres2\" width=\"100%\" height=\"NaN\"><\/td>\n<\/tr>\n<tr>\n<td><img decoding=\"async\" class=\" size-full wp-image-4146\" src=\"https:\/\/fundesplai.org\/test-joomla\/wp-content\/uploads\/sites\/26\/2017\/03\/cims4.jpg\" alt=\"cumbres4\" width=\"100%\" height=\"NaN\"><\/td>\n<td><img decoding=\"async\" class=\" size-full wp-image-4147\" src=\"https:\/\/fundesplai.org\/test-joomla\/wp-content\/uploads\/sites\/26\/2017\/03\/cims5.jpg\" alt=\"cumbres5\" width=\"100%\" height=\"NaN\"><\/td>\n<\/tr>\n<\/tbody>\n<\/table>\n<p>Ya son 20 los esplais que han organizado esta salida con sus ni\u00f1os, j\u00f3venes, monitores y monitoras, y familias, y cada uno est\u00e1 preparando la ruta con mucho entusiasmo. \u00bfQuieres conocer algunos de ellos?<\/p>\n<ul>\n<li>Sant Jeroni (1.224) Esplai Bellvitge<\/li>\n<li>La Mola (1.107) Equipo t\u00e9cnico de la Federaci\u00f3n Catalana del Recreo<\/li>\n<li>La Molina (1.056) Esplai GISC<\/li>\n<li>Mirador de Bass\u00eds (970) Esplai Montmella Cases Can Vidalet<\/li>\n<li>Sant Miquel. (800) Esplai Salsa Jove<\/li>\n<li>Puig Graci\u00f3s (696) Esplai Espirall<\/li>\n<li>Cerro de la Guardia (488) Recreo Adentro etc..<\/li>\n<\/ul>\n<p><strong><a href=\"http:\/\/esplai.fundesplai.org\/noticies\/11-de-marc-cimsxlainfancia\/\">M\u00e1s informaci\u00f3n<\/a><\/strong><\/p>\n","protected":false},"excerpt":{"rendered":"<p>Por segundo a\u00f1o consecutivo, y en el marco de la propuesta educativa #Camins, los recreos de la Federaci\u00f3n Catalana del Esplai volvemos a salir de excursi\u00f3n bajo el reto colectivo #cimsxlainfancia, con el objetivo de coronar las monta\u00f1as m\u00e1s emblem\u00e1ticas de nuestros pueblos y comarcas de manera simult\u00e1nea!<\/p>\n","protected":false},"author":9,"featured_media":0,"comment_status":"closed","ping_status":"closed","sticky":false,"template":"","format":"standard","meta":{"_et_pb_use_builder":"","_et_pb_old_content":"","_et_gb_content_width":"","footnotes":""},"categories":[937],"tags":[],"class_list":["post-47698","post","type-post","status-publish","format-standard","hentry","category-actualitat-es"],"yoast_head":"<!-- This site is optimized with the Yoast SEO plugin v27.4 - https:\/\/yoast.com\/product\/yoast-seo-wordpress\/ -->\n<title>11 de marzo los esplais participan en #cimsxlainfancia - Fundesplai<\/title>\n<meta name=\"robots\" content=\"index, follow, max-snippet:-1, max-image-preview:large, max-video-preview:-1\" \/>\n<link rel=\"canonical\" href=\"https:\/\/fundesplai.org\/es\/informa-t\/actualitat-es\/11-de-marzo-los-esplais-participan-en-cimsxlainfancia\/\" \/>\n<meta property=\"og:locale\" content=\"es_ES\" \/>\n<meta property=\"og:type\" content=\"article\" \/>\n<meta property=\"og:title\" content=\"11 de marzo los esplais participan en #cimsxlainfancia - Fundesplai\" \/>\n<meta property=\"og:description\" content=\"Por segundo a\u00f1o consecutivo, y en el marco de la propuesta educativa #Camins, los recreos de la Federaci\u00f3n Catalana del Esplai volvemos a salir de excursi\u00f3n bajo el reto colectivo #cimsxlainfancia, con el objetivo de coronar las monta\u00f1as m\u00e1s emblem\u00e1ticas de nuestros pueblos y comarcas de manera simult\u00e1nea!\" \/>\n<meta property=\"og:url\" content=\"https:\/\/fundesplai.org\/es\/informa-t\/actualitat-es\/11-de-marzo-los-esplais-participan-en-cimsxlainfancia\/\" \/>\n<meta property=\"og:site_name\" content=\"Fundesplai\" \/>\n<meta property=\"article:published_time\" content=\"2017-03-10T10:33:15+00:00\" \/>\n<meta property=\"og:image\" content=\"https:\/\/fundesplai.org\/test-joomla\/wp-content\/uploads\/sites\/26\/2017\/03\/cims3.jpg\" \/>\n<meta name=\"author\" content=\"Alfons Valle\" \/>\n<meta name=\"twitter:card\" content=\"summary_large_image\" \/>\n<meta name=\"twitter:label1\" content=\"Escrito por\" \/>\n\t<meta name=\"twitter:data1\" content=\"Alfons Valle\" \/>\n\t<meta name=\"twitter:label2\" content=\"Tiempo de lectura\" \/>\n\t<meta name=\"twitter:data2\" content=\"1 minuto\" \/>\n<script type=\"application\/ld+json\" class=\"yoast-schema-graph\">{\"@context\":\"https:\\\/\\\/schema.org\",\"@graph\":[{\"@type\":\"Article\",\"@id\":\"https:\\\/\\\/fundesplai.org\\\/es\\\/informa-t\\\/actualitat-es\\\/11-de-marzo-los-esplais-participan-en-cimsxlainfancia\\\/#article\",\"isPartOf\":{\"@id\":\"https:\\\/\\\/fundesplai.org\\\/es\\\/informa-t\\\/actualitat-es\\\/11-de-marzo-los-esplais-participan-en-cimsxlainfancia\\\/\"},\"author\":{\"name\":\"Alfons Valle\",\"@id\":\"https:\\\/\\\/fundesplai.org\\\/es\\\/#\\\/schema\\\/person\\\/c0e9e7466bb8ac06f5264324a6109733\"},\"headline\":\"11 de marzo los esplais participan en #cimsxlainfancia\",\"datePublished\":\"2017-03-10T10:33:15+00:00\",\"mainEntityOfPage\":{\"@id\":\"https:\\\/\\\/fundesplai.org\\\/es\\\/informa-t\\\/actualitat-es\\\/11-de-marzo-los-esplais-participan-en-cimsxlainfancia\\\/\"},\"wordCount\":203,\"image\":{\"@id\":\"https:\\\/\\\/fundesplai.org\\\/es\\\/informa-t\\\/actualitat-es\\\/11-de-marzo-los-esplais-participan-en-cimsxlainfancia\\\/#primaryimage\"},\"thumbnailUrl\":\"https:\\\/\\\/fundesplai.org\\\/test-joomla\\\/wp-content\\\/uploads\\\/sites\\\/26\\\/2017\\\/03\\\/cims3.jpg\",\"articleSection\":[\"Actualitat\"],\"inLanguage\":\"es\"},{\"@type\":\"WebPage\",\"@id\":\"https:\\\/\\\/fundesplai.org\\\/es\\\/informa-t\\\/actualitat-es\\\/11-de-marzo-los-esplais-participan-en-cimsxlainfancia\\\/\",\"url\":\"https:\\\/\\\/fundesplai.org\\\/es\\\/informa-t\\\/actualitat-es\\\/11-de-marzo-los-esplais-participan-en-cimsxlainfancia\\\/\",\"name\":\"11 de marzo los esplais participan en #cimsxlainfancia - Fundesplai\",\"isPartOf\":{\"@id\":\"https:\\\/\\\/fundesplai.org\\\/es\\\/#website\"},\"primaryImageOfPage\":{\"@id\":\"https:\\\/\\\/fundesplai.org\\\/es\\\/informa-t\\\/actualitat-es\\\/11-de-marzo-los-esplais-participan-en-cimsxlainfancia\\\/#primaryimage\"},\"image\":{\"@id\":\"https:\\\/\\\/fundesplai.org\\\/es\\\/informa-t\\\/actualitat-es\\\/11-de-marzo-los-esplais-participan-en-cimsxlainfancia\\\/#primaryimage\"},\"thumbnailUrl\":\"https:\\\/\\\/fundesplai.org\\\/test-joomla\\\/wp-content\\\/uploads\\\/sites\\\/26\\\/2017\\\/03\\\/cims3.jpg\",\"datePublished\":\"2017-03-10T10:33:15+00:00\",\"author\":{\"@id\":\"https:\\\/\\\/fundesplai.org\\\/es\\\/#\\\/schema\\\/person\\\/c0e9e7466bb8ac06f5264324a6109733\"},\"breadcrumb\":{\"@id\":\"https:\\\/\\\/fundesplai.org\\\/es\\\/informa-t\\\/actualitat-es\\\/11-de-marzo-los-esplais-participan-en-cimsxlainfancia\\\/#breadcrumb\"},\"inLanguage\":\"es\",\"potentialAction\":[{\"@type\":\"ReadAction\",\"target\":[\"https:\\\/\\\/fundesplai.org\\\/es\\\/informa-t\\\/actualitat-es\\\/11-de-marzo-los-esplais-participan-en-cimsxlainfancia\\\/\"]}]},{\"@type\":\"ImageObject\",\"inLanguage\":\"es\",\"@id\":\"https:\\\/\\\/fundesplai.org\\\/es\\\/informa-t\\\/actualitat-es\\\/11-de-marzo-los-esplais-participan-en-cimsxlainfancia\\\/#primaryimage\",\"url\":\"https:\\\/\\\/fundesplai.org\\\/test-joomla\\\/wp-content\\\/uploads\\\/sites\\\/26\\\/2017\\\/03\\\/cims3.jpg\",\"contentUrl\":\"https:\\\/\\\/fundesplai.org\\\/test-joomla\\\/wp-content\\\/uploads\\\/sites\\\/26\\\/2017\\\/03\\\/cims3.jpg\"},{\"@type\":\"BreadcrumbList\",\"@id\":\"https:\\\/\\\/fundesplai.org\\\/es\\\/informa-t\\\/actualitat-es\\\/11-de-marzo-los-esplais-participan-en-cimsxlainfancia\\\/#breadcrumb\",\"itemListElement\":[{\"@type\":\"ListItem\",\"position\":1,\"name\":\"Inici\",\"item\":\"https:\\\/\\\/fundesplai.org\\\/es\\\/inicio\\\/\"},{\"@type\":\"ListItem\",\"position\":2,\"name\":\"Inf\u00f3rmate\",\"item\":\"https:\\\/\\\/fundesplai.org\\\/es\\\/informate\\\/\"},{\"@type\":\"ListItem\",\"position\":3,\"name\":\"Sin categor\u00eda\",\"item\":\"https:\\\/\\\/fundesplai.org\\\/es\\\/informa-t\\\/category\\\/sin-categoria\\\/\"},{\"@type\":\"ListItem\",\"position\":4,\"name\":\"11 de marzo los esplais participan en #cimsxlainfancia\"}]},{\"@type\":\"WebSite\",\"@id\":\"https:\\\/\\\/fundesplai.org\\\/es\\\/#website\",\"url\":\"https:\\\/\\\/fundesplai.org\\\/es\\\/\",\"name\":\"Fundesplai\",\"description\":\"Eduquem per la conviv\u00e8ncia i la sostenibilitat\",\"potentialAction\":[{\"@type\":\"SearchAction\",\"target\":{\"@type\":\"EntryPoint\",\"urlTemplate\":\"https:\\\/\\\/fundesplai.org\\\/es\\\/?s={search_term_string}\"},\"query-input\":{\"@type\":\"PropertyValueSpecification\",\"valueRequired\":true,\"valueName\":\"search_term_string\"}}],\"inLanguage\":\"es\"},{\"@type\":\"Person\",\"@id\":\"https:\\\/\\\/fundesplai.org\\\/es\\\/#\\\/schema\\\/person\\\/c0e9e7466bb8ac06f5264324a6109733\",\"name\":\"Alfons Valle\",\"image\":{\"@type\":\"ImageObject\",\"inLanguage\":\"es\",\"@id\":\"https:\\\/\\\/secure.gravatar.com\\\/avatar\\\/71d95a3f99a068ba570ac1314ed6911a59c5ae3f22ffcf23631cd1a861a640bc?s=96&d=mm&r=g\",\"url\":\"https:\\\/\\\/secure.gravatar.com\\\/avatar\\\/71d95a3f99a068ba570ac1314ed6911a59c5ae3f22ffcf23631cd1a861a640bc?s=96&d=mm&r=g\",\"contentUrl\":\"https:\\\/\\\/secure.gravatar.com\\\/avatar\\\/71d95a3f99a068ba570ac1314ed6911a59c5ae3f22ffcf23631cd1a861a640bc?s=96&d=mm&r=g\",\"caption\":\"Alfons Valle\"},\"url\":\"https:\\\/\\\/fundesplai.org\\\/es\\\/informa-t\\\/author\\\/avalle\\\/\"}]}<\/script>\n<!-- \/ Yoast SEO plugin. -->","yoast_head_json":{"title":"11 de marzo los esplais participan en #cimsxlainfancia - Fundesplai","robots":{"index":"index","follow":"follow","max-snippet":"max-snippet:-1","max-image-preview":"max-image-preview:large","max-video-preview":"max-video-preview:-1"},"canonical":"https:\/\/fundesplai.org\/es\/informa-t\/actualitat-es\/11-de-marzo-los-esplais-participan-en-cimsxlainfancia\/","og_locale":"es_ES","og_type":"article","og_title":"11 de marzo los esplais participan en #cimsxlainfancia - Fundesplai","og_description":"Por segundo a\u00f1o consecutivo, y en el marco de la propuesta educativa #Camins, los recreos de la Federaci\u00f3n Catalana del Esplai volvemos a salir de excursi\u00f3n bajo el reto colectivo #cimsxlainfancia, con el objetivo de coronar las monta\u00f1as m\u00e1s emblem\u00e1ticas de nuestros pueblos y comarcas de manera simult\u00e1nea!","og_url":"https:\/\/fundesplai.org\/es\/informa-t\/actualitat-es\/11-de-marzo-los-esplais-participan-en-cimsxlainfancia\/","og_site_name":"Fundesplai","article_published_time":"2017-03-10T10:33:15+00:00","og_image":[{"url":"https:\/\/fundesplai.org\/test-joomla\/wp-content\/uploads\/sites\/26\/2017\/03\/cims3.jpg","type":"","width":"","height":""}],"author":"Alfons Valle","twitter_card":"summary_large_image","twitter_misc":{"Escrito por":"Alfons Valle","Tiempo de lectura":"1 minuto"},"schema":{"@context":"https:\/\/schema.org","@graph":[{"@type":"Article","@id":"https:\/\/fundesplai.org\/es\/informa-t\/actualitat-es\/11-de-marzo-los-esplais-participan-en-cimsxlainfancia\/#article","isPartOf":{"@id":"https:\/\/fundesplai.org\/es\/informa-t\/actualitat-es\/11-de-marzo-los-esplais-participan-en-cimsxlainfancia\/"},"author":{"name":"Alfons Valle","@id":"https:\/\/fundesplai.org\/es\/#\/schema\/person\/c0e9e7466bb8ac06f5264324a6109733"},"headline":"11 de marzo los esplais participan en #cimsxlainfancia","datePublished":"2017-03-10T10:33:15+00:00","mainEntityOfPage":{"@id":"https:\/\/fundesplai.org\/es\/informa-t\/actualitat-es\/11-de-marzo-los-esplais-participan-en-cimsxlainfancia\/"},"wordCount":203,"image":{"@id":"https:\/\/fundesplai.org\/es\/informa-t\/actualitat-es\/11-de-marzo-los-esplais-participan-en-cimsxlainfancia\/#primaryimage"},"thumbnailUrl":"https:\/\/fundesplai.org\/test-joomla\/wp-content\/uploads\/sites\/26\/2017\/03\/cims3.jpg","articleSection":["Actualitat"],"inLanguage":"es"},{"@type":"WebPage","@id":"https:\/\/fundesplai.org\/es\/informa-t\/actualitat-es\/11-de-marzo-los-esplais-participan-en-cimsxlainfancia\/","url":"https:\/\/fundesplai.org\/es\/informa-t\/actualitat-es\/11-de-marzo-los-esplais-participan-en-cimsxlainfancia\/","name":"11 de marzo los esplais participan en #cimsxlainfancia - Fundesplai","isPartOf":{"@id":"https:\/\/fundesplai.org\/es\/#website"},"primaryImageOfPage":{"@id":"https:\/\/fundesplai.org\/es\/informa-t\/actualitat-es\/11-de-marzo-los-esplais-participan-en-cimsxlainfancia\/#primaryimage"},"image":{"@id":"https:\/\/fundesplai.org\/es\/informa-t\/actualitat-es\/11-de-marzo-los-esplais-participan-en-cimsxlainfancia\/#primaryimage"},"thumbnailUrl":"https:\/\/fundesplai.org\/test-joomla\/wp-content\/uploads\/sites\/26\/2017\/03\/cims3.jpg","datePublished":"2017-03-10T10:33:15+00:00","author":{"@id":"https:\/\/fundesplai.org\/es\/#\/schema\/person\/c0e9e7466bb8ac06f5264324a6109733"},"breadcrumb":{"@id":"https:\/\/fundesplai.org\/es\/informa-t\/actualitat-es\/11-de-marzo-los-esplais-participan-en-cimsxlainfancia\/#breadcrumb"},"inLanguage":"es","potentialAction":[{"@type":"ReadAction","target":["https:\/\/fundesplai.org\/es\/informa-t\/actualitat-es\/11-de-marzo-los-esplais-participan-en-cimsxlainfancia\/"]}]},{"@type":"ImageObject","inLanguage":"es","@id":"https:\/\/fundesplai.org\/es\/informa-t\/actualitat-es\/11-de-marzo-los-esplais-participan-en-cimsxlainfancia\/#primaryimage","url":"https:\/\/fundesplai.org\/test-joomla\/wp-content\/uploads\/sites\/26\/2017\/03\/cims3.jpg","contentUrl":"https:\/\/fundesplai.org\/test-joomla\/wp-content\/uploads\/sites\/26\/2017\/03\/cims3.jpg"},{"@type":"BreadcrumbList","@id":"https:\/\/fundesplai.org\/es\/informa-t\/actualitat-es\/11-de-marzo-los-esplais-participan-en-cimsxlainfancia\/#breadcrumb","itemListElement":[{"@type":"ListItem","position":1,"name":"Inici","item":"https:\/\/fundesplai.org\/es\/inicio\/"},{"@type":"ListItem","position":2,"name":"Inf\u00f3rmate","item":"https:\/\/fundesplai.org\/es\/informate\/"},{"@type":"ListItem","position":3,"name":"Sin categor\u00eda","item":"https:\/\/fundesplai.org\/es\/informa-t\/category\/sin-categoria\/"},{"@type":"ListItem","position":4,"name":"11 de marzo los esplais participan en #cimsxlainfancia"}]},{"@type":"WebSite","@id":"https:\/\/fundesplai.org\/es\/#website","url":"https:\/\/fundesplai.org\/es\/","name":"Fundesplai","description":"Eduquem per la conviv\u00e8ncia i la sostenibilitat","potentialAction":[{"@type":"SearchAction","target":{"@type":"EntryPoint","urlTemplate":"https:\/\/fundesplai.org\/es\/?s={search_term_string}"},"query-input":{"@type":"PropertyValueSpecification","valueRequired":true,"valueName":"search_term_string"}}],"inLanguage":"es"},{"@type":"Person","@id":"https:\/\/fundesplai.org\/es\/#\/schema\/person\/c0e9e7466bb8ac06f5264324a6109733","name":"Alfons Valle","image":{"@type":"ImageObject","inLanguage":"es","@id":"https:\/\/secure.gravatar.com\/avatar\/71d95a3f99a068ba570ac1314ed6911a59c5ae3f22ffcf23631cd1a861a640bc?s=96&d=mm&r=g","url":"https:\/\/secure.gravatar.com\/avatar\/71d95a3f99a068ba570ac1314ed6911a59c5ae3f22ffcf23631cd1a861a640bc?s=96&d=mm&r=g","contentUrl":"https:\/\/secure.gravatar.com\/avatar\/71d95a3f99a068ba570ac1314ed6911a59c5ae3f22ffcf23631cd1a861a640bc?s=96&d=mm&r=g","caption":"Alfons Valle"},"url":"https:\/\/fundesplai.org\/es\/informa-t\/author\/avalle\/"}]}},"_links":{"self":[{"href":"https:\/\/fundesplai.org\/es\/wp-json\/wp\/v2\/posts\/47698","targetHints":{"allow":["GET"]}}],"collection":[{"href":"https:\/\/fundesplai.org\/es\/wp-json\/wp\/v2\/posts"}],"about":[{"href":"https:\/\/fundesplai.org\/es\/wp-json\/wp\/v2\/types\/post"}],"author":[{"embeddable":true,"href":"https:\/\/fundesplai.org\/es\/wp-json\/wp\/v2\/users\/9"}],"replies":[{"embeddable":true,"href":"https:\/\/fundesplai.org\/es\/wp-json\/wp\/v2\/comments?post=47698"}],"version-history":[{"count":0,"href":"https:\/\/fundesplai.org\/es\/wp-json\/wp\/v2\/posts\/47698\/revisions"}],"wp:attachment":[{"href":"https:\/\/fundesplai.org\/es\/wp-json\/wp\/v2\/media?parent=47698"}],"wp:term":[{"taxonomy":"category","embeddable":true,"href":"https:\/\/fundesplai.org\/es\/wp-json\/wp\/v2\/categories?post=47698"},{"taxonomy":"post_tag","embeddable":true,"href":"https:\/\/fundesplai.org\/es\/wp-json\/wp\/v2\/tags?post=47698"}],"curies":[{"name":"wp","href":"https:\/\/api.w.org\/{rel}","templated":true}]}}