{"id":47697,"date":"2017-03-08T09:29:22","date_gmt":"2017-03-08T08:29:22","guid":{"rendered":"https:\/\/fundesplai.org\/informa-t\/sense-categoria\/dia-internacional-de-las-mujeres\/"},"modified":"2017-03-08T09:29:22","modified_gmt":"2017-03-08T08:29:22","slug":"dia-internacional-de-las-mujeres","status":"publish","type":"post","link":"https:\/\/fundesplai.org\/es\/informa-t\/actualitat-es\/dia-internacional-de-las-mujeres\/","title":{"rendered":"D\u00eda Internacional de las Mujeres"},"content":{"rendered":"<p>Hoy, 8 de marzo, se celebra el <strong>D\u00eda Internacional de las Mujeres<\/strong>, una jornada en la que desde Fundesplai, como cada a\u00f1o, queremos reivindicar una vez m\u00e1s la importancia de la educaci\u00f3n para alcanzar la plena igualdad.&nbsp; La educaci\u00f3n para la igualdad es uno de los ejes de nuestras propuestas pedag\u00f3gicas&#8230;<\/p>\n<p><!--more--><\/p>\n<p style=\"font-size: 14px;text-align: justify\"><img decoding=\"async\" class=\" size-full wp-image-4112\" src=\"https:\/\/fundesplai.org\/test-joomla\/wp-content\/uploads\/sites\/26\/2017\/03\/IGUALTAT.png\" alt=\"IGUALDAD\" width=\"100%\" height=\"NaN\"><\/p>\n<p style=\"font-size: 14px;text-align: justify\">Hoy, 8 de marzo, se celebra el D\u00eda Internacional de las Mujeres, una jornada en la que desde Fundesplai, como cada a\u00f1o, queremos reivindicar una vez m\u00e1s la importancia de la educaci\u00f3n para alcanzar la plena igualdad.<\/p>\n<p style=\"font-size: 14px;text-align: justify\">La educaci\u00f3n para la igualdad es uno de los ejes de nuestras propuestas pedag\u00f3gicas con ni\u00f1os, j\u00f3venes y familias en los recreos, en las escuelas, en las casas de colonias&#8230; la coeducaci\u00f3n sigue siendo uno de los elementos esenciales de nuestro d\u00eda a d\u00eda. Os recomendamos la \u00faltima entrada del blog de +Escuela, que es una <a href=\"https:\/\/escoles.fundesplai.org\/blog\/recull-dactivitats-per-la-coeducacio-i-la-igualtat-de-genere-a-lescola\/\">recopilaci\u00f3n de recursos para trabajar la igualdad en la escuela<\/a>.<\/p>\n<p style=\"font-size: 14px;text-align: justify\">Entre las iniciativas que desarrollamos, destacan el programa AMA, Acompa\u00f1amiento a Madres Adolescentes, que desde 2014 trabaja con madres j\u00f3venes y sus hijas e hijos y les ofrece formaci\u00f3n, asesoramiento y orientaci\u00f3n para su vida laboral, personal y familiar; los cursos de alfabetizaci\u00f3n digital con orientaci\u00f3n laboral para mujeres migradas a trav\u00e9s del Red Conecta; la incorporaci\u00f3n de la perspectiva de g\u00e9nero en nuestros cursos de formaci\u00f3n&#8230;<\/p>\n<p style=\"font-size: 14px;text-align: justify\"><strong>La igualdad en Fundesplai<\/strong><\/p>\n<p style=\"font-size: 14px;text-align: justify\">Este a\u00f1o queremos compartir algunos datos simb\u00f3licos sobre nuestra organizaci\u00f3n en relaci\u00f3n a la tem\u00e1tica: en <strong>Fundesplai el 75% de personas de nuestra plantilla son mujeres<\/strong>, somos una entidad con una plantilla feminizada y con equidad salarial.<\/p>\n<p style=\"font-size: 14px;text-align: justify\">Este a\u00f1o tambi\u00e9n cabe destacar que se ha creado una nueva direcci\u00f3n general colegiada formada por tres mujeres, N\u00faria Valls, Cristina Rodr\u00edguez, Mar\u00eda Jos\u00e9 Navarrete, y un hombre, Carles Xifra. Tal y como comentaba Josep Gasso, presidente de Fundesplai, hace unos d\u00edas: \u00abMe siento orgulloso de liderar un proceso de cambio que culmina con esta propuesta ambiciosa para hacer una organizaci\u00f3n cada vez m\u00e1s horizontal y participativa\u00bb.<\/p>\n<p style=\"font-size: 14px;text-align: justify\">Por otro lado, y seg\u00fan las conclusiones <strong>del informe \u00abGesti\u00f3n del tiempo a las entidades sociales: situaci\u00f3n actual, retos y dificultades\u00bb<\/strong> (elaborado por la red DDiPAS,&nbsp;Mujeres Directivas y Profesionales de la Acci\u00f3n Social, en cooperaci\u00f3n con Ecas y el Ayuntamiento de Barcelona y donde Fundesplai tambi\u00e9n participa) para avanzar hacia una organizaci\u00f3n eficaz y sostenible igualitaria, hay que avanzar todav\u00eda, entre otras, para que los hombres dediquen las mismas horas que las mujeres en cuanto al cuidado de personas mayores, hijos e hijas, etc. lo que se llama trabajo reproductivo. En el informe hay datos relevantes sobre las entidades del sector, que estar\u00e1 disponible en breve on line.<\/p>\n<p style=\"font-size: 14px;text-align: justify\">Hoy es el D\u00eda Internacional de las Mujeres y para acabar os proponemos sensibilizaros con la tem\u00e1tica de g\u00e9nero, a partir de algunas propuestas cinematogr\u00e1ficas que retratan las realidades de las mujeres (si lo prefer\u00e9is en versi\u00f3n original, mucho mejor). Os invitamos a verlas y prestamos atenci\u00f3n si pasan el filtro sencillo del <a href=\"https:\/\/es.wikipedia.org\/wiki\/Test_de_Bechdel\">\u00abTest de Bechdel\u00bb<\/a>. Adem\u00e1s, tambi\u00e9n pod\u00e9is acceder a<a href=\"http:\/\/www.elprat.cat\/la-ciutat\/guia-agenda\/concentracio-i-lectura-del-manifest-8-de-marc-dia-internacional-de-les-dones\"> la agenda de actividades que se organiza el Ayuntamiento de El Prat<\/a> con motivo del 8 de marzo.<\/p>\n<p style=\"font: OpenSans,SansSerif,Helvetica,Arial,Verdana;font-size: 14px\">&nbsp;<\/p>\n<table class=\"MsoTableGrid\" style=\"border-collapse: collapse;border: none\" border=\"1\" cellspacing=\"0\" cellpadding=\"0\">\n<tbody>\n<tr>\n<td style=\"width: 95.3pt;border: solid windowtext 1.0pt;padding: 0cm 5.4pt 0cm 5.4pt\" valign=\"top\" width=\"127\">\n<p class=\"MsoNormal\" style=\"margin-bottom: .0001pt;line-height: normal\"><span style=\"font-size: 10.0pt;font-family: 'Verdana',sans-serif\"><!--[if gte vml 1]&gt;--><\/p>\n<p>            <!--[if !vml]--><img loading=\"lazy\" decoding=\"async\" class=\" size-full wp-image-4115\" src=\"https:\/\/fundesplai.org\/test-joomla\/wp-content\/uploads\/sites\/26\/2017\/03\/bedroses.jpg\" alt=\"bedrosas\" width=\"90\" height=\"128\"><!--[endif]--><\/span><span style=\"font-size: 10.0pt;font-family: 'Verdana',sans-serif\"><\/span><\/p>\n<\/td>\n<td style=\"width: 329.4pt;border: solid windowtext 1.0pt;border-left: none;padding: 0cm 5.4pt 0cm 5.4pt\" valign=\"top\" width=\"439\">\n<p class=\"MsoNormal\" style=\"margin-bottom: .0001pt;line-height: normal\"><strong><span style=\"font-size: 10.0pt;font-family: 'Verdana',sans-serif\">Bread and Roses (Pan y Rosas)<\/span><\/strong><span style=\"font-size: 10.0pt;font-family: 'Verdana',sans-serif\"><\/span><\/p>\n<p class=\"MsoNormal\" style=\"margin-bottom: .0001pt;line-height: normal\"><span style=\"font-size: 10.0pt;font-family: 'Verdana',sans-serif\">A\u00f1o 2000<\/span><\/p>\n<p class=\"MsoNormal\" style=\"margin-bottom: .0001pt;line-height: normal\"><span style=\"font-size: 10.0pt;font-family: 'Verdana',sans-serif\">Duraci\u00f3n 110 min.<\/span><\/p>\n<p class=\"MsoNormal\" style=\"margin-bottom: .0001pt;line-height: normal\"><span style=\"font-size: 10.0pt;font-family: 'Verdana',sans-serif\">Pa\u00eds: Reino Unido <\/span><\/p>\n<p class=\"MsoNormal\" style=\"margin-bottom: .0001pt;line-height: normal\"><span style=\"font-size: 10.0pt;font-family: 'Verdana',sans-serif\">Director: Ken Loach<\/span><\/p>\n<p class=\"MsoNormal\" style=\"margin-bottom: .0001pt;line-height: normal\"><span style=\"font-size: 10.0pt;font-family: 'Verdana',sans-serif\"><\/span><\/p>\n<\/td>\n<\/tr>\n<tr>\n<td style=\"width: 95.3pt;border: solid windowtext 1.0pt;border-top: none;padding: 0cm 5.4pt 0cm 5.4pt\" valign=\"top\" width=\"127\">\n<p class=\"MsoNormal\" style=\"margin-bottom: .0001pt;line-height: normal\"><!--[if gte vml 1]&gt;--><\/p>\n<p>            <!--[if !vml]--><img loading=\"lazy\" decoding=\"async\" class=\" size-full wp-image-4118\" src=\"https:\/\/fundesplai.org\/test-joomla\/wp-content\/uploads\/sites\/26\/2017\/03\/brave.jpg\" alt=\"brave\" width=\"90\" height=\"84\"><!--[endif]--><span style=\"font-size: 10.0pt;font-family: 'Verdana',sans-serif\" lang=\"ES\"><\/span><\/p>\n<\/td>\n<td style=\"width: 329.4pt;border-top: none;border-left: none;border-bottom: solid windowtext 1.0pt;border-right: solid windowtext 1.0pt;padding: 0cm 5.4pt 0cm 5.4pt\" valign=\"top\" width=\"439\">\n<p class=\"MsoNormal\" style=\"margin-bottom: .0001pt;line-height: normal\"><strong><span style=\"font-size: 10.0pt;font-family: 'Verdana',sans-serif\">Brave (Indomable)<\/span><\/strong><span style=\"font-size: 10.0pt;font-family: 'Verdana',sans-serif\"> <\/span><\/p>\n<p class=\"MsoNormal\" style=\"margin-bottom: .0001pt;line-height: normal\"><span style=\"font-size: 10.0pt;font-family: 'Verdana',sans-serif\">A\u00f1o 2012<\/span><\/p>\n<p class=\"MsoNormal\" style=\"margin-bottom: .0001pt;line-height: normal\"><span style=\"font-size: 10.0pt;font-family: 'Verdana',sans-serif\">Pa\u00eds EEUU<\/span><\/p>\n<p class=\"MsoNormal\" style=\"margin-bottom: .0001pt;line-height: normal\"><span style=\"font-size: 10.0pt;font-family: 'Verdana',sans-serif\">Director: Mark Andrews, Brenda Chapman, Steve Purcell<\/span><\/p>\n<\/td>\n<\/tr>\n<tr>\n<td style=\"width: 95.3pt;border: solid windowtext 1.0pt;border-top: none;padding: 0cm 5.4pt 0cm 5.4pt\" valign=\"top\" width=\"127\">\n<p class=\"MsoNormal\" style=\"margin-bottom: .0001pt;line-height: normal\"><span style=\"font-size: 10.0pt;font-family: 'Verdana',sans-serif\"><!--[if gte vml 1]&gt;--><\/p>\n<p>            <!--[if !vml]--><img loading=\"lazy\" decoding=\"async\" class=\" size-full wp-image-4119\" src=\"https:\/\/fundesplai.org\/test-joomla\/wp-content\/uploads\/sites\/26\/2017\/03\/erin.jpg\" alt=\"erin\" width=\"90\" height=\"126\"><!--[endif]--><\/span><span style=\"font-size: 10.0pt;font-family: 'Verdana',sans-serif\"><\/span><\/p>\n<\/td>\n<td style=\"width: 329.4pt;border-top: none;border-left: none;border-bottom: solid windowtext 1.0pt;border-right: solid windowtext 1.0pt;padding: 0cm 5.4pt 0cm 5.4pt\" valign=\"top\" width=\"439\">\n<p class=\"MsoNormal\" style=\"margin-bottom: .0001pt;line-height: normal\"><strong><span style=\"font-size: 10.0pt;font-family: 'Verdana',sans-serif\">Erin Brockovich<\/span><\/strong><span style=\"font-size: 10.0pt;font-family: 'Verdana',sans-serif\"><\/span><\/p>\n<p class=\"MsoNormal\" style=\"margin-bottom: .0001pt;line-height: normal\"><span style=\"font-size: 10.0pt;font-family: 'Verdana',sans-serif\">A\u00f1o 2000<\/span><\/p>\n<p class=\"MsoNormal\" style=\"margin-bottom: .0001pt;line-height: normal\"><span style=\"font-size: 10.0pt;font-family: 'Verdana',sans-serif\">Duraci\u00f3n 131 min.<\/span><\/p>\n<p class=\"MsoNormal\" style=\"margin-bottom: .0001pt;line-height: normal\"><span style=\"font-size: 10.0pt;font-family: 'Verdana',sans-serif\">Pa\u00eds: EEUU <\/span><\/p>\n<p class=\"MsoNormal\" style=\"margin-bottom: .0001pt;line-height: normal\"><span style=\"font-size: 10.0pt;font-family: 'Verdana',sans-serif\">Director: Steven Soderbergh<\/span><\/p>\n<\/td>\n<\/tr>\n<tr>\n<td style=\"width: 95.3pt;border: solid windowtext 1.0pt;border-top: none;padding: 0cm 5.4pt 0cm 5.4pt\" valign=\"top\" width=\"127\">\n<p class=\"MsoNormal\" style=\"margin-bottom: .0001pt;line-height: normal\"><span style=\"font-size: 10.0pt;font-family: 'Verdana',sans-serif\"><!--[if gte vml 1]&gt;--><\/p>\n<p>            <!--[if !vml]--><img loading=\"lazy\" decoding=\"async\" class=\" size-full wp-image-4123\" src=\"https:\/\/fundesplai.org\/test-joomla\/wp-content\/uploads\/sites\/26\/2017\/03\/roma.jpg\" alt=\"roma\" width=\"90\" height=\"132\"><!--[endif]--><\/span><span style=\"font-size: 10.0pt;font-family: 'Verdana',sans-serif\"><\/span><\/p>\n<\/td>\n<td style=\"width: 329.4pt;border-top: none;border-left: none;border-bottom: solid windowtext 1.0pt;border-right: solid windowtext 1.0pt;padding: 0cm 5.4pt 0cm 5.4pt\" valign=\"top\" width=\"439\">\n<p class=\"MsoNormal\" style=\"margin-bottom: .0001pt;line-height: normal\"><strong><span style=\"font-size: 10.0pt;font-family: 'Verdana',sans-serif\">Habitaci\u00f3n en Roma<\/span><\/strong><\/p>\n<p class=\"MsoNormal\" style=\"margin-bottom: .0001pt;line-height: normal\"><span style=\"font-size: 10.0pt;font-family: 'Verdana',sans-serif\">A\u00f1o 2010<\/span><\/p>\n<p class=\"MsoNormal\" style=\"margin-bottom: .0001pt;line-height: normal\"><span style=\"font-size: 10.0pt;font-family: 'Verdana',sans-serif\">Duraci\u00f3n 109 min.<\/span><\/p>\n<p class=\"MsoNormal\" style=\"margin-bottom: .0001pt;line-height: normal\"><span style=\"font-size: 10.0pt;font-family: 'Verdana',sans-serif\">Pa\u00eds: Espa\u00f1a<\/span><\/p>\n<p class=\"MsoNormal\" style=\"margin-bottom: .0001pt;line-height: normal\"><span style=\"font-size: 10.0pt;font-family: 'Verdana',sans-serif\">Director:Julio Medem<\/span><\/p>\n<\/td>\n<\/tr>\n<tr>\n<td style=\"width: 95.3pt;border: solid windowtext 1.0pt;border-top: none;padding: 0cm 5.4pt 0cm 5.4pt\" valign=\"top\" width=\"127\">\n<p class=\"MsoNormal\" style=\"margin-bottom: .0001pt;line-height: normal\"><span style=\"font-size: 10.0pt;font-family: 'Verdana',sans-serif\"><!--[if gte vml 1]&gt;--><\/p>\n<p>            <!--[if !vml]--><img loading=\"lazy\" decoding=\"async\" class=\" size-full wp-image-4124\" src=\"https:\/\/fundesplai.org\/test-joomla\/wp-content\/uploads\/sites\/26\/2017\/03\/rosas.jpg\" alt=\"rosas\" width=\"90\" height=\"129\"><!--[endif]--><\/span><span style=\"font-size: 10.0pt;font-family: 'Verdana',sans-serif\"><\/span><\/p>\n<\/td>\n<td style=\"width: 329.4pt;border-top: none;border-left: none;border-bottom: solid windowtext 1.0pt;border-right: solid windowtext 1.0pt;padding: 0cm 5.4pt 0cm 5.4pt\" valign=\"top\" width=\"439\">\n<p class=\"MsoNormal\" style=\"margin-bottom: .0001pt;line-height: normal\"><strong><span style=\"font-size: 10.0pt;font-family: 'Verdana',sans-serif\">Las 13 Rosas<\/span><\/strong><span style=\"font-size: 10.0pt;font-family: 'Verdana',sans-serif\"><\/span><\/p>\n<p class=\"MsoNormal\" style=\"margin-bottom: .0001pt;line-height: normal\"><span style=\"font-size: 10.0pt;font-family: 'Verdana',sans-serif\">A\u00f1o 2007<\/span><\/p>\n<p class=\"MsoNormal\" style=\"margin-bottom: .0001pt;line-height: normal\"><span style=\"font-size: 10.0pt;font-family: 'Verdana',sans-serif\">Duraci\u00f3n 132 min.<\/span><\/p>\n<p class=\"MsoNormal\" style=\"margin-bottom: .0001pt;line-height: normal\"><span style=\"font-size: 10.0pt;font-family: 'Verdana',sans-serif\">Pa\u00eds: Espa\u00f1a<\/span><\/p>\n<p class=\"MsoNormal\" style=\"margin-bottom: .0001pt;line-height: normal\"><span style=\"font-size: 10.0pt;font-family: 'Verdana',sans-serif\">Director: Emilio Mart\u00ednez-L\u00e1zaro<\/span><\/p>\n<\/td>\n<\/tr>\n<tr>\n<td style=\"width: 95.3pt;border: solid windowtext 1.0pt;border-top: none;padding: 0cm 5.4pt 0cm 5.4pt\" valign=\"top\" width=\"127\">\n<p class=\"MsoNormal\" style=\"margin-bottom: .0001pt;line-height: normal\"><!--[if gte vml 1]&gt;--><\/p>\n<p>            <!--[if !vml]--><img loading=\"lazy\" decoding=\"async\" class=\" size-full wp-image-4125\" src=\"https:\/\/fundesplai.org\/test-joomla\/wp-content\/uploads\/sites\/26\/2017\/03\/friedtomatoes.jpg\" alt=\"friedtomatoes\" width=\"90\" height=\"128\"><!--[endif]--><span style=\"font-size: 10.0pt;font-family: 'Verdana',sans-serif\" lang=\"ES\"><\/span><\/p>\n<\/td>\n<td style=\"width: 329.4pt;border-top: none;border-left: none;border-bottom: solid windowtext 1.0pt;border-right: solid windowtext 1.0pt;padding: 0cm 5.4pt 0cm 5.4pt\" valign=\"top\" width=\"439\">\n<p class=\"MsoNormal\" style=\"margin-bottom: .0001pt;line-height: normal\"><strong><span style=\"font-size: 10.0pt;font-family: 'Verdana',sans-serif\">Fried Green Tomatoes (Tomates verdes fritos)<\/span><\/strong><span style=\"font-size: 10.0pt;font-family: 'Verdana',sans-serif\"><\/span><\/p>\n<p class=\"MsoNormal\" style=\"margin-bottom: .0001pt;line-height: normal\"><span style=\"font-size: 10.0pt;font-family: 'Verdana',sans-serif\">A\u00f1o 1991<\/span><\/p>\n<p class=\"MsoNormal\" style=\"margin-bottom: .0001pt;line-height: normal\"><span style=\"font-size: 10.0pt;font-family: 'Verdana',sans-serif\">Duraci\u00f3n 129 min.<\/span><\/p>\n<p class=\"MsoNormal\" style=\"margin-bottom: .0001pt;line-height: normal\"><span style=\"font-size: 10.0pt;font-family: 'Verdana',sans-serif\">Pa\u00eds: EEUU<\/span><\/p>\n<p class=\"MsoNormal\" style=\"margin-bottom: .0001pt;line-height: normal\"><span style=\"font-size: 10.0pt;font-family: 'Verdana',sans-serif\">Director: Jon Avnet<\/span><\/p>\n<\/td>\n<\/tr>\n<\/tbody>\n<\/table>\n","protected":false},"excerpt":{"rendered":"<p>Hoy, 8 de marzo, se celebra el D\u00eda Internacional de las Mujeres, una jornada en la que desde Fundesplai, como cada a\u00f1o, queremos reivindicar una vez m\u00e1s la importancia de la educaci\u00f3n para alcanzar la plena igualdad.&nbsp; La educaci\u00f3n para la igualdad es uno de los ejes de nuestras propuestas pedag\u00f3gicas&#8230;<\/p>\n","protected":false},"author":4,"featured_media":0,"comment_status":"closed","ping_status":"closed","sticky":false,"template":"","format":"standard","meta":{"_et_pb_use_builder":"","_et_pb_old_content":"","_et_gb_content_width":"","footnotes":""},"categories":[937],"tags":[],"class_list":["post-47697","post","type-post","status-publish","format-standard","hentry","category-actualitat-es"],"yoast_head":"<!-- This site is optimized with the Yoast SEO plugin v27.4 - https:\/\/yoast.com\/product\/yoast-seo-wordpress\/ -->\n<title>D\u00eda Internacional de las Mujeres - Fundesplai<\/title>\n<meta name=\"robots\" content=\"index, follow, max-snippet:-1, max-image-preview:large, max-video-preview:-1\" \/>\n<link rel=\"canonical\" href=\"https:\/\/fundesplai.org\/es\/informa-t\/actualitat-es\/dia-internacional-de-las-mujeres\/\" \/>\n<meta property=\"og:locale\" content=\"es_ES\" \/>\n<meta property=\"og:type\" content=\"article\" \/>\n<meta property=\"og:title\" content=\"D\u00eda Internacional de las Mujeres - Fundesplai\" \/>\n<meta property=\"og:description\" content=\"Hoy, 8 de marzo, se celebra el D\u00eda Internacional de las Mujeres, una jornada en la que desde Fundesplai, como cada a\u00f1o, queremos reivindicar una vez m\u00e1s la importancia de la educaci\u00f3n para alcanzar la plena igualdad.&nbsp; La educaci\u00f3n para la igualdad es uno de los ejes de nuestras propuestas pedag\u00f3gicas&#8230;\" \/>\n<meta property=\"og:url\" content=\"https:\/\/fundesplai.org\/es\/informa-t\/actualitat-es\/dia-internacional-de-las-mujeres\/\" \/>\n<meta property=\"og:site_name\" content=\"Fundesplai\" \/>\n<meta property=\"article:published_time\" content=\"2017-03-08T08:29:22+00:00\" \/>\n<meta property=\"og:image\" content=\"https:\/\/fundesplai.org\/test-joomla\/wp-content\/uploads\/sites\/26\/2017\/03\/IGUALTAT.png\" \/>\n<meta name=\"author\" content=\"Ferran\" \/>\n<meta name=\"twitter:card\" content=\"summary_large_image\" \/>\n<meta name=\"twitter:label1\" content=\"Escrito por\" \/>\n\t<meta name=\"twitter:data1\" content=\"Ferran\" \/>\n\t<meta name=\"twitter:label2\" content=\"Tiempo de lectura\" \/>\n\t<meta name=\"twitter:data2\" content=\"3 minutos\" \/>\n<script type=\"application\/ld+json\" class=\"yoast-schema-graph\">{\"@context\":\"https:\\\/\\\/schema.org\",\"@graph\":[{\"@type\":\"Article\",\"@id\":\"https:\\\/\\\/fundesplai.org\\\/es\\\/informa-t\\\/actualitat-es\\\/dia-internacional-de-las-mujeres\\\/#article\",\"isPartOf\":{\"@id\":\"https:\\\/\\\/fundesplai.org\\\/es\\\/informa-t\\\/actualitat-es\\\/dia-internacional-de-las-mujeres\\\/\"},\"author\":{\"name\":\"Ferran\",\"@id\":\"https:\\\/\\\/fundesplai.org\\\/es\\\/#\\\/schema\\\/person\\\/67e7825d8ec54561cc24e36ba6b0f633\"},\"headline\":\"D\u00eda Internacional de las Mujeres\",\"datePublished\":\"2017-03-08T08:29:22+00:00\",\"mainEntityOfPage\":{\"@id\":\"https:\\\/\\\/fundesplai.org\\\/es\\\/informa-t\\\/actualitat-es\\\/dia-internacional-de-las-mujeres\\\/\"},\"wordCount\":675,\"image\":{\"@id\":\"https:\\\/\\\/fundesplai.org\\\/es\\\/informa-t\\\/actualitat-es\\\/dia-internacional-de-las-mujeres\\\/#primaryimage\"},\"thumbnailUrl\":\"https:\\\/\\\/fundesplai.org\\\/test-joomla\\\/wp-content\\\/uploads\\\/sites\\\/26\\\/2017\\\/03\\\/IGUALTAT.png\",\"articleSection\":[\"Actualitat\"],\"inLanguage\":\"es\"},{\"@type\":\"WebPage\",\"@id\":\"https:\\\/\\\/fundesplai.org\\\/es\\\/informa-t\\\/actualitat-es\\\/dia-internacional-de-las-mujeres\\\/\",\"url\":\"https:\\\/\\\/fundesplai.org\\\/es\\\/informa-t\\\/actualitat-es\\\/dia-internacional-de-las-mujeres\\\/\",\"name\":\"D\u00eda Internacional de las Mujeres - Fundesplai\",\"isPartOf\":{\"@id\":\"https:\\\/\\\/fundesplai.org\\\/es\\\/#website\"},\"primaryImageOfPage\":{\"@id\":\"https:\\\/\\\/fundesplai.org\\\/es\\\/informa-t\\\/actualitat-es\\\/dia-internacional-de-las-mujeres\\\/#primaryimage\"},\"image\":{\"@id\":\"https:\\\/\\\/fundesplai.org\\\/es\\\/informa-t\\\/actualitat-es\\\/dia-internacional-de-las-mujeres\\\/#primaryimage\"},\"thumbnailUrl\":\"https:\\\/\\\/fundesplai.org\\\/test-joomla\\\/wp-content\\\/uploads\\\/sites\\\/26\\\/2017\\\/03\\\/IGUALTAT.png\",\"datePublished\":\"2017-03-08T08:29:22+00:00\",\"author\":{\"@id\":\"https:\\\/\\\/fundesplai.org\\\/es\\\/#\\\/schema\\\/person\\\/67e7825d8ec54561cc24e36ba6b0f633\"},\"breadcrumb\":{\"@id\":\"https:\\\/\\\/fundesplai.org\\\/es\\\/informa-t\\\/actualitat-es\\\/dia-internacional-de-las-mujeres\\\/#breadcrumb\"},\"inLanguage\":\"es\",\"potentialAction\":[{\"@type\":\"ReadAction\",\"target\":[\"https:\\\/\\\/fundesplai.org\\\/es\\\/informa-t\\\/actualitat-es\\\/dia-internacional-de-las-mujeres\\\/\"]}]},{\"@type\":\"ImageObject\",\"inLanguage\":\"es\",\"@id\":\"https:\\\/\\\/fundesplai.org\\\/es\\\/informa-t\\\/actualitat-es\\\/dia-internacional-de-las-mujeres\\\/#primaryimage\",\"url\":\"https:\\\/\\\/fundesplai.org\\\/test-joomla\\\/wp-content\\\/uploads\\\/sites\\\/26\\\/2017\\\/03\\\/IGUALTAT.png\",\"contentUrl\":\"https:\\\/\\\/fundesplai.org\\\/test-joomla\\\/wp-content\\\/uploads\\\/sites\\\/26\\\/2017\\\/03\\\/IGUALTAT.png\"},{\"@type\":\"BreadcrumbList\",\"@id\":\"https:\\\/\\\/fundesplai.org\\\/es\\\/informa-t\\\/actualitat-es\\\/dia-internacional-de-las-mujeres\\\/#breadcrumb\",\"itemListElement\":[{\"@type\":\"ListItem\",\"position\":1,\"name\":\"Inici\",\"item\":\"https:\\\/\\\/fundesplai.org\\\/es\\\/inicio\\\/\"},{\"@type\":\"ListItem\",\"position\":2,\"name\":\"Inf\u00f3rmate\",\"item\":\"https:\\\/\\\/fundesplai.org\\\/es\\\/informate\\\/\"},{\"@type\":\"ListItem\",\"position\":3,\"name\":\"Sin categor\u00eda\",\"item\":\"https:\\\/\\\/fundesplai.org\\\/es\\\/informa-t\\\/category\\\/sin-categoria\\\/\"},{\"@type\":\"ListItem\",\"position\":4,\"name\":\"D\u00eda Internacional de las Mujeres\"}]},{\"@type\":\"WebSite\",\"@id\":\"https:\\\/\\\/fundesplai.org\\\/es\\\/#website\",\"url\":\"https:\\\/\\\/fundesplai.org\\\/es\\\/\",\"name\":\"Fundesplai\",\"description\":\"Eduquem per la conviv\u00e8ncia i la sostenibilitat\",\"potentialAction\":[{\"@type\":\"SearchAction\",\"target\":{\"@type\":\"EntryPoint\",\"urlTemplate\":\"https:\\\/\\\/fundesplai.org\\\/es\\\/?s={search_term_string}\"},\"query-input\":{\"@type\":\"PropertyValueSpecification\",\"valueRequired\":true,\"valueName\":\"search_term_string\"}}],\"inLanguage\":\"es\"},{\"@type\":\"Person\",\"@id\":\"https:\\\/\\\/fundesplai.org\\\/es\\\/#\\\/schema\\\/person\\\/67e7825d8ec54561cc24e36ba6b0f633\",\"name\":\"Ferran\",\"image\":{\"@type\":\"ImageObject\",\"inLanguage\":\"es\",\"@id\":\"https:\\\/\\\/secure.gravatar.com\\\/avatar\\\/a3510350976b58aae6eccd1e36f066b660a69ef63f97fde3cba8205db7db816a?s=96&d=mm&r=g\",\"url\":\"https:\\\/\\\/secure.gravatar.com\\\/avatar\\\/a3510350976b58aae6eccd1e36f066b660a69ef63f97fde3cba8205db7db816a?s=96&d=mm&r=g\",\"contentUrl\":\"https:\\\/\\\/secure.gravatar.com\\\/avatar\\\/a3510350976b58aae6eccd1e36f066b660a69ef63f97fde3cba8205db7db816a?s=96&d=mm&r=g\",\"caption\":\"Ferran\"},\"url\":\"https:\\\/\\\/fundesplai.org\\\/es\\\/informa-t\\\/author\\\/fvidal\\\/\"}]}<\/script>\n<!-- \/ Yoast SEO plugin. -->","yoast_head_json":{"title":"D\u00eda Internacional de las Mujeres - Fundesplai","robots":{"index":"index","follow":"follow","max-snippet":"max-snippet:-1","max-image-preview":"max-image-preview:large","max-video-preview":"max-video-preview:-1"},"canonical":"https:\/\/fundesplai.org\/es\/informa-t\/actualitat-es\/dia-internacional-de-las-mujeres\/","og_locale":"es_ES","og_type":"article","og_title":"D\u00eda Internacional de las Mujeres - Fundesplai","og_description":"Hoy, 8 de marzo, se celebra el D\u00eda Internacional de las Mujeres, una jornada en la que desde Fundesplai, como cada a\u00f1o, queremos reivindicar una vez m\u00e1s la importancia de la educaci\u00f3n para alcanzar la plena igualdad.&nbsp; La educaci\u00f3n para la igualdad es uno de los ejes de nuestras propuestas pedag\u00f3gicas&#8230;","og_url":"https:\/\/fundesplai.org\/es\/informa-t\/actualitat-es\/dia-internacional-de-las-mujeres\/","og_site_name":"Fundesplai","article_published_time":"2017-03-08T08:29:22+00:00","og_image":[{"url":"https:\/\/fundesplai.org\/test-joomla\/wp-content\/uploads\/sites\/26\/2017\/03\/IGUALTAT.png","type":"","width":"","height":""}],"author":"Ferran","twitter_card":"summary_large_image","twitter_misc":{"Escrito por":"Ferran","Tiempo de lectura":"3 minutos"},"schema":{"@context":"https:\/\/schema.org","@graph":[{"@type":"Article","@id":"https:\/\/fundesplai.org\/es\/informa-t\/actualitat-es\/dia-internacional-de-las-mujeres\/#article","isPartOf":{"@id":"https:\/\/fundesplai.org\/es\/informa-t\/actualitat-es\/dia-internacional-de-las-mujeres\/"},"author":{"name":"Ferran","@id":"https:\/\/fundesplai.org\/es\/#\/schema\/person\/67e7825d8ec54561cc24e36ba6b0f633"},"headline":"D\u00eda Internacional de las Mujeres","datePublished":"2017-03-08T08:29:22+00:00","mainEntityOfPage":{"@id":"https:\/\/fundesplai.org\/es\/informa-t\/actualitat-es\/dia-internacional-de-las-mujeres\/"},"wordCount":675,"image":{"@id":"https:\/\/fundesplai.org\/es\/informa-t\/actualitat-es\/dia-internacional-de-las-mujeres\/#primaryimage"},"thumbnailUrl":"https:\/\/fundesplai.org\/test-joomla\/wp-content\/uploads\/sites\/26\/2017\/03\/IGUALTAT.png","articleSection":["Actualitat"],"inLanguage":"es"},{"@type":"WebPage","@id":"https:\/\/fundesplai.org\/es\/informa-t\/actualitat-es\/dia-internacional-de-las-mujeres\/","url":"https:\/\/fundesplai.org\/es\/informa-t\/actualitat-es\/dia-internacional-de-las-mujeres\/","name":"D\u00eda Internacional de las Mujeres - Fundesplai","isPartOf":{"@id":"https:\/\/fundesplai.org\/es\/#website"},"primaryImageOfPage":{"@id":"https:\/\/fundesplai.org\/es\/informa-t\/actualitat-es\/dia-internacional-de-las-mujeres\/#primaryimage"},"image":{"@id":"https:\/\/fundesplai.org\/es\/informa-t\/actualitat-es\/dia-internacional-de-las-mujeres\/#primaryimage"},"thumbnailUrl":"https:\/\/fundesplai.org\/test-joomla\/wp-content\/uploads\/sites\/26\/2017\/03\/IGUALTAT.png","datePublished":"2017-03-08T08:29:22+00:00","author":{"@id":"https:\/\/fundesplai.org\/es\/#\/schema\/person\/67e7825d8ec54561cc24e36ba6b0f633"},"breadcrumb":{"@id":"https:\/\/fundesplai.org\/es\/informa-t\/actualitat-es\/dia-internacional-de-las-mujeres\/#breadcrumb"},"inLanguage":"es","potentialAction":[{"@type":"ReadAction","target":["https:\/\/fundesplai.org\/es\/informa-t\/actualitat-es\/dia-internacional-de-las-mujeres\/"]}]},{"@type":"ImageObject","inLanguage":"es","@id":"https:\/\/fundesplai.org\/es\/informa-t\/actualitat-es\/dia-internacional-de-las-mujeres\/#primaryimage","url":"https:\/\/fundesplai.org\/test-joomla\/wp-content\/uploads\/sites\/26\/2017\/03\/IGUALTAT.png","contentUrl":"https:\/\/fundesplai.org\/test-joomla\/wp-content\/uploads\/sites\/26\/2017\/03\/IGUALTAT.png"},{"@type":"BreadcrumbList","@id":"https:\/\/fundesplai.org\/es\/informa-t\/actualitat-es\/dia-internacional-de-las-mujeres\/#breadcrumb","itemListElement":[{"@type":"ListItem","position":1,"name":"Inici","item":"https:\/\/fundesplai.org\/es\/inicio\/"},{"@type":"ListItem","position":2,"name":"Inf\u00f3rmate","item":"https:\/\/fundesplai.org\/es\/informate\/"},{"@type":"ListItem","position":3,"name":"Sin categor\u00eda","item":"https:\/\/fundesplai.org\/es\/informa-t\/category\/sin-categoria\/"},{"@type":"ListItem","position":4,"name":"D\u00eda Internacional de las Mujeres"}]},{"@type":"WebSite","@id":"https:\/\/fundesplai.org\/es\/#website","url":"https:\/\/fundesplai.org\/es\/","name":"Fundesplai","description":"Eduquem per la conviv\u00e8ncia i la sostenibilitat","potentialAction":[{"@type":"SearchAction","target":{"@type":"EntryPoint","urlTemplate":"https:\/\/fundesplai.org\/es\/?s={search_term_string}"},"query-input":{"@type":"PropertyValueSpecification","valueRequired":true,"valueName":"search_term_string"}}],"inLanguage":"es"},{"@type":"Person","@id":"https:\/\/fundesplai.org\/es\/#\/schema\/person\/67e7825d8ec54561cc24e36ba6b0f633","name":"Ferran","image":{"@type":"ImageObject","inLanguage":"es","@id":"https:\/\/secure.gravatar.com\/avatar\/a3510350976b58aae6eccd1e36f066b660a69ef63f97fde3cba8205db7db816a?s=96&d=mm&r=g","url":"https:\/\/secure.gravatar.com\/avatar\/a3510350976b58aae6eccd1e36f066b660a69ef63f97fde3cba8205db7db816a?s=96&d=mm&r=g","contentUrl":"https:\/\/secure.gravatar.com\/avatar\/a3510350976b58aae6eccd1e36f066b660a69ef63f97fde3cba8205db7db816a?s=96&d=mm&r=g","caption":"Ferran"},"url":"https:\/\/fundesplai.org\/es\/informa-t\/author\/fvidal\/"}]}},"_links":{"self":[{"href":"https:\/\/fundesplai.org\/es\/wp-json\/wp\/v2\/posts\/47697","targetHints":{"allow":["GET"]}}],"collection":[{"href":"https:\/\/fundesplai.org\/es\/wp-json\/wp\/v2\/posts"}],"about":[{"href":"https:\/\/fundesplai.org\/es\/wp-json\/wp\/v2\/types\/post"}],"author":[{"embeddable":true,"href":"https:\/\/fundesplai.org\/es\/wp-json\/wp\/v2\/users\/4"}],"replies":[{"embeddable":true,"href":"https:\/\/fundesplai.org\/es\/wp-json\/wp\/v2\/comments?post=47697"}],"version-history":[{"count":0,"href":"https:\/\/fundesplai.org\/es\/wp-json\/wp\/v2\/posts\/47697\/revisions"}],"wp:attachment":[{"href":"https:\/\/fundesplai.org\/es\/wp-json\/wp\/v2\/media?parent=47697"}],"wp:term":[{"taxonomy":"category","embeddable":true,"href":"https:\/\/fundesplai.org\/es\/wp-json\/wp\/v2\/categories?post=47697"},{"taxonomy":"post_tag","embeddable":true,"href":"https:\/\/fundesplai.org\/es\/wp-json\/wp\/v2\/tags?post=47697"}],"curies":[{"name":"wp","href":"https:\/\/api.w.org\/{rel}","templated":true}]}}