{"id":47695,"date":"2017-03-02T13:10:44","date_gmt":"2017-03-02T12:10:44","guid":{"rendered":"https:\/\/fundesplai.org\/informa-t\/sense-categoria\/rehenes-un-proyecto-para-dotar-de-formacion-tic-a-personas-migrantes-y-refugiadas\/"},"modified":"2017-03-02T13:10:44","modified_gmt":"2017-03-02T12:10:44","slug":"rehenes-un-proyecto-para-dotar-de-formacion-tic-a-personas-migrantes-y-refugiadas","status":"publish","type":"post","link":"https:\/\/fundesplai.org\/es\/informa-t\/actualitat-es\/rehenes-un-proyecto-para-dotar-de-formacion-tic-a-personas-migrantes-y-refugiadas\/","title":{"rendered":"Rehenes: un proyecto para dotar de formaci\u00f3n TIC a personas migrantes y refugiadas"},"content":{"rendered":"<p>Desde febrero y hasta el pr\u00f3ximo mes de junio, Fundaci\u00f3n Esplai est\u00e1 desarrollando el proyecto&nbsp;<strong>Reh\u00e9n<\/strong>, con el apoyo de Microsoft Ib\u00e9rica, a trav\u00e9s del cual j\u00f3venes voluntarios y voluntarias de asociaciones locales y estudiantes de secundaria de diversas ciudades espa\u00f1olas impartir\u00e1n talleres de alfabetizaci\u00f3n digital y capacitaci\u00f3n b\u00e1sica en competencias de programaci\u00f3n a j\u00f3venes refugiados, refugiadas, migrantes o en situaci\u00f3n de solicitud de asilo.<\/p>\n<p><!--more--><\/p>\n<table style=\"width: 100%\">\n<tbody>\n<tr>\n<td colspan=\"2\"><img decoding=\"async\" class=\" size-full wp-image-4102\" src=\"https:\/\/fundesplai.org\/test-joomla\/wp-content\/uploads\/sites\/26\/2017\/03\/presentacion-refugIS-82.jpg\" alt=\"presentacion refugIS 82\" width=\"100%\" height=\"NaN\"><\/td>\n<\/tr>\n<tr>\n<td><img decoding=\"async\" class=\" size-full wp-image-4105\" src=\"https:\/\/fundesplai.org\/test-joomla\/wp-content\/uploads\/sites\/26\/2017\/03\/presentacion-refugIS-22.jpg\" alt=\"presentacion refugIS 22\" width=\"100%\" height=\"NaN\"><\/td>\n<td><img decoding=\"async\" class=\" size-full wp-image-4108\" src=\"https:\/\/fundesplai.org\/test-joomla\/wp-content\/uploads\/sites\/26\/2017\/03\/presentacion-refugIS-26.jpg\" alt=\"presentacion refugIS 26\" width=\"100%\" height=\"NaN\"><\/td>\n<\/tr>\n<\/tbody>\n<\/table>\n<p>Desde febrero y hasta el pr\u00f3ximo mes de junio, Fundaci\u00f3n Esplai est\u00e1 desarrollando el proyecto <strong>Reh\u00fasos<\/strong>, con el apoyo de Microsoft Ib\u00e9rica, a trav\u00e9s del cual j\u00f3venes voluntarios y voluntarias de asociaciones locales y estudiantes de secundaria de diversas ciudades espa\u00f1olas impartir\u00e1n talleres de alfabetizaci\u00f3n digital y capacitaci\u00f3n b\u00e1sica en competencias de programaci\u00f3n a j\u00f3venes refugiados, refugiadas, migrantes o en situaci\u00f3n de solicitud de asilo.<\/p>\n<p>Su principal objetivo es la mejora de la convivencia y la inclusi\u00f3n social y se est\u00e1 poniendo en marcha en entidades locales de Madrid, Barcelona y M\u00e1laga.<\/p>\n<p><strong>Formaci\u00f3n de 650 migrantes y personas refugiadas en Espa\u00f1a e Italia<\/strong><\/p>\n<p>Refugios es un proyecto impulsado por Microsoft Europa que se desarrolla paralelamente en Italia (en colaboraci\u00f3n con Fondazione Mondo Digitale) y Espa\u00f1a y tiene como objetivo formar 650 migrantes y personas refugiadas en los pr\u00f3ximos meses. Para este colectivo es de vital importancia que la sociedad de acogida le facilite el camino hacia su integraci\u00f3n.<\/p>\n<p>El reto de la iniciativa Refugios es superar las diferencias de idioma y cultura a trav\u00e9s de la tecnolog\u00eda, como c\u00f3digo digital com\u00fan, para acelerar el aprendizaje y la adquisici\u00f3n de habilidades tecnol\u00f3gicas, clave para el desarrollo e integraci\u00f3n laboral de los refugiados, las refugiadas y las personas migrantes.<\/p>\n<p><strong>Un proyecto de aprendizaje y servicio: tecnolog\u00eda para ayudar a la integraci\u00f3n social<\/strong><\/p>\n<p>Reh\u00fasa el papel de los y las estudiantes como mediadores naturales entre las culturas e idiomas, entre lo anal\u00f3gico y lo digital. Los voluntarios y voluntarias que imparten los talleres con el apoyo de asociaciones locales recibir\u00e1n, previamente, una formaci\u00f3n espec\u00edfica que les permita capacitarse para convertirse despu\u00e9s en \u00abprofesores\u00bb de los cursos que se impartir\u00e1n a trav\u00e9s de la plataforma Imagini Academy, de Microsoft. Esta plataforma les permitir\u00e1 ofrecer formaci\u00f3n, no s\u00f3lo de conocimientos tecnol\u00f3gicos b\u00e1sicos, sino tambi\u00e9n de contenidos formativos para todos aquellos interesados en emprender una carrera en el campo de la tecnolog\u00eda despu\u00e9s de su graduaci\u00f3n. Los j\u00f3venes profesores y profesoras cuentan con el apoyo y el seguimiento de educadores y educadoras de las asociaciones que participan en el proyecto. RefugIs es, por tanto, un proyecto que sigue la metodolog\u00eda de Aprendizaje y Servicio.<\/p>\n<p>La iniciativa contar\u00e1, adem\u00e1s, con la colaboraci\u00f3n de trabajadores y trabajadoras de Microsoft Ib\u00e9rica, que realizar\u00e1n acciones de voluntariado corporativo y apoyar\u00e1n a los formadores y formadoras en los talleres previstos.<\/p>\n<p><strong>Acto de presentaci\u00f3n en Barcelona<\/strong><\/p>\n<p>Para el lanzamiento de RefugIs se organiz\u00f3 un acto de presentaci\u00f3n en Barcelona, el pasado 16 de febrero, en el que participaron miembros de entidades locales (entre ellas, la organizaci\u00f3n anfitriona Asociaci\u00f3n Eiscascantic), j\u00f3venes de las asociaciones y diferentes representantes de administraciones p\u00fablicas y entidades l\u00edderes: Carlos de la Iglesia, director de comunicaci\u00f3n y desarrollo corporativo de Microsoft, Oriol Amor\u00f3s, Secretario de Igualdad, Migraciones y Ciudadan\u00eda de la Generalidad de Catalu\u00f1a, Natalia Mart\u00ednez, representante del Ayuntamiento de Barcelona, consejera del distrito de Ciutat Vella, y N\u00faria Valls, directora general de Fundaci\u00f3n Esplai.<\/p>\n<p>En la mesa de debate \u00abNuevos retos formativos: Hacia la inclusi\u00f3n de las personas refugiadas, demandantes de asilo y migrantes\u00bb particip\u00f3 In\u00e9s Massot, del Grupo de Investigaci\u00f3n en Educaci\u00f3n Intercultural de la Universidad de Barcelona; Antonia Salazar, de Eiscascantic; y Aida Masia, Coordinadora del Casal de J\u00f3venes del Centre d&#8217;Esplai Montmella Cases Can Vidalet.<\/p>\n<p><a href=\"https:\/\/photos.google.com\/share\/AF1QipNEvvQ8XFLNK2GWLrFW0RaVjPNGJRCvZ9UYujtZ81GHpsB3Ruw9Y2HBV6ox95WQ6Q?key=cldZX0xWQ3hCSEtiRTdKbVVEV0hsdFpwYVloSzJn\"><span>\u00c1lbum de fotos de la presentaci\u00f3n.<\/span><\/a><\/p>\n<p>Elvira Aliaga Gonz\u00e1lez-Albo, Comunicaci\u00f3n y \u00c1rea de Participaci\u00f3n y Tercer Sector<\/p>\n","protected":false},"excerpt":{"rendered":"<p>Desde febrero y hasta el pr\u00f3ximo mes de junio, Fundaci\u00f3n Esplai est\u00e1 desarrollando el proyecto&nbsp;Reh\u00e9n, con el apoyo de Microsoft Ib\u00e9rica, a trav\u00e9s del cual j\u00f3venes voluntarios y voluntarias de asociaciones locales y estudiantes de secundaria de diversas ciudades espa\u00f1olas impartir\u00e1n talleres de alfabetizaci\u00f3n digital y capacitaci\u00f3n b\u00e1sica en competencias de programaci\u00f3n a j\u00f3venes refugiados, [&hellip;]<\/p>\n","protected":false},"author":9,"featured_media":0,"comment_status":"closed","ping_status":"closed","sticky":false,"template":"","format":"standard","meta":{"_et_pb_use_builder":"","_et_pb_old_content":"","_et_gb_content_width":"","footnotes":""},"categories":[937],"tags":[],"class_list":["post-47695","post","type-post","status-publish","format-standard","hentry","category-actualitat-es"],"yoast_head":"<!-- This site is optimized with the Yoast SEO plugin v27.4 - https:\/\/yoast.com\/product\/yoast-seo-wordpress\/ -->\n<title>Rehenes: un proyecto para dotar de formaci\u00f3n TIC a personas migrantes y refugiadas - Fundesplai<\/title>\n<meta name=\"robots\" content=\"index, follow, max-snippet:-1, max-image-preview:large, max-video-preview:-1\" \/>\n<link rel=\"canonical\" href=\"https:\/\/fundesplai.org\/es\/informa-t\/actualitat-es\/rehenes-un-proyecto-para-dotar-de-formacion-tic-a-personas-migrantes-y-refugiadas\/\" \/>\n<meta property=\"og:locale\" content=\"es_ES\" \/>\n<meta property=\"og:type\" content=\"article\" \/>\n<meta property=\"og:title\" content=\"Rehenes: un proyecto para dotar de formaci\u00f3n TIC a personas migrantes y refugiadas - Fundesplai\" \/>\n<meta property=\"og:description\" content=\"Desde febrero y hasta el pr\u00f3ximo mes de junio, Fundaci\u00f3n Esplai est\u00e1 desarrollando el proyecto&nbsp;Reh\u00e9n, con el apoyo de Microsoft Ib\u00e9rica, a trav\u00e9s del cual j\u00f3venes voluntarios y voluntarias de asociaciones locales y estudiantes de secundaria de diversas ciudades espa\u00f1olas impartir\u00e1n talleres de alfabetizaci\u00f3n digital y capacitaci\u00f3n b\u00e1sica en competencias de programaci\u00f3n a j\u00f3venes refugiados, [&hellip;]\" \/>\n<meta property=\"og:url\" content=\"https:\/\/fundesplai.org\/es\/informa-t\/actualitat-es\/rehenes-un-proyecto-para-dotar-de-formacion-tic-a-personas-migrantes-y-refugiadas\/\" \/>\n<meta property=\"og:site_name\" content=\"Fundesplai\" \/>\n<meta property=\"article:published_time\" content=\"2017-03-02T12:10:44+00:00\" \/>\n<meta property=\"og:image\" content=\"https:\/\/fundesplai.org\/test-joomla\/wp-content\/uploads\/sites\/26\/2017\/03\/presentacion-refugIS-82.jpg\" \/>\n<meta name=\"author\" content=\"Alfons Valle\" \/>\n<meta name=\"twitter:card\" content=\"summary_large_image\" \/>\n<meta name=\"twitter:label1\" content=\"Escrito por\" \/>\n\t<meta name=\"twitter:data1\" content=\"Alfons Valle\" \/>\n\t<meta name=\"twitter:label2\" content=\"Tiempo de lectura\" \/>\n\t<meta name=\"twitter:data2\" content=\"4 minutos\" \/>\n<script type=\"application\/ld+json\" class=\"yoast-schema-graph\">{\"@context\":\"https:\\\/\\\/schema.org\",\"@graph\":[{\"@type\":\"Article\",\"@id\":\"https:\\\/\\\/fundesplai.org\\\/es\\\/informa-t\\\/actualitat-es\\\/rehenes-un-proyecto-para-dotar-de-formacion-tic-a-personas-migrantes-y-refugiadas\\\/#article\",\"isPartOf\":{\"@id\":\"https:\\\/\\\/fundesplai.org\\\/es\\\/informa-t\\\/actualitat-es\\\/rehenes-un-proyecto-para-dotar-de-formacion-tic-a-personas-migrantes-y-refugiadas\\\/\"},\"author\":{\"name\":\"Alfons Valle\",\"@id\":\"https:\\\/\\\/fundesplai.org\\\/es\\\/#\\\/schema\\\/person\\\/c0e9e7466bb8ac06f5264324a6109733\"},\"headline\":\"Rehenes: un proyecto para dotar de formaci\u00f3n TIC a personas migrantes y refugiadas\",\"datePublished\":\"2017-03-02T12:10:44+00:00\",\"mainEntityOfPage\":{\"@id\":\"https:\\\/\\\/fundesplai.org\\\/es\\\/informa-t\\\/actualitat-es\\\/rehenes-un-proyecto-para-dotar-de-formacion-tic-a-personas-migrantes-y-refugiadas\\\/\"},\"wordCount\":726,\"image\":{\"@id\":\"https:\\\/\\\/fundesplai.org\\\/es\\\/informa-t\\\/actualitat-es\\\/rehenes-un-proyecto-para-dotar-de-formacion-tic-a-personas-migrantes-y-refugiadas\\\/#primaryimage\"},\"thumbnailUrl\":\"https:\\\/\\\/fundesplai.org\\\/test-joomla\\\/wp-content\\\/uploads\\\/sites\\\/26\\\/2017\\\/03\\\/presentacion-refugIS-82.jpg\",\"articleSection\":[\"Actualitat\"],\"inLanguage\":\"es\"},{\"@type\":\"WebPage\",\"@id\":\"https:\\\/\\\/fundesplai.org\\\/es\\\/informa-t\\\/actualitat-es\\\/rehenes-un-proyecto-para-dotar-de-formacion-tic-a-personas-migrantes-y-refugiadas\\\/\",\"url\":\"https:\\\/\\\/fundesplai.org\\\/es\\\/informa-t\\\/actualitat-es\\\/rehenes-un-proyecto-para-dotar-de-formacion-tic-a-personas-migrantes-y-refugiadas\\\/\",\"name\":\"Rehenes: un proyecto para dotar de formaci\u00f3n TIC a personas migrantes y refugiadas - Fundesplai\",\"isPartOf\":{\"@id\":\"https:\\\/\\\/fundesplai.org\\\/es\\\/#website\"},\"primaryImageOfPage\":{\"@id\":\"https:\\\/\\\/fundesplai.org\\\/es\\\/informa-t\\\/actualitat-es\\\/rehenes-un-proyecto-para-dotar-de-formacion-tic-a-personas-migrantes-y-refugiadas\\\/#primaryimage\"},\"image\":{\"@id\":\"https:\\\/\\\/fundesplai.org\\\/es\\\/informa-t\\\/actualitat-es\\\/rehenes-un-proyecto-para-dotar-de-formacion-tic-a-personas-migrantes-y-refugiadas\\\/#primaryimage\"},\"thumbnailUrl\":\"https:\\\/\\\/fundesplai.org\\\/test-joomla\\\/wp-content\\\/uploads\\\/sites\\\/26\\\/2017\\\/03\\\/presentacion-refugIS-82.jpg\",\"datePublished\":\"2017-03-02T12:10:44+00:00\",\"author\":{\"@id\":\"https:\\\/\\\/fundesplai.org\\\/es\\\/#\\\/schema\\\/person\\\/c0e9e7466bb8ac06f5264324a6109733\"},\"breadcrumb\":{\"@id\":\"https:\\\/\\\/fundesplai.org\\\/es\\\/informa-t\\\/actualitat-es\\\/rehenes-un-proyecto-para-dotar-de-formacion-tic-a-personas-migrantes-y-refugiadas\\\/#breadcrumb\"},\"inLanguage\":\"es\",\"potentialAction\":[{\"@type\":\"ReadAction\",\"target\":[\"https:\\\/\\\/fundesplai.org\\\/es\\\/informa-t\\\/actualitat-es\\\/rehenes-un-proyecto-para-dotar-de-formacion-tic-a-personas-migrantes-y-refugiadas\\\/\"]}]},{\"@type\":\"ImageObject\",\"inLanguage\":\"es\",\"@id\":\"https:\\\/\\\/fundesplai.org\\\/es\\\/informa-t\\\/actualitat-es\\\/rehenes-un-proyecto-para-dotar-de-formacion-tic-a-personas-migrantes-y-refugiadas\\\/#primaryimage\",\"url\":\"https:\\\/\\\/fundesplai.org\\\/test-joomla\\\/wp-content\\\/uploads\\\/sites\\\/26\\\/2017\\\/03\\\/presentacion-refugIS-82.jpg\",\"contentUrl\":\"https:\\\/\\\/fundesplai.org\\\/test-joomla\\\/wp-content\\\/uploads\\\/sites\\\/26\\\/2017\\\/03\\\/presentacion-refugIS-82.jpg\"},{\"@type\":\"BreadcrumbList\",\"@id\":\"https:\\\/\\\/fundesplai.org\\\/es\\\/informa-t\\\/actualitat-es\\\/rehenes-un-proyecto-para-dotar-de-formacion-tic-a-personas-migrantes-y-refugiadas\\\/#breadcrumb\",\"itemListElement\":[{\"@type\":\"ListItem\",\"position\":1,\"name\":\"Inici\",\"item\":\"https:\\\/\\\/fundesplai.org\\\/es\\\/inicio\\\/\"},{\"@type\":\"ListItem\",\"position\":2,\"name\":\"Inf\u00f3rmate\",\"item\":\"https:\\\/\\\/fundesplai.org\\\/es\\\/informate\\\/\"},{\"@type\":\"ListItem\",\"position\":3,\"name\":\"Sin categor\u00eda\",\"item\":\"https:\\\/\\\/fundesplai.org\\\/es\\\/informa-t\\\/category\\\/sin-categoria\\\/\"},{\"@type\":\"ListItem\",\"position\":4,\"name\":\"Rehenes: un proyecto para dotar de formaci\u00f3n TIC a personas migrantes y refugiadas\"}]},{\"@type\":\"WebSite\",\"@id\":\"https:\\\/\\\/fundesplai.org\\\/es\\\/#website\",\"url\":\"https:\\\/\\\/fundesplai.org\\\/es\\\/\",\"name\":\"Fundesplai\",\"description\":\"Eduquem per la conviv\u00e8ncia i la sostenibilitat\",\"potentialAction\":[{\"@type\":\"SearchAction\",\"target\":{\"@type\":\"EntryPoint\",\"urlTemplate\":\"https:\\\/\\\/fundesplai.org\\\/es\\\/?s={search_term_string}\"},\"query-input\":{\"@type\":\"PropertyValueSpecification\",\"valueRequired\":true,\"valueName\":\"search_term_string\"}}],\"inLanguage\":\"es\"},{\"@type\":\"Person\",\"@id\":\"https:\\\/\\\/fundesplai.org\\\/es\\\/#\\\/schema\\\/person\\\/c0e9e7466bb8ac06f5264324a6109733\",\"name\":\"Alfons Valle\",\"image\":{\"@type\":\"ImageObject\",\"inLanguage\":\"es\",\"@id\":\"https:\\\/\\\/secure.gravatar.com\\\/avatar\\\/71d95a3f99a068ba570ac1314ed6911a59c5ae3f22ffcf23631cd1a861a640bc?s=96&d=mm&r=g\",\"url\":\"https:\\\/\\\/secure.gravatar.com\\\/avatar\\\/71d95a3f99a068ba570ac1314ed6911a59c5ae3f22ffcf23631cd1a861a640bc?s=96&d=mm&r=g\",\"contentUrl\":\"https:\\\/\\\/secure.gravatar.com\\\/avatar\\\/71d95a3f99a068ba570ac1314ed6911a59c5ae3f22ffcf23631cd1a861a640bc?s=96&d=mm&r=g\",\"caption\":\"Alfons Valle\"},\"url\":\"https:\\\/\\\/fundesplai.org\\\/es\\\/informa-t\\\/author\\\/avalle\\\/\"}]}<\/script>\n<!-- \/ Yoast SEO plugin. -->","yoast_head_json":{"title":"Rehenes: un proyecto para dotar de formaci\u00f3n TIC a personas migrantes y refugiadas - Fundesplai","robots":{"index":"index","follow":"follow","max-snippet":"max-snippet:-1","max-image-preview":"max-image-preview:large","max-video-preview":"max-video-preview:-1"},"canonical":"https:\/\/fundesplai.org\/es\/informa-t\/actualitat-es\/rehenes-un-proyecto-para-dotar-de-formacion-tic-a-personas-migrantes-y-refugiadas\/","og_locale":"es_ES","og_type":"article","og_title":"Rehenes: un proyecto para dotar de formaci\u00f3n TIC a personas migrantes y refugiadas - Fundesplai","og_description":"Desde febrero y hasta el pr\u00f3ximo mes de junio, Fundaci\u00f3n Esplai est\u00e1 desarrollando el proyecto&nbsp;Reh\u00e9n, con el apoyo de Microsoft Ib\u00e9rica, a trav\u00e9s del cual j\u00f3venes voluntarios y voluntarias de asociaciones locales y estudiantes de secundaria de diversas ciudades espa\u00f1olas impartir\u00e1n talleres de alfabetizaci\u00f3n digital y capacitaci\u00f3n b\u00e1sica en competencias de programaci\u00f3n a j\u00f3venes refugiados, [&hellip;]","og_url":"https:\/\/fundesplai.org\/es\/informa-t\/actualitat-es\/rehenes-un-proyecto-para-dotar-de-formacion-tic-a-personas-migrantes-y-refugiadas\/","og_site_name":"Fundesplai","article_published_time":"2017-03-02T12:10:44+00:00","og_image":[{"url":"https:\/\/fundesplai.org\/test-joomla\/wp-content\/uploads\/sites\/26\/2017\/03\/presentacion-refugIS-82.jpg","type":"","width":"","height":""}],"author":"Alfons Valle","twitter_card":"summary_large_image","twitter_misc":{"Escrito por":"Alfons Valle","Tiempo de lectura":"4 minutos"},"schema":{"@context":"https:\/\/schema.org","@graph":[{"@type":"Article","@id":"https:\/\/fundesplai.org\/es\/informa-t\/actualitat-es\/rehenes-un-proyecto-para-dotar-de-formacion-tic-a-personas-migrantes-y-refugiadas\/#article","isPartOf":{"@id":"https:\/\/fundesplai.org\/es\/informa-t\/actualitat-es\/rehenes-un-proyecto-para-dotar-de-formacion-tic-a-personas-migrantes-y-refugiadas\/"},"author":{"name":"Alfons Valle","@id":"https:\/\/fundesplai.org\/es\/#\/schema\/person\/c0e9e7466bb8ac06f5264324a6109733"},"headline":"Rehenes: un proyecto para dotar de formaci\u00f3n TIC a personas migrantes y refugiadas","datePublished":"2017-03-02T12:10:44+00:00","mainEntityOfPage":{"@id":"https:\/\/fundesplai.org\/es\/informa-t\/actualitat-es\/rehenes-un-proyecto-para-dotar-de-formacion-tic-a-personas-migrantes-y-refugiadas\/"},"wordCount":726,"image":{"@id":"https:\/\/fundesplai.org\/es\/informa-t\/actualitat-es\/rehenes-un-proyecto-para-dotar-de-formacion-tic-a-personas-migrantes-y-refugiadas\/#primaryimage"},"thumbnailUrl":"https:\/\/fundesplai.org\/test-joomla\/wp-content\/uploads\/sites\/26\/2017\/03\/presentacion-refugIS-82.jpg","articleSection":["Actualitat"],"inLanguage":"es"},{"@type":"WebPage","@id":"https:\/\/fundesplai.org\/es\/informa-t\/actualitat-es\/rehenes-un-proyecto-para-dotar-de-formacion-tic-a-personas-migrantes-y-refugiadas\/","url":"https:\/\/fundesplai.org\/es\/informa-t\/actualitat-es\/rehenes-un-proyecto-para-dotar-de-formacion-tic-a-personas-migrantes-y-refugiadas\/","name":"Rehenes: un proyecto para dotar de formaci\u00f3n TIC a personas migrantes y refugiadas - Fundesplai","isPartOf":{"@id":"https:\/\/fundesplai.org\/es\/#website"},"primaryImageOfPage":{"@id":"https:\/\/fundesplai.org\/es\/informa-t\/actualitat-es\/rehenes-un-proyecto-para-dotar-de-formacion-tic-a-personas-migrantes-y-refugiadas\/#primaryimage"},"image":{"@id":"https:\/\/fundesplai.org\/es\/informa-t\/actualitat-es\/rehenes-un-proyecto-para-dotar-de-formacion-tic-a-personas-migrantes-y-refugiadas\/#primaryimage"},"thumbnailUrl":"https:\/\/fundesplai.org\/test-joomla\/wp-content\/uploads\/sites\/26\/2017\/03\/presentacion-refugIS-82.jpg","datePublished":"2017-03-02T12:10:44+00:00","author":{"@id":"https:\/\/fundesplai.org\/es\/#\/schema\/person\/c0e9e7466bb8ac06f5264324a6109733"},"breadcrumb":{"@id":"https:\/\/fundesplai.org\/es\/informa-t\/actualitat-es\/rehenes-un-proyecto-para-dotar-de-formacion-tic-a-personas-migrantes-y-refugiadas\/#breadcrumb"},"inLanguage":"es","potentialAction":[{"@type":"ReadAction","target":["https:\/\/fundesplai.org\/es\/informa-t\/actualitat-es\/rehenes-un-proyecto-para-dotar-de-formacion-tic-a-personas-migrantes-y-refugiadas\/"]}]},{"@type":"ImageObject","inLanguage":"es","@id":"https:\/\/fundesplai.org\/es\/informa-t\/actualitat-es\/rehenes-un-proyecto-para-dotar-de-formacion-tic-a-personas-migrantes-y-refugiadas\/#primaryimage","url":"https:\/\/fundesplai.org\/test-joomla\/wp-content\/uploads\/sites\/26\/2017\/03\/presentacion-refugIS-82.jpg","contentUrl":"https:\/\/fundesplai.org\/test-joomla\/wp-content\/uploads\/sites\/26\/2017\/03\/presentacion-refugIS-82.jpg"},{"@type":"BreadcrumbList","@id":"https:\/\/fundesplai.org\/es\/informa-t\/actualitat-es\/rehenes-un-proyecto-para-dotar-de-formacion-tic-a-personas-migrantes-y-refugiadas\/#breadcrumb","itemListElement":[{"@type":"ListItem","position":1,"name":"Inici","item":"https:\/\/fundesplai.org\/es\/inicio\/"},{"@type":"ListItem","position":2,"name":"Inf\u00f3rmate","item":"https:\/\/fundesplai.org\/es\/informate\/"},{"@type":"ListItem","position":3,"name":"Sin categor\u00eda","item":"https:\/\/fundesplai.org\/es\/informa-t\/category\/sin-categoria\/"},{"@type":"ListItem","position":4,"name":"Rehenes: un proyecto para dotar de formaci\u00f3n TIC a personas migrantes y refugiadas"}]},{"@type":"WebSite","@id":"https:\/\/fundesplai.org\/es\/#website","url":"https:\/\/fundesplai.org\/es\/","name":"Fundesplai","description":"Eduquem per la conviv\u00e8ncia i la sostenibilitat","potentialAction":[{"@type":"SearchAction","target":{"@type":"EntryPoint","urlTemplate":"https:\/\/fundesplai.org\/es\/?s={search_term_string}"},"query-input":{"@type":"PropertyValueSpecification","valueRequired":true,"valueName":"search_term_string"}}],"inLanguage":"es"},{"@type":"Person","@id":"https:\/\/fundesplai.org\/es\/#\/schema\/person\/c0e9e7466bb8ac06f5264324a6109733","name":"Alfons Valle","image":{"@type":"ImageObject","inLanguage":"es","@id":"https:\/\/secure.gravatar.com\/avatar\/71d95a3f99a068ba570ac1314ed6911a59c5ae3f22ffcf23631cd1a861a640bc?s=96&d=mm&r=g","url":"https:\/\/secure.gravatar.com\/avatar\/71d95a3f99a068ba570ac1314ed6911a59c5ae3f22ffcf23631cd1a861a640bc?s=96&d=mm&r=g","contentUrl":"https:\/\/secure.gravatar.com\/avatar\/71d95a3f99a068ba570ac1314ed6911a59c5ae3f22ffcf23631cd1a861a640bc?s=96&d=mm&r=g","caption":"Alfons Valle"},"url":"https:\/\/fundesplai.org\/es\/informa-t\/author\/avalle\/"}]}},"_links":{"self":[{"href":"https:\/\/fundesplai.org\/es\/wp-json\/wp\/v2\/posts\/47695","targetHints":{"allow":["GET"]}}],"collection":[{"href":"https:\/\/fundesplai.org\/es\/wp-json\/wp\/v2\/posts"}],"about":[{"href":"https:\/\/fundesplai.org\/es\/wp-json\/wp\/v2\/types\/post"}],"author":[{"embeddable":true,"href":"https:\/\/fundesplai.org\/es\/wp-json\/wp\/v2\/users\/9"}],"replies":[{"embeddable":true,"href":"https:\/\/fundesplai.org\/es\/wp-json\/wp\/v2\/comments?post=47695"}],"version-history":[{"count":0,"href":"https:\/\/fundesplai.org\/es\/wp-json\/wp\/v2\/posts\/47695\/revisions"}],"wp:attachment":[{"href":"https:\/\/fundesplai.org\/es\/wp-json\/wp\/v2\/media?parent=47695"}],"wp:term":[{"taxonomy":"category","embeddable":true,"href":"https:\/\/fundesplai.org\/es\/wp-json\/wp\/v2\/categories?post=47695"},{"taxonomy":"post_tag","embeddable":true,"href":"https:\/\/fundesplai.org\/es\/wp-json\/wp\/v2\/tags?post=47695"}],"curies":[{"name":"wp","href":"https:\/\/api.w.org\/{rel}","templated":true}]}}