{"id":47694,"date":"2017-03-02T11:09:23","date_gmt":"2017-03-02T10:09:23","guid":{"rendered":"https:\/\/fundesplai.org\/informa-t\/sense-categoria\/comienza-joven-valor-un-programa-de-inclusion-juvenil-donde-se-aprende-a-trabajar-trabajando\/"},"modified":"2017-03-02T11:09:23","modified_gmt":"2017-03-02T10:09:23","slug":"comienza-joven-valor-un-programa-de-inclusion-juvenil-donde-se-aprende-a-trabajar-trabajando","status":"publish","type":"post","link":"https:\/\/fundesplai.org\/es\/informa-t\/actualitat-es\/comienza-joven-valor-un-programa-de-inclusion-juvenil-donde-se-aprende-a-trabajar-trabajando\/","title":{"rendered":"Comienza Joven Valor, un programa de inclusi\u00f3n juvenil donde se aprende a trabajar, trabajando"},"content":{"rendered":"<p>Este mi\u00e9rcoles 1 de marzo comenzaron la formaci\u00f3n los primeros 15 j\u00f3venes del programa.&nbsp;<strong>Jove Valor<\/strong>, una iniciativa impulsada por&nbsp;<strong>Fundesplai<\/strong>&nbsp;que busca ofrecer a j\u00f3venes en riesgo de vulnerabilidad social una oportunidad formativa y laboral. Estos j\u00f3venes forman parte del grupo de El Prat de Llobregat, pero pr\u00f3ximamente se pondr\u00e1 en marcha otro grupo en Castelldefels.<\/p>\n<p><!--more--><\/p>\n<p><img decoding=\"async\" class=\" size-full wp-image-4098\" src=\"https:\/\/fundesplai.org\/test-joomla\/wp-content\/uploads\/sites\/26\/2017\/03\/jove-valor-prat.jpg\" alt=\"joven valor prat\" width=\"100%\" height=\"NaN\"><\/p>\n<p><img loading=\"lazy\" decoding=\"async\" class=\" alignleft size-full wp-image-4100\" style=\"margin-right: 5px;margin-bottom: 5px;float: left\" src=\"https:\/\/fundesplai.org\/test-joomla\/wp-content\/uploads\/sites\/26\/2017\/03\/LOGO_JV1.jpg\" alt=\"LOGO JV1\" width=\"300\" height=\"223\">Este mi\u00e9rcoles 1 de marzo comenzaron la formaci\u00f3n los primeros 15 j\u00f3venes del programa <strong>Joven Valor<\/strong>, una iniciativa impulsada por <strong>Fundesplai<\/strong> que busca ofrecer a j\u00f3venes en riesgo de vulnerabilidad social una oportunidad formativa y laboral. Estos j\u00f3venes forman parte del grupo de El Prat de Llobregat, pero pr\u00f3ximamente se pondr\u00e1 en marcha otro grupo en Castelldefels.<\/p>\n<p>Los datos indican que uno de cada dos j\u00f3venes entre 18 y 25 a\u00f1os no trabaja y que un 22,7% del total de j\u00f3venes ni estudian ni trabajan. Estos \u00faltimos son j\u00f3venes que se sit\u00faan en situaci\u00f3n de vulnerabilidad social. Joven Valor es un programa que busca la complicidad de administraciones p\u00fablicas y empresas para dar respuesta a esta situaci\u00f3n.&nbsp;<\/p>\n<p>Este proyecto innovador se inspira en un proyecto que naci\u00f3 en Brasil hace m\u00e1s de 20 a\u00f1os de la mano de la Funda\u00e7ao Pro-cerrado &#8211; Rede Pr\u00f3-Aprendiz.<\/p>\n<p><strong>C\u00f3mo funciona<\/strong><\/p>\n<p><span style=\"background-color: transparent\">En Jove Valor se ofrece a los chicos y chicas un contrato remunerado de un a\u00f1o, en el que se combina un proceso de trabajo formativo con unas estancias de trabajo en una empresa acogedora, donde aprenden a desarrollarse bajo una cultura organizativa, unas rutinas laborales y un ambiente de trabajo real. Y todo, con un acompa\u00f1amiento personalizado.&nbsp;<\/span>En Joven Valor los chicos y las chicas aprenden a trabajar trabajando.<\/p>\n<p><strong>En marcha en El Prat de Llobregat y Castelldefels<\/strong><\/p>\n<p>En esta fase inicial Jove Valor se desarrolla en El Prat de Llobregat y Castelldefels. Es un proyecto compartido con los ayuntamientos de las citadas localidades, empresas locales, la C\u00e1mara de Comercio, los sindicatos UGT y CCOO, la Fundaci\u00f3n \u00abla Caixa\u00bb y el Servicio de Empleo de Catalu\u00f1a.<\/p>\n<p><strong>Contacto:&nbsp;<a href=\"mailto:jovevalor@fundesplai.org\">jovevalor@fundesplai.org<\/a><\/strong><\/p>\n","protected":false},"excerpt":{"rendered":"<p>Este mi\u00e9rcoles 1 de marzo comenzaron la formaci\u00f3n los primeros 15 j\u00f3venes del programa.&nbsp;Jove Valor, una iniciativa impulsada por&nbsp;Fundesplai&nbsp;que busca ofrecer a j\u00f3venes en riesgo de vulnerabilidad social una oportunidad formativa y laboral. Estos j\u00f3venes forman parte del grupo de El Prat de Llobregat, pero pr\u00f3ximamente se pondr\u00e1 en marcha otro grupo en Castelldefels.<\/p>\n","protected":false},"author":9,"featured_media":0,"comment_status":"closed","ping_status":"closed","sticky":false,"template":"","format":"standard","meta":{"_et_pb_use_builder":"","_et_pb_old_content":"","_et_gb_content_width":"","footnotes":""},"categories":[937],"tags":[],"class_list":["post-47694","post","type-post","status-publish","format-standard","hentry","category-actualitat-es"],"yoast_head":"<!-- This site is optimized with the Yoast SEO plugin v27.4 - https:\/\/yoast.com\/product\/yoast-seo-wordpress\/ -->\n<title>Comienza Joven Valor, un programa de inclusi\u00f3n juvenil donde se aprende a trabajar, trabajando - Fundesplai<\/title>\n<meta name=\"robots\" content=\"index, follow, max-snippet:-1, max-image-preview:large, max-video-preview:-1\" \/>\n<link rel=\"canonical\" href=\"https:\/\/fundesplai.org\/es\/informa-t\/actualitat-es\/comienza-joven-valor-un-programa-de-inclusion-juvenil-donde-se-aprende-a-trabajar-trabajando\/\" \/>\n<meta property=\"og:locale\" content=\"es_ES\" \/>\n<meta property=\"og:type\" content=\"article\" \/>\n<meta property=\"og:title\" content=\"Comienza Joven Valor, un programa de inclusi\u00f3n juvenil donde se aprende a trabajar, trabajando - Fundesplai\" \/>\n<meta property=\"og:description\" content=\"Este mi\u00e9rcoles 1 de marzo comenzaron la formaci\u00f3n los primeros 15 j\u00f3venes del programa.&nbsp;Jove Valor, una iniciativa impulsada por&nbsp;Fundesplai&nbsp;que busca ofrecer a j\u00f3venes en riesgo de vulnerabilidad social una oportunidad formativa y laboral. Estos j\u00f3venes forman parte del grupo de El Prat de Llobregat, pero pr\u00f3ximamente se pondr\u00e1 en marcha otro grupo en Castelldefels.\" \/>\n<meta property=\"og:url\" content=\"https:\/\/fundesplai.org\/es\/informa-t\/actualitat-es\/comienza-joven-valor-un-programa-de-inclusion-juvenil-donde-se-aprende-a-trabajar-trabajando\/\" \/>\n<meta property=\"og:site_name\" content=\"Fundesplai\" \/>\n<meta property=\"article:published_time\" content=\"2017-03-02T10:09:23+00:00\" \/>\n<meta property=\"og:image\" content=\"https:\/\/fundesplai.org\/test-joomla\/wp-content\/uploads\/sites\/26\/2017\/03\/jove-valor-prat.jpg\" \/>\n<meta name=\"author\" content=\"Alfons Valle\" \/>\n<meta name=\"twitter:card\" content=\"summary_large_image\" \/>\n<meta name=\"twitter:label1\" content=\"Escrito por\" \/>\n\t<meta name=\"twitter:data1\" content=\"Alfons Valle\" \/>\n\t<meta name=\"twitter:label2\" content=\"Tiempo de lectura\" \/>\n\t<meta name=\"twitter:data2\" content=\"2 minutos\" \/>\n<script type=\"application\/ld+json\" class=\"yoast-schema-graph\">{\"@context\":\"https:\\\/\\\/schema.org\",\"@graph\":[{\"@type\":\"Article\",\"@id\":\"https:\\\/\\\/fundesplai.org\\\/es\\\/informa-t\\\/actualitat-es\\\/comienza-joven-valor-un-programa-de-inclusion-juvenil-donde-se-aprende-a-trabajar-trabajando\\\/#article\",\"isPartOf\":{\"@id\":\"https:\\\/\\\/fundesplai.org\\\/es\\\/informa-t\\\/actualitat-es\\\/comienza-joven-valor-un-programa-de-inclusion-juvenil-donde-se-aprende-a-trabajar-trabajando\\\/\"},\"author\":{\"name\":\"Alfons Valle\",\"@id\":\"https:\\\/\\\/fundesplai.org\\\/es\\\/#\\\/schema\\\/person\\\/c0e9e7466bb8ac06f5264324a6109733\"},\"headline\":\"Comienza Joven Valor, un programa de inclusi\u00f3n juvenil donde se aprende a trabajar, trabajando\",\"datePublished\":\"2017-03-02T10:09:23+00:00\",\"mainEntityOfPage\":{\"@id\":\"https:\\\/\\\/fundesplai.org\\\/es\\\/informa-t\\\/actualitat-es\\\/comienza-joven-valor-un-programa-de-inclusion-juvenil-donde-se-aprende-a-trabajar-trabajando\\\/\"},\"wordCount\":377,\"image\":{\"@id\":\"https:\\\/\\\/fundesplai.org\\\/es\\\/informa-t\\\/actualitat-es\\\/comienza-joven-valor-un-programa-de-inclusion-juvenil-donde-se-aprende-a-trabajar-trabajando\\\/#primaryimage\"},\"thumbnailUrl\":\"https:\\\/\\\/fundesplai.org\\\/test-joomla\\\/wp-content\\\/uploads\\\/sites\\\/26\\\/2017\\\/03\\\/jove-valor-prat.jpg\",\"articleSection\":[\"Actualitat\"],\"inLanguage\":\"es\"},{\"@type\":\"WebPage\",\"@id\":\"https:\\\/\\\/fundesplai.org\\\/es\\\/informa-t\\\/actualitat-es\\\/comienza-joven-valor-un-programa-de-inclusion-juvenil-donde-se-aprende-a-trabajar-trabajando\\\/\",\"url\":\"https:\\\/\\\/fundesplai.org\\\/es\\\/informa-t\\\/actualitat-es\\\/comienza-joven-valor-un-programa-de-inclusion-juvenil-donde-se-aprende-a-trabajar-trabajando\\\/\",\"name\":\"Comienza Joven Valor, un programa de inclusi\u00f3n juvenil donde se aprende a trabajar, trabajando - Fundesplai\",\"isPartOf\":{\"@id\":\"https:\\\/\\\/fundesplai.org\\\/es\\\/#website\"},\"primaryImageOfPage\":{\"@id\":\"https:\\\/\\\/fundesplai.org\\\/es\\\/informa-t\\\/actualitat-es\\\/comienza-joven-valor-un-programa-de-inclusion-juvenil-donde-se-aprende-a-trabajar-trabajando\\\/#primaryimage\"},\"image\":{\"@id\":\"https:\\\/\\\/fundesplai.org\\\/es\\\/informa-t\\\/actualitat-es\\\/comienza-joven-valor-un-programa-de-inclusion-juvenil-donde-se-aprende-a-trabajar-trabajando\\\/#primaryimage\"},\"thumbnailUrl\":\"https:\\\/\\\/fundesplai.org\\\/test-joomla\\\/wp-content\\\/uploads\\\/sites\\\/26\\\/2017\\\/03\\\/jove-valor-prat.jpg\",\"datePublished\":\"2017-03-02T10:09:23+00:00\",\"author\":{\"@id\":\"https:\\\/\\\/fundesplai.org\\\/es\\\/#\\\/schema\\\/person\\\/c0e9e7466bb8ac06f5264324a6109733\"},\"breadcrumb\":{\"@id\":\"https:\\\/\\\/fundesplai.org\\\/es\\\/informa-t\\\/actualitat-es\\\/comienza-joven-valor-un-programa-de-inclusion-juvenil-donde-se-aprende-a-trabajar-trabajando\\\/#breadcrumb\"},\"inLanguage\":\"es\",\"potentialAction\":[{\"@type\":\"ReadAction\",\"target\":[\"https:\\\/\\\/fundesplai.org\\\/es\\\/informa-t\\\/actualitat-es\\\/comienza-joven-valor-un-programa-de-inclusion-juvenil-donde-se-aprende-a-trabajar-trabajando\\\/\"]}]},{\"@type\":\"ImageObject\",\"inLanguage\":\"es\",\"@id\":\"https:\\\/\\\/fundesplai.org\\\/es\\\/informa-t\\\/actualitat-es\\\/comienza-joven-valor-un-programa-de-inclusion-juvenil-donde-se-aprende-a-trabajar-trabajando\\\/#primaryimage\",\"url\":\"https:\\\/\\\/fundesplai.org\\\/test-joomla\\\/wp-content\\\/uploads\\\/sites\\\/26\\\/2017\\\/03\\\/jove-valor-prat.jpg\",\"contentUrl\":\"https:\\\/\\\/fundesplai.org\\\/test-joomla\\\/wp-content\\\/uploads\\\/sites\\\/26\\\/2017\\\/03\\\/jove-valor-prat.jpg\"},{\"@type\":\"BreadcrumbList\",\"@id\":\"https:\\\/\\\/fundesplai.org\\\/es\\\/informa-t\\\/actualitat-es\\\/comienza-joven-valor-un-programa-de-inclusion-juvenil-donde-se-aprende-a-trabajar-trabajando\\\/#breadcrumb\",\"itemListElement\":[{\"@type\":\"ListItem\",\"position\":1,\"name\":\"Inici\",\"item\":\"https:\\\/\\\/fundesplai.org\\\/es\\\/inicio\\\/\"},{\"@type\":\"ListItem\",\"position\":2,\"name\":\"Inf\u00f3rmate\",\"item\":\"https:\\\/\\\/fundesplai.org\\\/es\\\/informate\\\/\"},{\"@type\":\"ListItem\",\"position\":3,\"name\":\"Sin categor\u00eda\",\"item\":\"https:\\\/\\\/fundesplai.org\\\/es\\\/informa-t\\\/category\\\/sin-categoria\\\/\"},{\"@type\":\"ListItem\",\"position\":4,\"name\":\"Comienza Joven Valor, un programa de inclusi\u00f3n juvenil donde se aprende a trabajar, trabajando\"}]},{\"@type\":\"WebSite\",\"@id\":\"https:\\\/\\\/fundesplai.org\\\/es\\\/#website\",\"url\":\"https:\\\/\\\/fundesplai.org\\\/es\\\/\",\"name\":\"Fundesplai\",\"description\":\"Eduquem per la conviv\u00e8ncia i la sostenibilitat\",\"potentialAction\":[{\"@type\":\"SearchAction\",\"target\":{\"@type\":\"EntryPoint\",\"urlTemplate\":\"https:\\\/\\\/fundesplai.org\\\/es\\\/?s={search_term_string}\"},\"query-input\":{\"@type\":\"PropertyValueSpecification\",\"valueRequired\":true,\"valueName\":\"search_term_string\"}}],\"inLanguage\":\"es\"},{\"@type\":\"Person\",\"@id\":\"https:\\\/\\\/fundesplai.org\\\/es\\\/#\\\/schema\\\/person\\\/c0e9e7466bb8ac06f5264324a6109733\",\"name\":\"Alfons Valle\",\"image\":{\"@type\":\"ImageObject\",\"inLanguage\":\"es\",\"@id\":\"https:\\\/\\\/secure.gravatar.com\\\/avatar\\\/71d95a3f99a068ba570ac1314ed6911a59c5ae3f22ffcf23631cd1a861a640bc?s=96&d=mm&r=g\",\"url\":\"https:\\\/\\\/secure.gravatar.com\\\/avatar\\\/71d95a3f99a068ba570ac1314ed6911a59c5ae3f22ffcf23631cd1a861a640bc?s=96&d=mm&r=g\",\"contentUrl\":\"https:\\\/\\\/secure.gravatar.com\\\/avatar\\\/71d95a3f99a068ba570ac1314ed6911a59c5ae3f22ffcf23631cd1a861a640bc?s=96&d=mm&r=g\",\"caption\":\"Alfons Valle\"},\"url\":\"https:\\\/\\\/fundesplai.org\\\/es\\\/informa-t\\\/author\\\/avalle\\\/\"}]}<\/script>\n<!-- \/ Yoast SEO plugin. -->","yoast_head_json":{"title":"Comienza Joven Valor, un programa de inclusi\u00f3n juvenil donde se aprende a trabajar, trabajando - Fundesplai","robots":{"index":"index","follow":"follow","max-snippet":"max-snippet:-1","max-image-preview":"max-image-preview:large","max-video-preview":"max-video-preview:-1"},"canonical":"https:\/\/fundesplai.org\/es\/informa-t\/actualitat-es\/comienza-joven-valor-un-programa-de-inclusion-juvenil-donde-se-aprende-a-trabajar-trabajando\/","og_locale":"es_ES","og_type":"article","og_title":"Comienza Joven Valor, un programa de inclusi\u00f3n juvenil donde se aprende a trabajar, trabajando - Fundesplai","og_description":"Este mi\u00e9rcoles 1 de marzo comenzaron la formaci\u00f3n los primeros 15 j\u00f3venes del programa.&nbsp;Jove Valor, una iniciativa impulsada por&nbsp;Fundesplai&nbsp;que busca ofrecer a j\u00f3venes en riesgo de vulnerabilidad social una oportunidad formativa y laboral. Estos j\u00f3venes forman parte del grupo de El Prat de Llobregat, pero pr\u00f3ximamente se pondr\u00e1 en marcha otro grupo en Castelldefels.","og_url":"https:\/\/fundesplai.org\/es\/informa-t\/actualitat-es\/comienza-joven-valor-un-programa-de-inclusion-juvenil-donde-se-aprende-a-trabajar-trabajando\/","og_site_name":"Fundesplai","article_published_time":"2017-03-02T10:09:23+00:00","og_image":[{"url":"https:\/\/fundesplai.org\/test-joomla\/wp-content\/uploads\/sites\/26\/2017\/03\/jove-valor-prat.jpg","type":"","width":"","height":""}],"author":"Alfons Valle","twitter_card":"summary_large_image","twitter_misc":{"Escrito por":"Alfons Valle","Tiempo de lectura":"2 minutos"},"schema":{"@context":"https:\/\/schema.org","@graph":[{"@type":"Article","@id":"https:\/\/fundesplai.org\/es\/informa-t\/actualitat-es\/comienza-joven-valor-un-programa-de-inclusion-juvenil-donde-se-aprende-a-trabajar-trabajando\/#article","isPartOf":{"@id":"https:\/\/fundesplai.org\/es\/informa-t\/actualitat-es\/comienza-joven-valor-un-programa-de-inclusion-juvenil-donde-se-aprende-a-trabajar-trabajando\/"},"author":{"name":"Alfons Valle","@id":"https:\/\/fundesplai.org\/es\/#\/schema\/person\/c0e9e7466bb8ac06f5264324a6109733"},"headline":"Comienza Joven Valor, un programa de inclusi\u00f3n juvenil donde se aprende a trabajar, trabajando","datePublished":"2017-03-02T10:09:23+00:00","mainEntityOfPage":{"@id":"https:\/\/fundesplai.org\/es\/informa-t\/actualitat-es\/comienza-joven-valor-un-programa-de-inclusion-juvenil-donde-se-aprende-a-trabajar-trabajando\/"},"wordCount":377,"image":{"@id":"https:\/\/fundesplai.org\/es\/informa-t\/actualitat-es\/comienza-joven-valor-un-programa-de-inclusion-juvenil-donde-se-aprende-a-trabajar-trabajando\/#primaryimage"},"thumbnailUrl":"https:\/\/fundesplai.org\/test-joomla\/wp-content\/uploads\/sites\/26\/2017\/03\/jove-valor-prat.jpg","articleSection":["Actualitat"],"inLanguage":"es"},{"@type":"WebPage","@id":"https:\/\/fundesplai.org\/es\/informa-t\/actualitat-es\/comienza-joven-valor-un-programa-de-inclusion-juvenil-donde-se-aprende-a-trabajar-trabajando\/","url":"https:\/\/fundesplai.org\/es\/informa-t\/actualitat-es\/comienza-joven-valor-un-programa-de-inclusion-juvenil-donde-se-aprende-a-trabajar-trabajando\/","name":"Comienza Joven Valor, un programa de inclusi\u00f3n juvenil donde se aprende a trabajar, trabajando - Fundesplai","isPartOf":{"@id":"https:\/\/fundesplai.org\/es\/#website"},"primaryImageOfPage":{"@id":"https:\/\/fundesplai.org\/es\/informa-t\/actualitat-es\/comienza-joven-valor-un-programa-de-inclusion-juvenil-donde-se-aprende-a-trabajar-trabajando\/#primaryimage"},"image":{"@id":"https:\/\/fundesplai.org\/es\/informa-t\/actualitat-es\/comienza-joven-valor-un-programa-de-inclusion-juvenil-donde-se-aprende-a-trabajar-trabajando\/#primaryimage"},"thumbnailUrl":"https:\/\/fundesplai.org\/test-joomla\/wp-content\/uploads\/sites\/26\/2017\/03\/jove-valor-prat.jpg","datePublished":"2017-03-02T10:09:23+00:00","author":{"@id":"https:\/\/fundesplai.org\/es\/#\/schema\/person\/c0e9e7466bb8ac06f5264324a6109733"},"breadcrumb":{"@id":"https:\/\/fundesplai.org\/es\/informa-t\/actualitat-es\/comienza-joven-valor-un-programa-de-inclusion-juvenil-donde-se-aprende-a-trabajar-trabajando\/#breadcrumb"},"inLanguage":"es","potentialAction":[{"@type":"ReadAction","target":["https:\/\/fundesplai.org\/es\/informa-t\/actualitat-es\/comienza-joven-valor-un-programa-de-inclusion-juvenil-donde-se-aprende-a-trabajar-trabajando\/"]}]},{"@type":"ImageObject","inLanguage":"es","@id":"https:\/\/fundesplai.org\/es\/informa-t\/actualitat-es\/comienza-joven-valor-un-programa-de-inclusion-juvenil-donde-se-aprende-a-trabajar-trabajando\/#primaryimage","url":"https:\/\/fundesplai.org\/test-joomla\/wp-content\/uploads\/sites\/26\/2017\/03\/jove-valor-prat.jpg","contentUrl":"https:\/\/fundesplai.org\/test-joomla\/wp-content\/uploads\/sites\/26\/2017\/03\/jove-valor-prat.jpg"},{"@type":"BreadcrumbList","@id":"https:\/\/fundesplai.org\/es\/informa-t\/actualitat-es\/comienza-joven-valor-un-programa-de-inclusion-juvenil-donde-se-aprende-a-trabajar-trabajando\/#breadcrumb","itemListElement":[{"@type":"ListItem","position":1,"name":"Inici","item":"https:\/\/fundesplai.org\/es\/inicio\/"},{"@type":"ListItem","position":2,"name":"Inf\u00f3rmate","item":"https:\/\/fundesplai.org\/es\/informate\/"},{"@type":"ListItem","position":3,"name":"Sin categor\u00eda","item":"https:\/\/fundesplai.org\/es\/informa-t\/category\/sin-categoria\/"},{"@type":"ListItem","position":4,"name":"Comienza Joven Valor, un programa de inclusi\u00f3n juvenil donde se aprende a trabajar, trabajando"}]},{"@type":"WebSite","@id":"https:\/\/fundesplai.org\/es\/#website","url":"https:\/\/fundesplai.org\/es\/","name":"Fundesplai","description":"Eduquem per la conviv\u00e8ncia i la sostenibilitat","potentialAction":[{"@type":"SearchAction","target":{"@type":"EntryPoint","urlTemplate":"https:\/\/fundesplai.org\/es\/?s={search_term_string}"},"query-input":{"@type":"PropertyValueSpecification","valueRequired":true,"valueName":"search_term_string"}}],"inLanguage":"es"},{"@type":"Person","@id":"https:\/\/fundesplai.org\/es\/#\/schema\/person\/c0e9e7466bb8ac06f5264324a6109733","name":"Alfons Valle","image":{"@type":"ImageObject","inLanguage":"es","@id":"https:\/\/secure.gravatar.com\/avatar\/71d95a3f99a068ba570ac1314ed6911a59c5ae3f22ffcf23631cd1a861a640bc?s=96&d=mm&r=g","url":"https:\/\/secure.gravatar.com\/avatar\/71d95a3f99a068ba570ac1314ed6911a59c5ae3f22ffcf23631cd1a861a640bc?s=96&d=mm&r=g","contentUrl":"https:\/\/secure.gravatar.com\/avatar\/71d95a3f99a068ba570ac1314ed6911a59c5ae3f22ffcf23631cd1a861a640bc?s=96&d=mm&r=g","caption":"Alfons Valle"},"url":"https:\/\/fundesplai.org\/es\/informa-t\/author\/avalle\/"}]}},"_links":{"self":[{"href":"https:\/\/fundesplai.org\/es\/wp-json\/wp\/v2\/posts\/47694","targetHints":{"allow":["GET"]}}],"collection":[{"href":"https:\/\/fundesplai.org\/es\/wp-json\/wp\/v2\/posts"}],"about":[{"href":"https:\/\/fundesplai.org\/es\/wp-json\/wp\/v2\/types\/post"}],"author":[{"embeddable":true,"href":"https:\/\/fundesplai.org\/es\/wp-json\/wp\/v2\/users\/9"}],"replies":[{"embeddable":true,"href":"https:\/\/fundesplai.org\/es\/wp-json\/wp\/v2\/comments?post=47694"}],"version-history":[{"count":0,"href":"https:\/\/fundesplai.org\/es\/wp-json\/wp\/v2\/posts\/47694\/revisions"}],"wp:attachment":[{"href":"https:\/\/fundesplai.org\/es\/wp-json\/wp\/v2\/media?parent=47694"}],"wp:term":[{"taxonomy":"category","embeddable":true,"href":"https:\/\/fundesplai.org\/es\/wp-json\/wp\/v2\/categories?post=47694"},{"taxonomy":"post_tag","embeddable":true,"href":"https:\/\/fundesplai.org\/es\/wp-json\/wp\/v2\/tags?post=47694"}],"curies":[{"name":"wp","href":"https:\/\/api.w.org\/{rel}","templated":true}]}}