{"id":47693,"date":"2017-03-01T14:06:32","date_gmt":"2017-03-01T13:06:32","guid":{"rendered":"https:\/\/fundesplai.org\/informa-t\/sense-categoria\/charla-sobre-alimentacion-infantil-y-taller-de-danza-en-familia\/"},"modified":"2017-03-01T14:06:32","modified_gmt":"2017-03-01T13:06:32","slug":"charla-sobre-alimentacion-infantil-y-taller-de-danza-en-familia","status":"publish","type":"post","link":"https:\/\/fundesplai.org\/es\/informa-t\/actualitat-es\/charla-sobre-alimentacion-infantil-y-taller-de-danza-en-familia\/","title":{"rendered":"Charla sobre alimentaci\u00f3n infantil y taller de danza en familia"},"content":{"rendered":"<p>El martes 28 de febrero, el \u00e1rea de peque\u00f1a infancia de Fundesplai tom\u00f3 parte en dos actividades: una charla sobre alimentaci\u00f3n infantil en el Ayuntamiento de Sant Joan Desp\u00ed y un taller de danza en familia en CENTRO ESPLAI, El Prat de Llobregat.<\/p>\n<p><!--more--><\/p>\n<table style=\"width: 30%\" align=\"left\">\n<tbody>\n<tr>\n<td><img decoding=\"async\" class=\" size-full wp-image-4086\" src=\"https:\/\/fundesplai.org\/test-joomla\/wp-content\/uploads\/sites\/26\/2017\/03\/xerrada-sjdespi.jpg\" alt=\"charla sjdespi\" width=\"100%\" height=\"NaN\"><\/td>\n<\/tr>\n<tr>\n<td style=\"background-color: #000000\"><span style=\"color: #ffffff\">Charla sobre alimentaci\u00f3n infantil en Sant Joan Desp\u00ed<\/span><\/td>\n<\/tr>\n<tr>\n<td><img decoding=\"async\" class=\" size-full wp-image-4089\" src=\"https:\/\/fundesplai.org\/test-joomla\/wp-content\/uploads\/sites\/26\/2017\/03\/dansa_familia.jpg\" alt=\"danza familia\" width=\"100%\" height=\"NaN\"><\/td>\n<\/tr>\n<tr>\n<td style=\"background-color: #000000\"><span style=\"color: #ffffff\">Cerca de 30 personas participaron en el taller de danza en familia<\/span><\/td>\n<\/tr>\n<\/tbody>\n<\/table>\n<p>El martes 28 de febrero, el \u00e1rea de peque\u00f1a infancia de Fundesplai tom\u00f3 parte en dos actividades: una charla sobre alimentaci\u00f3n infantil en el Ayuntamiento de Sant Joan Desp\u00ed y un taller de danza en familia en CENTRO ESPLAI, El Prat de Llobregat.<\/p>\n<p>La charla sobre alimentaci\u00f3n infantil se realiz\u00f3 conjuntamente con la Agencia de Salud P\u00fablica de la Generalitat y el consistorio de la localidad. Este acto estaba destinado a las familias y equipos educativos de las guarder\u00edas municipales de Sant Joan Desp\u00ed y sirvi\u00f3 para dar a&nbsp;conocer la nueva gu\u00eda de recomendaciones sobre alimentaci\u00f3n a los 0 3 a\u00f1os, la fuente donde se ha basado la entidad para realizar el proyecto alimentario de las guarder\u00edas de Fundesplai.<\/p>\n<p><strong>Taller de danza en familia<\/strong><\/p>\n<p>Por otro lado, CENTRO ESPLAI, la sede de Fundesplai en El Prat de Llobregat, acogi\u00f3 el mismo martes por la tarde un taller de danza en familia dinamizado por la experta Gemma Palet. En el taller participaron cerca de 30 personas entre familias y ni\u00f1os peque\u00f1os, donde se ofrecieron&nbsp;propuestas de juegos y movimiento con m\u00fasica y materiales variados para bailar, crear e imaginar desde el lenguaje de la danza.<\/p>\n","protected":false},"excerpt":{"rendered":"<p>El martes 28 de febrero, el \u00e1rea de peque\u00f1a infancia de Fundesplai tom\u00f3 parte en dos actividades: una charla sobre alimentaci\u00f3n infantil en el Ayuntamiento de Sant Joan Desp\u00ed y un taller de danza en familia en CENTRO ESPLAI, El Prat de Llobregat.<\/p>\n","protected":false},"author":4,"featured_media":0,"comment_status":"closed","ping_status":"closed","sticky":false,"template":"","format":"standard","meta":{"_et_pb_use_builder":"","_et_pb_old_content":"","_et_gb_content_width":"","footnotes":""},"categories":[937],"tags":[],"class_list":["post-47693","post","type-post","status-publish","format-standard","hentry","category-actualitat-es"],"yoast_head":"<!-- This site is optimized with the Yoast SEO plugin v27.4 - https:\/\/yoast.com\/product\/yoast-seo-wordpress\/ -->\n<title>Charla sobre alimentaci\u00f3n infantil y taller de danza en familia - Fundesplai<\/title>\n<meta name=\"robots\" content=\"index, follow, max-snippet:-1, max-image-preview:large, max-video-preview:-1\" \/>\n<link rel=\"canonical\" href=\"https:\/\/fundesplai.org\/es\/informa-t\/actualitat-es\/charla-sobre-alimentacion-infantil-y-taller-de-danza-en-familia\/\" \/>\n<meta property=\"og:locale\" content=\"es_ES\" \/>\n<meta property=\"og:type\" content=\"article\" \/>\n<meta property=\"og:title\" content=\"Charla sobre alimentaci\u00f3n infantil y taller de danza en familia - Fundesplai\" \/>\n<meta property=\"og:description\" content=\"El martes 28 de febrero, el \u00e1rea de peque\u00f1a infancia de Fundesplai tom\u00f3 parte en dos actividades: una charla sobre alimentaci\u00f3n infantil en el Ayuntamiento de Sant Joan Desp\u00ed y un taller de danza en familia en CENTRO ESPLAI, El Prat de Llobregat.\" \/>\n<meta property=\"og:url\" content=\"https:\/\/fundesplai.org\/es\/informa-t\/actualitat-es\/charla-sobre-alimentacion-infantil-y-taller-de-danza-en-familia\/\" \/>\n<meta property=\"og:site_name\" content=\"Fundesplai\" \/>\n<meta property=\"article:published_time\" content=\"2017-03-01T13:06:32+00:00\" \/>\n<meta property=\"og:image\" content=\"https:\/\/fundesplai.org\/test-joomla\/wp-content\/uploads\/sites\/26\/2017\/03\/xerrada-sjdespi.jpg\" \/>\n<meta name=\"author\" content=\"Ferran\" \/>\n<meta name=\"twitter:card\" content=\"summary_large_image\" \/>\n<meta name=\"twitter:label1\" content=\"Escrito por\" \/>\n\t<meta name=\"twitter:data1\" content=\"Ferran\" \/>\n\t<meta name=\"twitter:label2\" content=\"Tiempo de lectura\" \/>\n\t<meta name=\"twitter:data2\" content=\"1 minuto\" \/>\n<script type=\"application\/ld+json\" class=\"yoast-schema-graph\">{\"@context\":\"https:\\\/\\\/schema.org\",\"@graph\":[{\"@type\":\"Article\",\"@id\":\"https:\\\/\\\/fundesplai.org\\\/es\\\/informa-t\\\/actualitat-es\\\/charla-sobre-alimentacion-infantil-y-taller-de-danza-en-familia\\\/#article\",\"isPartOf\":{\"@id\":\"https:\\\/\\\/fundesplai.org\\\/es\\\/informa-t\\\/actualitat-es\\\/charla-sobre-alimentacion-infantil-y-taller-de-danza-en-familia\\\/\"},\"author\":{\"name\":\"Ferran\",\"@id\":\"https:\\\/\\\/fundesplai.org\\\/es\\\/#\\\/schema\\\/person\\\/67e7825d8ec54561cc24e36ba6b0f633\"},\"headline\":\"Charla sobre alimentaci\u00f3n infantil y taller de danza en familia\",\"datePublished\":\"2017-03-01T13:06:32+00:00\",\"mainEntityOfPage\":{\"@id\":\"https:\\\/\\\/fundesplai.org\\\/es\\\/informa-t\\\/actualitat-es\\\/charla-sobre-alimentacion-infantil-y-taller-de-danza-en-familia\\\/\"},\"wordCount\":280,\"image\":{\"@id\":\"https:\\\/\\\/fundesplai.org\\\/es\\\/informa-t\\\/actualitat-es\\\/charla-sobre-alimentacion-infantil-y-taller-de-danza-en-familia\\\/#primaryimage\"},\"thumbnailUrl\":\"https:\\\/\\\/fundesplai.org\\\/test-joomla\\\/wp-content\\\/uploads\\\/sites\\\/26\\\/2017\\\/03\\\/xerrada-sjdespi.jpg\",\"articleSection\":[\"Actualitat\"],\"inLanguage\":\"es\"},{\"@type\":\"WebPage\",\"@id\":\"https:\\\/\\\/fundesplai.org\\\/es\\\/informa-t\\\/actualitat-es\\\/charla-sobre-alimentacion-infantil-y-taller-de-danza-en-familia\\\/\",\"url\":\"https:\\\/\\\/fundesplai.org\\\/es\\\/informa-t\\\/actualitat-es\\\/charla-sobre-alimentacion-infantil-y-taller-de-danza-en-familia\\\/\",\"name\":\"Charla sobre alimentaci\u00f3n infantil y taller de danza en familia - Fundesplai\",\"isPartOf\":{\"@id\":\"https:\\\/\\\/fundesplai.org\\\/es\\\/#website\"},\"primaryImageOfPage\":{\"@id\":\"https:\\\/\\\/fundesplai.org\\\/es\\\/informa-t\\\/actualitat-es\\\/charla-sobre-alimentacion-infantil-y-taller-de-danza-en-familia\\\/#primaryimage\"},\"image\":{\"@id\":\"https:\\\/\\\/fundesplai.org\\\/es\\\/informa-t\\\/actualitat-es\\\/charla-sobre-alimentacion-infantil-y-taller-de-danza-en-familia\\\/#primaryimage\"},\"thumbnailUrl\":\"https:\\\/\\\/fundesplai.org\\\/test-joomla\\\/wp-content\\\/uploads\\\/sites\\\/26\\\/2017\\\/03\\\/xerrada-sjdespi.jpg\",\"datePublished\":\"2017-03-01T13:06:32+00:00\",\"author\":{\"@id\":\"https:\\\/\\\/fundesplai.org\\\/es\\\/#\\\/schema\\\/person\\\/67e7825d8ec54561cc24e36ba6b0f633\"},\"breadcrumb\":{\"@id\":\"https:\\\/\\\/fundesplai.org\\\/es\\\/informa-t\\\/actualitat-es\\\/charla-sobre-alimentacion-infantil-y-taller-de-danza-en-familia\\\/#breadcrumb\"},\"inLanguage\":\"es\",\"potentialAction\":[{\"@type\":\"ReadAction\",\"target\":[\"https:\\\/\\\/fundesplai.org\\\/es\\\/informa-t\\\/actualitat-es\\\/charla-sobre-alimentacion-infantil-y-taller-de-danza-en-familia\\\/\"]}]},{\"@type\":\"ImageObject\",\"inLanguage\":\"es\",\"@id\":\"https:\\\/\\\/fundesplai.org\\\/es\\\/informa-t\\\/actualitat-es\\\/charla-sobre-alimentacion-infantil-y-taller-de-danza-en-familia\\\/#primaryimage\",\"url\":\"https:\\\/\\\/fundesplai.org\\\/test-joomla\\\/wp-content\\\/uploads\\\/sites\\\/26\\\/2017\\\/03\\\/xerrada-sjdespi.jpg\",\"contentUrl\":\"https:\\\/\\\/fundesplai.org\\\/test-joomla\\\/wp-content\\\/uploads\\\/sites\\\/26\\\/2017\\\/03\\\/xerrada-sjdespi.jpg\"},{\"@type\":\"BreadcrumbList\",\"@id\":\"https:\\\/\\\/fundesplai.org\\\/es\\\/informa-t\\\/actualitat-es\\\/charla-sobre-alimentacion-infantil-y-taller-de-danza-en-familia\\\/#breadcrumb\",\"itemListElement\":[{\"@type\":\"ListItem\",\"position\":1,\"name\":\"Inici\",\"item\":\"https:\\\/\\\/fundesplai.org\\\/es\\\/inicio\\\/\"},{\"@type\":\"ListItem\",\"position\":2,\"name\":\"Inf\u00f3rmate\",\"item\":\"https:\\\/\\\/fundesplai.org\\\/es\\\/informate\\\/\"},{\"@type\":\"ListItem\",\"position\":3,\"name\":\"Sin categor\u00eda\",\"item\":\"https:\\\/\\\/fundesplai.org\\\/es\\\/informa-t\\\/category\\\/sin-categoria\\\/\"},{\"@type\":\"ListItem\",\"position\":4,\"name\":\"Charla sobre alimentaci\u00f3n infantil y taller de danza en familia\"}]},{\"@type\":\"WebSite\",\"@id\":\"https:\\\/\\\/fundesplai.org\\\/es\\\/#website\",\"url\":\"https:\\\/\\\/fundesplai.org\\\/es\\\/\",\"name\":\"Fundesplai\",\"description\":\"Eduquem per la conviv\u00e8ncia i la sostenibilitat\",\"potentialAction\":[{\"@type\":\"SearchAction\",\"target\":{\"@type\":\"EntryPoint\",\"urlTemplate\":\"https:\\\/\\\/fundesplai.org\\\/es\\\/?s={search_term_string}\"},\"query-input\":{\"@type\":\"PropertyValueSpecification\",\"valueRequired\":true,\"valueName\":\"search_term_string\"}}],\"inLanguage\":\"es\"},{\"@type\":\"Person\",\"@id\":\"https:\\\/\\\/fundesplai.org\\\/es\\\/#\\\/schema\\\/person\\\/67e7825d8ec54561cc24e36ba6b0f633\",\"name\":\"Ferran\",\"image\":{\"@type\":\"ImageObject\",\"inLanguage\":\"es\",\"@id\":\"https:\\\/\\\/secure.gravatar.com\\\/avatar\\\/a3510350976b58aae6eccd1e36f066b660a69ef63f97fde3cba8205db7db816a?s=96&d=mm&r=g\",\"url\":\"https:\\\/\\\/secure.gravatar.com\\\/avatar\\\/a3510350976b58aae6eccd1e36f066b660a69ef63f97fde3cba8205db7db816a?s=96&d=mm&r=g\",\"contentUrl\":\"https:\\\/\\\/secure.gravatar.com\\\/avatar\\\/a3510350976b58aae6eccd1e36f066b660a69ef63f97fde3cba8205db7db816a?s=96&d=mm&r=g\",\"caption\":\"Ferran\"},\"url\":\"https:\\\/\\\/fundesplai.org\\\/es\\\/informa-t\\\/author\\\/fvidal\\\/\"}]}<\/script>\n<!-- \/ Yoast SEO plugin. -->","yoast_head_json":{"title":"Charla sobre alimentaci\u00f3n infantil y taller de danza en familia - Fundesplai","robots":{"index":"index","follow":"follow","max-snippet":"max-snippet:-1","max-image-preview":"max-image-preview:large","max-video-preview":"max-video-preview:-1"},"canonical":"https:\/\/fundesplai.org\/es\/informa-t\/actualitat-es\/charla-sobre-alimentacion-infantil-y-taller-de-danza-en-familia\/","og_locale":"es_ES","og_type":"article","og_title":"Charla sobre alimentaci\u00f3n infantil y taller de danza en familia - Fundesplai","og_description":"El martes 28 de febrero, el \u00e1rea de peque\u00f1a infancia de Fundesplai tom\u00f3 parte en dos actividades: una charla sobre alimentaci\u00f3n infantil en el Ayuntamiento de Sant Joan Desp\u00ed y un taller de danza en familia en CENTRO ESPLAI, El Prat de Llobregat.","og_url":"https:\/\/fundesplai.org\/es\/informa-t\/actualitat-es\/charla-sobre-alimentacion-infantil-y-taller-de-danza-en-familia\/","og_site_name":"Fundesplai","article_published_time":"2017-03-01T13:06:32+00:00","og_image":[{"url":"https:\/\/fundesplai.org\/test-joomla\/wp-content\/uploads\/sites\/26\/2017\/03\/xerrada-sjdespi.jpg","type":"","width":"","height":""}],"author":"Ferran","twitter_card":"summary_large_image","twitter_misc":{"Escrito por":"Ferran","Tiempo de lectura":"1 minuto"},"schema":{"@context":"https:\/\/schema.org","@graph":[{"@type":"Article","@id":"https:\/\/fundesplai.org\/es\/informa-t\/actualitat-es\/charla-sobre-alimentacion-infantil-y-taller-de-danza-en-familia\/#article","isPartOf":{"@id":"https:\/\/fundesplai.org\/es\/informa-t\/actualitat-es\/charla-sobre-alimentacion-infantil-y-taller-de-danza-en-familia\/"},"author":{"name":"Ferran","@id":"https:\/\/fundesplai.org\/es\/#\/schema\/person\/67e7825d8ec54561cc24e36ba6b0f633"},"headline":"Charla sobre alimentaci\u00f3n infantil y taller de danza en familia","datePublished":"2017-03-01T13:06:32+00:00","mainEntityOfPage":{"@id":"https:\/\/fundesplai.org\/es\/informa-t\/actualitat-es\/charla-sobre-alimentacion-infantil-y-taller-de-danza-en-familia\/"},"wordCount":280,"image":{"@id":"https:\/\/fundesplai.org\/es\/informa-t\/actualitat-es\/charla-sobre-alimentacion-infantil-y-taller-de-danza-en-familia\/#primaryimage"},"thumbnailUrl":"https:\/\/fundesplai.org\/test-joomla\/wp-content\/uploads\/sites\/26\/2017\/03\/xerrada-sjdespi.jpg","articleSection":["Actualitat"],"inLanguage":"es"},{"@type":"WebPage","@id":"https:\/\/fundesplai.org\/es\/informa-t\/actualitat-es\/charla-sobre-alimentacion-infantil-y-taller-de-danza-en-familia\/","url":"https:\/\/fundesplai.org\/es\/informa-t\/actualitat-es\/charla-sobre-alimentacion-infantil-y-taller-de-danza-en-familia\/","name":"Charla sobre alimentaci\u00f3n infantil y taller de danza en familia - Fundesplai","isPartOf":{"@id":"https:\/\/fundesplai.org\/es\/#website"},"primaryImageOfPage":{"@id":"https:\/\/fundesplai.org\/es\/informa-t\/actualitat-es\/charla-sobre-alimentacion-infantil-y-taller-de-danza-en-familia\/#primaryimage"},"image":{"@id":"https:\/\/fundesplai.org\/es\/informa-t\/actualitat-es\/charla-sobre-alimentacion-infantil-y-taller-de-danza-en-familia\/#primaryimage"},"thumbnailUrl":"https:\/\/fundesplai.org\/test-joomla\/wp-content\/uploads\/sites\/26\/2017\/03\/xerrada-sjdespi.jpg","datePublished":"2017-03-01T13:06:32+00:00","author":{"@id":"https:\/\/fundesplai.org\/es\/#\/schema\/person\/67e7825d8ec54561cc24e36ba6b0f633"},"breadcrumb":{"@id":"https:\/\/fundesplai.org\/es\/informa-t\/actualitat-es\/charla-sobre-alimentacion-infantil-y-taller-de-danza-en-familia\/#breadcrumb"},"inLanguage":"es","potentialAction":[{"@type":"ReadAction","target":["https:\/\/fundesplai.org\/es\/informa-t\/actualitat-es\/charla-sobre-alimentacion-infantil-y-taller-de-danza-en-familia\/"]}]},{"@type":"ImageObject","inLanguage":"es","@id":"https:\/\/fundesplai.org\/es\/informa-t\/actualitat-es\/charla-sobre-alimentacion-infantil-y-taller-de-danza-en-familia\/#primaryimage","url":"https:\/\/fundesplai.org\/test-joomla\/wp-content\/uploads\/sites\/26\/2017\/03\/xerrada-sjdespi.jpg","contentUrl":"https:\/\/fundesplai.org\/test-joomla\/wp-content\/uploads\/sites\/26\/2017\/03\/xerrada-sjdespi.jpg"},{"@type":"BreadcrumbList","@id":"https:\/\/fundesplai.org\/es\/informa-t\/actualitat-es\/charla-sobre-alimentacion-infantil-y-taller-de-danza-en-familia\/#breadcrumb","itemListElement":[{"@type":"ListItem","position":1,"name":"Inici","item":"https:\/\/fundesplai.org\/es\/inicio\/"},{"@type":"ListItem","position":2,"name":"Inf\u00f3rmate","item":"https:\/\/fundesplai.org\/es\/informate\/"},{"@type":"ListItem","position":3,"name":"Sin categor\u00eda","item":"https:\/\/fundesplai.org\/es\/informa-t\/category\/sin-categoria\/"},{"@type":"ListItem","position":4,"name":"Charla sobre alimentaci\u00f3n infantil y taller de danza en familia"}]},{"@type":"WebSite","@id":"https:\/\/fundesplai.org\/es\/#website","url":"https:\/\/fundesplai.org\/es\/","name":"Fundesplai","description":"Eduquem per la conviv\u00e8ncia i la sostenibilitat","potentialAction":[{"@type":"SearchAction","target":{"@type":"EntryPoint","urlTemplate":"https:\/\/fundesplai.org\/es\/?s={search_term_string}"},"query-input":{"@type":"PropertyValueSpecification","valueRequired":true,"valueName":"search_term_string"}}],"inLanguage":"es"},{"@type":"Person","@id":"https:\/\/fundesplai.org\/es\/#\/schema\/person\/67e7825d8ec54561cc24e36ba6b0f633","name":"Ferran","image":{"@type":"ImageObject","inLanguage":"es","@id":"https:\/\/secure.gravatar.com\/avatar\/a3510350976b58aae6eccd1e36f066b660a69ef63f97fde3cba8205db7db816a?s=96&d=mm&r=g","url":"https:\/\/secure.gravatar.com\/avatar\/a3510350976b58aae6eccd1e36f066b660a69ef63f97fde3cba8205db7db816a?s=96&d=mm&r=g","contentUrl":"https:\/\/secure.gravatar.com\/avatar\/a3510350976b58aae6eccd1e36f066b660a69ef63f97fde3cba8205db7db816a?s=96&d=mm&r=g","caption":"Ferran"},"url":"https:\/\/fundesplai.org\/es\/informa-t\/author\/fvidal\/"}]}},"_links":{"self":[{"href":"https:\/\/fundesplai.org\/es\/wp-json\/wp\/v2\/posts\/47693","targetHints":{"allow":["GET"]}}],"collection":[{"href":"https:\/\/fundesplai.org\/es\/wp-json\/wp\/v2\/posts"}],"about":[{"href":"https:\/\/fundesplai.org\/es\/wp-json\/wp\/v2\/types\/post"}],"author":[{"embeddable":true,"href":"https:\/\/fundesplai.org\/es\/wp-json\/wp\/v2\/users\/4"}],"replies":[{"embeddable":true,"href":"https:\/\/fundesplai.org\/es\/wp-json\/wp\/v2\/comments?post=47693"}],"version-history":[{"count":0,"href":"https:\/\/fundesplai.org\/es\/wp-json\/wp\/v2\/posts\/47693\/revisions"}],"wp:attachment":[{"href":"https:\/\/fundesplai.org\/es\/wp-json\/wp\/v2\/media?parent=47693"}],"wp:term":[{"taxonomy":"category","embeddable":true,"href":"https:\/\/fundesplai.org\/es\/wp-json\/wp\/v2\/categories?post=47693"},{"taxonomy":"post_tag","embeddable":true,"href":"https:\/\/fundesplai.org\/es\/wp-json\/wp\/v2\/tags?post=47693"}],"curies":[{"name":"wp","href":"https:\/\/api.w.org\/{rel}","templated":true}]}}