{"id":47691,"date":"2017-02-21T17:30:43","date_gmt":"2017-02-21T16:30:43","guid":{"rendered":"https:\/\/fundesplai.org\/informa-t\/sense-categoria\/resolucion-de-la-convocatoria-para-proyectos-aps-en-el-marco-del-compartimos-un-futuro-del-area-metropolitana-de-barcelona\/"},"modified":"2017-02-21T17:30:43","modified_gmt":"2017-02-21T16:30:43","slug":"resolucion-de-la-convocatoria-para-proyectos-aps-en-el-marco-del-compartimos-un-futuro-del-area-metropolitana-de-barcelona","status":"publish","type":"post","link":"https:\/\/fundesplai.org\/es\/informa-t\/actualitat-es\/resolucion-de-la-convocatoria-para-proyectos-aps-en-el-marco-del-compartimos-un-futuro-del-area-metropolitana-de-barcelona\/","title":{"rendered":"Resoluci\u00f3n de la Convocatoria para proyectos ApS en el marco del Compartimos un futuro del \u00c1rea Metropolitana de Barcelona"},"content":{"rendered":"<p>Este pasado viernes 17 de febrero se resolvi\u00f3 la convocatoria del&nbsp; <a href=\"http:\/\/www.amb.cat\/web\/medi-ambient\/sostenibilitat\/educacio-per-a-la-sostenibilitat\/aps\/projectes\">Programa Metropolitano de Educaci\u00f3n para la Sostenibilidad<\/a>&nbsp; (PMES 2014-20) de &nbsp;<strong>Apoyo a proyectos de Aprendizaje-Servicio (ApS) &nbsp;<\/strong>sobre tem\u00e1ticas ambientales para el a\u00f1o 2017.<\/p>\n<p><!--more--><\/p>\n<p><img decoding=\"async\" class=\" size-full wp-image-4025\" src=\"https:\/\/fundesplai.org\/test-joomla\/wp-content\/uploads\/sites\/26\/2017\/02\/header_noticia_amb.jpg\" alt=\"header noticia con\" width=\"100%\" height=\"NaN\"><\/p>\n<p>Este pasado viernes 17 de febrero se resolvi\u00f3 la convocatoria del <a href=\"http:\/\/www.amb.cat\/web\/medi-ambient\/sostenibilitat\/educacio-per-a-la-sostenibilitat\/aps\/projectes\">Programa Metropolitano de Educaci\u00f3n para la Sostenibilidad<\/a> (PMES 2014-20) de <strong>Apoyo a proyectos de Aprendizaje-Servicio (ApS) <\/strong>sobre tem\u00e1ticas ambientales para el a\u00f1o 2017. &nbsp;<\/p>\n<p>En el marco del <a href=\"http:\/\/www.amb.cat\/es\/web\/medi-ambient\/actualitat\/noticies\/detall\/-\/noticia\/-compartim-un-futur-\/6046506\/11818\">\u00abCompartimos un Futuro\u00bb<\/a> (PMES 2014-20) <a href=\"http:\/\/www.amb.cat\/home\">el \u00c1rea Metropolitana de Barcelona desde el<\/a> curso pasado impulsa proyectos de ApS orientados a aprendizajes y servicios comunitarios ambientales de los \u00e1mbitos tem\u00e1ticos del programa educativo.<\/p>\n<p>Los dos temas sobre los que se han concretado los proyectos de ApS de 2017 han sido:\u00bbEnerg\u00eda y cambio clim\u00e1tico\u00bb y \u00abRecursos y Residuos\u00bb.<\/p>\n<p>Esta convocatoria se dirig\u00eda a los <strong>centros <\/strong>que imparten formaci\u00f3n con una orientaci\u00f3n profesional, donde se cursan ciclos de formaci\u00f3n de grado superior (CFGS). Adem\u00e1s se han priorizado los estudios vinculados a las familias profesionales de medio ambiente, servicios sanitarios, energ\u00eda y agua, u otros que tuvieran relaci\u00f3n con los ejes tem\u00e1ticos que se propon\u00edan.<\/p>\n<p>Los criterios para la selecci\u00f3n han sido: centros de m\u00f3dulos formativos de Grado Superior que han presentado los mejores proyectos vinculados a las tem\u00e1ticas prioritarias, y que en su proyecto ya han incorporado la necesidad y viabilidad del proyecto, as\u00ed como el servicio comunitario y una entidad de servicio (receptora del servicio).<\/p>\n<p>En la selecci\u00f3n ha participado el equipo de educaci\u00f3n ambiental del AMB y el equipo de educaci\u00f3n ambiental y formaci\u00f3n de Fundesplai, con el apoyo de los referentes t\u00e9cnicos de los municipios.<\/p>\n<p>Y, finalmente, los centros y propuestas que han sido seleccionados para recibir apoyo a lo largo del a\u00f1o 2017 han sido:<\/p>\n<ol>\n<li><strong>El Instituto Rubi\u00f3 i Tudur\u00ed-Escuela de Jardiner\u00eda de Barcelona.&nbsp;<\/strong>Proyecto de Buenas pr\u00e1cticas ambientales en las actividades en el medio natural \u2013 CFGS Gesti\u00f3n forestal y del medio natural.<\/li>\n<li><strong>Joan Maragall-Centro de Estudios de Badalona.<\/strong>\n<ol>\n<li>Proyecto 1: Ens activem? \u2013 CFGS Animaci\u00f3n f\u00edsico-deportiva. &nbsp;<\/li>\n<li>Proyecto 2: Hora Crossgen \u2013 CFGS Integraci\u00f3n social y CFGM Atenci\u00f3n a personas en situaci\u00f3n de dependencia.<\/li>\n<\/ol>\n<\/li>\n<\/ol>\n<p>Los centros seleccionados, con <strong>115 alumnos participantes y m\u00e1s de 10 profesores<\/strong>, participar\u00e1n en <strong>proyectos <\/strong>que se desarrollar\u00e1n a lo largo de 2017, con el apoyo metropolitano del PMES durante todo el a\u00f1o.<\/p>\n<p>El <strong>apoyo facilitado<\/strong> consistir\u00e1 en asesoramiento continuo y apoyo t\u00e9cnico y educativo dirigido tanto al profesorado como al alumnado, y se disfrutar\u00e1 de formaci\u00f3n y recursos en sesiones de trabajo sobre metodolog\u00eda ApS y gesti\u00f3n de proyectos, as\u00ed como formaci\u00f3n tem\u00e1tica ambiental local y territorializada. &nbsp;<\/p>\n<p>Os recomendamos las siguientes publicaciones de la web del AMB:<\/p>\n<ul>\n<li><a href=\"http:\/\/www.amb.cat\/es\/web\/medi-ambient\/actualitat\/publicacions\/detall\/-\/publicacio\/aps--els-reptes-en-tematiques-ambientals\/5670268\/11818\"><em>ApS: Los retos en tem\u00e1ticas ambientales (Roser Batlle)<\/em><\/a><\/li>\n<li><a href=\"http:\/\/www.amb.cat\/ca\/web\/medi-ambient\/actualitat\/publicacions\/detall\/-\/publicacio\/a-kid-s-guide-to-climate-change---global-warning\/5670291\/11818?detailBackURL=http%3A%2F%2Fwww.amb.cat%2Fweb%2Fcercador%2Fcercador%3Fp_auth%3DhKQBt4ye%26p_p_id%3DPageSearchListPortlet_WAR_AMBSearchPortletportlet%26p_p_lifecycle%3D1%26p_p_state%3Dnormal%26p_p_mode%3Dview%26p_p_col_id%3Dcolumn-1%26p_p_col_pos%3D1%26p_p_col_count%3D2%26pageNum%3D1%26queryText%3D%E2%80%A2%09A+kid%27s+guide+to+climate+change+%26+global+warning\"><em>A Kid&#8217;s Guide to Climate Change and Global Warming<\/em><\/a><\/li>\n<li><a href=\"http:\/\/www.amb.cat\/ca\/web\/medi-ambient\/actualitat\/publicacions\/detall\/-\/publicacio\/rubrica-per-a-l-autoavaluacio-i-la-millora-dels-projectes-aps\/5670557\/11818\"><em>R\u00fabrica para la autoevaluaci\u00f3n y la mejora de los proyectos ApS<\/em><\/a><\/li>\n<\/ul>\n<p>Y que visite las web de estas entidades, el <a href=\"http:\/\/www.aprenentatgeservei.org\/index.php?cm=03\"><em>Centro Promotor Aprendizaje Servicio de Catalu\u00f1a<\/em><\/a>y la <a href=\"https:\/\/aprendizajeservicio.net\/\"><em>Red espa\u00f1ola de Aprendizaje \u2013 Servicio<\/em><\/a>.&nbsp;<\/p>\n","protected":false},"excerpt":{"rendered":"<p>Este pasado viernes 17 de febrero se resolvi\u00f3 la convocatoria del&nbsp; Programa Metropolitano de Educaci\u00f3n para la Sostenibilidad&nbsp; (PMES 2014-20) de &nbsp;Apoyo a proyectos de Aprendizaje-Servicio (ApS) &nbsp;sobre tem\u00e1ticas ambientales para el a\u00f1o 2017.<\/p>\n","protected":false},"author":9,"featured_media":0,"comment_status":"closed","ping_status":"closed","sticky":false,"template":"","format":"standard","meta":{"_et_pb_use_builder":"","_et_pb_old_content":"","_et_gb_content_width":"","footnotes":""},"categories":[937],"tags":[],"class_list":["post-47691","post","type-post","status-publish","format-standard","hentry","category-actualitat-es"],"yoast_head":"<!-- This site is optimized with the Yoast SEO plugin v27.4 - https:\/\/yoast.com\/product\/yoast-seo-wordpress\/ -->\n<title>Resoluci\u00f3n de la Convocatoria para proyectos ApS en el marco del Compartimos un futuro del \u00c1rea Metropolitana de Barcelona - Fundesplai<\/title>\n<meta name=\"robots\" content=\"index, follow, max-snippet:-1, max-image-preview:large, max-video-preview:-1\" \/>\n<link rel=\"canonical\" href=\"https:\/\/fundesplai.org\/es\/informa-t\/actualitat-es\/resolucion-de-la-convocatoria-para-proyectos-aps-en-el-marco-del-compartimos-un-futuro-del-area-metropolitana-de-barcelona\/\" \/>\n<meta property=\"og:locale\" content=\"es_ES\" \/>\n<meta property=\"og:type\" content=\"article\" \/>\n<meta property=\"og:title\" content=\"Resoluci\u00f3n de la Convocatoria para proyectos ApS en el marco del Compartimos un futuro del \u00c1rea Metropolitana de Barcelona - Fundesplai\" \/>\n<meta property=\"og:description\" content=\"Este pasado viernes 17 de febrero se resolvi\u00f3 la convocatoria del&nbsp; Programa Metropolitano de Educaci\u00f3n para la Sostenibilidad&nbsp; (PMES 2014-20) de &nbsp;Apoyo a proyectos de Aprendizaje-Servicio (ApS) &nbsp;sobre tem\u00e1ticas ambientales para el a\u00f1o 2017.\" \/>\n<meta property=\"og:url\" content=\"https:\/\/fundesplai.org\/es\/informa-t\/actualitat-es\/resolucion-de-la-convocatoria-para-proyectos-aps-en-el-marco-del-compartimos-un-futuro-del-area-metropolitana-de-barcelona\/\" \/>\n<meta property=\"og:site_name\" content=\"Fundesplai\" \/>\n<meta property=\"article:published_time\" content=\"2017-02-21T16:30:43+00:00\" \/>\n<meta property=\"og:image\" content=\"https:\/\/fundesplai.org\/test-joomla\/wp-content\/uploads\/sites\/26\/2017\/02\/header_noticia_amb.jpg\" \/>\n<meta name=\"author\" content=\"Alfons Valle\" \/>\n<meta name=\"twitter:card\" content=\"summary_large_image\" \/>\n<meta name=\"twitter:label1\" content=\"Escrito por\" \/>\n\t<meta name=\"twitter:data1\" content=\"Alfons Valle\" \/>\n\t<meta name=\"twitter:label2\" content=\"Tiempo de lectura\" \/>\n\t<meta name=\"twitter:data2\" content=\"3 minutos\" \/>\n<script type=\"application\/ld+json\" class=\"yoast-schema-graph\">{\"@context\":\"https:\\\/\\\/schema.org\",\"@graph\":[{\"@type\":\"Article\",\"@id\":\"https:\\\/\\\/fundesplai.org\\\/es\\\/informa-t\\\/actualitat-es\\\/resolucion-de-la-convocatoria-para-proyectos-aps-en-el-marco-del-compartimos-un-futuro-del-area-metropolitana-de-barcelona\\\/#article\",\"isPartOf\":{\"@id\":\"https:\\\/\\\/fundesplai.org\\\/es\\\/informa-t\\\/actualitat-es\\\/resolucion-de-la-convocatoria-para-proyectos-aps-en-el-marco-del-compartimos-un-futuro-del-area-metropolitana-de-barcelona\\\/\"},\"author\":{\"name\":\"Alfons Valle\",\"@id\":\"https:\\\/\\\/fundesplai.org\\\/es\\\/#\\\/schema\\\/person\\\/c0e9e7466bb8ac06f5264324a6109733\"},\"headline\":\"Resoluci\u00f3n de la Convocatoria para proyectos ApS en el marco del Compartimos un futuro del \u00c1rea Metropolitana de Barcelona\",\"datePublished\":\"2017-02-21T16:30:43+00:00\",\"mainEntityOfPage\":{\"@id\":\"https:\\\/\\\/fundesplai.org\\\/es\\\/informa-t\\\/actualitat-es\\\/resolucion-de-la-convocatoria-para-proyectos-aps-en-el-marco-del-compartimos-un-futuro-del-area-metropolitana-de-barcelona\\\/\"},\"wordCount\":554,\"image\":{\"@id\":\"https:\\\/\\\/fundesplai.org\\\/es\\\/informa-t\\\/actualitat-es\\\/resolucion-de-la-convocatoria-para-proyectos-aps-en-el-marco-del-compartimos-un-futuro-del-area-metropolitana-de-barcelona\\\/#primaryimage\"},\"thumbnailUrl\":\"https:\\\/\\\/fundesplai.org\\\/test-joomla\\\/wp-content\\\/uploads\\\/sites\\\/26\\\/2017\\\/02\\\/header_noticia_amb.jpg\",\"articleSection\":[\"Actualitat\"],\"inLanguage\":\"es\"},{\"@type\":\"WebPage\",\"@id\":\"https:\\\/\\\/fundesplai.org\\\/es\\\/informa-t\\\/actualitat-es\\\/resolucion-de-la-convocatoria-para-proyectos-aps-en-el-marco-del-compartimos-un-futuro-del-area-metropolitana-de-barcelona\\\/\",\"url\":\"https:\\\/\\\/fundesplai.org\\\/es\\\/informa-t\\\/actualitat-es\\\/resolucion-de-la-convocatoria-para-proyectos-aps-en-el-marco-del-compartimos-un-futuro-del-area-metropolitana-de-barcelona\\\/\",\"name\":\"Resoluci\u00f3n de la Convocatoria para proyectos ApS en el marco del Compartimos un futuro del \u00c1rea Metropolitana de Barcelona - Fundesplai\",\"isPartOf\":{\"@id\":\"https:\\\/\\\/fundesplai.org\\\/es\\\/#website\"},\"primaryImageOfPage\":{\"@id\":\"https:\\\/\\\/fundesplai.org\\\/es\\\/informa-t\\\/actualitat-es\\\/resolucion-de-la-convocatoria-para-proyectos-aps-en-el-marco-del-compartimos-un-futuro-del-area-metropolitana-de-barcelona\\\/#primaryimage\"},\"image\":{\"@id\":\"https:\\\/\\\/fundesplai.org\\\/es\\\/informa-t\\\/actualitat-es\\\/resolucion-de-la-convocatoria-para-proyectos-aps-en-el-marco-del-compartimos-un-futuro-del-area-metropolitana-de-barcelona\\\/#primaryimage\"},\"thumbnailUrl\":\"https:\\\/\\\/fundesplai.org\\\/test-joomla\\\/wp-content\\\/uploads\\\/sites\\\/26\\\/2017\\\/02\\\/header_noticia_amb.jpg\",\"datePublished\":\"2017-02-21T16:30:43+00:00\",\"author\":{\"@id\":\"https:\\\/\\\/fundesplai.org\\\/es\\\/#\\\/schema\\\/person\\\/c0e9e7466bb8ac06f5264324a6109733\"},\"breadcrumb\":{\"@id\":\"https:\\\/\\\/fundesplai.org\\\/es\\\/informa-t\\\/actualitat-es\\\/resolucion-de-la-convocatoria-para-proyectos-aps-en-el-marco-del-compartimos-un-futuro-del-area-metropolitana-de-barcelona\\\/#breadcrumb\"},\"inLanguage\":\"es\",\"potentialAction\":[{\"@type\":\"ReadAction\",\"target\":[\"https:\\\/\\\/fundesplai.org\\\/es\\\/informa-t\\\/actualitat-es\\\/resolucion-de-la-convocatoria-para-proyectos-aps-en-el-marco-del-compartimos-un-futuro-del-area-metropolitana-de-barcelona\\\/\"]}]},{\"@type\":\"ImageObject\",\"inLanguage\":\"es\",\"@id\":\"https:\\\/\\\/fundesplai.org\\\/es\\\/informa-t\\\/actualitat-es\\\/resolucion-de-la-convocatoria-para-proyectos-aps-en-el-marco-del-compartimos-un-futuro-del-area-metropolitana-de-barcelona\\\/#primaryimage\",\"url\":\"https:\\\/\\\/fundesplai.org\\\/test-joomla\\\/wp-content\\\/uploads\\\/sites\\\/26\\\/2017\\\/02\\\/header_noticia_amb.jpg\",\"contentUrl\":\"https:\\\/\\\/fundesplai.org\\\/test-joomla\\\/wp-content\\\/uploads\\\/sites\\\/26\\\/2017\\\/02\\\/header_noticia_amb.jpg\"},{\"@type\":\"BreadcrumbList\",\"@id\":\"https:\\\/\\\/fundesplai.org\\\/es\\\/informa-t\\\/actualitat-es\\\/resolucion-de-la-convocatoria-para-proyectos-aps-en-el-marco-del-compartimos-un-futuro-del-area-metropolitana-de-barcelona\\\/#breadcrumb\",\"itemListElement\":[{\"@type\":\"ListItem\",\"position\":1,\"name\":\"Inici\",\"item\":\"https:\\\/\\\/fundesplai.org\\\/es\\\/inicio\\\/\"},{\"@type\":\"ListItem\",\"position\":2,\"name\":\"Inf\u00f3rmate\",\"item\":\"https:\\\/\\\/fundesplai.org\\\/es\\\/informate\\\/\"},{\"@type\":\"ListItem\",\"position\":3,\"name\":\"Sin categor\u00eda\",\"item\":\"https:\\\/\\\/fundesplai.org\\\/es\\\/informa-t\\\/category\\\/sin-categoria\\\/\"},{\"@type\":\"ListItem\",\"position\":4,\"name\":\"Resoluci\u00f3n de la Convocatoria para proyectos ApS en el marco del Compartimos un futuro del \u00c1rea Metropolitana de Barcelona\"}]},{\"@type\":\"WebSite\",\"@id\":\"https:\\\/\\\/fundesplai.org\\\/es\\\/#website\",\"url\":\"https:\\\/\\\/fundesplai.org\\\/es\\\/\",\"name\":\"Fundesplai\",\"description\":\"Eduquem per la conviv\u00e8ncia i la sostenibilitat\",\"potentialAction\":[{\"@type\":\"SearchAction\",\"target\":{\"@type\":\"EntryPoint\",\"urlTemplate\":\"https:\\\/\\\/fundesplai.org\\\/es\\\/?s={search_term_string}\"},\"query-input\":{\"@type\":\"PropertyValueSpecification\",\"valueRequired\":true,\"valueName\":\"search_term_string\"}}],\"inLanguage\":\"es\"},{\"@type\":\"Person\",\"@id\":\"https:\\\/\\\/fundesplai.org\\\/es\\\/#\\\/schema\\\/person\\\/c0e9e7466bb8ac06f5264324a6109733\",\"name\":\"Alfons Valle\",\"image\":{\"@type\":\"ImageObject\",\"inLanguage\":\"es\",\"@id\":\"https:\\\/\\\/secure.gravatar.com\\\/avatar\\\/71d95a3f99a068ba570ac1314ed6911a59c5ae3f22ffcf23631cd1a861a640bc?s=96&d=mm&r=g\",\"url\":\"https:\\\/\\\/secure.gravatar.com\\\/avatar\\\/71d95a3f99a068ba570ac1314ed6911a59c5ae3f22ffcf23631cd1a861a640bc?s=96&d=mm&r=g\",\"contentUrl\":\"https:\\\/\\\/secure.gravatar.com\\\/avatar\\\/71d95a3f99a068ba570ac1314ed6911a59c5ae3f22ffcf23631cd1a861a640bc?s=96&d=mm&r=g\",\"caption\":\"Alfons Valle\"},\"url\":\"https:\\\/\\\/fundesplai.org\\\/es\\\/informa-t\\\/author\\\/avalle\\\/\"}]}<\/script>\n<!-- \/ Yoast SEO plugin. -->","yoast_head_json":{"title":"Resoluci\u00f3n de la Convocatoria para proyectos ApS en el marco del Compartimos un futuro del \u00c1rea Metropolitana de Barcelona - Fundesplai","robots":{"index":"index","follow":"follow","max-snippet":"max-snippet:-1","max-image-preview":"max-image-preview:large","max-video-preview":"max-video-preview:-1"},"canonical":"https:\/\/fundesplai.org\/es\/informa-t\/actualitat-es\/resolucion-de-la-convocatoria-para-proyectos-aps-en-el-marco-del-compartimos-un-futuro-del-area-metropolitana-de-barcelona\/","og_locale":"es_ES","og_type":"article","og_title":"Resoluci\u00f3n de la Convocatoria para proyectos ApS en el marco del Compartimos un futuro del \u00c1rea Metropolitana de Barcelona - Fundesplai","og_description":"Este pasado viernes 17 de febrero se resolvi\u00f3 la convocatoria del&nbsp; Programa Metropolitano de Educaci\u00f3n para la Sostenibilidad&nbsp; (PMES 2014-20) de &nbsp;Apoyo a proyectos de Aprendizaje-Servicio (ApS) &nbsp;sobre tem\u00e1ticas ambientales para el a\u00f1o 2017.","og_url":"https:\/\/fundesplai.org\/es\/informa-t\/actualitat-es\/resolucion-de-la-convocatoria-para-proyectos-aps-en-el-marco-del-compartimos-un-futuro-del-area-metropolitana-de-barcelona\/","og_site_name":"Fundesplai","article_published_time":"2017-02-21T16:30:43+00:00","og_image":[{"url":"https:\/\/fundesplai.org\/test-joomla\/wp-content\/uploads\/sites\/26\/2017\/02\/header_noticia_amb.jpg","type":"","width":"","height":""}],"author":"Alfons Valle","twitter_card":"summary_large_image","twitter_misc":{"Escrito por":"Alfons Valle","Tiempo de lectura":"3 minutos"},"schema":{"@context":"https:\/\/schema.org","@graph":[{"@type":"Article","@id":"https:\/\/fundesplai.org\/es\/informa-t\/actualitat-es\/resolucion-de-la-convocatoria-para-proyectos-aps-en-el-marco-del-compartimos-un-futuro-del-area-metropolitana-de-barcelona\/#article","isPartOf":{"@id":"https:\/\/fundesplai.org\/es\/informa-t\/actualitat-es\/resolucion-de-la-convocatoria-para-proyectos-aps-en-el-marco-del-compartimos-un-futuro-del-area-metropolitana-de-barcelona\/"},"author":{"name":"Alfons Valle","@id":"https:\/\/fundesplai.org\/es\/#\/schema\/person\/c0e9e7466bb8ac06f5264324a6109733"},"headline":"Resoluci\u00f3n de la Convocatoria para proyectos ApS en el marco del Compartimos un futuro del \u00c1rea Metropolitana de Barcelona","datePublished":"2017-02-21T16:30:43+00:00","mainEntityOfPage":{"@id":"https:\/\/fundesplai.org\/es\/informa-t\/actualitat-es\/resolucion-de-la-convocatoria-para-proyectos-aps-en-el-marco-del-compartimos-un-futuro-del-area-metropolitana-de-barcelona\/"},"wordCount":554,"image":{"@id":"https:\/\/fundesplai.org\/es\/informa-t\/actualitat-es\/resolucion-de-la-convocatoria-para-proyectos-aps-en-el-marco-del-compartimos-un-futuro-del-area-metropolitana-de-barcelona\/#primaryimage"},"thumbnailUrl":"https:\/\/fundesplai.org\/test-joomla\/wp-content\/uploads\/sites\/26\/2017\/02\/header_noticia_amb.jpg","articleSection":["Actualitat"],"inLanguage":"es"},{"@type":"WebPage","@id":"https:\/\/fundesplai.org\/es\/informa-t\/actualitat-es\/resolucion-de-la-convocatoria-para-proyectos-aps-en-el-marco-del-compartimos-un-futuro-del-area-metropolitana-de-barcelona\/","url":"https:\/\/fundesplai.org\/es\/informa-t\/actualitat-es\/resolucion-de-la-convocatoria-para-proyectos-aps-en-el-marco-del-compartimos-un-futuro-del-area-metropolitana-de-barcelona\/","name":"Resoluci\u00f3n de la Convocatoria para proyectos ApS en el marco del Compartimos un futuro del \u00c1rea Metropolitana de Barcelona - Fundesplai","isPartOf":{"@id":"https:\/\/fundesplai.org\/es\/#website"},"primaryImageOfPage":{"@id":"https:\/\/fundesplai.org\/es\/informa-t\/actualitat-es\/resolucion-de-la-convocatoria-para-proyectos-aps-en-el-marco-del-compartimos-un-futuro-del-area-metropolitana-de-barcelona\/#primaryimage"},"image":{"@id":"https:\/\/fundesplai.org\/es\/informa-t\/actualitat-es\/resolucion-de-la-convocatoria-para-proyectos-aps-en-el-marco-del-compartimos-un-futuro-del-area-metropolitana-de-barcelona\/#primaryimage"},"thumbnailUrl":"https:\/\/fundesplai.org\/test-joomla\/wp-content\/uploads\/sites\/26\/2017\/02\/header_noticia_amb.jpg","datePublished":"2017-02-21T16:30:43+00:00","author":{"@id":"https:\/\/fundesplai.org\/es\/#\/schema\/person\/c0e9e7466bb8ac06f5264324a6109733"},"breadcrumb":{"@id":"https:\/\/fundesplai.org\/es\/informa-t\/actualitat-es\/resolucion-de-la-convocatoria-para-proyectos-aps-en-el-marco-del-compartimos-un-futuro-del-area-metropolitana-de-barcelona\/#breadcrumb"},"inLanguage":"es","potentialAction":[{"@type":"ReadAction","target":["https:\/\/fundesplai.org\/es\/informa-t\/actualitat-es\/resolucion-de-la-convocatoria-para-proyectos-aps-en-el-marco-del-compartimos-un-futuro-del-area-metropolitana-de-barcelona\/"]}]},{"@type":"ImageObject","inLanguage":"es","@id":"https:\/\/fundesplai.org\/es\/informa-t\/actualitat-es\/resolucion-de-la-convocatoria-para-proyectos-aps-en-el-marco-del-compartimos-un-futuro-del-area-metropolitana-de-barcelona\/#primaryimage","url":"https:\/\/fundesplai.org\/test-joomla\/wp-content\/uploads\/sites\/26\/2017\/02\/header_noticia_amb.jpg","contentUrl":"https:\/\/fundesplai.org\/test-joomla\/wp-content\/uploads\/sites\/26\/2017\/02\/header_noticia_amb.jpg"},{"@type":"BreadcrumbList","@id":"https:\/\/fundesplai.org\/es\/informa-t\/actualitat-es\/resolucion-de-la-convocatoria-para-proyectos-aps-en-el-marco-del-compartimos-un-futuro-del-area-metropolitana-de-barcelona\/#breadcrumb","itemListElement":[{"@type":"ListItem","position":1,"name":"Inici","item":"https:\/\/fundesplai.org\/es\/inicio\/"},{"@type":"ListItem","position":2,"name":"Inf\u00f3rmate","item":"https:\/\/fundesplai.org\/es\/informate\/"},{"@type":"ListItem","position":3,"name":"Sin categor\u00eda","item":"https:\/\/fundesplai.org\/es\/informa-t\/category\/sin-categoria\/"},{"@type":"ListItem","position":4,"name":"Resoluci\u00f3n de la Convocatoria para proyectos ApS en el marco del Compartimos un futuro del \u00c1rea Metropolitana de Barcelona"}]},{"@type":"WebSite","@id":"https:\/\/fundesplai.org\/es\/#website","url":"https:\/\/fundesplai.org\/es\/","name":"Fundesplai","description":"Eduquem per la conviv\u00e8ncia i la sostenibilitat","potentialAction":[{"@type":"SearchAction","target":{"@type":"EntryPoint","urlTemplate":"https:\/\/fundesplai.org\/es\/?s={search_term_string}"},"query-input":{"@type":"PropertyValueSpecification","valueRequired":true,"valueName":"search_term_string"}}],"inLanguage":"es"},{"@type":"Person","@id":"https:\/\/fundesplai.org\/es\/#\/schema\/person\/c0e9e7466bb8ac06f5264324a6109733","name":"Alfons Valle","image":{"@type":"ImageObject","inLanguage":"es","@id":"https:\/\/secure.gravatar.com\/avatar\/71d95a3f99a068ba570ac1314ed6911a59c5ae3f22ffcf23631cd1a861a640bc?s=96&d=mm&r=g","url":"https:\/\/secure.gravatar.com\/avatar\/71d95a3f99a068ba570ac1314ed6911a59c5ae3f22ffcf23631cd1a861a640bc?s=96&d=mm&r=g","contentUrl":"https:\/\/secure.gravatar.com\/avatar\/71d95a3f99a068ba570ac1314ed6911a59c5ae3f22ffcf23631cd1a861a640bc?s=96&d=mm&r=g","caption":"Alfons Valle"},"url":"https:\/\/fundesplai.org\/es\/informa-t\/author\/avalle\/"}]}},"_links":{"self":[{"href":"https:\/\/fundesplai.org\/es\/wp-json\/wp\/v2\/posts\/47691","targetHints":{"allow":["GET"]}}],"collection":[{"href":"https:\/\/fundesplai.org\/es\/wp-json\/wp\/v2\/posts"}],"about":[{"href":"https:\/\/fundesplai.org\/es\/wp-json\/wp\/v2\/types\/post"}],"author":[{"embeddable":true,"href":"https:\/\/fundesplai.org\/es\/wp-json\/wp\/v2\/users\/9"}],"replies":[{"embeddable":true,"href":"https:\/\/fundesplai.org\/es\/wp-json\/wp\/v2\/comments?post=47691"}],"version-history":[{"count":0,"href":"https:\/\/fundesplai.org\/es\/wp-json\/wp\/v2\/posts\/47691\/revisions"}],"wp:attachment":[{"href":"https:\/\/fundesplai.org\/es\/wp-json\/wp\/v2\/media?parent=47691"}],"wp:term":[{"taxonomy":"category","embeddable":true,"href":"https:\/\/fundesplai.org\/es\/wp-json\/wp\/v2\/categories?post=47691"},{"taxonomy":"post_tag","embeddable":true,"href":"https:\/\/fundesplai.org\/es\/wp-json\/wp\/v2\/tags?post=47691"}],"curies":[{"name":"wp","href":"https:\/\/api.w.org\/{rel}","templated":true}]}}