{"id":47690,"date":"2017-02-15T17:59:52","date_gmt":"2017-02-15T16:59:52","guid":{"rendered":"https:\/\/fundesplai.org\/informa-t\/sense-categoria\/el-tiempo-del-mediodia-un-tiempo-muy-divertido-y-educativo\/"},"modified":"2017-02-15T17:59:52","modified_gmt":"2017-02-15T16:59:52","slug":"el-tiempo-del-mediodia-un-tiempo-muy-divertido-y-educativo","status":"publish","type":"post","link":"https:\/\/fundesplai.org\/es\/informa-t\/actualitat-es\/el-tiempo-del-mediodia-un-tiempo-muy-divertido-y-educativo\/","title":{"rendered":"El tiempo del mediod\u00eda, un tiempo muy divertido&#8230; y educativo!"},"content":{"rendered":"<p>El tiempo del mediod\u00eda en la escuela es tambi\u00e9n un tiempo educativo, una oportunidad para trabajar con los ni\u00f1os habits nutricionales, de higiene, pero tambi\u00e9n valores como el trabajo en grupo y la solidaridad o nuevas habilidades m\u00e1s all\u00e1 del aula.<\/p>\n<p><!--more--><\/p>\n<p class=\"intro\">El tiempo del mediod\u00eda en la escuela es tambi\u00e9n un tiempo educativo, una oportunidad para trabajar con los ni\u00f1os habits nutricionales, de higiene, pero tambi\u00e9n valores como el trabajo en grupo y la solidaridad o nuevas habilidades m\u00e1s all\u00e1 del aula.<\/p>\n<table style=\"height: 74px;width: 100%\">\n<tbody>\n<tr>\n<td><img decoding=\"async\" class=\" size-full wp-image-4014\" src=\"https:\/\/fundesplai.org\/test-joomla\/wp-content\/uploads\/sites\/26\/2017\/02\/alzamorarubi.jpg\" alt=\"alzamorarubi\" width=\"100%\" height=\"NaN\"><\/td>\n<td><img decoding=\"async\" class=\" size-full wp-image-4017\" src=\"https:\/\/fundesplai.org\/test-joomla\/wp-content\/uploads\/sites\/26\/2017\/02\/escolasolc.jpg\" alt=\"escuelasolc\" width=\"100%\" height=\"NaN\"><\/td>\n<\/tr>\n<tr>\n<td style=\"background-color: #000000\">&nbsp;<span style=\"color: #ffffff\">Chicos y chicas cuidan del huerto de la Escuela Ca N&#8217;Alzamora (Rub\u00ed)<br \/><\/span><\/td>\n<td style=\"background-color: #000000\"><span style=\"color: #ffffff\">\u00abThe Green Garden\u00bb, en la Escuela Solc de Barcelona &nbsp;<\/span><\/td>\n<\/tr>\n<tr>\n<td><img decoding=\"async\" class=\" size-full wp-image-4018\" src=\"https:\/\/fundesplai.org\/test-joomla\/wp-content\/uploads\/sites\/26\/2017\/02\/lolanglada.jpg\" alt=\"lolanglada\" width=\"100%\" height=\"NaN\"><\/td>\n<td><img decoding=\"async\" class=\" size-full wp-image-4020\" src=\"https:\/\/fundesplai.org\/test-joomla\/wp-content\/uploads\/sites\/26\/2017\/02\/lolanglada2.jpg\" alt=\"lolanglada2\" width=\"100%\" height=\"NaN\"><\/td>\n<\/tr>\n<tr>\n<td style=\"background-color: #000000\" colspan=\"2\"><span style=\"color: #ffffff\">Los ni\u00f1os de la Escuela Lola Anglada (Esplugues de Llobregat) recogen fondos para colaborar contra el c\u00e1ncer infantil<\/span><\/td>\n<\/tr>\n<\/tbody>\n<\/table>\n<p>Una buena planificaci\u00f3n de actividades, que tenga en cuenta las particularidades de los ni\u00f1os, y que proponga acciones con una vertiente tambi\u00e9n l\u00fadica permiten insertar este tiempo dentro del proyecto educativo del centro.<\/p>\n<p>Ofrecemos aqu\u00ed algunos de los muchos ejemplos de los proyectos que desarrollan los propios chicos y chicas en algunas de las escuelas donde Fundesplai est\u00e1 presente. Recogida de fondos contra el c\u00e1ncer infantil en la Escuela Lola Anglada, de Esplugues de Llobregat, el proyecto \u00abThe Green Garden\u00bb de la Escuela Solc de Barcelona o cuidar del huerto de la Escuela Ca N&#8217;Alzamora (Rub\u00ed) son solamente algunos buenos ejemplos.<\/p>\n","protected":false},"excerpt":{"rendered":"<p>El tiempo del mediod\u00eda en la escuela es tambi\u00e9n un tiempo educativo, una oportunidad para trabajar con los ni\u00f1os habits nutricionales, de higiene, pero tambi\u00e9n valores como el trabajo en grupo y la solidaridad o nuevas habilidades m\u00e1s all\u00e1 del aula.<\/p>\n","protected":false},"author":9,"featured_media":0,"comment_status":"closed","ping_status":"closed","sticky":false,"template":"","format":"standard","meta":{"_et_pb_use_builder":"","_et_pb_old_content":"","_et_gb_content_width":"","footnotes":""},"categories":[937],"tags":[],"class_list":["post-47690","post","type-post","status-publish","format-standard","hentry","category-actualitat-es"],"yoast_head":"<!-- This site is optimized with the Yoast SEO plugin v27.4 - https:\/\/yoast.com\/product\/yoast-seo-wordpress\/ -->\n<title>El tiempo del mediod\u00eda, un tiempo muy divertido... y educativo! - Fundesplai<\/title>\n<meta name=\"robots\" content=\"index, follow, max-snippet:-1, max-image-preview:large, max-video-preview:-1\" \/>\n<link rel=\"canonical\" href=\"https:\/\/fundesplai.org\/es\/informa-t\/actualitat-es\/el-tiempo-del-mediodia-un-tiempo-muy-divertido-y-educativo\/\" \/>\n<meta property=\"og:locale\" content=\"es_ES\" \/>\n<meta property=\"og:type\" content=\"article\" \/>\n<meta property=\"og:title\" content=\"El tiempo del mediod\u00eda, un tiempo muy divertido... y educativo! - Fundesplai\" \/>\n<meta property=\"og:description\" content=\"El tiempo del mediod\u00eda en la escuela es tambi\u00e9n un tiempo educativo, una oportunidad para trabajar con los ni\u00f1os habits nutricionales, de higiene, pero tambi\u00e9n valores como el trabajo en grupo y la solidaridad o nuevas habilidades m\u00e1s all\u00e1 del aula.\" \/>\n<meta property=\"og:url\" content=\"https:\/\/fundesplai.org\/es\/informa-t\/actualitat-es\/el-tiempo-del-mediodia-un-tiempo-muy-divertido-y-educativo\/\" \/>\n<meta property=\"og:site_name\" content=\"Fundesplai\" \/>\n<meta property=\"article:published_time\" content=\"2017-02-15T16:59:52+00:00\" \/>\n<meta property=\"og:image\" content=\"https:\/\/fundesplai.org\/test-joomla\/wp-content\/uploads\/sites\/26\/2017\/02\/alzamorarubi.jpg\" \/>\n<meta name=\"author\" content=\"Alfons Valle\" \/>\n<meta name=\"twitter:card\" content=\"summary_large_image\" \/>\n<meta name=\"twitter:label1\" content=\"Escrito por\" \/>\n\t<meta name=\"twitter:data1\" content=\"Alfons Valle\" \/>\n\t<meta name=\"twitter:label2\" content=\"Tiempo de lectura\" \/>\n\t<meta name=\"twitter:data2\" content=\"1 minuto\" \/>\n<script type=\"application\/ld+json\" class=\"yoast-schema-graph\">{\"@context\":\"https:\\\/\\\/schema.org\",\"@graph\":[{\"@type\":\"Article\",\"@id\":\"https:\\\/\\\/fundesplai.org\\\/es\\\/informa-t\\\/actualitat-es\\\/el-tiempo-del-mediodia-un-tiempo-muy-divertido-y-educativo\\\/#article\",\"isPartOf\":{\"@id\":\"https:\\\/\\\/fundesplai.org\\\/es\\\/informa-t\\\/actualitat-es\\\/el-tiempo-del-mediodia-un-tiempo-muy-divertido-y-educativo\\\/\"},\"author\":{\"name\":\"Alfons Valle\",\"@id\":\"https:\\\/\\\/fundesplai.org\\\/es\\\/#\\\/schema\\\/person\\\/c0e9e7466bb8ac06f5264324a6109733\"},\"headline\":\"El tiempo del mediod\u00eda, un tiempo muy divertido&#8230; y educativo!\",\"datePublished\":\"2017-02-15T16:59:52+00:00\",\"mainEntityOfPage\":{\"@id\":\"https:\\\/\\\/fundesplai.org\\\/es\\\/informa-t\\\/actualitat-es\\\/el-tiempo-del-mediodia-un-tiempo-muy-divertido-y-educativo\\\/\"},\"wordCount\":254,\"image\":{\"@id\":\"https:\\\/\\\/fundesplai.org\\\/es\\\/informa-t\\\/actualitat-es\\\/el-tiempo-del-mediodia-un-tiempo-muy-divertido-y-educativo\\\/#primaryimage\"},\"thumbnailUrl\":\"https:\\\/\\\/fundesplai.org\\\/test-joomla\\\/wp-content\\\/uploads\\\/sites\\\/26\\\/2017\\\/02\\\/alzamorarubi.jpg\",\"articleSection\":[\"Actualitat\"],\"inLanguage\":\"es\"},{\"@type\":\"WebPage\",\"@id\":\"https:\\\/\\\/fundesplai.org\\\/es\\\/informa-t\\\/actualitat-es\\\/el-tiempo-del-mediodia-un-tiempo-muy-divertido-y-educativo\\\/\",\"url\":\"https:\\\/\\\/fundesplai.org\\\/es\\\/informa-t\\\/actualitat-es\\\/el-tiempo-del-mediodia-un-tiempo-muy-divertido-y-educativo\\\/\",\"name\":\"El tiempo del mediod\u00eda, un tiempo muy divertido... y educativo! - Fundesplai\",\"isPartOf\":{\"@id\":\"https:\\\/\\\/fundesplai.org\\\/es\\\/#website\"},\"primaryImageOfPage\":{\"@id\":\"https:\\\/\\\/fundesplai.org\\\/es\\\/informa-t\\\/actualitat-es\\\/el-tiempo-del-mediodia-un-tiempo-muy-divertido-y-educativo\\\/#primaryimage\"},\"image\":{\"@id\":\"https:\\\/\\\/fundesplai.org\\\/es\\\/informa-t\\\/actualitat-es\\\/el-tiempo-del-mediodia-un-tiempo-muy-divertido-y-educativo\\\/#primaryimage\"},\"thumbnailUrl\":\"https:\\\/\\\/fundesplai.org\\\/test-joomla\\\/wp-content\\\/uploads\\\/sites\\\/26\\\/2017\\\/02\\\/alzamorarubi.jpg\",\"datePublished\":\"2017-02-15T16:59:52+00:00\",\"author\":{\"@id\":\"https:\\\/\\\/fundesplai.org\\\/es\\\/#\\\/schema\\\/person\\\/c0e9e7466bb8ac06f5264324a6109733\"},\"breadcrumb\":{\"@id\":\"https:\\\/\\\/fundesplai.org\\\/es\\\/informa-t\\\/actualitat-es\\\/el-tiempo-del-mediodia-un-tiempo-muy-divertido-y-educativo\\\/#breadcrumb\"},\"inLanguage\":\"es\",\"potentialAction\":[{\"@type\":\"ReadAction\",\"target\":[\"https:\\\/\\\/fundesplai.org\\\/es\\\/informa-t\\\/actualitat-es\\\/el-tiempo-del-mediodia-un-tiempo-muy-divertido-y-educativo\\\/\"]}]},{\"@type\":\"ImageObject\",\"inLanguage\":\"es\",\"@id\":\"https:\\\/\\\/fundesplai.org\\\/es\\\/informa-t\\\/actualitat-es\\\/el-tiempo-del-mediodia-un-tiempo-muy-divertido-y-educativo\\\/#primaryimage\",\"url\":\"https:\\\/\\\/fundesplai.org\\\/test-joomla\\\/wp-content\\\/uploads\\\/sites\\\/26\\\/2017\\\/02\\\/alzamorarubi.jpg\",\"contentUrl\":\"https:\\\/\\\/fundesplai.org\\\/test-joomla\\\/wp-content\\\/uploads\\\/sites\\\/26\\\/2017\\\/02\\\/alzamorarubi.jpg\"},{\"@type\":\"BreadcrumbList\",\"@id\":\"https:\\\/\\\/fundesplai.org\\\/es\\\/informa-t\\\/actualitat-es\\\/el-tiempo-del-mediodia-un-tiempo-muy-divertido-y-educativo\\\/#breadcrumb\",\"itemListElement\":[{\"@type\":\"ListItem\",\"position\":1,\"name\":\"Inici\",\"item\":\"https:\\\/\\\/fundesplai.org\\\/es\\\/inicio\\\/\"},{\"@type\":\"ListItem\",\"position\":2,\"name\":\"Inf\u00f3rmate\",\"item\":\"https:\\\/\\\/fundesplai.org\\\/es\\\/informate\\\/\"},{\"@type\":\"ListItem\",\"position\":3,\"name\":\"Sin categor\u00eda\",\"item\":\"https:\\\/\\\/fundesplai.org\\\/es\\\/informa-t\\\/category\\\/sin-categoria\\\/\"},{\"@type\":\"ListItem\",\"position\":4,\"name\":\"El tiempo del mediod\u00eda, un tiempo muy divertido&#8230; y educativo!\"}]},{\"@type\":\"WebSite\",\"@id\":\"https:\\\/\\\/fundesplai.org\\\/es\\\/#website\",\"url\":\"https:\\\/\\\/fundesplai.org\\\/es\\\/\",\"name\":\"Fundesplai\",\"description\":\"Eduquem per la conviv\u00e8ncia i la sostenibilitat\",\"potentialAction\":[{\"@type\":\"SearchAction\",\"target\":{\"@type\":\"EntryPoint\",\"urlTemplate\":\"https:\\\/\\\/fundesplai.org\\\/es\\\/?s={search_term_string}\"},\"query-input\":{\"@type\":\"PropertyValueSpecification\",\"valueRequired\":true,\"valueName\":\"search_term_string\"}}],\"inLanguage\":\"es\"},{\"@type\":\"Person\",\"@id\":\"https:\\\/\\\/fundesplai.org\\\/es\\\/#\\\/schema\\\/person\\\/c0e9e7466bb8ac06f5264324a6109733\",\"name\":\"Alfons Valle\",\"image\":{\"@type\":\"ImageObject\",\"inLanguage\":\"es\",\"@id\":\"https:\\\/\\\/secure.gravatar.com\\\/avatar\\\/71d95a3f99a068ba570ac1314ed6911a59c5ae3f22ffcf23631cd1a861a640bc?s=96&d=mm&r=g\",\"url\":\"https:\\\/\\\/secure.gravatar.com\\\/avatar\\\/71d95a3f99a068ba570ac1314ed6911a59c5ae3f22ffcf23631cd1a861a640bc?s=96&d=mm&r=g\",\"contentUrl\":\"https:\\\/\\\/secure.gravatar.com\\\/avatar\\\/71d95a3f99a068ba570ac1314ed6911a59c5ae3f22ffcf23631cd1a861a640bc?s=96&d=mm&r=g\",\"caption\":\"Alfons Valle\"},\"url\":\"https:\\\/\\\/fundesplai.org\\\/es\\\/informa-t\\\/author\\\/avalle\\\/\"}]}<\/script>\n<!-- \/ Yoast SEO plugin. -->","yoast_head_json":{"title":"El tiempo del mediod\u00eda, un tiempo muy divertido... y educativo! - Fundesplai","robots":{"index":"index","follow":"follow","max-snippet":"max-snippet:-1","max-image-preview":"max-image-preview:large","max-video-preview":"max-video-preview:-1"},"canonical":"https:\/\/fundesplai.org\/es\/informa-t\/actualitat-es\/el-tiempo-del-mediodia-un-tiempo-muy-divertido-y-educativo\/","og_locale":"es_ES","og_type":"article","og_title":"El tiempo del mediod\u00eda, un tiempo muy divertido... y educativo! - Fundesplai","og_description":"El tiempo del mediod\u00eda en la escuela es tambi\u00e9n un tiempo educativo, una oportunidad para trabajar con los ni\u00f1os habits nutricionales, de higiene, pero tambi\u00e9n valores como el trabajo en grupo y la solidaridad o nuevas habilidades m\u00e1s all\u00e1 del aula.","og_url":"https:\/\/fundesplai.org\/es\/informa-t\/actualitat-es\/el-tiempo-del-mediodia-un-tiempo-muy-divertido-y-educativo\/","og_site_name":"Fundesplai","article_published_time":"2017-02-15T16:59:52+00:00","og_image":[{"url":"https:\/\/fundesplai.org\/test-joomla\/wp-content\/uploads\/sites\/26\/2017\/02\/alzamorarubi.jpg","type":"","width":"","height":""}],"author":"Alfons Valle","twitter_card":"summary_large_image","twitter_misc":{"Escrito por":"Alfons Valle","Tiempo de lectura":"1 minuto"},"schema":{"@context":"https:\/\/schema.org","@graph":[{"@type":"Article","@id":"https:\/\/fundesplai.org\/es\/informa-t\/actualitat-es\/el-tiempo-del-mediodia-un-tiempo-muy-divertido-y-educativo\/#article","isPartOf":{"@id":"https:\/\/fundesplai.org\/es\/informa-t\/actualitat-es\/el-tiempo-del-mediodia-un-tiempo-muy-divertido-y-educativo\/"},"author":{"name":"Alfons Valle","@id":"https:\/\/fundesplai.org\/es\/#\/schema\/person\/c0e9e7466bb8ac06f5264324a6109733"},"headline":"El tiempo del mediod\u00eda, un tiempo muy divertido&#8230; y educativo!","datePublished":"2017-02-15T16:59:52+00:00","mainEntityOfPage":{"@id":"https:\/\/fundesplai.org\/es\/informa-t\/actualitat-es\/el-tiempo-del-mediodia-un-tiempo-muy-divertido-y-educativo\/"},"wordCount":254,"image":{"@id":"https:\/\/fundesplai.org\/es\/informa-t\/actualitat-es\/el-tiempo-del-mediodia-un-tiempo-muy-divertido-y-educativo\/#primaryimage"},"thumbnailUrl":"https:\/\/fundesplai.org\/test-joomla\/wp-content\/uploads\/sites\/26\/2017\/02\/alzamorarubi.jpg","articleSection":["Actualitat"],"inLanguage":"es"},{"@type":"WebPage","@id":"https:\/\/fundesplai.org\/es\/informa-t\/actualitat-es\/el-tiempo-del-mediodia-un-tiempo-muy-divertido-y-educativo\/","url":"https:\/\/fundesplai.org\/es\/informa-t\/actualitat-es\/el-tiempo-del-mediodia-un-tiempo-muy-divertido-y-educativo\/","name":"El tiempo del mediod\u00eda, un tiempo muy divertido... y educativo! - Fundesplai","isPartOf":{"@id":"https:\/\/fundesplai.org\/es\/#website"},"primaryImageOfPage":{"@id":"https:\/\/fundesplai.org\/es\/informa-t\/actualitat-es\/el-tiempo-del-mediodia-un-tiempo-muy-divertido-y-educativo\/#primaryimage"},"image":{"@id":"https:\/\/fundesplai.org\/es\/informa-t\/actualitat-es\/el-tiempo-del-mediodia-un-tiempo-muy-divertido-y-educativo\/#primaryimage"},"thumbnailUrl":"https:\/\/fundesplai.org\/test-joomla\/wp-content\/uploads\/sites\/26\/2017\/02\/alzamorarubi.jpg","datePublished":"2017-02-15T16:59:52+00:00","author":{"@id":"https:\/\/fundesplai.org\/es\/#\/schema\/person\/c0e9e7466bb8ac06f5264324a6109733"},"breadcrumb":{"@id":"https:\/\/fundesplai.org\/es\/informa-t\/actualitat-es\/el-tiempo-del-mediodia-un-tiempo-muy-divertido-y-educativo\/#breadcrumb"},"inLanguage":"es","potentialAction":[{"@type":"ReadAction","target":["https:\/\/fundesplai.org\/es\/informa-t\/actualitat-es\/el-tiempo-del-mediodia-un-tiempo-muy-divertido-y-educativo\/"]}]},{"@type":"ImageObject","inLanguage":"es","@id":"https:\/\/fundesplai.org\/es\/informa-t\/actualitat-es\/el-tiempo-del-mediodia-un-tiempo-muy-divertido-y-educativo\/#primaryimage","url":"https:\/\/fundesplai.org\/test-joomla\/wp-content\/uploads\/sites\/26\/2017\/02\/alzamorarubi.jpg","contentUrl":"https:\/\/fundesplai.org\/test-joomla\/wp-content\/uploads\/sites\/26\/2017\/02\/alzamorarubi.jpg"},{"@type":"BreadcrumbList","@id":"https:\/\/fundesplai.org\/es\/informa-t\/actualitat-es\/el-tiempo-del-mediodia-un-tiempo-muy-divertido-y-educativo\/#breadcrumb","itemListElement":[{"@type":"ListItem","position":1,"name":"Inici","item":"https:\/\/fundesplai.org\/es\/inicio\/"},{"@type":"ListItem","position":2,"name":"Inf\u00f3rmate","item":"https:\/\/fundesplai.org\/es\/informate\/"},{"@type":"ListItem","position":3,"name":"Sin categor\u00eda","item":"https:\/\/fundesplai.org\/es\/informa-t\/category\/sin-categoria\/"},{"@type":"ListItem","position":4,"name":"El tiempo del mediod\u00eda, un tiempo muy divertido&#8230; y educativo!"}]},{"@type":"WebSite","@id":"https:\/\/fundesplai.org\/es\/#website","url":"https:\/\/fundesplai.org\/es\/","name":"Fundesplai","description":"Eduquem per la conviv\u00e8ncia i la sostenibilitat","potentialAction":[{"@type":"SearchAction","target":{"@type":"EntryPoint","urlTemplate":"https:\/\/fundesplai.org\/es\/?s={search_term_string}"},"query-input":{"@type":"PropertyValueSpecification","valueRequired":true,"valueName":"search_term_string"}}],"inLanguage":"es"},{"@type":"Person","@id":"https:\/\/fundesplai.org\/es\/#\/schema\/person\/c0e9e7466bb8ac06f5264324a6109733","name":"Alfons Valle","image":{"@type":"ImageObject","inLanguage":"es","@id":"https:\/\/secure.gravatar.com\/avatar\/71d95a3f99a068ba570ac1314ed6911a59c5ae3f22ffcf23631cd1a861a640bc?s=96&d=mm&r=g","url":"https:\/\/secure.gravatar.com\/avatar\/71d95a3f99a068ba570ac1314ed6911a59c5ae3f22ffcf23631cd1a861a640bc?s=96&d=mm&r=g","contentUrl":"https:\/\/secure.gravatar.com\/avatar\/71d95a3f99a068ba570ac1314ed6911a59c5ae3f22ffcf23631cd1a861a640bc?s=96&d=mm&r=g","caption":"Alfons Valle"},"url":"https:\/\/fundesplai.org\/es\/informa-t\/author\/avalle\/"}]}},"_links":{"self":[{"href":"https:\/\/fundesplai.org\/es\/wp-json\/wp\/v2\/posts\/47690","targetHints":{"allow":["GET"]}}],"collection":[{"href":"https:\/\/fundesplai.org\/es\/wp-json\/wp\/v2\/posts"}],"about":[{"href":"https:\/\/fundesplai.org\/es\/wp-json\/wp\/v2\/types\/post"}],"author":[{"embeddable":true,"href":"https:\/\/fundesplai.org\/es\/wp-json\/wp\/v2\/users\/9"}],"replies":[{"embeddable":true,"href":"https:\/\/fundesplai.org\/es\/wp-json\/wp\/v2\/comments?post=47690"}],"version-history":[{"count":0,"href":"https:\/\/fundesplai.org\/es\/wp-json\/wp\/v2\/posts\/47690\/revisions"}],"wp:attachment":[{"href":"https:\/\/fundesplai.org\/es\/wp-json\/wp\/v2\/media?parent=47690"}],"wp:term":[{"taxonomy":"category","embeddable":true,"href":"https:\/\/fundesplai.org\/es\/wp-json\/wp\/v2\/categories?post=47690"},{"taxonomy":"post_tag","embeddable":true,"href":"https:\/\/fundesplai.org\/es\/wp-json\/wp\/v2\/tags?post=47690"}],"curies":[{"name":"wp","href":"https:\/\/api.w.org\/{rel}","templated":true}]}}