{"id":47688,"date":"2017-02-09T17:47:00","date_gmt":"2017-02-09T16:47:00","guid":{"rendered":"https:\/\/fundesplai.org\/informa-t\/sense-categoria\/este-sabado-18-os-invitamos-a-participar-en-la-manifestacion-volemacollir\/"},"modified":"2017-02-09T17:47:00","modified_gmt":"2017-02-09T16:47:00","slug":"este-sabado-18-os-invitamos-a-participar-en-la-manifestacion-volemacollir","status":"publish","type":"post","link":"https:\/\/fundesplai.org\/es\/informa-t\/actualitat-es\/este-sabado-18-os-invitamos-a-participar-en-la-manifestacion-volemacollir\/","title":{"rendered":"Este s\u00e1bado 18, os invitamos a participar en la manifestaci\u00f3n #VolemAcollir"},"content":{"rendered":"<p>Este s\u00e1bado 18 de febrero, a las 16h, en la plaza Urquinaona (Barcelona) tendr\u00e1 lugar una gran manifestaci\u00f3n en favor de la acogida de personas refugiadas y migrantes en el marco de la campa\u00f1a&#8217;Casa&nbsp; <a href=\"http:\/\/www.casanostracasavostra.cat\/\"><strong>&nbsp;nostra, casa vostra&#8217;<\/strong><\/a>.<\/p>\n<p><!--more--><\/p>\n<p style=\"text-align: justify\"><a href=\"http:\/\/www.casanostracasavostra.cat\/gran-manifestacio\"><img loading=\"lazy\" decoding=\"async\" class=\" size-full wp-image-4023\" style=\"display: block;margin-left: auto;margin-right: auto\" src=\"https:\/\/fundesplai.org\/test-joomla\/wp-content\/uploads\/sites\/26\/2017\/02\/mani18f.jpg\" alt=\"mani18f\" width=\"500\" height=\"281\"><\/a><\/p>\n<p style=\"text-align: justify;font: OpenSans,SansSerif,Helvetica,Arial,Verdana;font-size: 14px\">Este s\u00e1bado 18 de febrero, a las 16h, en la plaza Urquinaona (Barcelona) tendr\u00e1 lugar una gran manifestaci\u00f3n en favor de la acogida de personas refugiadas y migrantes en el marco de la campa\u00f1a&nbsp;<a href=\"http:\/\/www.casanostracasavostra.cat\/\"><strong> &#8216;Casa nostra, casa vostra&#8217;<\/strong><\/a>.<\/p>\n<p style=\"text-align: justify;font: OpenSans,SansSerif,Helvetica,Arial,Verdana;font-size: 14px\">Fundesplai se ha adherido a la campa\u00f1a e invita a todos a participar en esta manifestaci\u00f3n.<\/p>\n<p style=\"text-align: justify;font: OpenSans,SansSerif,Helvetica,Arial,Verdana;font-size: 14px\"><strong>Esplais, familias, j\u00f3venes, monitores\/as&#8230;<\/strong><\/p>\n<p style=\"font-size: 14px;text-align: right\">Por eso hemos organizado un punto de encuentro para todos los ni\u00f1os y j\u00f3venes, familias, monitoras y monitores, recreos, voluntarios\/as y trabajadores\/as de Fundesplai <strong>a las 15.30h, frente al Teatro T\u00edvoli (C\/Casp, 8 \u2013 Barcelona)<\/strong>.<\/p>\n<p style=\"text-align: justify;font: OpenSans,SansSerif,Helvetica,Arial,Verdana;font-size: 14px\">Desde aqu\u00ed nos a\u00f1adiremos, juntos, a la manifestaci\u00f3n con una gran pancarta con el lema <strong>#VOLEMACOLLIR<\/strong> <strong>&#8211; \u00a1<\/strong><strong>Por los derechos de los ni\u00f1os refugiados!<\/strong><\/p>\n<p style=\"text-align: justify;font: OpenSans,SansSerif,Helvetica,Arial,Verdana;font-size: 14px\">Nos sumamos de esta manera al llamamiento dirigido a todas las administraciones para que pasen a la acci\u00f3n y den, ahora, una respuesta a los miles de personas que llaman a la puerta de Europa, huyendo de la guerra, el hambre y la miseria.<\/p>\n<p style=\"text-align: justify;font: OpenSans,SansSerif,Helvetica,Arial,Verdana;font-size: 14px\">Adem\u00e1s, desde Fundesplai, pedimos que se ponga especial atenci\u00f3n en respetar los derechos de los miles de ni\u00f1os, a menudo solos, que piden refugio. Son el colectivo m\u00e1s vulnerable.<\/p>\n<p style=\"text-align: justify;font: OpenSans,SansSerif,Helvetica,Arial,Verdana;font-size: 14px\">Ay\u00fadanos a hacer extensivo este mensaje a las personas que consider\u00e9is.<\/p>\n<p style=\"text-align: justify;font: OpenSans,SansSerif,Helvetica,Arial,Verdana;font-size: 14px\">El s\u00e1bado 18 de febrero, \u00a1tenemos que estar todas y todos!<\/p>\n","protected":false},"excerpt":{"rendered":"<p>Este s\u00e1bado 18 de febrero, a las 16h, en la plaza Urquinaona (Barcelona) tendr\u00e1 lugar una gran manifestaci\u00f3n en favor de la acogida de personas refugiadas y migrantes en el marco de la campa\u00f1a&#8217;Casa&nbsp; &nbsp;nostra, casa vostra&#8217;.<\/p>\n","protected":false},"author":4,"featured_media":0,"comment_status":"closed","ping_status":"closed","sticky":false,"template":"","format":"standard","meta":{"_et_pb_use_builder":"","_et_pb_old_content":"","_et_gb_content_width":"","footnotes":""},"categories":[937],"tags":[],"class_list":["post-47688","post","type-post","status-publish","format-standard","hentry","category-actualitat-es"],"yoast_head":"<!-- This site is optimized with the Yoast SEO plugin v27.4 - https:\/\/yoast.com\/product\/yoast-seo-wordpress\/ -->\n<title>Este s\u00e1bado 18, os invitamos a participar en la manifestaci\u00f3n #VolemAcollir - Fundesplai<\/title>\n<meta name=\"robots\" content=\"index, follow, max-snippet:-1, max-image-preview:large, max-video-preview:-1\" \/>\n<link rel=\"canonical\" href=\"https:\/\/fundesplai.org\/es\/informa-t\/actualitat-es\/este-sabado-18-os-invitamos-a-participar-en-la-manifestacion-volemacollir\/\" \/>\n<meta property=\"og:locale\" content=\"es_ES\" \/>\n<meta property=\"og:type\" content=\"article\" \/>\n<meta property=\"og:title\" content=\"Este s\u00e1bado 18, os invitamos a participar en la manifestaci\u00f3n #VolemAcollir - Fundesplai\" \/>\n<meta property=\"og:description\" content=\"Este s\u00e1bado 18 de febrero, a las 16h, en la plaza Urquinaona (Barcelona) tendr\u00e1 lugar una gran manifestaci\u00f3n en favor de la acogida de personas refugiadas y migrantes en el marco de la campa\u00f1a&#8217;Casa&nbsp; &nbsp;nostra, casa vostra&#8217;.\" \/>\n<meta property=\"og:url\" content=\"https:\/\/fundesplai.org\/es\/informa-t\/actualitat-es\/este-sabado-18-os-invitamos-a-participar-en-la-manifestacion-volemacollir\/\" \/>\n<meta property=\"og:site_name\" content=\"Fundesplai\" \/>\n<meta property=\"article:published_time\" content=\"2017-02-09T16:47:00+00:00\" \/>\n<meta property=\"og:image\" content=\"https:\/\/fundesplai.org\/test-joomla\/wp-content\/uploads\/sites\/26\/2017\/02\/mani18f.jpg\" \/>\n<meta name=\"author\" content=\"Ferran\" \/>\n<meta name=\"twitter:card\" content=\"summary_large_image\" \/>\n<meta name=\"twitter:label1\" content=\"Escrito por\" \/>\n\t<meta name=\"twitter:data1\" content=\"Ferran\" \/>\n\t<meta name=\"twitter:label2\" content=\"Tiempo de lectura\" \/>\n\t<meta name=\"twitter:data2\" content=\"1 minuto\" \/>\n<script type=\"application\/ld+json\" class=\"yoast-schema-graph\">{\"@context\":\"https:\\\/\\\/schema.org\",\"@graph\":[{\"@type\":\"Article\",\"@id\":\"https:\\\/\\\/fundesplai.org\\\/es\\\/informa-t\\\/actualitat-es\\\/este-sabado-18-os-invitamos-a-participar-en-la-manifestacion-volemacollir\\\/#article\",\"isPartOf\":{\"@id\":\"https:\\\/\\\/fundesplai.org\\\/es\\\/informa-t\\\/actualitat-es\\\/este-sabado-18-os-invitamos-a-participar-en-la-manifestacion-volemacollir\\\/\"},\"author\":{\"name\":\"Ferran\",\"@id\":\"https:\\\/\\\/fundesplai.org\\\/es\\\/#\\\/schema\\\/person\\\/67e7825d8ec54561cc24e36ba6b0f633\"},\"headline\":\"Este s\u00e1bado 18, os invitamos a participar en la manifestaci\u00f3n #VolemAcollir\",\"datePublished\":\"2017-02-09T16:47:00+00:00\",\"mainEntityOfPage\":{\"@id\":\"https:\\\/\\\/fundesplai.org\\\/es\\\/informa-t\\\/actualitat-es\\\/este-sabado-18-os-invitamos-a-participar-en-la-manifestacion-volemacollir\\\/\"},\"wordCount\":287,\"image\":{\"@id\":\"https:\\\/\\\/fundesplai.org\\\/es\\\/informa-t\\\/actualitat-es\\\/este-sabado-18-os-invitamos-a-participar-en-la-manifestacion-volemacollir\\\/#primaryimage\"},\"thumbnailUrl\":\"https:\\\/\\\/fundesplai.org\\\/test-joomla\\\/wp-content\\\/uploads\\\/sites\\\/26\\\/2017\\\/02\\\/mani18f.jpg\",\"articleSection\":[\"Actualitat\"],\"inLanguage\":\"es\"},{\"@type\":\"WebPage\",\"@id\":\"https:\\\/\\\/fundesplai.org\\\/es\\\/informa-t\\\/actualitat-es\\\/este-sabado-18-os-invitamos-a-participar-en-la-manifestacion-volemacollir\\\/\",\"url\":\"https:\\\/\\\/fundesplai.org\\\/es\\\/informa-t\\\/actualitat-es\\\/este-sabado-18-os-invitamos-a-participar-en-la-manifestacion-volemacollir\\\/\",\"name\":\"Este s\u00e1bado 18, os invitamos a participar en la manifestaci\u00f3n #VolemAcollir - Fundesplai\",\"isPartOf\":{\"@id\":\"https:\\\/\\\/fundesplai.org\\\/es\\\/#website\"},\"primaryImageOfPage\":{\"@id\":\"https:\\\/\\\/fundesplai.org\\\/es\\\/informa-t\\\/actualitat-es\\\/este-sabado-18-os-invitamos-a-participar-en-la-manifestacion-volemacollir\\\/#primaryimage\"},\"image\":{\"@id\":\"https:\\\/\\\/fundesplai.org\\\/es\\\/informa-t\\\/actualitat-es\\\/este-sabado-18-os-invitamos-a-participar-en-la-manifestacion-volemacollir\\\/#primaryimage\"},\"thumbnailUrl\":\"https:\\\/\\\/fundesplai.org\\\/test-joomla\\\/wp-content\\\/uploads\\\/sites\\\/26\\\/2017\\\/02\\\/mani18f.jpg\",\"datePublished\":\"2017-02-09T16:47:00+00:00\",\"author\":{\"@id\":\"https:\\\/\\\/fundesplai.org\\\/es\\\/#\\\/schema\\\/person\\\/67e7825d8ec54561cc24e36ba6b0f633\"},\"breadcrumb\":{\"@id\":\"https:\\\/\\\/fundesplai.org\\\/es\\\/informa-t\\\/actualitat-es\\\/este-sabado-18-os-invitamos-a-participar-en-la-manifestacion-volemacollir\\\/#breadcrumb\"},\"inLanguage\":\"es\",\"potentialAction\":[{\"@type\":\"ReadAction\",\"target\":[\"https:\\\/\\\/fundesplai.org\\\/es\\\/informa-t\\\/actualitat-es\\\/este-sabado-18-os-invitamos-a-participar-en-la-manifestacion-volemacollir\\\/\"]}]},{\"@type\":\"ImageObject\",\"inLanguage\":\"es\",\"@id\":\"https:\\\/\\\/fundesplai.org\\\/es\\\/informa-t\\\/actualitat-es\\\/este-sabado-18-os-invitamos-a-participar-en-la-manifestacion-volemacollir\\\/#primaryimage\",\"url\":\"https:\\\/\\\/fundesplai.org\\\/test-joomla\\\/wp-content\\\/uploads\\\/sites\\\/26\\\/2017\\\/02\\\/mani18f.jpg\",\"contentUrl\":\"https:\\\/\\\/fundesplai.org\\\/test-joomla\\\/wp-content\\\/uploads\\\/sites\\\/26\\\/2017\\\/02\\\/mani18f.jpg\"},{\"@type\":\"BreadcrumbList\",\"@id\":\"https:\\\/\\\/fundesplai.org\\\/es\\\/informa-t\\\/actualitat-es\\\/este-sabado-18-os-invitamos-a-participar-en-la-manifestacion-volemacollir\\\/#breadcrumb\",\"itemListElement\":[{\"@type\":\"ListItem\",\"position\":1,\"name\":\"Inici\",\"item\":\"https:\\\/\\\/fundesplai.org\\\/es\\\/inicio\\\/\"},{\"@type\":\"ListItem\",\"position\":2,\"name\":\"Inf\u00f3rmate\",\"item\":\"https:\\\/\\\/fundesplai.org\\\/es\\\/informate\\\/\"},{\"@type\":\"ListItem\",\"position\":3,\"name\":\"Sin categor\u00eda\",\"item\":\"https:\\\/\\\/fundesplai.org\\\/es\\\/informa-t\\\/category\\\/sin-categoria\\\/\"},{\"@type\":\"ListItem\",\"position\":4,\"name\":\"Este s\u00e1bado 18, os invitamos a participar en la manifestaci\u00f3n #VolemAcollir\"}]},{\"@type\":\"WebSite\",\"@id\":\"https:\\\/\\\/fundesplai.org\\\/es\\\/#website\",\"url\":\"https:\\\/\\\/fundesplai.org\\\/es\\\/\",\"name\":\"Fundesplai\",\"description\":\"Eduquem per la conviv\u00e8ncia i la sostenibilitat\",\"potentialAction\":[{\"@type\":\"SearchAction\",\"target\":{\"@type\":\"EntryPoint\",\"urlTemplate\":\"https:\\\/\\\/fundesplai.org\\\/es\\\/?s={search_term_string}\"},\"query-input\":{\"@type\":\"PropertyValueSpecification\",\"valueRequired\":true,\"valueName\":\"search_term_string\"}}],\"inLanguage\":\"es\"},{\"@type\":\"Person\",\"@id\":\"https:\\\/\\\/fundesplai.org\\\/es\\\/#\\\/schema\\\/person\\\/67e7825d8ec54561cc24e36ba6b0f633\",\"name\":\"Ferran\",\"image\":{\"@type\":\"ImageObject\",\"inLanguage\":\"es\",\"@id\":\"https:\\\/\\\/secure.gravatar.com\\\/avatar\\\/a3510350976b58aae6eccd1e36f066b660a69ef63f97fde3cba8205db7db816a?s=96&d=mm&r=g\",\"url\":\"https:\\\/\\\/secure.gravatar.com\\\/avatar\\\/a3510350976b58aae6eccd1e36f066b660a69ef63f97fde3cba8205db7db816a?s=96&d=mm&r=g\",\"contentUrl\":\"https:\\\/\\\/secure.gravatar.com\\\/avatar\\\/a3510350976b58aae6eccd1e36f066b660a69ef63f97fde3cba8205db7db816a?s=96&d=mm&r=g\",\"caption\":\"Ferran\"},\"url\":\"https:\\\/\\\/fundesplai.org\\\/es\\\/informa-t\\\/author\\\/fvidal\\\/\"}]}<\/script>\n<!-- \/ Yoast SEO plugin. -->","yoast_head_json":{"title":"Este s\u00e1bado 18, os invitamos a participar en la manifestaci\u00f3n #VolemAcollir - Fundesplai","robots":{"index":"index","follow":"follow","max-snippet":"max-snippet:-1","max-image-preview":"max-image-preview:large","max-video-preview":"max-video-preview:-1"},"canonical":"https:\/\/fundesplai.org\/es\/informa-t\/actualitat-es\/este-sabado-18-os-invitamos-a-participar-en-la-manifestacion-volemacollir\/","og_locale":"es_ES","og_type":"article","og_title":"Este s\u00e1bado 18, os invitamos a participar en la manifestaci\u00f3n #VolemAcollir - Fundesplai","og_description":"Este s\u00e1bado 18 de febrero, a las 16h, en la plaza Urquinaona (Barcelona) tendr\u00e1 lugar una gran manifestaci\u00f3n en favor de la acogida de personas refugiadas y migrantes en el marco de la campa\u00f1a&#8217;Casa&nbsp; &nbsp;nostra, casa vostra&#8217;.","og_url":"https:\/\/fundesplai.org\/es\/informa-t\/actualitat-es\/este-sabado-18-os-invitamos-a-participar-en-la-manifestacion-volemacollir\/","og_site_name":"Fundesplai","article_published_time":"2017-02-09T16:47:00+00:00","og_image":[{"url":"https:\/\/fundesplai.org\/test-joomla\/wp-content\/uploads\/sites\/26\/2017\/02\/mani18f.jpg","type":"","width":"","height":""}],"author":"Ferran","twitter_card":"summary_large_image","twitter_misc":{"Escrito por":"Ferran","Tiempo de lectura":"1 minuto"},"schema":{"@context":"https:\/\/schema.org","@graph":[{"@type":"Article","@id":"https:\/\/fundesplai.org\/es\/informa-t\/actualitat-es\/este-sabado-18-os-invitamos-a-participar-en-la-manifestacion-volemacollir\/#article","isPartOf":{"@id":"https:\/\/fundesplai.org\/es\/informa-t\/actualitat-es\/este-sabado-18-os-invitamos-a-participar-en-la-manifestacion-volemacollir\/"},"author":{"name":"Ferran","@id":"https:\/\/fundesplai.org\/es\/#\/schema\/person\/67e7825d8ec54561cc24e36ba6b0f633"},"headline":"Este s\u00e1bado 18, os invitamos a participar en la manifestaci\u00f3n #VolemAcollir","datePublished":"2017-02-09T16:47:00+00:00","mainEntityOfPage":{"@id":"https:\/\/fundesplai.org\/es\/informa-t\/actualitat-es\/este-sabado-18-os-invitamos-a-participar-en-la-manifestacion-volemacollir\/"},"wordCount":287,"image":{"@id":"https:\/\/fundesplai.org\/es\/informa-t\/actualitat-es\/este-sabado-18-os-invitamos-a-participar-en-la-manifestacion-volemacollir\/#primaryimage"},"thumbnailUrl":"https:\/\/fundesplai.org\/test-joomla\/wp-content\/uploads\/sites\/26\/2017\/02\/mani18f.jpg","articleSection":["Actualitat"],"inLanguage":"es"},{"@type":"WebPage","@id":"https:\/\/fundesplai.org\/es\/informa-t\/actualitat-es\/este-sabado-18-os-invitamos-a-participar-en-la-manifestacion-volemacollir\/","url":"https:\/\/fundesplai.org\/es\/informa-t\/actualitat-es\/este-sabado-18-os-invitamos-a-participar-en-la-manifestacion-volemacollir\/","name":"Este s\u00e1bado 18, os invitamos a participar en la manifestaci\u00f3n #VolemAcollir - Fundesplai","isPartOf":{"@id":"https:\/\/fundesplai.org\/es\/#website"},"primaryImageOfPage":{"@id":"https:\/\/fundesplai.org\/es\/informa-t\/actualitat-es\/este-sabado-18-os-invitamos-a-participar-en-la-manifestacion-volemacollir\/#primaryimage"},"image":{"@id":"https:\/\/fundesplai.org\/es\/informa-t\/actualitat-es\/este-sabado-18-os-invitamos-a-participar-en-la-manifestacion-volemacollir\/#primaryimage"},"thumbnailUrl":"https:\/\/fundesplai.org\/test-joomla\/wp-content\/uploads\/sites\/26\/2017\/02\/mani18f.jpg","datePublished":"2017-02-09T16:47:00+00:00","author":{"@id":"https:\/\/fundesplai.org\/es\/#\/schema\/person\/67e7825d8ec54561cc24e36ba6b0f633"},"breadcrumb":{"@id":"https:\/\/fundesplai.org\/es\/informa-t\/actualitat-es\/este-sabado-18-os-invitamos-a-participar-en-la-manifestacion-volemacollir\/#breadcrumb"},"inLanguage":"es","potentialAction":[{"@type":"ReadAction","target":["https:\/\/fundesplai.org\/es\/informa-t\/actualitat-es\/este-sabado-18-os-invitamos-a-participar-en-la-manifestacion-volemacollir\/"]}]},{"@type":"ImageObject","inLanguage":"es","@id":"https:\/\/fundesplai.org\/es\/informa-t\/actualitat-es\/este-sabado-18-os-invitamos-a-participar-en-la-manifestacion-volemacollir\/#primaryimage","url":"https:\/\/fundesplai.org\/test-joomla\/wp-content\/uploads\/sites\/26\/2017\/02\/mani18f.jpg","contentUrl":"https:\/\/fundesplai.org\/test-joomla\/wp-content\/uploads\/sites\/26\/2017\/02\/mani18f.jpg"},{"@type":"BreadcrumbList","@id":"https:\/\/fundesplai.org\/es\/informa-t\/actualitat-es\/este-sabado-18-os-invitamos-a-participar-en-la-manifestacion-volemacollir\/#breadcrumb","itemListElement":[{"@type":"ListItem","position":1,"name":"Inici","item":"https:\/\/fundesplai.org\/es\/inicio\/"},{"@type":"ListItem","position":2,"name":"Inf\u00f3rmate","item":"https:\/\/fundesplai.org\/es\/informate\/"},{"@type":"ListItem","position":3,"name":"Sin categor\u00eda","item":"https:\/\/fundesplai.org\/es\/informa-t\/category\/sin-categoria\/"},{"@type":"ListItem","position":4,"name":"Este s\u00e1bado 18, os invitamos a participar en la manifestaci\u00f3n #VolemAcollir"}]},{"@type":"WebSite","@id":"https:\/\/fundesplai.org\/es\/#website","url":"https:\/\/fundesplai.org\/es\/","name":"Fundesplai","description":"Eduquem per la conviv\u00e8ncia i la sostenibilitat","potentialAction":[{"@type":"SearchAction","target":{"@type":"EntryPoint","urlTemplate":"https:\/\/fundesplai.org\/es\/?s={search_term_string}"},"query-input":{"@type":"PropertyValueSpecification","valueRequired":true,"valueName":"search_term_string"}}],"inLanguage":"es"},{"@type":"Person","@id":"https:\/\/fundesplai.org\/es\/#\/schema\/person\/67e7825d8ec54561cc24e36ba6b0f633","name":"Ferran","image":{"@type":"ImageObject","inLanguage":"es","@id":"https:\/\/secure.gravatar.com\/avatar\/a3510350976b58aae6eccd1e36f066b660a69ef63f97fde3cba8205db7db816a?s=96&d=mm&r=g","url":"https:\/\/secure.gravatar.com\/avatar\/a3510350976b58aae6eccd1e36f066b660a69ef63f97fde3cba8205db7db816a?s=96&d=mm&r=g","contentUrl":"https:\/\/secure.gravatar.com\/avatar\/a3510350976b58aae6eccd1e36f066b660a69ef63f97fde3cba8205db7db816a?s=96&d=mm&r=g","caption":"Ferran"},"url":"https:\/\/fundesplai.org\/es\/informa-t\/author\/fvidal\/"}]}},"_links":{"self":[{"href":"https:\/\/fundesplai.org\/es\/wp-json\/wp\/v2\/posts\/47688","targetHints":{"allow":["GET"]}}],"collection":[{"href":"https:\/\/fundesplai.org\/es\/wp-json\/wp\/v2\/posts"}],"about":[{"href":"https:\/\/fundesplai.org\/es\/wp-json\/wp\/v2\/types\/post"}],"author":[{"embeddable":true,"href":"https:\/\/fundesplai.org\/es\/wp-json\/wp\/v2\/users\/4"}],"replies":[{"embeddable":true,"href":"https:\/\/fundesplai.org\/es\/wp-json\/wp\/v2\/comments?post=47688"}],"version-history":[{"count":0,"href":"https:\/\/fundesplai.org\/es\/wp-json\/wp\/v2\/posts\/47688\/revisions"}],"wp:attachment":[{"href":"https:\/\/fundesplai.org\/es\/wp-json\/wp\/v2\/media?parent=47688"}],"wp:term":[{"taxonomy":"category","embeddable":true,"href":"https:\/\/fundesplai.org\/es\/wp-json\/wp\/v2\/categories?post=47688"},{"taxonomy":"post_tag","embeddable":true,"href":"https:\/\/fundesplai.org\/es\/wp-json\/wp\/v2\/tags?post=47688"}],"curies":[{"name":"wp","href":"https:\/\/api.w.org\/{rel}","templated":true}]}}